{"id":1107,"date":"2012-07-16T09:28:03","date_gmt":"2012-07-16T09:28:03","guid":{"rendered":"https:\/\/bice.org\/fr\/10-ans-de-promotion-de-la-bientraitance-en-uruguay\/"},"modified":"2024-04-19T14:19:31","modified_gmt":"2024-04-19T12:19:31","slug":"10-ans-de-promotion-de-la-bientraitance-en-uruguay","status":"publish","type":"post","link":"https:\/\/bice.org\/fr\/10-ans-de-promotion-de-la-bientraitance-en-uruguay\/","title":{"rendered":"10 ans de promotion de la bientraitance en Uruguay"},"content":{"rendered":"<p style=\"text-align: justify;\">L&#8217;initiative de mise en place de campagne de sensibilisation de la bientraitance en Uruguay a petit \u00e0 petit \u00e9t\u00e9 reprise dans 11 autres pays d&#8217;Am\u00e9rique latine gr\u00e2ce \u00e0 l&#8217;implication et \u00e0 la participation des\u00a0enfants, adolescents, travailleurs sociaux et des organisations partenaires.<\/p>\n<p style=\"text-align: justify;\">La maltraitance tue ou rend tr\u00e8s difficile la vie de millions d&#8217;enfants et d&#8217;adolescents depuis trop longtemps. C&#8217;est pour faire face \u00e0 cette &#8220;\u00e9pid\u00e9mie de la violence&#8221; que l\u2019organisation <a href=\"http:\/\/juventudparacristo.org.uy\/\">JPC<\/a> a lanc\u00e9 en 2002 la campagne\u00a0 &#8220;Un trato por el buentro&#8221;, \u00e0 laquelle le BICE participe activement.<\/p>\n<p style=\"text-align: justify;\"><strong>Pour f\u00eater les 10 ans de ce projet, JPC propose un document synth\u00e9tisant cette exp\u00e9rience de sensibilisation sociale et de participation des enfants et adolescents.<\/strong><\/p>\n<p style=\"text-align: justify;\">Luis Cesari, coordinateur de programmes, le pr\u00e9sente ainsi\u00a0: <em>&#8220;L&#8217;exp\u00e9rience pr\u00e9sent\u00e9e dans la publication est une histoire de r\u00e9volte et d&#8217;indignation face au probl\u00e8me de la maltraitance. Une histoire d&#8217;esp\u00e9rance et qui croit dans un monde o\u00f9 les relations personnelles de bientraitance font la diff\u00e9rence. Une histoire qui propose une culture de bientraitance et la mise en \u0153uvre de politiques publiques pertinentes.&#8221;<\/em><\/p>\n<p style=\"text-align: justify;\"><span class=\"wf_file_text\">Vous pouvez t\u00e9l\u00e9charger le document <a href=\"https:\/\/bice.org\/app\/uploads\/2012\/07\/060712EstudioCaso_JPC_Claves.pdf\">ici<\/a> (en espagnol)<\/span><\/p>\n<p style=\"text-align: justify;\">Rappelons que cette campagne de sensibilisation contre la violence men\u00e9e en Uruguay fait partie du <a href=\"https:\/\/bice.org\/fr\/creer-des-synergies-pour-la-bientraitance-en-amerique-latine\/\">projet Synergies<\/a> coordonn\u00e9 par le BICE et d\u00e9velopp\u00e9 avec 10 organisations dans 7 pays d&#8217;Am\u00e9rique latine.<\/p>\n","protected":false},"excerpt":{"rendered":"<p>Depuis 10 ans d\u00e9j\u00e0, JPC (Juventud para Cristo) organise en partenariat avec le BICE des actions de lutte contre la violence regroup\u00e9es sous le sigle \u201cUn trato por el buentrato\u201d (Un trait\u00e9 pour la bientraitance) \u00e0 Montevideo, en Uruguay.<\/p>\n","protected":false},"author":1,"featured_media":23327,"comment_status":"closed","ping_status":"closed","sticky":false,"template":"","format":"standard","meta":{"_acf_changed":false,"footnotes":"","jetpack_publicize_message":"","jetpack_publicize_feature_enabled":true,"jetpack_social_post_already_shared":false,"jetpack_social_options":{"image_generator_settings":{"template":"highway","default_image_id":0,"font":"","enabled":false},"version":2}},"categories":[132],"tags":[354,1236,351],"class_list":["post-1107","post","type-post","status-publish","format-standard","has-post-thumbnail","hentry","category-actualites-du-bice","tag-bientraitance","tag-projet-synergies","tag-uruguay"],"acf":[],"yoast_head":"<!-- This site is optimized with the Yoast SEO plugin v27.2 - https:\/\/yoast.com\/product\/yoast-seo-wordpress\/ -->\n<title>10 ans de promotion de la bientraitance en Uruguay<\/title>\n<meta name=\"description\" content=\"Depuis 10 ans d\u00e9j\u00e0, JPC (Juventud para Cristo) organise en partenariat avec le BICE des actions de lutte contre la violence en Uruguay.\" \/>\n<meta name=\"robots\" content=\"index, follow, max-snippet:-1, max-image-preview:large, max-video-preview:-1\" \/>\n<link rel=\"canonical\" href=\"https:\/\/bice.org\/fr\/wp-json\/wp\/v2\/posts\/1107\" \/>\n<meta property=\"og:locale\" content=\"fr_FR\" \/>\n<meta property=\"og:type\" content=\"article\" \/>\n<meta property=\"og:title\" content=\"10 ans de promotion de la bientraitance en Uruguay\" \/>\n<meta property=\"og:description\" content=\"Depuis 10 ans d\u00e9j\u00e0, JPC (Juventud para Cristo) organise en partenariat avec le BICE des actions de lutte contre la violence en Uruguay.\" \/>\n<meta property=\"og:url\" content=\"https:\/\/bice.org\/fr\/10-ans-de-promotion-de-la-bientraitance-en-uruguay\/\" \/>\n<meta property=\"og:site_name\" content=\"BICE - ONG de protection des droits de l&#039;enfant\" \/>\n<meta property=\"article:author\" content=\"https:\/\/www.facebook.com\/OngBICE\" \/>\n<meta property=\"article:published_time\" content=\"2012-07-16T09:28:03+00:00\" \/>\n<meta property=\"article:modified_time\" content=\"2024-04-19T12:19:31+00:00\" \/>\n<meta property=\"og:image\" content=\"https:\/\/i0.wp.com\/bice.org\/app\/uploads\/2012\/07\/Buentrato_Uruguay_v2.jpg?fit=1000%2C435&ssl=1\" \/>\n\t<meta property=\"og:image:width\" content=\"1000\" \/>\n\t<meta property=\"og:image:height\" content=\"435\" \/>\n\t<meta property=\"og:image:type\" content=\"image\/jpeg\" \/>\n<meta name=\"author\" content=\"BICE\" \/>\n<meta name=\"twitter:card\" content=\"summary_large_image\" \/>\n<meta name=\"twitter:creator\" content=\"@ongbice\" \/>\n<meta name=\"twitter:label1\" content=\"\u00c9crit par\" \/>\n\t<meta name=\"twitter:data1\" content=\"BICE\" \/>\n\t<meta name=\"twitter:label2\" content=\"Dur\u00e9e de lecture estim\u00e9e\" \/>\n\t<meta name=\"twitter:data2\" content=\"1 minute\" \/>\n<!-- \/ Yoast SEO plugin. -->","yoast_head_json":{"title":"10 ans de promotion de la bientraitance en Uruguay","description":"Depuis 10 ans d\u00e9j\u00e0, JPC (Juventud para Cristo) organise en partenariat avec le BICE des actions de lutte contre la violence en Uruguay.","robots":{"index":"index","follow":"follow","max-snippet":"max-snippet:-1","max-image-preview":"max-image-preview:large","max-video-preview":"max-video-preview:-1"},"canonical":"https:\/\/bice.org\/fr\/wp-json\/wp\/v2\/posts\/1107","og_locale":"fr_FR","og_type":"article","og_title":"10 ans de promotion de la bientraitance en Uruguay","og_description":"Depuis 10 ans d\u00e9j\u00e0, JPC (Juventud para Cristo) organise en partenariat avec le BICE des actions de lutte contre la violence en Uruguay.","og_url":"https:\/\/bice.org\/fr\/10-ans-de-promotion-de-la-bientraitance-en-uruguay\/","og_site_name":"BICE - ONG de protection des droits de l&#039;enfant","article_author":"https:\/\/www.facebook.com\/OngBICE","article_published_time":"2012-07-16T09:28:03+00:00","article_modified_time":"2024-04-19T12:19:31+00:00","og_image":[{"width":1000,"height":435,"url":"https:\/\/i0.wp.com\/bice.org\/app\/uploads\/2012\/07\/Buentrato_Uruguay_v2.jpg?fit=1000%2C435&ssl=1","type":"image\/jpeg"}],"author":"BICE","twitter_card":"summary_large_image","twitter_creator":"@ongbice","twitter_misc":{"\u00c9crit par":"BICE","Dur\u00e9e de lecture estim\u00e9e":"1 minute"},"schema":{"@context":"https:\/\/schema.org","@graph":[{"@type":"Article","@id":"https:\/\/bice.org\/fr\/10-ans-de-promotion-de-la-bientraitance-en-uruguay\/#article","isPartOf":{"@id":"https:\/\/bice.org\/fr\/10-ans-de-promotion-de-la-bientraitance-en-uruguay\/"},"author":{"name":"BICE","@id":"https:\/\/bice.org\/fr\/#\/schema\/person\/5ffe567f32d0dbd204977300f4986f5b"},"headline":"10 ans de promotion de la bientraitance en Uruguay","datePublished":"2012-07-16T09:28:03+00:00","dateModified":"2024-04-19T12:19:31+00:00","mainEntityOfPage":{"@id":"https:\/\/bice.org\/fr\/10-ans-de-promotion-de-la-bientraitance-en-uruguay\/"},"wordCount":243,"publisher":{"@id":"https:\/\/bice.org\/fr\/#organization"},"image":{"@id":"https:\/\/bice.org\/fr\/10-ans-de-promotion-de-la-bientraitance-en-uruguay\/#primaryimage"},"thumbnailUrl":"https:\/\/i0.wp.com\/bice.org\/app\/uploads\/2012\/07\/Buentrato_Uruguay_v2.jpg?fit=1000%2C435&ssl=1","keywords":["bientraitance","Projet synergies","uruguay"],"articleSection":["Actualit\u00e9s du BICE"],"inLanguage":"fr-FR"},{"@type":"WebPage","@id":"https:\/\/bice.org\/fr\/10-ans-de-promotion-de-la-bientraitance-en-uruguay\/","url":"https:\/\/bice.org\/fr\/10-ans-de-promotion-de-la-bientraitance-en-uruguay\/","name":"10 ans de promotion de la bientraitance en Uruguay","isPartOf":{"@id":"https:\/\/bice.org\/fr\/#website"},"primaryImageOfPage":{"@id":"https:\/\/bice.org\/fr\/10-ans-de-promotion-de-la-bientraitance-en-uruguay\/#primaryimage"},"image":{"@id":"https:\/\/bice.org\/fr\/10-ans-de-promotion-de-la-bientraitance-en-uruguay\/#primaryimage"},"thumbnailUrl":"https:\/\/i0.wp.com\/bice.org\/app\/uploads\/2012\/07\/Buentrato_Uruguay_v2.jpg?fit=1000%2C435&ssl=1","datePublished":"2012-07-16T09:28:03+00:00","dateModified":"2024-04-19T12:19:31+00:00","description":"Depuis 10 ans d\u00e9j\u00e0, JPC (Juventud para Cristo) organise en partenariat avec le BICE des actions de lutte contre la violence en Uruguay.","breadcrumb":{"@id":"https:\/\/bice.org\/fr\/10-ans-de-promotion-de-la-bientraitance-en-uruguay\/#breadcrumb"},"inLanguage":"fr-FR","potentialAction":[{"@type":"ReadAction","target":["https:\/\/bice.org\/fr\/10-ans-de-promotion-de-la-bientraitance-en-uruguay\/"]}]},{"@type":"ImageObject","inLanguage":"fr-FR","@id":"https:\/\/bice.org\/fr\/10-ans-de-promotion-de-la-bientraitance-en-uruguay\/#primaryimage","url":"https:\/\/i0.wp.com\/bice.org\/app\/uploads\/2012\/07\/Buentrato_Uruguay_v2.jpg?fit=1000%2C435&ssl=1","contentUrl":"https:\/\/i0.wp.com\/bice.org\/app\/uploads\/2012\/07\/Buentrato_Uruguay_v2.jpg?fit=1000%2C435&ssl=1","width":1000,"height":435,"caption":"\u00a9JPC"},{"@type":"BreadcrumbList","@id":"https:\/\/bice.org\/fr\/10-ans-de-promotion-de-la-bientraitance-en-uruguay\/#breadcrumb","itemListElement":[{"@type":"ListItem","position":1,"name":"Accueil","item":"https:\/\/bice.org\/fr\/"},{"@type":"ListItem","position":2,"name":"Actualit\u00e9s du BICE","item":"https:\/\/bice.org\/fr\/theme\/actualites-du-bice\/"},{"@type":"ListItem","position":3,"name":"10 ans de promotion de la bientraitance en Uruguay"}]},{"@type":"WebSite","@id":"https:\/\/bice.org\/fr\/#website","url":"https:\/\/bice.org\/fr\/","name":"BICE - ONG de protection des droits de l&#039;enfant","description":"Notre mission : D\u00e9fendre les droits et la dignit\u00e9 des enfants partout dans le monde","publisher":{"@id":"https:\/\/bice.org\/fr\/#organization"},"potentialAction":[{"@type":"SearchAction","target":{"@type":"EntryPoint","urlTemplate":"https:\/\/bice.org\/fr\/?s={search_term_string}"},"query-input":{"@type":"PropertyValueSpecification","valueRequired":true,"valueName":"search_term_string"}}],"inLanguage":"fr-FR"},{"@type":"Organization","@id":"https:\/\/bice.org\/fr\/#organization","name":"BICE","url":"https:\/\/bice.org\/fr\/","logo":{"@type":"ImageObject","inLanguage":"fr-FR","@id":"https:\/\/bice.org\/fr\/#\/schema\/logo\/image\/","url":"https:\/\/bice.org\/app\/uploads\/2022\/06\/favicon.ico","contentUrl":"https:\/\/bice.org\/app\/uploads\/2022\/06\/favicon.ico","width":64,"height":64,"caption":"BICE"},"image":{"@id":"https:\/\/bice.org\/fr\/#\/schema\/logo\/image\/"}},{"@type":"Person","@id":"https:\/\/bice.org\/fr\/#\/schema\/person\/5ffe567f32d0dbd204977300f4986f5b","name":"BICE","image":{"@type":"ImageObject","inLanguage":"fr-FR","@id":"https:\/\/secure.gravatar.com\/avatar\/2cef44cbc317f08498adbfd4c31e9d16fae93e3fb3589a01932b588cb583f93b?s=96&d=mm&r=g","url":"https:\/\/secure.gravatar.com\/avatar\/2cef44cbc317f08498adbfd4c31e9d16fae93e3fb3589a01932b588cb583f93b?s=96&d=mm&r=g","contentUrl":"https:\/\/secure.gravatar.com\/avatar\/2cef44cbc317f08498adbfd4c31e9d16fae93e3fb3589a01932b588cb583f93b?s=96&d=mm&r=g","caption":"BICE"},"description":"Articles et actualit\u00e9s du BICE","sameAs":["https:\/\/bice.org","https:\/\/www.facebook.com\/OngBICE","https:\/\/x.com\/ongbice"]}]}},"jetpack_publicize_connections":[],"jetpack_featured_media_url":"https:\/\/i0.wp.com\/bice.org\/app\/uploads\/2012\/07\/Buentrato_Uruguay_v2.jpg?fit=1000%2C435&ssl=1","jetpack_sharing_enabled":true,"_links":{"self":[{"href":"https:\/\/bice.org\/fr\/wp-json\/wp\/v2\/posts\/1107","targetHints":{"allow":["GET"]}}],"collection":[{"href":"https:\/\/bice.org\/fr\/wp-json\/wp\/v2\/posts"}],"about":[{"href":"https:\/\/bice.org\/fr\/wp-json\/wp\/v2\/types\/post"}],"author":[{"embeddable":true,"href":"https:\/\/bice.org\/fr\/wp-json\/wp\/v2\/users\/1"}],"replies":[{"embeddable":true,"href":"https:\/\/bice.org\/fr\/wp-json\/wp\/v2\/comments?post=1107"}],"version-history":[{"count":0,"href":"https:\/\/bice.org\/fr\/wp-json\/wp\/v2\/posts\/1107\/revisions"}],"wp:featuredmedia":[{"embeddable":true,"href":"https:\/\/bice.org\/fr\/wp-json\/wp\/v2\/media\/23327"}],"wp:attachment":[{"href":"https:\/\/bice.org\/fr\/wp-json\/wp\/v2\/media?parent=1107"}],"wp:term":[{"taxonomy":"category","embeddable":true,"href":"https:\/\/bice.org\/fr\/wp-json\/wp\/v2\/categories?post=1107"},{"taxonomy":"post_tag","embeddable":true,"href":"https:\/\/bice.org\/fr\/wp-json\/wp\/v2\/tags?post=1107"}],"curies":[{"name":"wp","href":"https:\/\/api.w.org\/{rel}","templated":true}]}}