{"id":1108,"date":"2012-07-17T08:28:42","date_gmt":"2012-07-17T08:28:42","guid":{"rendered":"https:\/\/bice.org\/fr\/le-bice-mobilise-pour-les-enfants-victimes-du-conflit-du-nord-mali\/"},"modified":"2023-02-02T11:49:26","modified_gmt":"2023-02-02T10:49:26","slug":"le-bice-mobilise-pour-les-enfants-victimes-du-conflit-du-nord-mali","status":"publish","type":"post","link":"https:\/\/bice.org\/fr\/le-bice-mobilise-pour-les-enfants-victimes-du-conflit-du-nord-mali\/","title":{"rendered":"Le BICE se mobilise pour les enfants victimes du conflit du nord Mali"},"content":{"rendered":"<h2>La R\u00e9publique du Mali est actuellement confront\u00e9e \u00e0 la plus grave crise de son histoire depuis son accession \u00e0 l\u2019ind\u00e9pendance en 1960.<\/h2>\n<h3>Le BICE, pr\u00e9sent au Mali depuis 1996, se mobilise pour les enfants victimes du conflit.<\/h3>\n<p>Les trois r\u00e9gions du nord du Mali sont devenues depuis les six derniers mois le th\u00e9\u00e2tre de violences qui se sont sold\u00e9es par l\u2019occupation de ces zones par des groupes rebelles et islamistes. Ces \u00e9v\u00e9nements ont contraint des populations enti\u00e8res \u00e0 s\u2019enfuir en abandonnant tous leurs biens pour \u00e9chapper aux menaces et aux exactions des groupes arm\u00e9s. Ces exodes et d\u00e9placements massifs s\u2019effectuent vers les pays voisins et vers le Sud du Mali (Mopti, S\u00e9gou, Sikasso et Bamako).<\/p>\n<h3>54% de la population malienne a moins de 18 ans\u00a0: les enfants sont donc en premi\u00e8re ligne de la trag\u00e9die actuelle qui aggrave la crise alimentaire ant\u00e9rieure au conflit.<\/h3>\n<p><strong>Face \u00e0 l\u2019ampleur de la crise, un vaste programme de soutien aux enfants victimes du conflit se met en place, con\u00e7u conjointement par le Bureau National Catholique de l\u2019Enfance du Mali (BNCE-Mali), l\u2019UNICEF et l\u2019organisation ENDA-Mali, avec l\u2019appui du BICE.<\/strong><\/p>\n<h4>8 r\u00e9gions d\u2019intervention\u00a0:<\/h4>\n<p>Les r\u00e9gions du Sud accessibles \u00e0 ce jour, et les chefs lieux de deux des trois r\u00e9gions du Nord (Gao et Tombouctou).<\/p>\n<h4>25\u00a0000 enfants concern\u00e9s :<\/h4>\n<p>Enfants s\u00e9par\u00e9s de leurs familles, enfants d\u00e9plac\u00e9s, enfants victimes de violences sexuelles, enfants associ\u00e9s aux groupes arm\u00e9s, enfants expos\u00e9s aux risques des engins explosifs et enfants victimes de la crise nutritionnelle.<\/p>\n<h4>Objectifs\u00a0:<\/h4>\n<ul>\n<li>Identifier, accueillir et prot\u00e9ger les enfants \u00e0 risque,<\/li>\n<li>Rechercher leur famille,<\/li>\n<li>Soutenir les enfants victimes de violences et d\u2019abus.<\/li>\n<\/ul>\n<h4>Activit\u00e9s\u00a0:<\/h4>\n<ul>\n<li>Accueil,<\/li>\n<li>Ecoute,<\/li>\n<li>Orientation et suivi,<\/li>\n<li>Education (alphab\u00e9tisation et scolarisation),<\/li>\n<li>Am\u00e9nagement de centres d\u2019accueil<\/li>\n<li>Equipement et animation des espaces de jeux et de loisirs.<\/li>\n<\/ul>\n<h4>Dur\u00e9e d\u2019intervention\u00a0:<\/h4>\n<p>12 mois<\/p>\n<h4>Merci de faire un don en ligne pour soutenir ce programme et redonner ainsi un avenir et un espoir \u00e0 ces milliers d\u2019enfants\u00a0!<\/h4>\n","protected":false},"excerpt":{"rendered":"<p>&nbsp;<\/p>\n","protected":false},"author":1,"featured_media":3400,"comment_status":"closed","ping_status":"closed","sticky":false,"template":"","format":"standard","meta":{"_acf_changed":false,"footnotes":"","jetpack_publicize_message":"","jetpack_publicize_feature_enabled":true,"jetpack_social_post_already_shared":false,"jetpack_social_options":{"image_generator_settings":{"template":"highway","default_image_id":0,"font":"","enabled":false},"version":2}},"categories":[132],"tags":[],"class_list":["post-1108","post","type-post","status-publish","format-standard","has-post-thumbnail","hentry","category-actualites-du-bice"],"acf":[],"yoast_head":"<!-- This site is optimized with the Yoast SEO plugin v27.2 - https:\/\/yoast.com\/product\/yoast-seo-wordpress\/ -->\n<title>Le BICE se mobilise pour les enfants victimes du conflit du nord Mali - BICE - ONG de protection des droits de l&#039;enfant<\/title>\n<meta name=\"robots\" content=\"index, follow, max-snippet:-1, max-image-preview:large, max-video-preview:-1\" \/>\n<link rel=\"canonical\" href=\"https:\/\/bice.org\/fr\/wp-json\/wp\/v2\/posts\/1108\" \/>\n<meta property=\"og:locale\" content=\"fr_FR\" \/>\n<meta property=\"og:type\" content=\"article\" \/>\n<meta property=\"og:title\" content=\"Le BICE se mobilise pour les enfants victimes du conflit du nord Mali - BICE - ONG de protection des droits de l&#039;enfant\" \/>\n<meta property=\"og:description\" content=\"&nbsp;\" \/>\n<meta property=\"og:url\" content=\"https:\/\/bice.org\/fr\/le-bice-mobilise-pour-les-enfants-victimes-du-conflit-du-nord-mali\/\" \/>\n<meta property=\"og:site_name\" content=\"BICE - ONG de protection des droits de l&#039;enfant\" \/>\n<meta property=\"article:author\" content=\"https:\/\/www.facebook.com\/OngBICE\" \/>\n<meta property=\"article:published_time\" content=\"2012-07-17T08:28:42+00:00\" \/>\n<meta property=\"article:modified_time\" content=\"2023-02-02T10:49:26+00:00\" \/>\n<meta property=\"og:image\" content=\"https:\/\/i0.wp.com\/bice.org\/app\/uploads\/2012\/07\/0712conflit_mali.jpg?fit=508%2C324&ssl=1\" \/>\n\t<meta property=\"og:image:width\" content=\"508\" \/>\n\t<meta property=\"og:image:height\" content=\"324\" \/>\n\t<meta property=\"og:image:type\" content=\"image\/jpeg\" \/>\n<meta name=\"author\" content=\"BICE\" \/>\n<meta name=\"twitter:card\" content=\"summary_large_image\" \/>\n<meta name=\"twitter:creator\" content=\"@ongbice\" \/>\n<meta name=\"twitter:label1\" content=\"\u00c9crit par\" \/>\n\t<meta name=\"twitter:data1\" content=\"BICE\" \/>\n\t<meta name=\"twitter:label2\" content=\"Dur\u00e9e de lecture estim\u00e9e\" \/>\n\t<meta name=\"twitter:data2\" content=\"2 minutes\" \/>\n<!-- \/ Yoast SEO plugin. -->","yoast_head_json":{"title":"Le BICE se mobilise pour les enfants victimes du conflit du nord Mali - BICE - ONG de protection des droits de l&#039;enfant","robots":{"index":"index","follow":"follow","max-snippet":"max-snippet:-1","max-image-preview":"max-image-preview:large","max-video-preview":"max-video-preview:-1"},"canonical":"https:\/\/bice.org\/fr\/wp-json\/wp\/v2\/posts\/1108","og_locale":"fr_FR","og_type":"article","og_title":"Le BICE se mobilise pour les enfants victimes du conflit du nord Mali - BICE - ONG de protection des droits de l&#039;enfant","og_description":"&nbsp;","og_url":"https:\/\/bice.org\/fr\/le-bice-mobilise-pour-les-enfants-victimes-du-conflit-du-nord-mali\/","og_site_name":"BICE - ONG de protection des droits de l&#039;enfant","article_author":"https:\/\/www.facebook.com\/OngBICE","article_published_time":"2012-07-17T08:28:42+00:00","article_modified_time":"2023-02-02T10:49:26+00:00","og_image":[{"width":508,"height":324,"url":"https:\/\/i0.wp.com\/bice.org\/app\/uploads\/2012\/07\/0712conflit_mali.jpg?fit=508%2C324&ssl=1","type":"image\/jpeg"}],"author":"BICE","twitter_card":"summary_large_image","twitter_creator":"@ongbice","twitter_misc":{"\u00c9crit par":"BICE","Dur\u00e9e de lecture estim\u00e9e":"2 minutes"},"schema":{"@context":"https:\/\/schema.org","@graph":[{"@type":"Article","@id":"https:\/\/bice.org\/fr\/le-bice-mobilise-pour-les-enfants-victimes-du-conflit-du-nord-mali\/#article","isPartOf":{"@id":"https:\/\/bice.org\/fr\/le-bice-mobilise-pour-les-enfants-victimes-du-conflit-du-nord-mali\/"},"author":{"name":"BICE","@id":"https:\/\/bice.org\/fr\/#\/schema\/person\/5ffe567f32d0dbd204977300f4986f5b"},"headline":"Le BICE se mobilise pour les enfants victimes du conflit du nord Mali","datePublished":"2012-07-17T08:28:42+00:00","dateModified":"2023-02-02T10:49:26+00:00","mainEntityOfPage":{"@id":"https:\/\/bice.org\/fr\/le-bice-mobilise-pour-les-enfants-victimes-du-conflit-du-nord-mali\/"},"wordCount":359,"publisher":{"@id":"https:\/\/bice.org\/fr\/#organization"},"image":{"@id":"https:\/\/bice.org\/fr\/le-bice-mobilise-pour-les-enfants-victimes-du-conflit-du-nord-mali\/#primaryimage"},"thumbnailUrl":"https:\/\/i0.wp.com\/bice.org\/app\/uploads\/2012\/07\/0712conflit_mali.jpg?fit=508%2C324&ssl=1","articleSection":["Actualit\u00e9s du BICE"],"inLanguage":"fr-FR"},{"@type":"WebPage","@id":"https:\/\/bice.org\/fr\/le-bice-mobilise-pour-les-enfants-victimes-du-conflit-du-nord-mali\/","url":"https:\/\/bice.org\/fr\/le-bice-mobilise-pour-les-enfants-victimes-du-conflit-du-nord-mali\/","name":"Le BICE se mobilise pour les enfants victimes du conflit du nord Mali - BICE - ONG de protection des droits de l&#039;enfant","isPartOf":{"@id":"https:\/\/bice.org\/fr\/#website"},"primaryImageOfPage":{"@id":"https:\/\/bice.org\/fr\/le-bice-mobilise-pour-les-enfants-victimes-du-conflit-du-nord-mali\/#primaryimage"},"image":{"@id":"https:\/\/bice.org\/fr\/le-bice-mobilise-pour-les-enfants-victimes-du-conflit-du-nord-mali\/#primaryimage"},"thumbnailUrl":"https:\/\/i0.wp.com\/bice.org\/app\/uploads\/2012\/07\/0712conflit_mali.jpg?fit=508%2C324&ssl=1","datePublished":"2012-07-17T08:28:42+00:00","dateModified":"2023-02-02T10:49:26+00:00","breadcrumb":{"@id":"https:\/\/bice.org\/fr\/le-bice-mobilise-pour-les-enfants-victimes-du-conflit-du-nord-mali\/#breadcrumb"},"inLanguage":"fr-FR","potentialAction":[{"@type":"ReadAction","target":["https:\/\/bice.org\/fr\/le-bice-mobilise-pour-les-enfants-victimes-du-conflit-du-nord-mali\/"]}]},{"@type":"ImageObject","inLanguage":"fr-FR","@id":"https:\/\/bice.org\/fr\/le-bice-mobilise-pour-les-enfants-victimes-du-conflit-du-nord-mali\/#primaryimage","url":"https:\/\/i0.wp.com\/bice.org\/app\/uploads\/2012\/07\/0712conflit_mali.jpg?fit=508%2C324&ssl=1","contentUrl":"https:\/\/i0.wp.com\/bice.org\/app\/uploads\/2012\/07\/0712conflit_mali.jpg?fit=508%2C324&ssl=1","width":508,"height":324},{"@type":"BreadcrumbList","@id":"https:\/\/bice.org\/fr\/le-bice-mobilise-pour-les-enfants-victimes-du-conflit-du-nord-mali\/#breadcrumb","itemListElement":[{"@type":"ListItem","position":1,"name":"Accueil","item":"https:\/\/bice.org\/fr\/"},{"@type":"ListItem","position":2,"name":"Actualit\u00e9s du BICE","item":"https:\/\/bice.org\/fr\/theme\/actualites-du-bice\/"},{"@type":"ListItem","position":3,"name":"Le BICE se mobilise pour les enfants victimes du conflit du nord Mali"}]},{"@type":"WebSite","@id":"https:\/\/bice.org\/fr\/#website","url":"https:\/\/bice.org\/fr\/","name":"BICE - ONG de protection des droits de l&#039;enfant","description":"Notre mission : D\u00e9fendre les droits et la dignit\u00e9 des enfants partout dans le monde","publisher":{"@id":"https:\/\/bice.org\/fr\/#organization"},"potentialAction":[{"@type":"SearchAction","target":{"@type":"EntryPoint","urlTemplate":"https:\/\/bice.org\/fr\/?s={search_term_string}"},"query-input":{"@type":"PropertyValueSpecification","valueRequired":true,"valueName":"search_term_string"}}],"inLanguage":"fr-FR"},{"@type":"Organization","@id":"https:\/\/bice.org\/fr\/#organization","name":"BICE","url":"https:\/\/bice.org\/fr\/","logo":{"@type":"ImageObject","inLanguage":"fr-FR","@id":"https:\/\/bice.org\/fr\/#\/schema\/logo\/image\/","url":"https:\/\/bice.org\/app\/uploads\/2022\/06\/favicon.ico","contentUrl":"https:\/\/bice.org\/app\/uploads\/2022\/06\/favicon.ico","width":64,"height":64,"caption":"BICE"},"image":{"@id":"https:\/\/bice.org\/fr\/#\/schema\/logo\/image\/"}},{"@type":"Person","@id":"https:\/\/bice.org\/fr\/#\/schema\/person\/5ffe567f32d0dbd204977300f4986f5b","name":"BICE","image":{"@type":"ImageObject","inLanguage":"fr-FR","@id":"https:\/\/secure.gravatar.com\/avatar\/2cef44cbc317f08498adbfd4c31e9d16fae93e3fb3589a01932b588cb583f93b?s=96&d=mm&r=g","url":"https:\/\/secure.gravatar.com\/avatar\/2cef44cbc317f08498adbfd4c31e9d16fae93e3fb3589a01932b588cb583f93b?s=96&d=mm&r=g","contentUrl":"https:\/\/secure.gravatar.com\/avatar\/2cef44cbc317f08498adbfd4c31e9d16fae93e3fb3589a01932b588cb583f93b?s=96&d=mm&r=g","caption":"BICE"},"description":"Articles et actualit\u00e9s du BICE","sameAs":["https:\/\/bice.org","https:\/\/www.facebook.com\/OngBICE","https:\/\/x.com\/ongbice"]}]}},"jetpack_publicize_connections":[],"jetpack_featured_media_url":"https:\/\/i0.wp.com\/bice.org\/app\/uploads\/2012\/07\/0712conflit_mali.jpg?fit=508%2C324&ssl=1","jetpack_sharing_enabled":true,"_links":{"self":[{"href":"https:\/\/bice.org\/fr\/wp-json\/wp\/v2\/posts\/1108","targetHints":{"allow":["GET"]}}],"collection":[{"href":"https:\/\/bice.org\/fr\/wp-json\/wp\/v2\/posts"}],"about":[{"href":"https:\/\/bice.org\/fr\/wp-json\/wp\/v2\/types\/post"}],"author":[{"embeddable":true,"href":"https:\/\/bice.org\/fr\/wp-json\/wp\/v2\/users\/1"}],"replies":[{"embeddable":true,"href":"https:\/\/bice.org\/fr\/wp-json\/wp\/v2\/comments?post=1108"}],"version-history":[{"count":0,"href":"https:\/\/bice.org\/fr\/wp-json\/wp\/v2\/posts\/1108\/revisions"}],"wp:featuredmedia":[{"embeddable":true,"href":"https:\/\/bice.org\/fr\/wp-json\/wp\/v2\/media\/3400"}],"wp:attachment":[{"href":"https:\/\/bice.org\/fr\/wp-json\/wp\/v2\/media?parent=1108"}],"wp:term":[{"taxonomy":"category","embeddable":true,"href":"https:\/\/bice.org\/fr\/wp-json\/wp\/v2\/categories?post=1108"},{"taxonomy":"post_tag","embeddable":true,"href":"https:\/\/bice.org\/fr\/wp-json\/wp\/v2\/tags?post=1108"}],"curies":[{"name":"wp","href":"https:\/\/api.w.org\/{rel}","templated":true}]}}