{"id":1143,"date":"2012-08-23T14:34:17","date_gmt":"2012-08-23T14:34:17","guid":{"rendered":"https:\/\/bice.org\/fr\/faire-de-leducation-une-priorite-le-bice-aux-cotes-des-enfants-travailleurs-au-paraguay\/"},"modified":"2023-01-30T16:26:26","modified_gmt":"2023-01-30T15:26:26","slug":"faire-de-leducation-une-priorite-le-bice-aux-cotes-des-enfants-travailleurs-au-paraguay","status":"publish","type":"post","link":"https:\/\/bice.org\/fr\/faire-de-leducation-une-priorite-le-bice-aux-cotes-des-enfants-travailleurs-au-paraguay\/","title":{"rendered":"Faire de l\u2019\u00e9ducation une priorit\u00e9 : le BICE aux c\u00f4t\u00e9s des enfants travailleurs au Paraguay"},"content":{"rendered":"<h2 style=\"text-align: justify;\">Depuis le d\u00e9but de l\u2019ann\u00e9e, une centaine d\u2019enfants et 47 familles d\u2019Asunci\u00f3n sont accompagn\u00e9s dans le cadre du projet \u00ab Une vie sans violence pour les enfants qui travaillent et vivent en situation de rue\u00a0 \u00bb, en partenariat avec l&#8217;Association Callescuela.<\/h2>\n<p>Une campagne d&#8217;inscription scolaire a tout d\u2019abord \u00e9t\u00e9 mise au point aupr\u00e8s des \u00e9coles locales pour permettre d&#8217;y inscrire tous les enfants participant au projet. En collaboration avec les \u00e9coles, les responsables du projet s&#8217;assurent de leur pr\u00e9sence aux cours et les aident \u00e0 surmonter les difficult\u00e9s rencontr\u00e9es dans les institutions scolaires. Des cours de rattrapage par groupe de niveau sont notamment propos\u00e9s aux enfants qui rencontrent des difficult\u00e9s en \u00e9criture et en lecture, dans un local adapt\u00e9 et r\u00e9nov\u00e9 pour l\u2019occasion. Des ateliers et rencontres ont lieu r\u00e9guli\u00e8rement avec les familles pour les impliquer au quotidien dans l\u2019\u00e9ducation de leurs enfants et faire de celle-ci une v\u00e9ritable priorit\u00e9 familiale.<\/p>\n<p>Le projet pr\u00e9voit \u00e9galement un apport alimentaire de base avec l\u2019op\u00e9ration \u00ab tasse de lait \u00bb. Au March\u00e9 central, o\u00f9 travaillent et parfois vivent les enfants pris en charge par le projet, deux tasses de lait sont distribu\u00e9es chaque jour et les m\u00e8res et les adolescents se mobilisent pour collecter quotidiennement des fruits qui viennent compl\u00e9ter cette collation.<\/p>\n<p>Enfin, l\u2019important suivi quotidien des \u00e9quipes responsables a permis d\u2019identifier et de prendre en charge huit cas de maltraitance d\u2019enfants. Il est important de souligner que<strong> toutes ces actions sont possibles gr\u00e2ce au r\u00f4le tr\u00e8s actif des enfants et adolescents travailleurs et de leurs familles : <\/strong>malgr\u00e9 la pression des besoins les plus essentiels au jour le jour, l\u2019importance du projet et de l\u2019\u00e9ducation comme voie d\u2019avenir sont de plus en plus\u00a0 largement partag\u00e9s dans la communaut\u00e9. C\u2019est le type de r\u00e9sultat pour lequel le BICE \u0153uvre et continuera \u00e0 \u0153uvrer.<\/p>\n","protected":false},"excerpt":{"rendered":"<p>&nbsp;<\/p>\n","protected":false},"author":1,"featured_media":3502,"comment_status":"closed","ping_status":"closed","sticky":false,"template":"","format":"standard","meta":{"_acf_changed":false,"footnotes":"","jetpack_publicize_message":"","jetpack_publicize_feature_enabled":true,"jetpack_social_post_already_shared":false,"jetpack_social_options":{"image_generator_settings":{"template":"highway","default_image_id":0,"font":"","enabled":false},"version":2}},"categories":[132],"tags":[],"class_list":["post-1143","post","type-post","status-publish","format-standard","has-post-thumbnail","hentry","category-actualites-du-bice"],"acf":[],"yoast_head":"<!-- This site is optimized with the Yoast SEO plugin v27.2 - https:\/\/yoast.com\/product\/yoast-seo-wordpress\/ -->\n<title>Faire de l\u2019\u00e9ducation une priorit\u00e9 : le BICE aux c\u00f4t\u00e9s des enfants travailleurs au Paraguay - BICE - ONG de protection des droits de l&#039;enfant<\/title>\n<meta name=\"robots\" content=\"index, follow, max-snippet:-1, max-image-preview:large, max-video-preview:-1\" \/>\n<link rel=\"canonical\" href=\"https:\/\/bice.org\/fr\/wp-json\/wp\/v2\/posts\/1143\" \/>\n<meta property=\"og:locale\" content=\"fr_FR\" \/>\n<meta property=\"og:type\" content=\"article\" \/>\n<meta property=\"og:title\" content=\"Faire de l\u2019\u00e9ducation une priorit\u00e9 : le BICE aux c\u00f4t\u00e9s des enfants travailleurs au Paraguay - BICE - ONG de protection des droits de l&#039;enfant\" \/>\n<meta property=\"og:description\" content=\"&nbsp;\" \/>\n<meta property=\"og:url\" content=\"https:\/\/bice.org\/fr\/faire-de-leducation-une-priorite-le-bice-aux-cotes-des-enfants-travailleurs-au-paraguay\/\" \/>\n<meta property=\"og:site_name\" content=\"BICE - ONG de protection des droits de l&#039;enfant\" \/>\n<meta property=\"article:author\" content=\"https:\/\/www.facebook.com\/OngBICE\" \/>\n<meta property=\"article:published_time\" content=\"2012-08-23T14:34:17+00:00\" \/>\n<meta property=\"article:modified_time\" content=\"2023-01-30T15:26:26+00:00\" \/>\n<meta property=\"og:image\" content=\"https:\/\/i0.wp.com\/bice.org\/app\/uploads\/2012\/08\/240812ParaguayEducacion.jpg?fit=1280%2C960&ssl=1\" \/>\n\t<meta property=\"og:image:width\" content=\"1280\" \/>\n\t<meta property=\"og:image:height\" content=\"960\" \/>\n\t<meta property=\"og:image:type\" content=\"image\/jpeg\" \/>\n<meta name=\"author\" content=\"BICE\" \/>\n<meta name=\"twitter:card\" content=\"summary_large_image\" \/>\n<meta name=\"twitter:creator\" content=\"@ongbice\" \/>\n<meta name=\"twitter:label1\" content=\"\u00c9crit par\" \/>\n\t<meta name=\"twitter:data1\" content=\"BICE\" \/>\n\t<meta name=\"twitter:label2\" content=\"Dur\u00e9e de lecture estim\u00e9e\" \/>\n\t<meta name=\"twitter:data2\" content=\"2 minutes\" \/>\n<!-- \/ Yoast SEO plugin. -->","yoast_head_json":{"title":"Faire de l\u2019\u00e9ducation une priorit\u00e9 : le BICE aux c\u00f4t\u00e9s des enfants travailleurs au Paraguay - BICE - ONG de protection des droits de l&#039;enfant","robots":{"index":"index","follow":"follow","max-snippet":"max-snippet:-1","max-image-preview":"max-image-preview:large","max-video-preview":"max-video-preview:-1"},"canonical":"https:\/\/bice.org\/fr\/wp-json\/wp\/v2\/posts\/1143","og_locale":"fr_FR","og_type":"article","og_title":"Faire de l\u2019\u00e9ducation une priorit\u00e9 : le BICE aux c\u00f4t\u00e9s des enfants travailleurs au Paraguay - BICE - ONG de protection des droits de l&#039;enfant","og_description":"&nbsp;","og_url":"https:\/\/bice.org\/fr\/faire-de-leducation-une-priorite-le-bice-aux-cotes-des-enfants-travailleurs-au-paraguay\/","og_site_name":"BICE - ONG de protection des droits de l&#039;enfant","article_author":"https:\/\/www.facebook.com\/OngBICE","article_published_time":"2012-08-23T14:34:17+00:00","article_modified_time":"2023-01-30T15:26:26+00:00","og_image":[{"width":1280,"height":960,"url":"https:\/\/i0.wp.com\/bice.org\/app\/uploads\/2012\/08\/240812ParaguayEducacion.jpg?fit=1280%2C960&ssl=1","type":"image\/jpeg"}],"author":"BICE","twitter_card":"summary_large_image","twitter_creator":"@ongbice","twitter_misc":{"\u00c9crit par":"BICE","Dur\u00e9e de lecture estim\u00e9e":"2 minutes"},"schema":{"@context":"https:\/\/schema.org","@graph":[{"@type":"Article","@id":"https:\/\/bice.org\/fr\/faire-de-leducation-une-priorite-le-bice-aux-cotes-des-enfants-travailleurs-au-paraguay\/#article","isPartOf":{"@id":"https:\/\/bice.org\/fr\/faire-de-leducation-une-priorite-le-bice-aux-cotes-des-enfants-travailleurs-au-paraguay\/"},"author":{"name":"BICE","@id":"https:\/\/bice.org\/fr\/#\/schema\/person\/5ffe567f32d0dbd204977300f4986f5b"},"headline":"Faire de l\u2019\u00e9ducation une priorit\u00e9 : le BICE aux c\u00f4t\u00e9s des enfants travailleurs au Paraguay","datePublished":"2012-08-23T14:34:17+00:00","dateModified":"2023-01-30T15:26:26+00:00","mainEntityOfPage":{"@id":"https:\/\/bice.org\/fr\/faire-de-leducation-une-priorite-le-bice-aux-cotes-des-enfants-travailleurs-au-paraguay\/"},"wordCount":351,"publisher":{"@id":"https:\/\/bice.org\/fr\/#organization"},"image":{"@id":"https:\/\/bice.org\/fr\/faire-de-leducation-une-priorite-le-bice-aux-cotes-des-enfants-travailleurs-au-paraguay\/#primaryimage"},"thumbnailUrl":"https:\/\/i0.wp.com\/bice.org\/app\/uploads\/2012\/08\/240812ParaguayEducacion.jpg?fit=1280%2C960&ssl=1","articleSection":["Actualit\u00e9s du BICE"],"inLanguage":"fr-FR"},{"@type":"WebPage","@id":"https:\/\/bice.org\/fr\/faire-de-leducation-une-priorite-le-bice-aux-cotes-des-enfants-travailleurs-au-paraguay\/","url":"https:\/\/bice.org\/fr\/faire-de-leducation-une-priorite-le-bice-aux-cotes-des-enfants-travailleurs-au-paraguay\/","name":"Faire de l\u2019\u00e9ducation une priorit\u00e9 : le BICE aux c\u00f4t\u00e9s des enfants travailleurs au Paraguay - BICE - ONG de protection des droits de l&#039;enfant","isPartOf":{"@id":"https:\/\/bice.org\/fr\/#website"},"primaryImageOfPage":{"@id":"https:\/\/bice.org\/fr\/faire-de-leducation-une-priorite-le-bice-aux-cotes-des-enfants-travailleurs-au-paraguay\/#primaryimage"},"image":{"@id":"https:\/\/bice.org\/fr\/faire-de-leducation-une-priorite-le-bice-aux-cotes-des-enfants-travailleurs-au-paraguay\/#primaryimage"},"thumbnailUrl":"https:\/\/i0.wp.com\/bice.org\/app\/uploads\/2012\/08\/240812ParaguayEducacion.jpg?fit=1280%2C960&ssl=1","datePublished":"2012-08-23T14:34:17+00:00","dateModified":"2023-01-30T15:26:26+00:00","breadcrumb":{"@id":"https:\/\/bice.org\/fr\/faire-de-leducation-une-priorite-le-bice-aux-cotes-des-enfants-travailleurs-au-paraguay\/#breadcrumb"},"inLanguage":"fr-FR","potentialAction":[{"@type":"ReadAction","target":["https:\/\/bice.org\/fr\/faire-de-leducation-une-priorite-le-bice-aux-cotes-des-enfants-travailleurs-au-paraguay\/"]}]},{"@type":"ImageObject","inLanguage":"fr-FR","@id":"https:\/\/bice.org\/fr\/faire-de-leducation-une-priorite-le-bice-aux-cotes-des-enfants-travailleurs-au-paraguay\/#primaryimage","url":"https:\/\/i0.wp.com\/bice.org\/app\/uploads\/2012\/08\/240812ParaguayEducacion.jpg?fit=1280%2C960&ssl=1","contentUrl":"https:\/\/i0.wp.com\/bice.org\/app\/uploads\/2012\/08\/240812ParaguayEducacion.jpg?fit=1280%2C960&ssl=1","width":1280,"height":960},{"@type":"BreadcrumbList","@id":"https:\/\/bice.org\/fr\/faire-de-leducation-une-priorite-le-bice-aux-cotes-des-enfants-travailleurs-au-paraguay\/#breadcrumb","itemListElement":[{"@type":"ListItem","position":1,"name":"Accueil","item":"https:\/\/bice.org\/fr\/"},{"@type":"ListItem","position":2,"name":"Actualit\u00e9s du BICE","item":"https:\/\/bice.org\/fr\/theme\/actualites-du-bice\/"},{"@type":"ListItem","position":3,"name":"Faire de l\u2019\u00e9ducation une priorit\u00e9 : le BICE aux c\u00f4t\u00e9s des enfants travailleurs au Paraguay"}]},{"@type":"WebSite","@id":"https:\/\/bice.org\/fr\/#website","url":"https:\/\/bice.org\/fr\/","name":"BICE - ONG de protection des droits de l&#039;enfant","description":"Notre mission : D\u00e9fendre les droits et la dignit\u00e9 des enfants partout dans le monde","publisher":{"@id":"https:\/\/bice.org\/fr\/#organization"},"potentialAction":[{"@type":"SearchAction","target":{"@type":"EntryPoint","urlTemplate":"https:\/\/bice.org\/fr\/?s={search_term_string}"},"query-input":{"@type":"PropertyValueSpecification","valueRequired":true,"valueName":"search_term_string"}}],"inLanguage":"fr-FR"},{"@type":"Organization","@id":"https:\/\/bice.org\/fr\/#organization","name":"BICE","url":"https:\/\/bice.org\/fr\/","logo":{"@type":"ImageObject","inLanguage":"fr-FR","@id":"https:\/\/bice.org\/fr\/#\/schema\/logo\/image\/","url":"https:\/\/bice.org\/app\/uploads\/2022\/06\/favicon.ico","contentUrl":"https:\/\/bice.org\/app\/uploads\/2022\/06\/favicon.ico","width":64,"height":64,"caption":"BICE"},"image":{"@id":"https:\/\/bice.org\/fr\/#\/schema\/logo\/image\/"}},{"@type":"Person","@id":"https:\/\/bice.org\/fr\/#\/schema\/person\/5ffe567f32d0dbd204977300f4986f5b","name":"BICE","image":{"@type":"ImageObject","inLanguage":"fr-FR","@id":"https:\/\/secure.gravatar.com\/avatar\/2cef44cbc317f08498adbfd4c31e9d16fae93e3fb3589a01932b588cb583f93b?s=96&d=mm&r=g","url":"https:\/\/secure.gravatar.com\/avatar\/2cef44cbc317f08498adbfd4c31e9d16fae93e3fb3589a01932b588cb583f93b?s=96&d=mm&r=g","contentUrl":"https:\/\/secure.gravatar.com\/avatar\/2cef44cbc317f08498adbfd4c31e9d16fae93e3fb3589a01932b588cb583f93b?s=96&d=mm&r=g","caption":"BICE"},"description":"Articles et actualit\u00e9s du BICE","sameAs":["https:\/\/bice.org","https:\/\/www.facebook.com\/OngBICE","https:\/\/x.com\/ongbice"]}]}},"jetpack_publicize_connections":[],"jetpack_featured_media_url":"https:\/\/i0.wp.com\/bice.org\/app\/uploads\/2012\/08\/240812ParaguayEducacion.jpg?fit=1280%2C960&ssl=1","jetpack_sharing_enabled":true,"_links":{"self":[{"href":"https:\/\/bice.org\/fr\/wp-json\/wp\/v2\/posts\/1143","targetHints":{"allow":["GET"]}}],"collection":[{"href":"https:\/\/bice.org\/fr\/wp-json\/wp\/v2\/posts"}],"about":[{"href":"https:\/\/bice.org\/fr\/wp-json\/wp\/v2\/types\/post"}],"author":[{"embeddable":true,"href":"https:\/\/bice.org\/fr\/wp-json\/wp\/v2\/users\/1"}],"replies":[{"embeddable":true,"href":"https:\/\/bice.org\/fr\/wp-json\/wp\/v2\/comments?post=1143"}],"version-history":[{"count":0,"href":"https:\/\/bice.org\/fr\/wp-json\/wp\/v2\/posts\/1143\/revisions"}],"wp:featuredmedia":[{"embeddable":true,"href":"https:\/\/bice.org\/fr\/wp-json\/wp\/v2\/media\/3502"}],"wp:attachment":[{"href":"https:\/\/bice.org\/fr\/wp-json\/wp\/v2\/media?parent=1143"}],"wp:term":[{"taxonomy":"category","embeddable":true,"href":"https:\/\/bice.org\/fr\/wp-json\/wp\/v2\/categories?post=1143"},{"taxonomy":"post_tag","embeddable":true,"href":"https:\/\/bice.org\/fr\/wp-json\/wp\/v2\/tags?post=1143"}],"curies":[{"name":"wp","href":"https:\/\/api.w.org\/{rel}","templated":true}]}}