{"id":1180,"date":"2012-10-17T09:00:08","date_gmt":"2012-10-17T09:00:08","guid":{"rendered":"https:\/\/bice.org\/fr\/les-enfants-insuffisamment-proteges-par-les-politiques-de-gestion-migratoire\/"},"modified":"2024-07-30T10:20:27","modified_gmt":"2024-07-30T08:20:27","slug":"les-enfants-insuffisamment-proteges-par-les-politiques-de-gestion-migratoire","status":"publish","type":"post","link":"https:\/\/bice.org\/fr\/les-enfants-insuffisamment-proteges-par-les-politiques-de-gestion-migratoire\/","title":{"rendered":"Les enfants insuffisamment prot\u00e9g\u00e9s par les politiques de gestion migratoire"},"content":{"rendered":"<p>Cette ann\u00e9e, cette Journ\u00e9e officielle s\u2019\u00e9tait donn\u00e9 l\u2019objectif de d\u00e9battre de la situation des enfants dans le contexte de migration internationale. Les diff\u00e9rents orateurs, y compris le pr\u00e9sident du Comit\u00e9, M. Jean Zermatten, le rapporteur sp\u00e9cial des droits de l\u2019Homme des migrants, M. Fran\u00e7ois Cr\u00e9peau, et les deux repr\u00e9sentantes des enfants \u00e2g\u00e9es de 14 et 16 ans venues du Mali et de la Tha\u00eflande ont soulign\u00e9 la n\u00e9cessit\u00e9 de respecter les droits fondamentaux des enfants, qu\u2019ils se trouvent dans une situation r\u00e9guli\u00e8re ou non. Et ce dans diff\u00e9rents contextes : enfants accompagnant leurs parents lors d\u2019une migration, enfants migrant sans leur famille ou enfants rest\u00e9s au pays alors que leurs parents sont partis.<\/p>\n<p><strong>Des recommandations fortes ont \u00e9merg\u00e9 lors de la Journ\u00e9e de D\u00e9bat G\u00e9n\u00e9ral parmi lesquelles<\/strong> :<\/p>\n<ul>\n<li>la conviction que la d\u00e9tention ou la r\u00e9tention sont incompatibles avec l\u2019int\u00e9r\u00eat sup\u00e9rieur de l\u2019enfant et que les Etats doivent s\u2019engager \u00e0 trouver, le cas \u00e9ch\u00e9ant, des alternatives \u00e0 la privation de libert\u00e9 selon les garanties pr\u00e9vues par la Convention relative aux droits de l\u2019enfant;<\/li>\n<li>la n\u00e9cessaire distinction entre la situation des parents et celle de l\u2019enfant, ce qui suppose une distinction entre les politiques de gestion migratoire et la protection des droits de l\u2019enfant, afin d\u2019\u00e9viter de graves difficult\u00e9s d\u2019acc\u00e8s, notamment \u00e0 l\u2019\u00e9ducation, aux soins et au logement, et des situations d\u2019apatridie dans les pays de destination qui ne pratiquent pas le droit du sol ;<\/li>\n<li>l\u2019urgence de former aux droits de l\u2019enfant les agents de l\u2019Etat en charge des questions de migration \u00e0 chaque \u00e9tape du processus, y compris les agents devant s\u2019occuper des enfants rest\u00e9s dans le pays d\u2019origine, sur la gestion des traumatismes, des effets psychologiques et de l\u2019acc\u00e8s \u00e0 leurs droits fondamentaux inh\u00e9rents.<\/li>\n<\/ul>\n<p>Dans le cadre de ce d\u00e9bat, le BICE a relay\u00e9 sous forme de contributions \u00e9crites les pr\u00e9occupations, recommandations et bonnes pratiques particuli\u00e8rement pertinentes de partenaires proches : Child Rights Information Center (CRIC), son partenaire moldave, et l\u2019Universit\u00e0 di Torino en association avec l\u2019Organizzazione di Aiuto Fraterno \u2013 Italia et du Centro Studi e Ricerche Fenix d\u2019Italie.<\/p>\n<p>En ce qui concerne les enfants rest\u00e9s au pays, le BICE et CRIC ont ainsi relev\u00e9 les effets psychologiques de la s\u00e9paration et l\u2019acc\u00e8s limit\u00e9\u00a0 aux soins de sant\u00e9 et \u00e0 l\u2019\u00e9ducation, notamment \u00e0 cause de la faiblesse de la supervision de ces enfants souvent plac\u00e9s aupr\u00e8s des grands-parents, alors m\u00eame qu\u2019ils sont consid\u00e9r\u00e9s, \u00e0 tort, comme des privil\u00e9gi\u00e9s b\u00e9n\u00e9ficiant de l\u2019envoi de ressources financi\u00e8res de leurs parents migrants. L\u2019utilisation d\u00e9tourn\u00e9e de l\u2019argent envoy\u00e9 \u2013 en baisse du fait de la crise g\u00e9n\u00e9ralis\u00e9e et du ch\u00f4mage \u2013 a \u00e9t\u00e9 \u00e9galement \u00e9voqu\u00e9e, ainsi que la r\u00e9ponse inappropri\u00e9e des \u00e9ducateurs et des services sociaux face aux traumatismes v\u00e9cus par ces enfants expos\u00e9s \u00e0 la maltraitance et \u00e0 la traite du fait de leur vuln\u00e9rabilit\u00e9. L\u2019exp\u00e9rience de CRIC dans le renforcement des capacit\u00e9s, \u00e0 travers plusieurs publications telles que \u00ab <a class=\"wf_file\" href=\"https:\/\/bice.org\/images\/pieces-jointes\/PDFs\/4.actualites\/1.dernieres-actualites\/011211monenfantrestepaysfr.pdf\" target=\"_blank\" rel=\"noopener\">Mon enfant est rest\u00e9 au pays<\/a> \u00bb, \u00ab Children Home Alone \u00bb\u00a0\u00e0 l\u2019intention des professeurs, formateurs, psychologues et assistants sociaux, a \u00e9t\u00e9 pr\u00e9sent\u00e9e comme une bonne pratique.<\/p>\n<p>Pour sa part, le projet Fenix d\u00e9velopp\u00e9 en Italie est \u00e9galement une pratique significative d\u2019accompagnement des enfants en situation difficile, y compris dans le contexte de migration. La m\u00e9thode porte sur la m\u00e9diation de l\u2019enseignant, sur une approche ludique du d\u00e9veloppement de la motivation, l\u2019utilisation raisonn\u00e9e de la technologie et une meilleure organisation du temps. Cette m\u00e9thode a permis une am\u00e9lioration significative du taux de r\u00e9ussite dans les groupes cibles, gr\u00e2ce \u00e0 son effet catalyseur sur les processus d\u2019apprentissage \u00e0 l\u2019\u00e9cole. Les enfants \u00e9trangers du groupe exp\u00e9rimental enregistrent un progr\u00e8s syst\u00e9matique dans les trois domaines consid\u00e9r\u00e9s.<\/p>\n<p>Ces discussions font largement \u00e9cho aux discussions d\u00e9velopp\u00e9es lors du dernier Congr\u00e8s international du BICE, consacr\u00e9 en 2011 au droit \u00e0 l\u2019\u00e9ducation des enfants en rupture familiale et sociale.<\/p>\n","protected":false},"excerpt":{"rendered":"<p>Un constat clairement \u00e9nonc\u00e9 lors de la Journ\u00e9e de D\u00e9bat G\u00e9n\u00e9ral du Comit\u00e9 des droits de l\u2019enfant du 28 septembre 2012 \u00e0 l\u2019ONU, \u00e0 laquelle le BICE a activement particip\u00e9.<\/p>\n","protected":false},"author":1,"featured_media":0,"comment_status":"closed","ping_status":"closed","sticky":false,"template":"","format":"standard","meta":{"_acf_changed":false,"footnotes":"","jetpack_publicize_message":"","jetpack_publicize_feature_enabled":true,"jetpack_social_post_already_shared":false,"jetpack_social_options":{"image_generator_settings":{"template":"highway","default_image_id":0,"font":"","enabled":false},"version":2}},"categories":[132],"tags":[],"class_list":["post-1180","post","type-post","status-publish","format-standard","hentry","category-actualites-du-bice"],"acf":[],"yoast_head":"<!-- This site is optimized with the Yoast SEO plugin v27.2 - https:\/\/yoast.com\/product\/yoast-seo-wordpress\/ -->\n<title>Migrations : les enfants insuffisamment prot\u00e9g\u00e9s<\/title>\n<meta name=\"description\" content=\"Un constat \u00e9nonc\u00e9 lors de la Journ\u00e9e de D\u00e9bat du Comit\u00e9 des droits de l\u2019enfant du 28 septembre 2012 \u00e0 l\u2019ONU, \u00e0 laquelle le BICE a particip\u00e9.\" \/>\n<meta name=\"robots\" content=\"index, follow, max-snippet:-1, max-image-preview:large, max-video-preview:-1\" \/>\n<link rel=\"canonical\" href=\"https:\/\/bice.org\/fr\/wp-json\/wp\/v2\/posts\/1180\" \/>\n<meta property=\"og:locale\" content=\"fr_FR\" \/>\n<meta property=\"og:type\" content=\"article\" \/>\n<meta property=\"og:title\" content=\"Migrations : les enfants insuffisamment prot\u00e9g\u00e9s\" \/>\n<meta property=\"og:description\" content=\"Un constat \u00e9nonc\u00e9 lors de la Journ\u00e9e de D\u00e9bat du Comit\u00e9 des droits de l\u2019enfant du 28 septembre 2012 \u00e0 l\u2019ONU, \u00e0 laquelle le BICE a particip\u00e9.\" \/>\n<meta property=\"og:url\" content=\"https:\/\/bice.org\/fr\/les-enfants-insuffisamment-proteges-par-les-politiques-de-gestion-migratoire\/\" \/>\n<meta property=\"og:site_name\" content=\"BICE - ONG de protection des droits de l&#039;enfant\" \/>\n<meta property=\"article:author\" content=\"https:\/\/www.facebook.com\/OngBICE\" \/>\n<meta property=\"article:published_time\" content=\"2012-10-17T09:00:08+00:00\" \/>\n<meta property=\"article:modified_time\" content=\"2024-07-30T08:20:27+00:00\" \/>\n<meta name=\"author\" content=\"BICE\" \/>\n<meta name=\"twitter:card\" content=\"summary_large_image\" \/>\n<meta name=\"twitter:creator\" content=\"@ongbice\" \/>\n<meta name=\"twitter:label1\" content=\"\u00c9crit par\" \/>\n\t<meta name=\"twitter:data1\" content=\"BICE\" \/>\n\t<meta name=\"twitter:label2\" content=\"Dur\u00e9e de lecture estim\u00e9e\" \/>\n\t<meta name=\"twitter:data2\" content=\"4 minutes\" \/>\n<!-- \/ Yoast SEO plugin. -->","yoast_head_json":{"title":"Migrations : les enfants insuffisamment prot\u00e9g\u00e9s","description":"Un constat \u00e9nonc\u00e9 lors de la Journ\u00e9e de D\u00e9bat du Comit\u00e9 des droits de l\u2019enfant du 28 septembre 2012 \u00e0 l\u2019ONU, \u00e0 laquelle le BICE a particip\u00e9.","robots":{"index":"index","follow":"follow","max-snippet":"max-snippet:-1","max-image-preview":"max-image-preview:large","max-video-preview":"max-video-preview:-1"},"canonical":"https:\/\/bice.org\/fr\/wp-json\/wp\/v2\/posts\/1180","og_locale":"fr_FR","og_type":"article","og_title":"Migrations : les enfants insuffisamment prot\u00e9g\u00e9s","og_description":"Un constat \u00e9nonc\u00e9 lors de la Journ\u00e9e de D\u00e9bat du Comit\u00e9 des droits de l\u2019enfant du 28 septembre 2012 \u00e0 l\u2019ONU, \u00e0 laquelle le BICE a particip\u00e9.","og_url":"https:\/\/bice.org\/fr\/les-enfants-insuffisamment-proteges-par-les-politiques-de-gestion-migratoire\/","og_site_name":"BICE - ONG de protection des droits de l&#039;enfant","article_author":"https:\/\/www.facebook.com\/OngBICE","article_published_time":"2012-10-17T09:00:08+00:00","article_modified_time":"2024-07-30T08:20:27+00:00","author":"BICE","twitter_card":"summary_large_image","twitter_creator":"@ongbice","twitter_misc":{"\u00c9crit par":"BICE","Dur\u00e9e de lecture estim\u00e9e":"4 minutes"},"schema":{"@context":"https:\/\/schema.org","@graph":[{"@type":"Article","@id":"https:\/\/bice.org\/fr\/les-enfants-insuffisamment-proteges-par-les-politiques-de-gestion-migratoire\/#article","isPartOf":{"@id":"https:\/\/bice.org\/fr\/les-enfants-insuffisamment-proteges-par-les-politiques-de-gestion-migratoire\/"},"author":{"name":"BICE","@id":"https:\/\/bice.org\/fr\/#\/schema\/person\/5ffe567f32d0dbd204977300f4986f5b"},"headline":"Les enfants insuffisamment prot\u00e9g\u00e9s par les politiques de gestion migratoire","datePublished":"2012-10-17T09:00:08+00:00","dateModified":"2024-07-30T08:20:27+00:00","mainEntityOfPage":{"@id":"https:\/\/bice.org\/fr\/les-enfants-insuffisamment-proteges-par-les-politiques-de-gestion-migratoire\/"},"wordCount":735,"publisher":{"@id":"https:\/\/bice.org\/fr\/#organization"},"articleSection":["Actualit\u00e9s du BICE"],"inLanguage":"fr-FR"},{"@type":"WebPage","@id":"https:\/\/bice.org\/fr\/les-enfants-insuffisamment-proteges-par-les-politiques-de-gestion-migratoire\/","url":"https:\/\/bice.org\/fr\/les-enfants-insuffisamment-proteges-par-les-politiques-de-gestion-migratoire\/","name":"Migrations : les enfants insuffisamment prot\u00e9g\u00e9s","isPartOf":{"@id":"https:\/\/bice.org\/fr\/#website"},"datePublished":"2012-10-17T09:00:08+00:00","dateModified":"2024-07-30T08:20:27+00:00","description":"Un constat \u00e9nonc\u00e9 lors de la Journ\u00e9e de D\u00e9bat du Comit\u00e9 des droits de l\u2019enfant du 28 septembre 2012 \u00e0 l\u2019ONU, \u00e0 laquelle le BICE a particip\u00e9.","breadcrumb":{"@id":"https:\/\/bice.org\/fr\/les-enfants-insuffisamment-proteges-par-les-politiques-de-gestion-migratoire\/#breadcrumb"},"inLanguage":"fr-FR","potentialAction":[{"@type":"ReadAction","target":["https:\/\/bice.org\/fr\/les-enfants-insuffisamment-proteges-par-les-politiques-de-gestion-migratoire\/"]}]},{"@type":"BreadcrumbList","@id":"https:\/\/bice.org\/fr\/les-enfants-insuffisamment-proteges-par-les-politiques-de-gestion-migratoire\/#breadcrumb","itemListElement":[{"@type":"ListItem","position":1,"name":"Accueil","item":"https:\/\/bice.org\/fr\/"},{"@type":"ListItem","position":2,"name":"Actualit\u00e9s du BICE","item":"https:\/\/bice.org\/fr\/theme\/actualites-du-bice\/"},{"@type":"ListItem","position":3,"name":"Les enfants insuffisamment prot\u00e9g\u00e9s par les politiques de gestion migratoire"}]},{"@type":"WebSite","@id":"https:\/\/bice.org\/fr\/#website","url":"https:\/\/bice.org\/fr\/","name":"BICE - ONG de protection des droits de l&#039;enfant","description":"Notre mission : D\u00e9fendre les droits et la dignit\u00e9 des enfants partout dans le monde","publisher":{"@id":"https:\/\/bice.org\/fr\/#organization"},"potentialAction":[{"@type":"SearchAction","target":{"@type":"EntryPoint","urlTemplate":"https:\/\/bice.org\/fr\/?s={search_term_string}"},"query-input":{"@type":"PropertyValueSpecification","valueRequired":true,"valueName":"search_term_string"}}],"inLanguage":"fr-FR"},{"@type":"Organization","@id":"https:\/\/bice.org\/fr\/#organization","name":"BICE","url":"https:\/\/bice.org\/fr\/","logo":{"@type":"ImageObject","inLanguage":"fr-FR","@id":"https:\/\/bice.org\/fr\/#\/schema\/logo\/image\/","url":"https:\/\/bice.org\/app\/uploads\/2022\/06\/favicon.ico","contentUrl":"https:\/\/bice.org\/app\/uploads\/2022\/06\/favicon.ico","width":64,"height":64,"caption":"BICE"},"image":{"@id":"https:\/\/bice.org\/fr\/#\/schema\/logo\/image\/"}},{"@type":"Person","@id":"https:\/\/bice.org\/fr\/#\/schema\/person\/5ffe567f32d0dbd204977300f4986f5b","name":"BICE","image":{"@type":"ImageObject","inLanguage":"fr-FR","@id":"https:\/\/secure.gravatar.com\/avatar\/2cef44cbc317f08498adbfd4c31e9d16fae93e3fb3589a01932b588cb583f93b?s=96&d=mm&r=g","url":"https:\/\/secure.gravatar.com\/avatar\/2cef44cbc317f08498adbfd4c31e9d16fae93e3fb3589a01932b588cb583f93b?s=96&d=mm&r=g","contentUrl":"https:\/\/secure.gravatar.com\/avatar\/2cef44cbc317f08498adbfd4c31e9d16fae93e3fb3589a01932b588cb583f93b?s=96&d=mm&r=g","caption":"BICE"},"description":"Articles et actualit\u00e9s du BICE","sameAs":["https:\/\/bice.org","https:\/\/www.facebook.com\/OngBICE","https:\/\/x.com\/ongbice"]}]}},"jetpack_publicize_connections":[],"jetpack_featured_media_url":"","jetpack_sharing_enabled":true,"_links":{"self":[{"href":"https:\/\/bice.org\/fr\/wp-json\/wp\/v2\/posts\/1180","targetHints":{"allow":["GET"]}}],"collection":[{"href":"https:\/\/bice.org\/fr\/wp-json\/wp\/v2\/posts"}],"about":[{"href":"https:\/\/bice.org\/fr\/wp-json\/wp\/v2\/types\/post"}],"author":[{"embeddable":true,"href":"https:\/\/bice.org\/fr\/wp-json\/wp\/v2\/users\/1"}],"replies":[{"embeddable":true,"href":"https:\/\/bice.org\/fr\/wp-json\/wp\/v2\/comments?post=1180"}],"version-history":[{"count":0,"href":"https:\/\/bice.org\/fr\/wp-json\/wp\/v2\/posts\/1180\/revisions"}],"wp:attachment":[{"href":"https:\/\/bice.org\/fr\/wp-json\/wp\/v2\/media?parent=1180"}],"wp:term":[{"taxonomy":"category","embeddable":true,"href":"https:\/\/bice.org\/fr\/wp-json\/wp\/v2\/categories?post=1180"},{"taxonomy":"post_tag","embeddable":true,"href":"https:\/\/bice.org\/fr\/wp-json\/wp\/v2\/tags?post=1180"}],"curies":[{"name":"wp","href":"https:\/\/api.w.org\/{rel}","templated":true}]}}