{"id":1286,"date":"2013-02-25T15:24:01","date_gmt":"2013-02-25T15:24:01","guid":{"rendered":"https:\/\/bice.org\/fr\/2013-annee-detous-les-defis-pour-les-droits-de-l-enfant\/"},"modified":"2024-02-20T18:03:15","modified_gmt":"2024-02-20T17:03:15","slug":"2013-annee-detous-les-defis-pour-les-droits-de-l-enfant","status":"publish","type":"post","link":"https:\/\/bice.org\/fr\/2013-annee-detous-les-defis-pour-les-droits-de-l-enfant\/","title":{"rendered":"2013 : ann\u00e9e de tous les d\u00e9fis pour les droits de l\u2019enfant"},"content":{"rendered":"<h2>Quel bilan pour la Convention relative aux droits de l\u2019enfant ? Quels d\u00e9fis pour l\u2019avenir ? Jean Zermatten, pr\u00e9sident du Comit\u00e9 des droits de l\u2019enfant de l\u2019ONU, a r\u00e9cemment r\u00e9pondu \u00e0 ces questions lors d\u2019une conf\u00e9rence. Il s\u2019exprimait le 11 janvier dernier \u00e0 l\u2019Institut universitaire Kurt B\u00f6sch (Sion, Suisse).<\/h2>\n<p>\u00ab Aucun trait\u00e9 des droits humains n\u2019a eu un tel impact sur les l\u00e9gislations, les strat\u00e9gies, les politiques ou les budgets. \u00bb Comme tous ceux qui \u0153uvrent pour que soient respect\u00e9s les droits des enfants, Jean Zermatten se r\u00e9jouit des progr\u00e8s accomplis depuis l\u2019adoption de la Convention relative aux droits de l\u2019enfant, en 1989.<\/p>\n<p>L\u2019\u00e9lan doit se poursuivre, et de nombreux projets sont en cours. Le pr\u00e9sident du comit\u00e9 des droits de l\u2019enfant cite notamment le 3e protocole facultatif li\u00e9 \u00e0 la Convention. Ce texte doit permettre au Comit\u00e9 des droits de l\u2019enfant de recevoir et d\u2019examiner des plaintes individuelles d\u2019enfants. Il pr\u00e9voit par ailleurs de pouvoir organiser des visites de pays en cas de violations syst\u00e9matiques et graves de leurs droits. Ratifi\u00e9 par 2 Etats, ce protocole doit encore obtenir 8 ratifications suppl\u00e9mentaires pour entrer en vigueur.<\/p>\n<p>Dans ce discours prononc\u00e9 \u00e0 l\u2019Institut universitaire Kurt B\u00f6sch, Jean Zermatten \u00e9voque les d\u00e9fis des prochaines ann\u00e9es concernant les droits des enfants. <strong>Il estime indispensable de combattre l\u2019acceptation sociale de la violence envers les enfants.<\/strong> Il faut par ailleurs encourager les Etats touch\u00e9s par la crise \u00e9conomique \u00e0 ne pas diminuer leurs budgets \u00e9ducatifs. L\u2019acc\u00e8s \u00e0 l\u2019eau potable, particuli\u00e8rement \u00e0 l\u2019heure des changements climatiques, est encore loin d\u2019\u00eatre une r\u00e9alit\u00e9 pour des millions d\u2019enfants. Enfin, l\u2019am\u00e9lioration de la justice juv\u00e9nile, ou encore le respect des droits des enfants d\u00e9plac\u00e9s par les conflits ou les migrations \u00e9conomiques restent des d\u00e9fis majeurs.<\/p>\n","protected":false},"excerpt":{"rendered":"<p>&nbsp;<\/p>\n","protected":false},"author":1,"featured_media":3682,"comment_status":"closed","ping_status":"closed","sticky":false,"template":"","format":"standard","meta":{"_acf_changed":false,"footnotes":"","jetpack_publicize_message":"","jetpack_publicize_feature_enabled":true,"jetpack_social_post_already_shared":false,"jetpack_social_options":{"image_generator_settings":{"template":"highway","default_image_id":0,"font":"","enabled":false},"version":2}},"categories":[132],"tags":[],"class_list":["post-1286","post","type-post","status-publish","format-standard","has-post-thumbnail","hentry","category-actualites-du-bice"],"acf":[],"yoast_head":"<!-- This site is optimized with the Yoast SEO plugin v27.2 - https:\/\/yoast.com\/product\/yoast-seo-wordpress\/ -->\n<title>2013 : ann\u00e9e de tous les d\u00e9fis pour les droits de l\u2019enfant - BICE - ONG de protection des droits de l&#039;enfant<\/title>\n<meta name=\"description\" content=\"2013 : ann\u00e9e de tous les d\u00e9fis pour les droits de l\u2019enfant. Quel bilan pour la Convention relative aux droits de l\u2019enfant ? Quels d\u00e9fis pour l\u2019avenir ? Jean Zermatten, pr\u00e9sident du Comit\u00e9 des droits de l\u2019enfant de l\u2019ONU, a r\u00e9cemment r\u00e9pondu \u00e0 ces questions lors d\u2019une conf\u00e9rence. Il s\u2019exprimait le 11 janvier dernier \u00e0 l\u2019Institut universitaire Kurt B\u00f6sch (Sion, Suisse).\" \/>\n<meta name=\"robots\" content=\"index, follow, max-snippet:-1, max-image-preview:large, max-video-preview:-1\" \/>\n<link rel=\"canonical\" href=\"https:\/\/bice.org\/fr\/wp-json\/wp\/v2\/posts\/1286\" \/>\n<meta property=\"og:locale\" content=\"fr_FR\" \/>\n<meta property=\"og:type\" content=\"article\" \/>\n<meta property=\"og:title\" content=\"2013 : ann\u00e9e de tous les d\u00e9fis pour les droits de l\u2019enfant - BICE - ONG de protection des droits de l&#039;enfant\" \/>\n<meta property=\"og:description\" content=\"2013 : ann\u00e9e de tous les d\u00e9fis pour les droits de l\u2019enfant. Quel bilan pour la Convention relative aux droits de l\u2019enfant ? Quels d\u00e9fis pour l\u2019avenir ? Jean Zermatten, pr\u00e9sident du Comit\u00e9 des droits de l\u2019enfant de l\u2019ONU, a r\u00e9cemment r\u00e9pondu \u00e0 ces questions lors d\u2019une conf\u00e9rence. Il s\u2019exprimait le 11 janvier dernier \u00e0 l\u2019Institut universitaire Kurt B\u00f6sch (Sion, Suisse).\" \/>\n<meta property=\"og:url\" content=\"https:\/\/bice.org\/fr\/2013-annee-detous-les-defis-pour-les-droits-de-l-enfant\/\" \/>\n<meta property=\"og:site_name\" content=\"BICE - ONG de protection des droits de l&#039;enfant\" \/>\n<meta property=\"article:author\" content=\"https:\/\/www.facebook.com\/OngBICE\" \/>\n<meta property=\"article:published_time\" content=\"2013-02-25T15:24:01+00:00\" \/>\n<meta property=\"article:modified_time\" content=\"2024-02-20T17:03:15+00:00\" \/>\n<meta property=\"og:image\" content=\"https:\/\/i0.wp.com\/bice.org\/app\/uploads\/2013\/02\/Photo_Jean_Zermatten.jpg?fit=682%2C1024&ssl=1\" \/>\n\t<meta property=\"og:image:width\" content=\"682\" \/>\n\t<meta property=\"og:image:height\" content=\"1024\" \/>\n\t<meta property=\"og:image:type\" content=\"image\/jpeg\" \/>\n<meta name=\"author\" content=\"BICE\" \/>\n<meta name=\"twitter:card\" content=\"summary_large_image\" \/>\n<meta name=\"twitter:creator\" content=\"@ongbice\" \/>\n<meta name=\"twitter:label1\" content=\"\u00c9crit par\" \/>\n\t<meta name=\"twitter:data1\" content=\"BICE\" \/>\n\t<meta name=\"twitter:label2\" content=\"Dur\u00e9e de lecture estim\u00e9e\" \/>\n\t<meta name=\"twitter:data2\" content=\"2 minutes\" \/>\n<!-- \/ Yoast SEO plugin. -->","yoast_head_json":{"title":"2013 : ann\u00e9e de tous les d\u00e9fis pour les droits de l\u2019enfant - BICE - ONG de protection des droits de l&#039;enfant","description":"2013 : ann\u00e9e de tous les d\u00e9fis pour les droits de l\u2019enfant. Quel bilan pour la Convention relative aux droits de l\u2019enfant ? Quels d\u00e9fis pour l\u2019avenir ? Jean Zermatten, pr\u00e9sident du Comit\u00e9 des droits de l\u2019enfant de l\u2019ONU, a r\u00e9cemment r\u00e9pondu \u00e0 ces questions lors d\u2019une conf\u00e9rence. Il s\u2019exprimait le 11 janvier dernier \u00e0 l\u2019Institut universitaire Kurt B\u00f6sch (Sion, Suisse).","robots":{"index":"index","follow":"follow","max-snippet":"max-snippet:-1","max-image-preview":"max-image-preview:large","max-video-preview":"max-video-preview:-1"},"canonical":"https:\/\/bice.org\/fr\/wp-json\/wp\/v2\/posts\/1286","og_locale":"fr_FR","og_type":"article","og_title":"2013 : ann\u00e9e de tous les d\u00e9fis pour les droits de l\u2019enfant - BICE - ONG de protection des droits de l&#039;enfant","og_description":"2013 : ann\u00e9e de tous les d\u00e9fis pour les droits de l\u2019enfant. Quel bilan pour la Convention relative aux droits de l\u2019enfant ? Quels d\u00e9fis pour l\u2019avenir ? Jean Zermatten, pr\u00e9sident du Comit\u00e9 des droits de l\u2019enfant de l\u2019ONU, a r\u00e9cemment r\u00e9pondu \u00e0 ces questions lors d\u2019une conf\u00e9rence. Il s\u2019exprimait le 11 janvier dernier \u00e0 l\u2019Institut universitaire Kurt B\u00f6sch (Sion, Suisse).","og_url":"https:\/\/bice.org\/fr\/2013-annee-detous-les-defis-pour-les-droits-de-l-enfant\/","og_site_name":"BICE - ONG de protection des droits de l&#039;enfant","article_author":"https:\/\/www.facebook.com\/OngBICE","article_published_time":"2013-02-25T15:24:01+00:00","article_modified_time":"2024-02-20T17:03:15+00:00","og_image":[{"width":682,"height":1024,"url":"https:\/\/i0.wp.com\/bice.org\/app\/uploads\/2013\/02\/Photo_Jean_Zermatten.jpg?fit=682%2C1024&ssl=1","type":"image\/jpeg"}],"author":"BICE","twitter_card":"summary_large_image","twitter_creator":"@ongbice","twitter_misc":{"\u00c9crit par":"BICE","Dur\u00e9e de lecture estim\u00e9e":"2 minutes"},"schema":{"@context":"https:\/\/schema.org","@graph":[{"@type":"Article","@id":"https:\/\/bice.org\/fr\/2013-annee-detous-les-defis-pour-les-droits-de-l-enfant\/#article","isPartOf":{"@id":"https:\/\/bice.org\/fr\/2013-annee-detous-les-defis-pour-les-droits-de-l-enfant\/"},"author":{"name":"BICE","@id":"https:\/\/bice.org\/fr\/#\/schema\/person\/5ffe567f32d0dbd204977300f4986f5b"},"headline":"2013 : ann\u00e9e de tous les d\u00e9fis pour les droits de l\u2019enfant","datePublished":"2013-02-25T15:24:01+00:00","dateModified":"2024-02-20T17:03:15+00:00","mainEntityOfPage":{"@id":"https:\/\/bice.org\/fr\/2013-annee-detous-les-defis-pour-les-droits-de-l-enfant\/"},"wordCount":335,"publisher":{"@id":"https:\/\/bice.org\/fr\/#organization"},"image":{"@id":"https:\/\/bice.org\/fr\/2013-annee-detous-les-defis-pour-les-droits-de-l-enfant\/#primaryimage"},"thumbnailUrl":"https:\/\/i0.wp.com\/bice.org\/app\/uploads\/2013\/02\/Photo_Jean_Zermatten.jpg?fit=682%2C1024&ssl=1","articleSection":["Actualit\u00e9s du BICE"],"inLanguage":"fr-FR"},{"@type":"WebPage","@id":"https:\/\/bice.org\/fr\/2013-annee-detous-les-defis-pour-les-droits-de-l-enfant\/","url":"https:\/\/bice.org\/fr\/2013-annee-detous-les-defis-pour-les-droits-de-l-enfant\/","name":"2013 : ann\u00e9e de tous les d\u00e9fis pour les droits de l\u2019enfant - BICE - ONG de protection des droits de l&#039;enfant","isPartOf":{"@id":"https:\/\/bice.org\/fr\/#website"},"primaryImageOfPage":{"@id":"https:\/\/bice.org\/fr\/2013-annee-detous-les-defis-pour-les-droits-de-l-enfant\/#primaryimage"},"image":{"@id":"https:\/\/bice.org\/fr\/2013-annee-detous-les-defis-pour-les-droits-de-l-enfant\/#primaryimage"},"thumbnailUrl":"https:\/\/i0.wp.com\/bice.org\/app\/uploads\/2013\/02\/Photo_Jean_Zermatten.jpg?fit=682%2C1024&ssl=1","datePublished":"2013-02-25T15:24:01+00:00","dateModified":"2024-02-20T17:03:15+00:00","description":"2013 : ann\u00e9e de tous les d\u00e9fis pour les droits de l\u2019enfant. Quel bilan pour la Convention relative aux droits de l\u2019enfant ? Quels d\u00e9fis pour l\u2019avenir ? Jean Zermatten, pr\u00e9sident du Comit\u00e9 des droits de l\u2019enfant de l\u2019ONU, a r\u00e9cemment r\u00e9pondu \u00e0 ces questions lors d\u2019une conf\u00e9rence. Il s\u2019exprimait le 11 janvier dernier \u00e0 l\u2019Institut universitaire Kurt B\u00f6sch (Sion, Suisse).","breadcrumb":{"@id":"https:\/\/bice.org\/fr\/2013-annee-detous-les-defis-pour-les-droits-de-l-enfant\/#breadcrumb"},"inLanguage":"fr-FR","potentialAction":[{"@type":"ReadAction","target":["https:\/\/bice.org\/fr\/2013-annee-detous-les-defis-pour-les-droits-de-l-enfant\/"]}]},{"@type":"ImageObject","inLanguage":"fr-FR","@id":"https:\/\/bice.org\/fr\/2013-annee-detous-les-defis-pour-les-droits-de-l-enfant\/#primaryimage","url":"https:\/\/i0.wp.com\/bice.org\/app\/uploads\/2013\/02\/Photo_Jean_Zermatten.jpg?fit=682%2C1024&ssl=1","contentUrl":"https:\/\/i0.wp.com\/bice.org\/app\/uploads\/2013\/02\/Photo_Jean_Zermatten.jpg?fit=682%2C1024&ssl=1","width":682,"height":1024,"caption":"Photo Jean Zermatten"},{"@type":"BreadcrumbList","@id":"https:\/\/bice.org\/fr\/2013-annee-detous-les-defis-pour-les-droits-de-l-enfant\/#breadcrumb","itemListElement":[{"@type":"ListItem","position":1,"name":"Accueil","item":"https:\/\/bice.org\/fr\/"},{"@type":"ListItem","position":2,"name":"Actualit\u00e9s du BICE","item":"https:\/\/bice.org\/fr\/theme\/actualites-du-bice\/"},{"@type":"ListItem","position":3,"name":"2013 : ann\u00e9e de tous les d\u00e9fis pour les droits de l\u2019enfant"}]},{"@type":"WebSite","@id":"https:\/\/bice.org\/fr\/#website","url":"https:\/\/bice.org\/fr\/","name":"BICE - ONG de protection des droits de l&#039;enfant","description":"Notre mission : D\u00e9fendre les droits et la dignit\u00e9 des enfants partout dans le monde","publisher":{"@id":"https:\/\/bice.org\/fr\/#organization"},"potentialAction":[{"@type":"SearchAction","target":{"@type":"EntryPoint","urlTemplate":"https:\/\/bice.org\/fr\/?s={search_term_string}"},"query-input":{"@type":"PropertyValueSpecification","valueRequired":true,"valueName":"search_term_string"}}],"inLanguage":"fr-FR"},{"@type":"Organization","@id":"https:\/\/bice.org\/fr\/#organization","name":"BICE","url":"https:\/\/bice.org\/fr\/","logo":{"@type":"ImageObject","inLanguage":"fr-FR","@id":"https:\/\/bice.org\/fr\/#\/schema\/logo\/image\/","url":"https:\/\/bice.org\/app\/uploads\/2022\/06\/favicon.ico","contentUrl":"https:\/\/bice.org\/app\/uploads\/2022\/06\/favicon.ico","width":64,"height":64,"caption":"BICE"},"image":{"@id":"https:\/\/bice.org\/fr\/#\/schema\/logo\/image\/"}},{"@type":"Person","@id":"https:\/\/bice.org\/fr\/#\/schema\/person\/5ffe567f32d0dbd204977300f4986f5b","name":"BICE","image":{"@type":"ImageObject","inLanguage":"fr-FR","@id":"https:\/\/secure.gravatar.com\/avatar\/2cef44cbc317f08498adbfd4c31e9d16fae93e3fb3589a01932b588cb583f93b?s=96&d=mm&r=g","url":"https:\/\/secure.gravatar.com\/avatar\/2cef44cbc317f08498adbfd4c31e9d16fae93e3fb3589a01932b588cb583f93b?s=96&d=mm&r=g","contentUrl":"https:\/\/secure.gravatar.com\/avatar\/2cef44cbc317f08498adbfd4c31e9d16fae93e3fb3589a01932b588cb583f93b?s=96&d=mm&r=g","caption":"BICE"},"description":"Articles et actualit\u00e9s du BICE","sameAs":["https:\/\/bice.org","https:\/\/www.facebook.com\/OngBICE","https:\/\/x.com\/ongbice"]}]}},"jetpack_publicize_connections":[],"jetpack_featured_media_url":"https:\/\/i0.wp.com\/bice.org\/app\/uploads\/2013\/02\/Photo_Jean_Zermatten.jpg?fit=682%2C1024&ssl=1","jetpack_sharing_enabled":true,"_links":{"self":[{"href":"https:\/\/bice.org\/fr\/wp-json\/wp\/v2\/posts\/1286","targetHints":{"allow":["GET"]}}],"collection":[{"href":"https:\/\/bice.org\/fr\/wp-json\/wp\/v2\/posts"}],"about":[{"href":"https:\/\/bice.org\/fr\/wp-json\/wp\/v2\/types\/post"}],"author":[{"embeddable":true,"href":"https:\/\/bice.org\/fr\/wp-json\/wp\/v2\/users\/1"}],"replies":[{"embeddable":true,"href":"https:\/\/bice.org\/fr\/wp-json\/wp\/v2\/comments?post=1286"}],"version-history":[{"count":0,"href":"https:\/\/bice.org\/fr\/wp-json\/wp\/v2\/posts\/1286\/revisions"}],"wp:featuredmedia":[{"embeddable":true,"href":"https:\/\/bice.org\/fr\/wp-json\/wp\/v2\/media\/3682"}],"wp:attachment":[{"href":"https:\/\/bice.org\/fr\/wp-json\/wp\/v2\/media?parent=1286"}],"wp:term":[{"taxonomy":"category","embeddable":true,"href":"https:\/\/bice.org\/fr\/wp-json\/wp\/v2\/categories?post=1286"},{"taxonomy":"post_tag","embeddable":true,"href":"https:\/\/bice.org\/fr\/wp-json\/wp\/v2\/tags?post=1286"}],"curies":[{"name":"wp","href":"https:\/\/api.w.org\/{rel}","templated":true}]}}