{"id":1309,"date":"2013-03-19T14:37:15","date_gmt":"2013-03-19T14:37:15","guid":{"rendered":"https:\/\/bice.org\/fr\/deux-ans-aux-cotes-des-enfants-argentins-de-puerto-piray-dans-les-centres-d-education-populaire\/"},"modified":"2023-01-27T14:36:02","modified_gmt":"2023-01-27T13:36:02","slug":"deux-ans-aux-cotes-des-enfants-argentins-de-puerto-piray-dans-les-centres-d-education-populaire","status":"publish","type":"post","link":"https:\/\/bice.org\/fr\/deux-ans-aux-cotes-des-enfants-argentins-de-puerto-piray-dans-les-centres-d-education-populaire\/","title":{"rendered":"Deux ans aux c\u00f4t\u00e9s des enfants argentins de Puerto Piray dans les centres d&#8217;\u00e9ducation populaire"},"content":{"rendered":"<h2>Dans la ville de Puerto Piray en Argentine, les centres d\u2019\u00e9ducation populaire accueillent chaque ann\u00e9e 320 enfants. Les activit\u00e9s \u00e9ducatives et le soutien scolaire leur permettent d\u2019\u00e9viter d\u2019\u00eatre livr\u00e9s \u00e0 eux-m\u00eames dans la rue. Ils sont mieux prot\u00e9g\u00e9s contre la violence et les abus sexuels.<\/h2>\n<p>Depuis deux ans, <strong>le projet<\/strong> &#8220;Enfants sains et heureux&#8221; d\u00e9velopp\u00e9 par le BICE et la Congr\u00e9gation des s\u0153urs de San Jos\u00e9 Cuneo se d\u00e9ploie dans 6 centres d\u2019\u00e9ducation populaire. Les enfants s\u2019y rendent pour des activit\u00e9s \u00e9ducatives et r\u00e9cr\u00e9atives. Ils b\u00e9n\u00e9ficient \u00e9galement de soutien scolaire et sont sensibilis\u00e9s, avec leurs familles, aux droits de l\u2019enfant.<\/p>\n<p>Les centres d\u2019\u00e9ducation populaire proposent par ailleurs un appui alimentaire, sous forme de petits d\u00e9jeuners et de repas. Gr\u00e2ce \u00e0 ces activit\u00e9s, la r\u00e9gion est pass\u00e9e d\u2019une situation de d\u00e9nutrition \u00e0 une situation de malnutrition. Certains ateliers, organis\u00e9s par l\u2019association Redinfa, sont sp\u00e9cialement destin\u00e9s aux parents. Ils apprennent \u00e0 bien utiliser les l\u00e9gumes pour pr\u00e9parer des plats sains et nutritifs. Ainsi, le projet se d\u00e9veloppe dans une approche collective dans la recherche du dialogue et du rapprochement avec les familles.<\/p>\n<p>Malgr\u00e9 les restrictions budg\u00e9taires li\u00e9es \u00e0 l\u2019inflation <strong>en Argentine<\/strong>, les six centres ont mis en \u0153uvre toutes les activit\u00e9s pr\u00e9vues pour l&#8217;ann\u00e9e 2012.<\/p>\n<p>Les r\u00e9sultats de <strong>ce projet &#8220;Enfants sains et heureux&#8221;<\/strong> sont chaque jour plus visibles.<\/p>\n<p>Les activit\u00e9s propos\u00e9es par les centres sont source de transformation sociale, culturelle et \u00e9ducative au sein de la communaut\u00e9. Les enfants et leur famille trouvent des outils pour faire face aux multiples d\u00e9fis du quotidien.<\/p>\n<h3>T\u00e9moignages recueillis dans les centres d&#8217;\u00e9ducation populaire \u00e0 Puerto Piray en Argentine<\/h3>\n<p>&#8220;C\u2019est tr\u00e8s important parce que \u00e7a aide les enfants, c\u2019est un soutien qui leur permet de ne pas &#8220;mal tourner&#8221;. Ils voient qu\u2019une autre r\u00e9alit\u00e9 est possible. J\u2019esp\u00e8re que le projet continuera !&#8221; Une maman<\/p>\n<p>&#8220;On sent clairement un changement chez les enfants. Ils sont plus enthousiastes, ils ont une v\u00e9ritable envie de participer. Nous les aidons \u00e0 construire un avenir meilleur dans lequel ils se rendent compte que s\u2019ils veulent, ils peuvent.&#8221; Une \u00e9ducatrice<\/p>\n","protected":false},"excerpt":{"rendered":"<p>&nbsp;<\/p>\n","protected":false},"author":1,"featured_media":3772,"comment_status":"closed","ping_status":"closed","sticky":false,"template":"","format":"standard","meta":{"_acf_changed":false,"footnotes":"","jetpack_publicize_message":"","jetpack_publicize_feature_enabled":true,"jetpack_social_post_already_shared":false,"jetpack_social_options":{"image_generator_settings":{"template":"highway","default_image_id":0,"font":"","enabled":false},"version":2}},"categories":[132],"tags":[],"class_list":["post-1309","post","type-post","status-publish","format-standard","has-post-thumbnail","hentry","category-actualites-du-bice"],"acf":[],"yoast_head":"<!-- This site is optimized with the Yoast SEO plugin v27.2 - https:\/\/yoast.com\/product\/yoast-seo-wordpress\/ -->\n<title>Deux ans aux c\u00f4t\u00e9s des enfants argentins de Puerto Piray dans les centres d&#039;\u00e9ducation populaire - BICE - ONG de protection des droits de l&#039;enfant<\/title>\n<meta name=\"description\" content=\"Dans la ville de Puerto Piray en Argentine, les centres d\u2019\u00e9ducation populaire accueillent chaque ann\u00e9e 320 enfants. Les activit\u00e9s \u00e9ducatives et le soutien scolaire leur permettent d\u2019\u00e9viter d\u2019\u00eatre livr\u00e9s \u00e0 eux-m\u00eames dans la rue. Ils sont mieux prot\u00e9g\u00e9s contre la violence et les abus sexuels.\" \/>\n<meta name=\"robots\" content=\"index, follow, max-snippet:-1, max-image-preview:large, max-video-preview:-1\" \/>\n<link rel=\"canonical\" href=\"https:\/\/bice.org\/fr\/wp-json\/wp\/v2\/posts\/1309\" \/>\n<meta property=\"og:locale\" content=\"fr_FR\" \/>\n<meta property=\"og:type\" content=\"article\" \/>\n<meta property=\"og:title\" content=\"Deux ans aux c\u00f4t\u00e9s des enfants argentins de Puerto Piray dans les centres d&#039;\u00e9ducation populaire - BICE - ONG de protection des droits de l&#039;enfant\" \/>\n<meta property=\"og:description\" content=\"Dans la ville de Puerto Piray en Argentine, les centres d\u2019\u00e9ducation populaire accueillent chaque ann\u00e9e 320 enfants. Les activit\u00e9s \u00e9ducatives et le soutien scolaire leur permettent d\u2019\u00e9viter d\u2019\u00eatre livr\u00e9s \u00e0 eux-m\u00eames dans la rue. Ils sont mieux prot\u00e9g\u00e9s contre la violence et les abus sexuels.\" \/>\n<meta property=\"og:url\" content=\"https:\/\/bice.org\/fr\/deux-ans-aux-cotes-des-enfants-argentins-de-puerto-piray-dans-les-centres-d-education-populaire\/\" \/>\n<meta property=\"og:site_name\" content=\"BICE - ONG de protection des droits de l&#039;enfant\" \/>\n<meta property=\"article:author\" content=\"https:\/\/www.facebook.com\/OngBICE\" \/>\n<meta property=\"article:published_time\" content=\"2013-03-19T14:37:15+00:00\" \/>\n<meta property=\"article:modified_time\" content=\"2023-01-27T13:36:02+00:00\" \/>\n<meta property=\"og:image\" content=\"https:\/\/i0.wp.com\/bice.org\/app\/uploads\/2013\/03\/puerto_piray_web2.jpg?fit=1280%2C850&ssl=1\" \/>\n\t<meta property=\"og:image:width\" content=\"1280\" \/>\n\t<meta property=\"og:image:height\" content=\"850\" \/>\n\t<meta property=\"og:image:type\" content=\"image\/jpeg\" \/>\n<meta name=\"author\" content=\"BICE\" \/>\n<meta name=\"twitter:card\" content=\"summary_large_image\" \/>\n<meta name=\"twitter:creator\" content=\"@ongbice\" \/>\n<meta name=\"twitter:label1\" content=\"\u00c9crit par\" \/>\n\t<meta name=\"twitter:data1\" content=\"BICE\" \/>\n\t<meta name=\"twitter:label2\" content=\"Dur\u00e9e de lecture estim\u00e9e\" \/>\n\t<meta name=\"twitter:data2\" content=\"2 minutes\" \/>\n<!-- \/ Yoast SEO plugin. -->","yoast_head_json":{"title":"Deux ans aux c\u00f4t\u00e9s des enfants argentins de Puerto Piray dans les centres d'\u00e9ducation populaire - BICE - ONG de protection des droits de l&#039;enfant","description":"Dans la ville de Puerto Piray en Argentine, les centres d\u2019\u00e9ducation populaire accueillent chaque ann\u00e9e 320 enfants. Les activit\u00e9s \u00e9ducatives et le soutien scolaire leur permettent d\u2019\u00e9viter d\u2019\u00eatre livr\u00e9s \u00e0 eux-m\u00eames dans la rue. Ils sont mieux prot\u00e9g\u00e9s contre la violence et les abus sexuels.","robots":{"index":"index","follow":"follow","max-snippet":"max-snippet:-1","max-image-preview":"max-image-preview:large","max-video-preview":"max-video-preview:-1"},"canonical":"https:\/\/bice.org\/fr\/wp-json\/wp\/v2\/posts\/1309","og_locale":"fr_FR","og_type":"article","og_title":"Deux ans aux c\u00f4t\u00e9s des enfants argentins de Puerto Piray dans les centres d'\u00e9ducation populaire - BICE - ONG de protection des droits de l&#039;enfant","og_description":"Dans la ville de Puerto Piray en Argentine, les centres d\u2019\u00e9ducation populaire accueillent chaque ann\u00e9e 320 enfants. Les activit\u00e9s \u00e9ducatives et le soutien scolaire leur permettent d\u2019\u00e9viter d\u2019\u00eatre livr\u00e9s \u00e0 eux-m\u00eames dans la rue. Ils sont mieux prot\u00e9g\u00e9s contre la violence et les abus sexuels.","og_url":"https:\/\/bice.org\/fr\/deux-ans-aux-cotes-des-enfants-argentins-de-puerto-piray-dans-les-centres-d-education-populaire\/","og_site_name":"BICE - ONG de protection des droits de l&#039;enfant","article_author":"https:\/\/www.facebook.com\/OngBICE","article_published_time":"2013-03-19T14:37:15+00:00","article_modified_time":"2023-01-27T13:36:02+00:00","og_image":[{"width":1280,"height":850,"url":"https:\/\/i0.wp.com\/bice.org\/app\/uploads\/2013\/03\/puerto_piray_web2.jpg?fit=1280%2C850&ssl=1","type":"image\/jpeg"}],"author":"BICE","twitter_card":"summary_large_image","twitter_creator":"@ongbice","twitter_misc":{"\u00c9crit par":"BICE","Dur\u00e9e de lecture estim\u00e9e":"2 minutes"},"schema":{"@context":"https:\/\/schema.org","@graph":[{"@type":"Article","@id":"https:\/\/bice.org\/fr\/deux-ans-aux-cotes-des-enfants-argentins-de-puerto-piray-dans-les-centres-d-education-populaire\/#article","isPartOf":{"@id":"https:\/\/bice.org\/fr\/deux-ans-aux-cotes-des-enfants-argentins-de-puerto-piray-dans-les-centres-d-education-populaire\/"},"author":{"name":"BICE","@id":"https:\/\/bice.org\/fr\/#\/schema\/person\/5ffe567f32d0dbd204977300f4986f5b"},"headline":"Deux ans aux c\u00f4t\u00e9s des enfants argentins de Puerto Piray dans les centres d&#8217;\u00e9ducation populaire","datePublished":"2013-03-19T14:37:15+00:00","dateModified":"2023-01-27T13:36:02+00:00","mainEntityOfPage":{"@id":"https:\/\/bice.org\/fr\/deux-ans-aux-cotes-des-enfants-argentins-de-puerto-piray-dans-les-centres-d-education-populaire\/"},"wordCount":405,"publisher":{"@id":"https:\/\/bice.org\/fr\/#organization"},"image":{"@id":"https:\/\/bice.org\/fr\/deux-ans-aux-cotes-des-enfants-argentins-de-puerto-piray-dans-les-centres-d-education-populaire\/#primaryimage"},"thumbnailUrl":"https:\/\/i0.wp.com\/bice.org\/app\/uploads\/2013\/03\/puerto_piray_web2.jpg?fit=1280%2C850&ssl=1","articleSection":["Actualit\u00e9s du BICE"],"inLanguage":"fr-FR"},{"@type":"WebPage","@id":"https:\/\/bice.org\/fr\/deux-ans-aux-cotes-des-enfants-argentins-de-puerto-piray-dans-les-centres-d-education-populaire\/","url":"https:\/\/bice.org\/fr\/deux-ans-aux-cotes-des-enfants-argentins-de-puerto-piray-dans-les-centres-d-education-populaire\/","name":"Deux ans aux c\u00f4t\u00e9s des enfants argentins de Puerto Piray dans les centres d'\u00e9ducation populaire - BICE - ONG de protection des droits de l&#039;enfant","isPartOf":{"@id":"https:\/\/bice.org\/fr\/#website"},"primaryImageOfPage":{"@id":"https:\/\/bice.org\/fr\/deux-ans-aux-cotes-des-enfants-argentins-de-puerto-piray-dans-les-centres-d-education-populaire\/#primaryimage"},"image":{"@id":"https:\/\/bice.org\/fr\/deux-ans-aux-cotes-des-enfants-argentins-de-puerto-piray-dans-les-centres-d-education-populaire\/#primaryimage"},"thumbnailUrl":"https:\/\/i0.wp.com\/bice.org\/app\/uploads\/2013\/03\/puerto_piray_web2.jpg?fit=1280%2C850&ssl=1","datePublished":"2013-03-19T14:37:15+00:00","dateModified":"2023-01-27T13:36:02+00:00","description":"Dans la ville de Puerto Piray en Argentine, les centres d\u2019\u00e9ducation populaire accueillent chaque ann\u00e9e 320 enfants. Les activit\u00e9s \u00e9ducatives et le soutien scolaire leur permettent d\u2019\u00e9viter d\u2019\u00eatre livr\u00e9s \u00e0 eux-m\u00eames dans la rue. Ils sont mieux prot\u00e9g\u00e9s contre la violence et les abus sexuels.","breadcrumb":{"@id":"https:\/\/bice.org\/fr\/deux-ans-aux-cotes-des-enfants-argentins-de-puerto-piray-dans-les-centres-d-education-populaire\/#breadcrumb"},"inLanguage":"fr-FR","potentialAction":[{"@type":"ReadAction","target":["https:\/\/bice.org\/fr\/deux-ans-aux-cotes-des-enfants-argentins-de-puerto-piray-dans-les-centres-d-education-populaire\/"]}]},{"@type":"ImageObject","inLanguage":"fr-FR","@id":"https:\/\/bice.org\/fr\/deux-ans-aux-cotes-des-enfants-argentins-de-puerto-piray-dans-les-centres-d-education-populaire\/#primaryimage","url":"https:\/\/i0.wp.com\/bice.org\/app\/uploads\/2013\/03\/puerto_piray_web2.jpg?fit=1280%2C850&ssl=1","contentUrl":"https:\/\/i0.wp.com\/bice.org\/app\/uploads\/2013\/03\/puerto_piray_web2.jpg?fit=1280%2C850&ssl=1","width":1280,"height":850},{"@type":"BreadcrumbList","@id":"https:\/\/bice.org\/fr\/deux-ans-aux-cotes-des-enfants-argentins-de-puerto-piray-dans-les-centres-d-education-populaire\/#breadcrumb","itemListElement":[{"@type":"ListItem","position":1,"name":"Accueil","item":"https:\/\/bice.org\/fr\/"},{"@type":"ListItem","position":2,"name":"Actualit\u00e9s du BICE","item":"https:\/\/bice.org\/fr\/theme\/actualites-du-bice\/"},{"@type":"ListItem","position":3,"name":"Deux ans aux c\u00f4t\u00e9s des enfants argentins de Puerto Piray dans les centres d&#8217;\u00e9ducation populaire"}]},{"@type":"WebSite","@id":"https:\/\/bice.org\/fr\/#website","url":"https:\/\/bice.org\/fr\/","name":"BICE - ONG de protection des droits de l&#039;enfant","description":"Notre mission : D\u00e9fendre les droits et la dignit\u00e9 des enfants partout dans le monde","publisher":{"@id":"https:\/\/bice.org\/fr\/#organization"},"potentialAction":[{"@type":"SearchAction","target":{"@type":"EntryPoint","urlTemplate":"https:\/\/bice.org\/fr\/?s={search_term_string}"},"query-input":{"@type":"PropertyValueSpecification","valueRequired":true,"valueName":"search_term_string"}}],"inLanguage":"fr-FR"},{"@type":"Organization","@id":"https:\/\/bice.org\/fr\/#organization","name":"BICE","url":"https:\/\/bice.org\/fr\/","logo":{"@type":"ImageObject","inLanguage":"fr-FR","@id":"https:\/\/bice.org\/fr\/#\/schema\/logo\/image\/","url":"https:\/\/bice.org\/app\/uploads\/2022\/06\/favicon.ico","contentUrl":"https:\/\/bice.org\/app\/uploads\/2022\/06\/favicon.ico","width":64,"height":64,"caption":"BICE"},"image":{"@id":"https:\/\/bice.org\/fr\/#\/schema\/logo\/image\/"}},{"@type":"Person","@id":"https:\/\/bice.org\/fr\/#\/schema\/person\/5ffe567f32d0dbd204977300f4986f5b","name":"BICE","image":{"@type":"ImageObject","inLanguage":"fr-FR","@id":"https:\/\/secure.gravatar.com\/avatar\/2cef44cbc317f08498adbfd4c31e9d16fae93e3fb3589a01932b588cb583f93b?s=96&d=mm&r=g","url":"https:\/\/secure.gravatar.com\/avatar\/2cef44cbc317f08498adbfd4c31e9d16fae93e3fb3589a01932b588cb583f93b?s=96&d=mm&r=g","contentUrl":"https:\/\/secure.gravatar.com\/avatar\/2cef44cbc317f08498adbfd4c31e9d16fae93e3fb3589a01932b588cb583f93b?s=96&d=mm&r=g","caption":"BICE"},"description":"Articles et actualit\u00e9s du BICE","sameAs":["https:\/\/bice.org","https:\/\/www.facebook.com\/OngBICE","https:\/\/x.com\/ongbice"]}]}},"jetpack_publicize_connections":[],"jetpack_featured_media_url":"https:\/\/i0.wp.com\/bice.org\/app\/uploads\/2013\/03\/puerto_piray_web2.jpg?fit=1280%2C850&ssl=1","jetpack_sharing_enabled":true,"_links":{"self":[{"href":"https:\/\/bice.org\/fr\/wp-json\/wp\/v2\/posts\/1309","targetHints":{"allow":["GET"]}}],"collection":[{"href":"https:\/\/bice.org\/fr\/wp-json\/wp\/v2\/posts"}],"about":[{"href":"https:\/\/bice.org\/fr\/wp-json\/wp\/v2\/types\/post"}],"author":[{"embeddable":true,"href":"https:\/\/bice.org\/fr\/wp-json\/wp\/v2\/users\/1"}],"replies":[{"embeddable":true,"href":"https:\/\/bice.org\/fr\/wp-json\/wp\/v2\/comments?post=1309"}],"version-history":[{"count":0,"href":"https:\/\/bice.org\/fr\/wp-json\/wp\/v2\/posts\/1309\/revisions"}],"wp:featuredmedia":[{"embeddable":true,"href":"https:\/\/bice.org\/fr\/wp-json\/wp\/v2\/media\/3772"}],"wp:attachment":[{"href":"https:\/\/bice.org\/fr\/wp-json\/wp\/v2\/media?parent=1309"}],"wp:term":[{"taxonomy":"category","embeddable":true,"href":"https:\/\/bice.org\/fr\/wp-json\/wp\/v2\/categories?post=1309"},{"taxonomy":"post_tag","embeddable":true,"href":"https:\/\/bice.org\/fr\/wp-json\/wp\/v2\/tags?post=1309"}],"curies":[{"name":"wp","href":"https:\/\/api.w.org\/{rel}","templated":true}]}}