{"id":1333,"date":"2013-05-02T10:14:40","date_gmt":"2013-05-02T10:14:40","guid":{"rendered":"https:\/\/bice.org\/fr\/sante-mentale-des-enfants-de-detenus-le-bice-intervient-lors-de-la-22-e-session-du-cdh\/"},"modified":"2024-04-19T14:46:11","modified_gmt":"2024-04-19T12:46:11","slug":"sante-mentale-des-enfants-de-detenus-le-bice-intervient-lors-de-la-22-e-session-du-cdh","status":"publish","type":"post","link":"https:\/\/bice.org\/fr\/sante-mentale-des-enfants-de-detenus-le-bice-intervient-lors-de-la-22-e-session-du-cdh\/","title":{"rendered":"Sant\u00e9 mentale des enfants de d\u00e9tenus : intervention du BICE lors de la 22e session du CDH"},"content":{"rendered":"<h2>Bilan de l\u2019intervention conjointe du BICE et des Quakers sur la sant\u00e9 mentale des enfants dont les parents sont d\u00e9tenus, ex\u00e9cut\u00e9s ou condamn\u00e9s \u00e0 mort, lors de la 22e session du Conseil des droits de l\u2019homme (CDH) de l\u2019Organisation des Nations Unies (ONU).<\/h2>\n<h3>Sant\u00e9 mentale et r\u00e9silience<\/h3>\n<p>Lors de leur intervention, le BICE et les Quakers ont soulign\u00e9 l\u2019importance d\u2019une approche de <strong>r\u00e9silience<\/strong>. Le succ\u00e8s d\u2019une telle approche est \u00e9troitement li\u00e9 \u00e0 <strong>une communication ouverte et \u00e0 la capacit\u00e9 de l\u2019enfant \u00e0 parler de son exp\u00e9rience tout au long de la p\u00e9riode d\u2019incarc\u00e9ration de son parent<\/strong>.<\/p>\n<p>Les deux organisations ont aussi pr\u00e9cis\u00e9 <strong>le r\u00f4le des \u00e9coles<\/strong> dans ce processus : l\u2019institution peut \u00eatre un soutien important au bien-\u00eatre \u00e9motionnel des enfants de d\u00e9tenus.<\/p>\n<p>Toutefois, <strong>le contact de l\u2019enfant avec son parent incarc\u00e9r\u00e9 reste primordiale<\/strong> : visites, \u00e9changes de lettres, de communications t\u00e9l\u00e9phoniques ou \u00e9lectroniques, remises en libert\u00e9 temporaires du parent restent donc importants.<\/p>\n<h4>Pour en savoir plus sur l\u2019intervention du BICE : <a href=\"https:\/\/bice.org\/images\/pieces-jointes\/PDFs\/3.plaidoyer\/1.actualites_plaidoyer\/03-1.%20HRC%2022%20Point%203%20Join%20Statement%20BICE_FWCC%20%20BICE.pdf\" target=\"_blank\" rel=\"noopener\">D\u00e9claration orale Quaker UN Office\/ BICE (PDF en anglais)<\/a>, <a href=\"https:\/\/bice.org\/app\/uploads\/2014\/06\/HRC24Panel_enfants_parents_condamnes_a_mort_ConceptNote_sept2013_EN.pdf\" target=\"_blank\" rel=\"noopener\">R\u00e9solution sur les enfants dont les parents sont condamn\u00e9s \u00e0 mort ou ex\u00e9cut\u00e9s (en fran\u00e7ais)<\/a>.<\/h4>\n<h3>Organisation d\u2019un Side event<\/h3>\n<p>L\u2019\u00e9v\u00e8nement organis\u00e9 en parall\u00e8le du Conseil pr\u00e9sentait <strong><a title=\"coping project\" href=\"http:\/\/coping-project.hud.ac.uk\/\" target=\"_blank\" rel=\"noopener\">le Projet COPING<\/a>,<\/strong> r\u00e9alis\u00e9 par les Quakers sur la sant\u00e9 mentale des enfants d\u00e9tenus.<\/p>\n<p>En Europe, les r\u00e9sultats de l\u2019enqu\u00eate r\u00e9alis\u00e9e aupr\u00e8s de 800 familles montrent que <strong>25% des enfants ayant un parent en prison ont un risque \u00e9lev\u00e9 de probl\u00e8mes de sant\u00e9 mentale<\/strong> en comparaison avec d\u2019autres enfants.<\/p>\n<p>En Afrique et en Asie, les r\u00e9sultats du Projet COPING montrent la m\u00eame tendance avec toutefois <strong>une aggravation de la situation<\/strong>, li\u00e9e notamment \u00e0 la pr\u00e9carit\u00e9 des institutions sociales des Etats dans ces deux continents.<\/p>\n<p>Pour en savoir plus sur le Side event organis\u00e9 par le BICE et les Quakers :<strong> <a href=\"https:\/\/bice.org\/images\/pieces-jointes\/PDFs\/3.plaidoyer\/1.actualites_plaidoyer\/03-2.%20Mental%20health%20of%20children%20of%20prisoners%20flyer.pdf\" target=\"_blank\" rel=\"noopener\">Flyer Side event (PDF en anglais) <\/a><\/strong><\/p>\n","protected":false},"excerpt":{"rendered":"<p>&nbsp;<\/p>\n","protected":false},"author":1,"featured_media":0,"comment_status":"closed","ping_status":"closed","sticky":false,"template":"","format":"standard","meta":{"_acf_changed":false,"footnotes":"","jetpack_publicize_message":"","jetpack_publicize_feature_enabled":true,"jetpack_social_post_already_shared":false,"jetpack_social_options":{"image_generator_settings":{"template":"highway","default_image_id":0,"font":"","enabled":false},"version":2}},"categories":[132],"tags":[],"class_list":["post-1333","post","type-post","status-publish","format-standard","hentry","category-actualites-du-bice"],"acf":[],"yoast_head":"<!-- This site is optimized with the Yoast SEO plugin v27.2 - https:\/\/yoast.com\/product\/yoast-seo-wordpress\/ -->\n<title>Sant\u00e9 mentale des enfants de d\u00e9tenus : intervention du BICE lors de la 22e session du CDH - BICE - ONG de protection des droits de l&#039;enfant<\/title>\n<meta name=\"description\" content=\"Bilan de l\u2019intervention conjointe du BICE et des Quakers sur la sant\u00e9 mentale des enfants dont les parents sont d\u00e9tenus, ex\u00e9cut\u00e9s ou condamn\u00e9s \u00e0 mort, lors de la 22e session du Conseil des droits de l\u2019homme (CDH) de l\u2019Organisation des Nations Unies (ONU).\" \/>\n<meta name=\"robots\" content=\"index, follow, max-snippet:-1, max-image-preview:large, max-video-preview:-1\" \/>\n<link rel=\"canonical\" href=\"https:\/\/bice.org\/fr\/wp-json\/wp\/v2\/posts\/1333\" \/>\n<meta property=\"og:locale\" content=\"fr_FR\" \/>\n<meta property=\"og:type\" content=\"article\" \/>\n<meta property=\"og:title\" content=\"Sant\u00e9 mentale des enfants de d\u00e9tenus : intervention du BICE lors de la 22e session du CDH - BICE - ONG de protection des droits de l&#039;enfant\" \/>\n<meta property=\"og:description\" content=\"Bilan de l\u2019intervention conjointe du BICE et des Quakers sur la sant\u00e9 mentale des enfants dont les parents sont d\u00e9tenus, ex\u00e9cut\u00e9s ou condamn\u00e9s \u00e0 mort, lors de la 22e session du Conseil des droits de l\u2019homme (CDH) de l\u2019Organisation des Nations Unies (ONU).\" \/>\n<meta property=\"og:url\" content=\"https:\/\/bice.org\/fr\/sante-mentale-des-enfants-de-detenus-le-bice-intervient-lors-de-la-22-e-session-du-cdh\/\" \/>\n<meta property=\"og:site_name\" content=\"BICE - ONG de protection des droits de l&#039;enfant\" \/>\n<meta property=\"article:author\" content=\"https:\/\/www.facebook.com\/OngBICE\" \/>\n<meta property=\"article:published_time\" content=\"2013-05-02T10:14:40+00:00\" \/>\n<meta property=\"article:modified_time\" content=\"2024-04-19T12:46:11+00:00\" \/>\n<meta name=\"author\" content=\"BICE\" \/>\n<meta name=\"twitter:card\" content=\"summary_large_image\" \/>\n<meta name=\"twitter:creator\" content=\"@ongbice\" \/>\n<meta name=\"twitter:label1\" content=\"\u00c9crit par\" \/>\n\t<meta name=\"twitter:data1\" content=\"BICE\" \/>\n\t<meta name=\"twitter:label2\" content=\"Dur\u00e9e de lecture estim\u00e9e\" \/>\n\t<meta name=\"twitter:data2\" content=\"2 minutes\" \/>\n<!-- \/ Yoast SEO plugin. -->","yoast_head_json":{"title":"Sant\u00e9 mentale des enfants de d\u00e9tenus : intervention du BICE lors de la 22e session du CDH - BICE - ONG de protection des droits de l&#039;enfant","description":"Bilan de l\u2019intervention conjointe du BICE et des Quakers sur la sant\u00e9 mentale des enfants dont les parents sont d\u00e9tenus, ex\u00e9cut\u00e9s ou condamn\u00e9s \u00e0 mort, lors de la 22e session du Conseil des droits de l\u2019homme (CDH) de l\u2019Organisation des Nations Unies (ONU).","robots":{"index":"index","follow":"follow","max-snippet":"max-snippet:-1","max-image-preview":"max-image-preview:large","max-video-preview":"max-video-preview:-1"},"canonical":"https:\/\/bice.org\/fr\/wp-json\/wp\/v2\/posts\/1333","og_locale":"fr_FR","og_type":"article","og_title":"Sant\u00e9 mentale des enfants de d\u00e9tenus : intervention du BICE lors de la 22e session du CDH - BICE - ONG de protection des droits de l&#039;enfant","og_description":"Bilan de l\u2019intervention conjointe du BICE et des Quakers sur la sant\u00e9 mentale des enfants dont les parents sont d\u00e9tenus, ex\u00e9cut\u00e9s ou condamn\u00e9s \u00e0 mort, lors de la 22e session du Conseil des droits de l\u2019homme (CDH) de l\u2019Organisation des Nations Unies (ONU).","og_url":"https:\/\/bice.org\/fr\/sante-mentale-des-enfants-de-detenus-le-bice-intervient-lors-de-la-22-e-session-du-cdh\/","og_site_name":"BICE - ONG de protection des droits de l&#039;enfant","article_author":"https:\/\/www.facebook.com\/OngBICE","article_published_time":"2013-05-02T10:14:40+00:00","article_modified_time":"2024-04-19T12:46:11+00:00","author":"BICE","twitter_card":"summary_large_image","twitter_creator":"@ongbice","twitter_misc":{"\u00c9crit par":"BICE","Dur\u00e9e de lecture estim\u00e9e":"2 minutes"},"schema":{"@context":"https:\/\/schema.org","@graph":[{"@type":"Article","@id":"https:\/\/bice.org\/fr\/sante-mentale-des-enfants-de-detenus-le-bice-intervient-lors-de-la-22-e-session-du-cdh\/#article","isPartOf":{"@id":"https:\/\/bice.org\/fr\/sante-mentale-des-enfants-de-detenus-le-bice-intervient-lors-de-la-22-e-session-du-cdh\/"},"author":{"name":"BICE","@id":"https:\/\/bice.org\/fr\/#\/schema\/person\/5ffe567f32d0dbd204977300f4986f5b"},"headline":"Sant\u00e9 mentale des enfants de d\u00e9tenus : intervention du BICE lors de la 22e session du CDH","datePublished":"2013-05-02T10:14:40+00:00","dateModified":"2024-04-19T12:46:11+00:00","mainEntityOfPage":{"@id":"https:\/\/bice.org\/fr\/sante-mentale-des-enfants-de-detenus-le-bice-intervient-lors-de-la-22-e-session-du-cdh\/"},"wordCount":361,"publisher":{"@id":"https:\/\/bice.org\/fr\/#organization"},"articleSection":["Actualit\u00e9s du BICE"],"inLanguage":"fr-FR"},{"@type":"WebPage","@id":"https:\/\/bice.org\/fr\/sante-mentale-des-enfants-de-detenus-le-bice-intervient-lors-de-la-22-e-session-du-cdh\/","url":"https:\/\/bice.org\/fr\/sante-mentale-des-enfants-de-detenus-le-bice-intervient-lors-de-la-22-e-session-du-cdh\/","name":"Sant\u00e9 mentale des enfants de d\u00e9tenus : intervention du BICE lors de la 22e session du CDH - BICE - ONG de protection des droits de l&#039;enfant","isPartOf":{"@id":"https:\/\/bice.org\/fr\/#website"},"datePublished":"2013-05-02T10:14:40+00:00","dateModified":"2024-04-19T12:46:11+00:00","description":"Bilan de l\u2019intervention conjointe du BICE et des Quakers sur la sant\u00e9 mentale des enfants dont les parents sont d\u00e9tenus, ex\u00e9cut\u00e9s ou condamn\u00e9s \u00e0 mort, lors de la 22e session du Conseil des droits de l\u2019homme (CDH) de l\u2019Organisation des Nations Unies (ONU).","breadcrumb":{"@id":"https:\/\/bice.org\/fr\/sante-mentale-des-enfants-de-detenus-le-bice-intervient-lors-de-la-22-e-session-du-cdh\/#breadcrumb"},"inLanguage":"fr-FR","potentialAction":[{"@type":"ReadAction","target":["https:\/\/bice.org\/fr\/sante-mentale-des-enfants-de-detenus-le-bice-intervient-lors-de-la-22-e-session-du-cdh\/"]}]},{"@type":"BreadcrumbList","@id":"https:\/\/bice.org\/fr\/sante-mentale-des-enfants-de-detenus-le-bice-intervient-lors-de-la-22-e-session-du-cdh\/#breadcrumb","itemListElement":[{"@type":"ListItem","position":1,"name":"Accueil","item":"https:\/\/bice.org\/fr\/"},{"@type":"ListItem","position":2,"name":"Actualit\u00e9s du BICE","item":"https:\/\/bice.org\/fr\/theme\/actualites-du-bice\/"},{"@type":"ListItem","position":3,"name":"Sant\u00e9 mentale des enfants de d\u00e9tenus : intervention du BICE lors de la 22e session du CDH"}]},{"@type":"WebSite","@id":"https:\/\/bice.org\/fr\/#website","url":"https:\/\/bice.org\/fr\/","name":"BICE - ONG de protection des droits de l&#039;enfant","description":"Notre mission : D\u00e9fendre les droits et la dignit\u00e9 des enfants partout dans le monde","publisher":{"@id":"https:\/\/bice.org\/fr\/#organization"},"potentialAction":[{"@type":"SearchAction","target":{"@type":"EntryPoint","urlTemplate":"https:\/\/bice.org\/fr\/?s={search_term_string}"},"query-input":{"@type":"PropertyValueSpecification","valueRequired":true,"valueName":"search_term_string"}}],"inLanguage":"fr-FR"},{"@type":"Organization","@id":"https:\/\/bice.org\/fr\/#organization","name":"BICE","url":"https:\/\/bice.org\/fr\/","logo":{"@type":"ImageObject","inLanguage":"fr-FR","@id":"https:\/\/bice.org\/fr\/#\/schema\/logo\/image\/","url":"https:\/\/bice.org\/app\/uploads\/2022\/06\/favicon.ico","contentUrl":"https:\/\/bice.org\/app\/uploads\/2022\/06\/favicon.ico","width":64,"height":64,"caption":"BICE"},"image":{"@id":"https:\/\/bice.org\/fr\/#\/schema\/logo\/image\/"}},{"@type":"Person","@id":"https:\/\/bice.org\/fr\/#\/schema\/person\/5ffe567f32d0dbd204977300f4986f5b","name":"BICE","image":{"@type":"ImageObject","inLanguage":"fr-FR","@id":"https:\/\/secure.gravatar.com\/avatar\/2cef44cbc317f08498adbfd4c31e9d16fae93e3fb3589a01932b588cb583f93b?s=96&d=mm&r=g","url":"https:\/\/secure.gravatar.com\/avatar\/2cef44cbc317f08498adbfd4c31e9d16fae93e3fb3589a01932b588cb583f93b?s=96&d=mm&r=g","contentUrl":"https:\/\/secure.gravatar.com\/avatar\/2cef44cbc317f08498adbfd4c31e9d16fae93e3fb3589a01932b588cb583f93b?s=96&d=mm&r=g","caption":"BICE"},"description":"Articles et actualit\u00e9s du BICE","sameAs":["https:\/\/bice.org","https:\/\/www.facebook.com\/OngBICE","https:\/\/x.com\/ongbice"]}]}},"jetpack_publicize_connections":[],"jetpack_featured_media_url":"","jetpack_sharing_enabled":true,"_links":{"self":[{"href":"https:\/\/bice.org\/fr\/wp-json\/wp\/v2\/posts\/1333","targetHints":{"allow":["GET"]}}],"collection":[{"href":"https:\/\/bice.org\/fr\/wp-json\/wp\/v2\/posts"}],"about":[{"href":"https:\/\/bice.org\/fr\/wp-json\/wp\/v2\/types\/post"}],"author":[{"embeddable":true,"href":"https:\/\/bice.org\/fr\/wp-json\/wp\/v2\/users\/1"}],"replies":[{"embeddable":true,"href":"https:\/\/bice.org\/fr\/wp-json\/wp\/v2\/comments?post=1333"}],"version-history":[{"count":0,"href":"https:\/\/bice.org\/fr\/wp-json\/wp\/v2\/posts\/1333\/revisions"}],"wp:attachment":[{"href":"https:\/\/bice.org\/fr\/wp-json\/wp\/v2\/media?parent=1333"}],"wp:term":[{"taxonomy":"category","embeddable":true,"href":"https:\/\/bice.org\/fr\/wp-json\/wp\/v2\/categories?post=1333"},{"taxonomy":"post_tag","embeddable":true,"href":"https:\/\/bice.org\/fr\/wp-json\/wp\/v2\/tags?post=1333"}],"curies":[{"name":"wp","href":"https:\/\/api.w.org\/{rel}","templated":true}]}}