{"id":1588,"date":"2014-01-20T10:48:51","date_gmt":"2014-01-20T10:48:51","guid":{"rendered":"https:\/\/bice.org\/fr\/avancee-importante-les-enfants-vont-pouvoir-porter-plainte-aupres-de-l-onu\/"},"modified":"2023-01-24T17:02:53","modified_gmt":"2023-01-24T16:02:53","slug":"avancee-importante-les-enfants-vont-pouvoir-porter-plainte-aupres-de-l-onu","status":"publish","type":"post","link":"https:\/\/bice.org\/fr\/avancee-importante-les-enfants-vont-pouvoir-porter-plainte-aupres-de-l-onu\/","title":{"rendered":"Avanc\u00e9e importante : les enfants vont pouvoir porter plainte aupr\u00e8s de l\u2019ONU"},"content":{"rendered":"<h2>Pour entrer en vigueur, le 3\u00e8me protocole relatif aux droits de l\u2019enfant devait \u00eatre ratifi\u00e9 par dix pays. C\u2019est d\u00e9sormais le cas* gr\u00e2ce \u00e0 l\u2019engagement du Costa Rica le 14 janvier. Deux ans apr\u00e8s son adoption, le protocole facultatif \u00e0 la Convention relative aux droits de l\u2019enfant \u00e9tablissant une proc\u00e9dure de pr\u00e9sentations de communications entrera en vigueur en avril 2014.<\/h2>\n<h3>Vers une meilleure participation des enfants \u00e0 exercer leurs droits<\/h3>\n<p>Adopt\u00e9 en d\u00e9cembre 2011, cette proc\u00e9dure individuelle ou collective permet aux enfants ou \u00e0 leurs repr\u00e9sentants de d\u00e9poser une plainte devant le <strong>Comit\u00e9 des droits de l\u2019enfant des Nations Unies<\/strong> lorsqu\u2019ils estiment qu\u2019un droit garanti par la CDE et les deux pr\u00e9c\u00e9dents protocoles facultatifs n\u2019est pas respect\u00e9 par leur gouvernement.<\/p>\n<p>Quelques exemples : la violation du droit \u00e0 ne pas \u00eatre exploit\u00e9 et maltrait\u00e9, l\u2019immixtion arbitraire ou ill\u00e9gale dans la vie priv\u00e9e ou la famille d\u2019un enfant, son enr\u00f4lement forc\u00e9 dans les groupes et forces arm\u00e9s, sont autant de raisons valables de saisir le Comit\u00e9 des droits de l\u2019enfant par une requ\u00eate \u00e9crite, fond\u00e9e, motiv\u00e9e et non anonyme dans l\u2019ann\u00e9e qui suit l\u2019\u00e9puisement des voies de recours internes.<\/p>\n<p>Ce protocole repr\u00e9sente une avanc\u00e9e significative car il renforce la participation des enfants \u00e0 l\u2019exercice et \u00e0 la revendication de leurs droits ainsi qu\u2019un meilleur acc\u00e8s des enfants \u00e0 la justice. Sa mise en oeuvre engage les Etats parties \u00e0 mettre en place, dans l\u2019int\u00e9r\u00eat sup\u00e9rieur de l\u2019enfant, des voies de recours efficaces et des r\u00e9parations lorsque la violation all\u00e9gu\u00e9e est confirm\u00e9e.<\/p>\n<h3>Les prochaines \u00e9tapes pour une application effective du 3e protocole<\/h3>\n<p>Un b\u00e9mol important \u00e0 noter cependant : <strong>la proc\u00e9dure de plainte n\u2019est accessible qu\u2019aux enfants dont les Etats ont ratifi\u00e9 le protocole<\/strong>. Afin de garantir une protection universelle des droits de l\u2019enfant, le BICE appelle tous les Etats parties \u00e0 ratifier au plus vite ce nouvel instrument juridique international.<\/p>\n<p>De plus, au-del\u00e0 de la ratification, un effort doit \u00eatre fait par les Etats, l\u2019ONU et les organisations de la soci\u00e9t\u00e9 civile pour diffuser ce protocole dans une version adapt\u00e9e aux enfants, afin qu\u2019ils le comprennent et puissent s\u2019en saisir. La sensibilisation des enfants \u00e0 leurs droits, la mobilisation des communaut\u00e9s et l\u2019utilit\u00e9 du recours au m\u00e9canisme de plaintes en cas de violations av\u00e9r\u00e9es doivent \u00eatre des objectifs \u00e0 atteindre pour assurer une protection renforc\u00e9e des droits de l\u2019enfant.<\/p>\n<p><em>* Les dix pays sont l\u2019Albanie, la Bolivie, le Gabon, l\u2019Allemagne, le Mont\u00e9n\u00e9gro, le Portugal, l\u2019Espagne, la Tha\u00eflande, la Slovaquie et le Costa Rica.<\/em><\/p>\n<h3>Pour aller plus loin :<\/h3>\n<ul>\n<li>Article du BICE : <strong>Les enfants habilit\u00e9s \u00e0 porter plainte au niveau international<\/strong><\/li>\n<li><strong><a title=\"Protocole facultatif \u00e0 la Convention relative aux droits de l\u2019enfant \u00e9tablissant une proc\u00e9dure de pr\u00e9sentation de communications\" href=\"https:\/\/treaties.un.org\/doc\/source\/signature\/2012\/a-res-66-138-french.pdf\" target=\"_blank\" rel=\"noopener\">Protocole facultatif \u00e0 la Convention relative aux droits de l\u2019enfant \u00e9tablissant une proc\u00e9dure de pr\u00e9sentation de communications<\/a><\/strong><\/li>\n<\/ul>\n<p><em>Photo: CEDAPP &#8211; BICE<\/em><\/p>\n","protected":false},"excerpt":{"rendered":"<p>&nbsp;<\/p>\n","protected":false},"author":1,"featured_media":4327,"comment_status":"closed","ping_status":"closed","sticky":false,"template":"","format":"standard","meta":{"_acf_changed":false,"footnotes":"","jetpack_publicize_message":"","jetpack_publicize_feature_enabled":true,"jetpack_social_post_already_shared":false,"jetpack_social_options":{"image_generator_settings":{"template":"highway","default_image_id":0,"font":"","enabled":false},"version":2}},"categories":[132],"tags":[],"class_list":["post-1588","post","type-post","status-publish","format-standard","has-post-thumbnail","hentry","category-actualites-du-bice"],"acf":[],"yoast_head":"<!-- This site is optimized with the Yoast SEO plugin v27.2 - https:\/\/yoast.com\/product\/yoast-seo-wordpress\/ -->\n<title>Avanc\u00e9e importante : les enfants vont pouvoir porter plainte aupr\u00e8s de l\u2019ONU - BICE - ONG de protection des droits de l&#039;enfant<\/title>\n<meta name=\"description\" content=\"Pour entrer en vigueur, le 3\u00e8me protocole relatif aux droits de l\u2019enfant devait \u00eatre ratifi\u00e9 par dix pays. C\u2019est d\u00e9sormais le cas* gr\u00e2ce \u00e0 l\u2019engagement du Costa Rica le 14 janvier. Deux ans apr\u00e8s son adoption, le protocole facultatif \u00e0 la Convention relative aux droits de l\u2019enfant \u00e9tablissant une proc\u00e9dure de pr\u00e9sentations de communications entrera en vigueur en avril 2014.\" \/>\n<meta name=\"robots\" content=\"index, follow, max-snippet:-1, max-image-preview:large, max-video-preview:-1\" \/>\n<link rel=\"canonical\" href=\"https:\/\/bice.org\/fr\/wp-json\/wp\/v2\/posts\/1588\" \/>\n<meta property=\"og:locale\" content=\"fr_FR\" \/>\n<meta property=\"og:type\" content=\"article\" \/>\n<meta property=\"og:title\" content=\"Avanc\u00e9e importante : les enfants vont pouvoir porter plainte aupr\u00e8s de l\u2019ONU - BICE - ONG de protection des droits de l&#039;enfant\" \/>\n<meta property=\"og:description\" content=\"Pour entrer en vigueur, le 3\u00e8me protocole relatif aux droits de l\u2019enfant devait \u00eatre ratifi\u00e9 par dix pays. C\u2019est d\u00e9sormais le cas* gr\u00e2ce \u00e0 l\u2019engagement du Costa Rica le 14 janvier. Deux ans apr\u00e8s son adoption, le protocole facultatif \u00e0 la Convention relative aux droits de l\u2019enfant \u00e9tablissant une proc\u00e9dure de pr\u00e9sentations de communications entrera en vigueur en avril 2014.\" \/>\n<meta property=\"og:url\" content=\"https:\/\/bice.org\/fr\/avancee-importante-les-enfants-vont-pouvoir-porter-plainte-aupres-de-l-onu\/\" \/>\n<meta property=\"og:site_name\" content=\"BICE - ONG de protection des droits de l&#039;enfant\" \/>\n<meta property=\"article:author\" content=\"https:\/\/www.facebook.com\/OngBICE\" \/>\n<meta property=\"article:published_time\" content=\"2014-01-20T10:48:51+00:00\" \/>\n<meta property=\"article:modified_time\" content=\"2023-01-24T16:02:53+00:00\" \/>\n<meta property=\"og:image\" content=\"https:\/\/i0.wp.com\/bice.org\/app\/uploads\/2014\/01\/plaidoyer_onu_droits_enfants5.jpg?fit=620%2C416&ssl=1\" \/>\n\t<meta property=\"og:image:width\" content=\"620\" \/>\n\t<meta property=\"og:image:height\" content=\"416\" \/>\n\t<meta property=\"og:image:type\" content=\"image\/jpeg\" \/>\n<meta name=\"author\" content=\"BICE\" \/>\n<meta name=\"twitter:card\" content=\"summary_large_image\" \/>\n<meta name=\"twitter:creator\" content=\"@ongbice\" \/>\n<meta name=\"twitter:label1\" content=\"\u00c9crit par\" \/>\n\t<meta name=\"twitter:data1\" content=\"BICE\" \/>\n\t<meta name=\"twitter:label2\" content=\"Dur\u00e9e de lecture estim\u00e9e\" \/>\n\t<meta name=\"twitter:data2\" content=\"3 minutes\" \/>\n<!-- \/ Yoast SEO plugin. -->","yoast_head_json":{"title":"Avanc\u00e9e importante : les enfants vont pouvoir porter plainte aupr\u00e8s de l\u2019ONU - BICE - ONG de protection des droits de l&#039;enfant","description":"Pour entrer en vigueur, le 3\u00e8me protocole relatif aux droits de l\u2019enfant devait \u00eatre ratifi\u00e9 par dix pays. C\u2019est d\u00e9sormais le cas* gr\u00e2ce \u00e0 l\u2019engagement du Costa Rica le 14 janvier. Deux ans apr\u00e8s son adoption, le protocole facultatif \u00e0 la Convention relative aux droits de l\u2019enfant \u00e9tablissant une proc\u00e9dure de pr\u00e9sentations de communications entrera en vigueur en avril 2014.","robots":{"index":"index","follow":"follow","max-snippet":"max-snippet:-1","max-image-preview":"max-image-preview:large","max-video-preview":"max-video-preview:-1"},"canonical":"https:\/\/bice.org\/fr\/wp-json\/wp\/v2\/posts\/1588","og_locale":"fr_FR","og_type":"article","og_title":"Avanc\u00e9e importante : les enfants vont pouvoir porter plainte aupr\u00e8s de l\u2019ONU - BICE - ONG de protection des droits de l&#039;enfant","og_description":"Pour entrer en vigueur, le 3\u00e8me protocole relatif aux droits de l\u2019enfant devait \u00eatre ratifi\u00e9 par dix pays. C\u2019est d\u00e9sormais le cas* gr\u00e2ce \u00e0 l\u2019engagement du Costa Rica le 14 janvier. Deux ans apr\u00e8s son adoption, le protocole facultatif \u00e0 la Convention relative aux droits de l\u2019enfant \u00e9tablissant une proc\u00e9dure de pr\u00e9sentations de communications entrera en vigueur en avril 2014.","og_url":"https:\/\/bice.org\/fr\/avancee-importante-les-enfants-vont-pouvoir-porter-plainte-aupres-de-l-onu\/","og_site_name":"BICE - ONG de protection des droits de l&#039;enfant","article_author":"https:\/\/www.facebook.com\/OngBICE","article_published_time":"2014-01-20T10:48:51+00:00","article_modified_time":"2023-01-24T16:02:53+00:00","og_image":[{"width":620,"height":416,"url":"https:\/\/i0.wp.com\/bice.org\/app\/uploads\/2014\/01\/plaidoyer_onu_droits_enfants5.jpg?fit=620%2C416&ssl=1","type":"image\/jpeg"}],"author":"BICE","twitter_card":"summary_large_image","twitter_creator":"@ongbice","twitter_misc":{"\u00c9crit par":"BICE","Dur\u00e9e de lecture estim\u00e9e":"3 minutes"},"schema":{"@context":"https:\/\/schema.org","@graph":[{"@type":"Article","@id":"https:\/\/bice.org\/fr\/avancee-importante-les-enfants-vont-pouvoir-porter-plainte-aupres-de-l-onu\/#article","isPartOf":{"@id":"https:\/\/bice.org\/fr\/avancee-importante-les-enfants-vont-pouvoir-porter-plainte-aupres-de-l-onu\/"},"author":{"name":"BICE","@id":"https:\/\/bice.org\/fr\/#\/schema\/person\/5ffe567f32d0dbd204977300f4986f5b"},"headline":"Avanc\u00e9e importante : les enfants vont pouvoir porter plainte aupr\u00e8s de l\u2019ONU","datePublished":"2014-01-20T10:48:51+00:00","dateModified":"2023-01-24T16:02:53+00:00","mainEntityOfPage":{"@id":"https:\/\/bice.org\/fr\/avancee-importante-les-enfants-vont-pouvoir-porter-plainte-aupres-de-l-onu\/"},"wordCount":515,"publisher":{"@id":"https:\/\/bice.org\/fr\/#organization"},"image":{"@id":"https:\/\/bice.org\/fr\/avancee-importante-les-enfants-vont-pouvoir-porter-plainte-aupres-de-l-onu\/#primaryimage"},"thumbnailUrl":"https:\/\/i0.wp.com\/bice.org\/app\/uploads\/2014\/01\/plaidoyer_onu_droits_enfants5.jpg?fit=620%2C416&ssl=1","articleSection":["Actualit\u00e9s du BICE"],"inLanguage":"fr-FR"},{"@type":"WebPage","@id":"https:\/\/bice.org\/fr\/avancee-importante-les-enfants-vont-pouvoir-porter-plainte-aupres-de-l-onu\/","url":"https:\/\/bice.org\/fr\/avancee-importante-les-enfants-vont-pouvoir-porter-plainte-aupres-de-l-onu\/","name":"Avanc\u00e9e importante : les enfants vont pouvoir porter plainte aupr\u00e8s de l\u2019ONU - BICE - ONG de protection des droits de l&#039;enfant","isPartOf":{"@id":"https:\/\/bice.org\/fr\/#website"},"primaryImageOfPage":{"@id":"https:\/\/bice.org\/fr\/avancee-importante-les-enfants-vont-pouvoir-porter-plainte-aupres-de-l-onu\/#primaryimage"},"image":{"@id":"https:\/\/bice.org\/fr\/avancee-importante-les-enfants-vont-pouvoir-porter-plainte-aupres-de-l-onu\/#primaryimage"},"thumbnailUrl":"https:\/\/i0.wp.com\/bice.org\/app\/uploads\/2014\/01\/plaidoyer_onu_droits_enfants5.jpg?fit=620%2C416&ssl=1","datePublished":"2014-01-20T10:48:51+00:00","dateModified":"2023-01-24T16:02:53+00:00","description":"Pour entrer en vigueur, le 3\u00e8me protocole relatif aux droits de l\u2019enfant devait \u00eatre ratifi\u00e9 par dix pays. C\u2019est d\u00e9sormais le cas* gr\u00e2ce \u00e0 l\u2019engagement du Costa Rica le 14 janvier. Deux ans apr\u00e8s son adoption, le protocole facultatif \u00e0 la Convention relative aux droits de l\u2019enfant \u00e9tablissant une proc\u00e9dure de pr\u00e9sentations de communications entrera en vigueur en avril 2014.","breadcrumb":{"@id":"https:\/\/bice.org\/fr\/avancee-importante-les-enfants-vont-pouvoir-porter-plainte-aupres-de-l-onu\/#breadcrumb"},"inLanguage":"fr-FR","potentialAction":[{"@type":"ReadAction","target":["https:\/\/bice.org\/fr\/avancee-importante-les-enfants-vont-pouvoir-porter-plainte-aupres-de-l-onu\/"]}]},{"@type":"ImageObject","inLanguage":"fr-FR","@id":"https:\/\/bice.org\/fr\/avancee-importante-les-enfants-vont-pouvoir-porter-plainte-aupres-de-l-onu\/#primaryimage","url":"https:\/\/i0.wp.com\/bice.org\/app\/uploads\/2014\/01\/plaidoyer_onu_droits_enfants5.jpg?fit=620%2C416&ssl=1","contentUrl":"https:\/\/i0.wp.com\/bice.org\/app\/uploads\/2014\/01\/plaidoyer_onu_droits_enfants5.jpg?fit=620%2C416&ssl=1","width":620,"height":416},{"@type":"BreadcrumbList","@id":"https:\/\/bice.org\/fr\/avancee-importante-les-enfants-vont-pouvoir-porter-plainte-aupres-de-l-onu\/#breadcrumb","itemListElement":[{"@type":"ListItem","position":1,"name":"Accueil","item":"https:\/\/bice.org\/fr\/"},{"@type":"ListItem","position":2,"name":"Actualit\u00e9s du BICE","item":"https:\/\/bice.org\/fr\/theme\/actualites-du-bice\/"},{"@type":"ListItem","position":3,"name":"Avanc\u00e9e importante : les enfants vont pouvoir porter plainte aupr\u00e8s de l\u2019ONU"}]},{"@type":"WebSite","@id":"https:\/\/bice.org\/fr\/#website","url":"https:\/\/bice.org\/fr\/","name":"BICE - ONG de protection des droits de l&#039;enfant","description":"Notre mission : D\u00e9fendre les droits et la dignit\u00e9 des enfants partout dans le monde","publisher":{"@id":"https:\/\/bice.org\/fr\/#organization"},"potentialAction":[{"@type":"SearchAction","target":{"@type":"EntryPoint","urlTemplate":"https:\/\/bice.org\/fr\/?s={search_term_string}"},"query-input":{"@type":"PropertyValueSpecification","valueRequired":true,"valueName":"search_term_string"}}],"inLanguage":"fr-FR"},{"@type":"Organization","@id":"https:\/\/bice.org\/fr\/#organization","name":"BICE","url":"https:\/\/bice.org\/fr\/","logo":{"@type":"ImageObject","inLanguage":"fr-FR","@id":"https:\/\/bice.org\/fr\/#\/schema\/logo\/image\/","url":"https:\/\/bice.org\/app\/uploads\/2022\/06\/favicon.ico","contentUrl":"https:\/\/bice.org\/app\/uploads\/2022\/06\/favicon.ico","width":64,"height":64,"caption":"BICE"},"image":{"@id":"https:\/\/bice.org\/fr\/#\/schema\/logo\/image\/"}},{"@type":"Person","@id":"https:\/\/bice.org\/fr\/#\/schema\/person\/5ffe567f32d0dbd204977300f4986f5b","name":"BICE","image":{"@type":"ImageObject","inLanguage":"fr-FR","@id":"https:\/\/secure.gravatar.com\/avatar\/2cef44cbc317f08498adbfd4c31e9d16fae93e3fb3589a01932b588cb583f93b?s=96&d=mm&r=g","url":"https:\/\/secure.gravatar.com\/avatar\/2cef44cbc317f08498adbfd4c31e9d16fae93e3fb3589a01932b588cb583f93b?s=96&d=mm&r=g","contentUrl":"https:\/\/secure.gravatar.com\/avatar\/2cef44cbc317f08498adbfd4c31e9d16fae93e3fb3589a01932b588cb583f93b?s=96&d=mm&r=g","caption":"BICE"},"description":"Articles et actualit\u00e9s du BICE","sameAs":["https:\/\/bice.org","https:\/\/www.facebook.com\/OngBICE","https:\/\/x.com\/ongbice"]}]}},"jetpack_publicize_connections":[],"jetpack_featured_media_url":"https:\/\/i0.wp.com\/bice.org\/app\/uploads\/2014\/01\/plaidoyer_onu_droits_enfants5.jpg?fit=620%2C416&ssl=1","jetpack_sharing_enabled":true,"_links":{"self":[{"href":"https:\/\/bice.org\/fr\/wp-json\/wp\/v2\/posts\/1588","targetHints":{"allow":["GET"]}}],"collection":[{"href":"https:\/\/bice.org\/fr\/wp-json\/wp\/v2\/posts"}],"about":[{"href":"https:\/\/bice.org\/fr\/wp-json\/wp\/v2\/types\/post"}],"author":[{"embeddable":true,"href":"https:\/\/bice.org\/fr\/wp-json\/wp\/v2\/users\/1"}],"replies":[{"embeddable":true,"href":"https:\/\/bice.org\/fr\/wp-json\/wp\/v2\/comments?post=1588"}],"version-history":[{"count":0,"href":"https:\/\/bice.org\/fr\/wp-json\/wp\/v2\/posts\/1588\/revisions"}],"wp:featuredmedia":[{"embeddable":true,"href":"https:\/\/bice.org\/fr\/wp-json\/wp\/v2\/media\/4327"}],"wp:attachment":[{"href":"https:\/\/bice.org\/fr\/wp-json\/wp\/v2\/media?parent=1588"}],"wp:term":[{"taxonomy":"category","embeddable":true,"href":"https:\/\/bice.org\/fr\/wp-json\/wp\/v2\/categories?post=1588"},{"taxonomy":"post_tag","embeddable":true,"href":"https:\/\/bice.org\/fr\/wp-json\/wp\/v2\/tags?post=1588"}],"curies":[{"name":"wp","href":"https:\/\/api.w.org\/{rel}","templated":true}]}}