{"id":1600,"date":"2014-02-05T11:29:15","date_gmt":"2014-02-05T11:29:15","guid":{"rendered":"https:\/\/bice.org\/fr\/mobilisation-autour-de-la-campagne-stop-au-harcelement-sur-internet\/"},"modified":"2024-07-29T15:23:25","modified_gmt":"2024-07-29T13:23:25","slug":"mobilisation-autour-de-la-campagne-stop-au-harcelement-sur-internet","status":"publish","type":"post","link":"https:\/\/bice.org\/fr\/mobilisation-autour-de-la-campagne-stop-au-harcelement-sur-internet\/","title":{"rendered":"Mobilisation autour de la campagne \u00ab Stop au harc\u00e8lement sur internet \u00bb"},"content":{"rendered":"<h2>L\u2019association e-Enfance ainsi que deux syndicats \u00e9tudiants &#8211; l\u2019Union nationale lyc\u00e9enne et le Syndicat g\u00e9n\u00e9ral des lyc\u00e9ens &#8211; deviennent partenaires de la campagne \u00ab Stop au harc\u00e8lement sur internet \u00bb. A l\u2019occasion du Safer internet day, ils signeront publiquement la charte d\u2019engagement propos\u00e9e par le BICE.<\/h2>\n<p>Le 11 f\u00e9vrier, quelque 70 pays du monde se mobilisent \u00e0 l\u2019occasion du Safer internet day (ou journ\u00e9e de l\u2019internet plus s\u00fbr). Cet \u00e9v\u00e9nement permet au BICE d\u2019attirer l\u2019attention des jeunes, \u00e9ducateurs, enseignants, parents et medias sur les <a title=\"dangers du cyberharc\u00e8lement\" href=\"https:\/\/bice.org\/images\/pieces-jointes\/PDFs\/4.actualites\/evenementiel\/FT_harcelement_1.pdf\" target=\"_blank\" rel=\"noopener\">dangers du cyberharc\u00e8lement<\/a> et la n\u00e9cessit\u00e9 de permettre aux adolescents eux-m\u00eames d\u2019\u00eatre acteurs de la pr\u00e9vention de ce ph\u00e9nom\u00e8ne. A cette occasion, 3 partenaires signeront publiquement la charte d\u2019engagement de la campagne internationale \u00ab Stop au harc\u00e8lement sur internet \u00bb, lanc\u00e9e le 20 novembre 2013 \u00e0 l\u2019occasion de la journ\u00e9e mondiale des droits de l\u2019enfant.<\/p>\n<h3>Objectif : 10 000 signatures contre le cyberharc\u00e8lement<\/h3>\n<p>L\u2019association e-Enfance, agr\u00e9\u00e9e par le Minist\u00e8re de l\u2019Education nationale, a pour mission de sensibiliser les jeunes, leurs parents et les professionnels aux bons usages d\u2019internet. Son expertise en fait un partenaire privil\u00e9gi\u00e9 du BICE pour cette mobilisation. L\u2019Union nationale lyc\u00e9enne et le Syndicat g\u00e9n\u00e9ral des lyc\u00e9ens s\u2019engagent \u00e9galement aux c\u00f4t\u00e9s du BICE dans la lutte contre le harc\u00e8lement sur internet. Avec le BICE, ils contribueront \u00e0 diffuser largement la possibilit\u00e9 de signer la charte d\u2019engagement de la campagne, pour que l\u2019objectif des 10 000 signatures soit atteint d\u2019ici septembre 2014.<\/p>\n<p>Fort de son exp\u00e9rience de lutte contre la maltraitance et de plaidoyer, le BICE pr\u00e9sentera les signatures recueillies \u00e0 la Journ\u00e9e du Comit\u00e9 des droits de l\u2019enfant de l\u2019ONU consacr\u00e9e aux \u00ab Jeunes et r\u00e9seaux sociaux \u00bb en septembre prochain.<\/p>\n<p>Nous avons besoin de l\u2019engagement de tous pour lutter contre ce fl\u00e9au qui fait des ravages parmi les g\u00e9n\u00e9rations actuelles ! <strong>Mobilisez-vous et adh\u00e9rez \u00e0 cette campagne tr\u00e8s simplement en cliquant ici. \u00a0<\/strong><\/p>\n","protected":false},"excerpt":{"rendered":"<p>L\u2019association e-Enfance ainsi que deux syndicats \u00e9tudiants &#8211; l\u2019Union nationale lyc\u00e9enne et le Syndicat g\u00e9n\u00e9ral des lyc\u00e9ens &#8211; deviennent partenaires de la campagne \u00ab Stop au harc\u00e8lement sur internet \u00bb. A l\u2019occasion du Safer internet day, ils signeront publiquement la charte d\u2019engagement propos\u00e9e par le BICE. Le 11 f\u00e9vrier, quelque 70 pays du monde se &hellip; <a href=\"https:\/\/bice.org\/fr\/mobilisation-autour-de-la-campagne-stop-au-harcelement-sur-internet\/\">Suite<\/a><\/p>\n","protected":false},"author":1,"featured_media":4360,"comment_status":"closed","ping_status":"closed","sticky":false,"template":"","format":"standard","meta":{"_acf_changed":false,"footnotes":"","jetpack_publicize_message":"","jetpack_publicize_feature_enabled":true,"jetpack_social_post_already_shared":false,"jetpack_social_options":{"image_generator_settings":{"template":"highway","default_image_id":0,"font":"","enabled":false},"version":2}},"categories":[132],"tags":[],"class_list":["post-1600","post","type-post","status-publish","format-standard","has-post-thumbnail","hentry","category-actualites-du-bice"],"acf":[],"yoast_head":"<!-- This site is optimized with the Yoast SEO plugin v27.2 - https:\/\/yoast.com\/product\/yoast-seo-wordpress\/ -->\n<title>campagne stop au cyberharc\u00e8lement<\/title>\n<meta name=\"description\" content=\"P\u00e9tition contre le harc\u00e8lement sur internet sign\u00e9e par le BICE, e-Enfance et les syndicats lyc\u00e9ens \u00e0 l&#039;occasion du Safer internet day\" \/>\n<meta name=\"robots\" content=\"index, follow, max-snippet:-1, max-image-preview:large, max-video-preview:-1\" \/>\n<link rel=\"canonical\" href=\"https:\/\/bice.org\/fr\/wp-json\/wp\/v2\/posts\/1600\" \/>\n<meta property=\"og:locale\" content=\"fr_FR\" \/>\n<meta property=\"og:type\" content=\"article\" \/>\n<meta property=\"og:title\" content=\"campagne stop au cyberharc\u00e8lement\" \/>\n<meta property=\"og:description\" content=\"P\u00e9tition contre le harc\u00e8lement sur internet sign\u00e9e par le BICE, e-Enfance et les syndicats lyc\u00e9ens \u00e0 l&#039;occasion du Safer internet day\" \/>\n<meta property=\"og:url\" content=\"https:\/\/bice.org\/fr\/mobilisation-autour-de-la-campagne-stop-au-harcelement-sur-internet\/\" \/>\n<meta property=\"og:site_name\" content=\"BICE - ONG de protection des droits de l&#039;enfant\" \/>\n<meta property=\"article:author\" content=\"https:\/\/www.facebook.com\/OngBICE\" \/>\n<meta property=\"article:published_time\" content=\"2014-02-05T11:29:15+00:00\" \/>\n<meta property=\"article:modified_time\" content=\"2024-07-29T13:23:25+00:00\" \/>\n<meta property=\"og:image\" content=\"https:\/\/i0.wp.com\/bice.org\/app\/uploads\/2014\/02\/harcelement_sur_internet.jpg?fit=490%2C354&ssl=1\" \/>\n\t<meta property=\"og:image:width\" content=\"490\" \/>\n\t<meta property=\"og:image:height\" content=\"354\" \/>\n\t<meta property=\"og:image:type\" content=\"image\/jpeg\" \/>\n<meta name=\"author\" content=\"BICE\" \/>\n<meta name=\"twitter:card\" content=\"summary_large_image\" \/>\n<meta name=\"twitter:creator\" content=\"@ongbice\" \/>\n<meta name=\"twitter:label1\" content=\"\u00c9crit par\" \/>\n\t<meta name=\"twitter:data1\" content=\"BICE\" \/>\n\t<meta name=\"twitter:label2\" content=\"Dur\u00e9e de lecture estim\u00e9e\" \/>\n\t<meta name=\"twitter:data2\" content=\"2 minutes\" \/>\n<!-- \/ Yoast SEO plugin. -->","yoast_head_json":{"title":"campagne stop au cyberharc\u00e8lement","description":"P\u00e9tition contre le harc\u00e8lement sur internet sign\u00e9e par le BICE, e-Enfance et les syndicats lyc\u00e9ens \u00e0 l'occasion du Safer internet day","robots":{"index":"index","follow":"follow","max-snippet":"max-snippet:-1","max-image-preview":"max-image-preview:large","max-video-preview":"max-video-preview:-1"},"canonical":"https:\/\/bice.org\/fr\/wp-json\/wp\/v2\/posts\/1600","og_locale":"fr_FR","og_type":"article","og_title":"campagne stop au cyberharc\u00e8lement","og_description":"P\u00e9tition contre le harc\u00e8lement sur internet sign\u00e9e par le BICE, e-Enfance et les syndicats lyc\u00e9ens \u00e0 l'occasion du Safer internet day","og_url":"https:\/\/bice.org\/fr\/mobilisation-autour-de-la-campagne-stop-au-harcelement-sur-internet\/","og_site_name":"BICE - ONG de protection des droits de l&#039;enfant","article_author":"https:\/\/www.facebook.com\/OngBICE","article_published_time":"2014-02-05T11:29:15+00:00","article_modified_time":"2024-07-29T13:23:25+00:00","og_image":[{"width":490,"height":354,"url":"https:\/\/i0.wp.com\/bice.org\/app\/uploads\/2014\/02\/harcelement_sur_internet.jpg?fit=490%2C354&ssl=1","type":"image\/jpeg"}],"author":"BICE","twitter_card":"summary_large_image","twitter_creator":"@ongbice","twitter_misc":{"\u00c9crit par":"BICE","Dur\u00e9e de lecture estim\u00e9e":"2 minutes"},"schema":{"@context":"https:\/\/schema.org","@graph":[{"@type":"Article","@id":"https:\/\/bice.org\/fr\/mobilisation-autour-de-la-campagne-stop-au-harcelement-sur-internet\/#article","isPartOf":{"@id":"https:\/\/bice.org\/fr\/mobilisation-autour-de-la-campagne-stop-au-harcelement-sur-internet\/"},"author":{"name":"BICE","@id":"https:\/\/bice.org\/fr\/#\/schema\/person\/5ffe567f32d0dbd204977300f4986f5b"},"headline":"Mobilisation autour de la campagne \u00ab Stop au harc\u00e8lement sur internet \u00bb","datePublished":"2014-02-05T11:29:15+00:00","dateModified":"2024-07-29T13:23:25+00:00","mainEntityOfPage":{"@id":"https:\/\/bice.org\/fr\/mobilisation-autour-de-la-campagne-stop-au-harcelement-sur-internet\/"},"wordCount":360,"publisher":{"@id":"https:\/\/bice.org\/fr\/#organization"},"image":{"@id":"https:\/\/bice.org\/fr\/mobilisation-autour-de-la-campagne-stop-au-harcelement-sur-internet\/#primaryimage"},"thumbnailUrl":"https:\/\/i0.wp.com\/bice.org\/app\/uploads\/2014\/02\/harcelement_sur_internet.jpg?fit=490%2C354&ssl=1","articleSection":["Actualit\u00e9s du BICE"],"inLanguage":"fr-FR"},{"@type":"WebPage","@id":"https:\/\/bice.org\/fr\/mobilisation-autour-de-la-campagne-stop-au-harcelement-sur-internet\/","url":"https:\/\/bice.org\/fr\/mobilisation-autour-de-la-campagne-stop-au-harcelement-sur-internet\/","name":"campagne stop au cyberharc\u00e8lement","isPartOf":{"@id":"https:\/\/bice.org\/fr\/#website"},"primaryImageOfPage":{"@id":"https:\/\/bice.org\/fr\/mobilisation-autour-de-la-campagne-stop-au-harcelement-sur-internet\/#primaryimage"},"image":{"@id":"https:\/\/bice.org\/fr\/mobilisation-autour-de-la-campagne-stop-au-harcelement-sur-internet\/#primaryimage"},"thumbnailUrl":"https:\/\/i0.wp.com\/bice.org\/app\/uploads\/2014\/02\/harcelement_sur_internet.jpg?fit=490%2C354&ssl=1","datePublished":"2014-02-05T11:29:15+00:00","dateModified":"2024-07-29T13:23:25+00:00","description":"P\u00e9tition contre le harc\u00e8lement sur internet sign\u00e9e par le BICE, e-Enfance et les syndicats lyc\u00e9ens \u00e0 l'occasion du Safer internet day","breadcrumb":{"@id":"https:\/\/bice.org\/fr\/mobilisation-autour-de-la-campagne-stop-au-harcelement-sur-internet\/#breadcrumb"},"inLanguage":"fr-FR","potentialAction":[{"@type":"ReadAction","target":["https:\/\/bice.org\/fr\/mobilisation-autour-de-la-campagne-stop-au-harcelement-sur-internet\/"]}]},{"@type":"ImageObject","inLanguage":"fr-FR","@id":"https:\/\/bice.org\/fr\/mobilisation-autour-de-la-campagne-stop-au-harcelement-sur-internet\/#primaryimage","url":"https:\/\/i0.wp.com\/bice.org\/app\/uploads\/2014\/02\/harcelement_sur_internet.jpg?fit=490%2C354&ssl=1","contentUrl":"https:\/\/i0.wp.com\/bice.org\/app\/uploads\/2014\/02\/harcelement_sur_internet.jpg?fit=490%2C354&ssl=1","width":490,"height":354},{"@type":"BreadcrumbList","@id":"https:\/\/bice.org\/fr\/mobilisation-autour-de-la-campagne-stop-au-harcelement-sur-internet\/#breadcrumb","itemListElement":[{"@type":"ListItem","position":1,"name":"Accueil","item":"https:\/\/bice.org\/fr\/"},{"@type":"ListItem","position":2,"name":"Actualit\u00e9s du BICE","item":"https:\/\/bice.org\/fr\/theme\/actualites-du-bice\/"},{"@type":"ListItem","position":3,"name":"Mobilisation autour de la campagne \u00ab Stop au harc\u00e8lement sur internet \u00bb"}]},{"@type":"WebSite","@id":"https:\/\/bice.org\/fr\/#website","url":"https:\/\/bice.org\/fr\/","name":"BICE - ONG de protection des droits de l&#039;enfant","description":"Notre mission : D\u00e9fendre les droits et la dignit\u00e9 des enfants partout dans le monde","publisher":{"@id":"https:\/\/bice.org\/fr\/#organization"},"potentialAction":[{"@type":"SearchAction","target":{"@type":"EntryPoint","urlTemplate":"https:\/\/bice.org\/fr\/?s={search_term_string}"},"query-input":{"@type":"PropertyValueSpecification","valueRequired":true,"valueName":"search_term_string"}}],"inLanguage":"fr-FR"},{"@type":"Organization","@id":"https:\/\/bice.org\/fr\/#organization","name":"BICE","url":"https:\/\/bice.org\/fr\/","logo":{"@type":"ImageObject","inLanguage":"fr-FR","@id":"https:\/\/bice.org\/fr\/#\/schema\/logo\/image\/","url":"https:\/\/bice.org\/app\/uploads\/2022\/06\/favicon.ico","contentUrl":"https:\/\/bice.org\/app\/uploads\/2022\/06\/favicon.ico","width":64,"height":64,"caption":"BICE"},"image":{"@id":"https:\/\/bice.org\/fr\/#\/schema\/logo\/image\/"}},{"@type":"Person","@id":"https:\/\/bice.org\/fr\/#\/schema\/person\/5ffe567f32d0dbd204977300f4986f5b","name":"BICE","image":{"@type":"ImageObject","inLanguage":"fr-FR","@id":"https:\/\/secure.gravatar.com\/avatar\/2cef44cbc317f08498adbfd4c31e9d16fae93e3fb3589a01932b588cb583f93b?s=96&d=mm&r=g","url":"https:\/\/secure.gravatar.com\/avatar\/2cef44cbc317f08498adbfd4c31e9d16fae93e3fb3589a01932b588cb583f93b?s=96&d=mm&r=g","contentUrl":"https:\/\/secure.gravatar.com\/avatar\/2cef44cbc317f08498adbfd4c31e9d16fae93e3fb3589a01932b588cb583f93b?s=96&d=mm&r=g","caption":"BICE"},"description":"Articles et actualit\u00e9s du BICE","sameAs":["https:\/\/bice.org","https:\/\/www.facebook.com\/OngBICE","https:\/\/x.com\/ongbice"]}]}},"jetpack_publicize_connections":[],"jetpack_featured_media_url":"https:\/\/i0.wp.com\/bice.org\/app\/uploads\/2014\/02\/harcelement_sur_internet.jpg?fit=490%2C354&ssl=1","jetpack_sharing_enabled":true,"_links":{"self":[{"href":"https:\/\/bice.org\/fr\/wp-json\/wp\/v2\/posts\/1600","targetHints":{"allow":["GET"]}}],"collection":[{"href":"https:\/\/bice.org\/fr\/wp-json\/wp\/v2\/posts"}],"about":[{"href":"https:\/\/bice.org\/fr\/wp-json\/wp\/v2\/types\/post"}],"author":[{"embeddable":true,"href":"https:\/\/bice.org\/fr\/wp-json\/wp\/v2\/users\/1"}],"replies":[{"embeddable":true,"href":"https:\/\/bice.org\/fr\/wp-json\/wp\/v2\/comments?post=1600"}],"version-history":[{"count":0,"href":"https:\/\/bice.org\/fr\/wp-json\/wp\/v2\/posts\/1600\/revisions"}],"wp:featuredmedia":[{"embeddable":true,"href":"https:\/\/bice.org\/fr\/wp-json\/wp\/v2\/media\/4360"}],"wp:attachment":[{"href":"https:\/\/bice.org\/fr\/wp-json\/wp\/v2\/media?parent=1600"}],"wp:term":[{"taxonomy":"category","embeddable":true,"href":"https:\/\/bice.org\/fr\/wp-json\/wp\/v2\/categories?post=1600"},{"taxonomy":"post_tag","embeddable":true,"href":"https:\/\/bice.org\/fr\/wp-json\/wp\/v2\/tags?post=1600"}],"curies":[{"name":"wp","href":"https:\/\/api.w.org\/{rel}","templated":true}]}}