{"id":160835,"date":"2023-10-31T10:10:24","date_gmt":"2023-10-31T09:10:24","guid":{"rendered":"https:\/\/bice.org\/?p=160835"},"modified":"2024-08-01T11:35:36","modified_gmt":"2024-08-01T09:35:36","slug":"colombie-un-nouveau-depart-pour-des-jeunes-en-rupture-sociale","status":"publish","type":"post","link":"https:\/\/bice.org\/fr\/colombie-un-nouveau-depart-pour-des-jeunes-en-rupture-sociale\/","title":{"rendered":"Colombie. Un nouveau d\u00e9part pour des jeunes en rupture sociale"},"content":{"rendered":"\n<p>\u00ab <em>Quand je regarde le chemin que j\u2019ai parcouru depuis que je suis au centre Amig\u00f3 Venecia, je suis moi- m\u00eame surpris. Je me suis vraiment am\u00e9lior\u00e9. J\u2019ai appris \u00e0 choisir mes amis, \u00e0 \u00eatre honn\u00eate, responsable des t\u00e2ches qui me sont confi\u00e9es. Je ne consomme plus. J\u2019ai r\u00e9ussi \u00e0 me r\u00e9concilier avec le monde qui m\u2019entoure\u2026 Et avec moi aussi. <\/em>\u00bb <\/p>\n\n\n\n<p>Condamn\u00e9 \u00e0 24 mois en milieu ouvert suite \u00e0 plusieurs d\u00e9lits, Jos\u00e9, aujourd\u2019hui \u00e2g\u00e9 de 18 ans, a \u00e9t\u00e9 plac\u00e9 par la justice en mars 2022 dans l\u2019un des centres de la Congr\u00e9gation des Tertiaires Capucins (RTC), partenaire du BICE en Colombie. Des lieux mixtes, alternatifs \u00e0 la privation de libert\u00e9, o\u00f9 des mineurs en conflit avec la loi accomplissent, la journ\u00e9e, des mesures socio \u00e9ducatives ax\u00e9es sur la justice r\u00e9paratrice. Et rentrent chez eux le soir. Jos\u00e9, lui, vit avec sa s\u0153ur \u00e0 Bogota, dans des conditions pr\u00e9caires. <\/p>\n\n\n\n<h2 class=\"wp-block-heading\">Aider les jeunes \u00e0 se responsabiliser <\/h2>\n\n\n\n<p>\u00ab <em>Le dialogue a une place important dans le travail que nous menons avec les adolescents. Nous les incitons \u00e0 partager leur histoire, \u00e0 exprimer ce qu\u2019ils ressentent. Cela les aide \u00e0 prendre conscience qu\u2019ils sont responsables de leur vie, de leurs actes, y compris envers leurs victimes. Ce qui est primordial<\/em> \u00bb, explique Diana Herre\u00f1o, coordinatrice de projets chez les RTC. <\/p>\n\n\n\n<p>En parall\u00e8le, les jeunes participent \u00e0 divers ateliers artisanaux et artistiques, mais aussi \u00e0 des actions au service de la communaut\u00e9 ; le but \u00e9tant de cr\u00e9er une discipline positive, de leur donner le go\u00fbt du travail, de la participation \u00e0 la vie de la cit\u00e9 et qu\u2019ils soient fiers d\u2019eux-m\u00eames et de ce qu\u2019ils r\u00e9alisent.<\/p>\n\n\n\n<h2 class=\"wp-block-heading\">Accro\u00eetre leurs chances de trouver un travail <\/h2>\n\n\n\n<p>Mis en place depuis des d\u00e9cennies dans les provinces de Bogota et de Cundinamarca, ces centres ont largement prouv\u00e9 leur efficacit\u00e9 et ont la pleine confiance des autorit\u00e9s judiciaires. Ils ne cessent, depuis leur cr\u00e9ation, de perfectionner leur accompagnement. <\/p>\n\n\n\n<p>\u00ab <em>Le taux de r\u00e9cidive des adolescents que nous accompagnons est tr\u00e8s faible. Toutefois, nous avons constat\u00e9 apr\u00e8s la covid-19 que les jeunes rencontraient de plus en plus de difficult\u00e9s \u00e0 trouver du travail. Un frein consid\u00e9rable \u00e0 leur r\u00e9int\u00e9gration sociale<\/em>, explique Diana. <em>Avec le soutien du BICE, nous avons donc ouvert en 2022 un lieu d\u2019apprentissage, Bethl\u00e9em (la maison du pain), o\u00f9 nous organisons des formations en boulangerie et en p\u00e2tisserie, ouvertes aux jeunes que nous accueillons. Et, depuis 2023, gr\u00e2ce \u00e0 un autre projet appuy\u00e9 par le BICE, ils ont aussi la possibilit\u00e9 de reprendre leur scolarit\u00e9 en suivant le programme d\u2019enseignement acc\u00e9l\u00e9r\u00e9 \u00c9coles sans fronti\u00e8res.<\/em> \u00bb<\/p>\n\n\n\n<h2 class=\"wp-block-heading\">\u00ab \u00c7a a \u00e9t\u00e9 dur parfois, mais j\u2019ai r\u00e9ussi \u00bb<\/h2>\n\n\n\n<p>Jos\u00e9 a suivi les cours de boulangerie, puis de p\u00e2tisserie. Une r\u00e9v\u00e9lation. Il y a appris les bases de chacun des m\u00e9tiers pendant un semestre et s\u2019emploie depuis \u00e0 perfectionner ses savoir-faire. Ce qu\u2019il pr\u00e9f\u00e8re ? \u00ab <em>Pr\u00e9parer des cookies et des g\u00e2teaux.<\/em> \u00bb Son s\u00e9rieux et ses qualit\u00e9s relationnelles ont m\u00eame incit\u00e9 la congr\u00e9gation \u00e0 l\u2019employer \u00e0 Bethl\u00e9em comme assistant du professeur jusqu\u2019\u00e0 la fin de sa peine.<\/p>\n\n\n\n<p>\u00ab <em>Cette formation a chang\u00e9 ma vie. Elle me permet de croire en un avenir diff\u00e9rent. Je peux esp\u00e9rer trouver du travail, peut-\u00eatre m\u00eame ouvrir ma boulangerie un jour, et vivre dans de bonnes conditions avec ma famille. La congr\u00e9gation m\u2019a guid\u00e9, sans limiter mes r\u00eaves. \u00c7a a \u00e9t\u00e9 dur parfois, mais j\u2019ai r\u00e9ussi. Je lui suis vraiment reconnaissant. Je souhaite \u00e0 tout jeune, perdu comme moi, de b\u00e9n\u00e9ficier d\u2019un tel encadrement<\/em> \u00bb, conclut Jos\u00e9.<\/p>\n","protected":false},"excerpt":{"rendered":"<p>Jos\u00e9, un jeune en conflit avec la loi, ex\u00e9cute actuellement sa peine dans l\u2019un des centres ouverts de la Congr\u00e9gation des Tertiaires Capucins dans la province de Bogota. La formation professionnelle qu\u2019il y a suivie \u00ab a chang\u00e9 sa vie \u00bb. T\u00e9moignage.<\/p>\n","protected":false},"author":19,"featured_media":160852,"comment_status":"closed","ping_status":"closed","sticky":false,"template":"","format":"standard","meta":{"_acf_changed":false,"footnotes":"","jetpack_publicize_message":"","jetpack_publicize_feature_enabled":true,"jetpack_social_post_already_shared":false,"jetpack_social_options":{"image_generator_settings":{"template":"highway","default_image_id":0,"font":"","enabled":false},"version":2}},"categories":[132],"tags":[464,1056,2503,372,2504,1960,1812],"class_list":["post-160835","post","type-post","status-publish","format-standard","has-post-thumbnail","hentry","category-actualites-du-bice","tag-colombie","tag-formation","tag-jeunes-en-conflit-avec-la-loi","tag-justice-juvenile","tag-justice-repatarice","tag-reinsertion-professionnelle","tag-rtc"],"acf":[],"yoast_head":"<!-- This site is optimized with the Yoast SEO plugin v27.2 - https:\/\/yoast.com\/product\/yoast-seo-wordpress\/ -->\n<title>Formation pour des jeunes en rupture sociale | BICE<\/title>\n<meta name=\"description\" content=\"Jos\u00e9, un jeune en conflit avec la loi, ex\u00e9cute sa peine dans un centre ouvert en Colombie. La formation qu\u2019il y a suivie &quot;a chang\u00e9 sa vie&quot;.\" \/>\n<meta name=\"robots\" content=\"index, follow, max-snippet:-1, max-image-preview:large, max-video-preview:-1\" \/>\n<link rel=\"canonical\" href=\"https:\/\/bice.org\/fr\/wp-json\/wp\/v2\/posts\/160835\" \/>\n<meta property=\"og:locale\" content=\"fr_FR\" \/>\n<meta property=\"og:type\" content=\"article\" \/>\n<meta property=\"og:title\" content=\"Formation pour des jeunes en rupture sociale | BICE\" \/>\n<meta property=\"og:description\" content=\"Jos\u00e9, un jeune en conflit avec la loi, ex\u00e9cute sa peine dans un centre ouvert en Colombie. La formation qu\u2019il y a suivie &quot;a chang\u00e9 sa vie&quot;.\" \/>\n<meta property=\"og:url\" content=\"https:\/\/bice.org\/fr\/colombie-un-nouveau-depart-pour-des-jeunes-en-rupture-sociale\/\" \/>\n<meta property=\"og:site_name\" content=\"BICE - ONG de protection des droits de l&#039;enfant\" \/>\n<meta property=\"article:published_time\" content=\"2023-10-31T09:10:24+00:00\" \/>\n<meta property=\"article:modified_time\" content=\"2024-08-01T09:35:36+00:00\" \/>\n<meta property=\"og:image\" content=\"https:\/\/i0.wp.com\/bice.org\/app\/uploads\/2023\/10\/WhatsApp-Image-2023-08-11-at-9.53.23-AM-cours.jpeg?fit=1000%2C580&ssl=1\" \/>\n\t<meta property=\"og:image:width\" content=\"1000\" \/>\n\t<meta property=\"og:image:height\" content=\"580\" \/>\n\t<meta property=\"og:image:type\" content=\"image\/jpeg\" \/>\n<meta name=\"author\" content=\"Tiphaine POIDEVIN\" \/>\n<meta name=\"twitter:card\" content=\"summary_large_image\" \/>\n<meta name=\"twitter:label1\" content=\"\u00c9crit par\" \/>\n\t<meta name=\"twitter:data1\" content=\"Tiphaine POIDEVIN\" \/>\n\t<meta name=\"twitter:label2\" content=\"Dur\u00e9e de lecture estim\u00e9e\" \/>\n\t<meta name=\"twitter:data2\" content=\"4 minutes\" \/>\n<!-- \/ Yoast SEO plugin. -->","yoast_head_json":{"title":"Formation pour des jeunes en rupture sociale | BICE","description":"Jos\u00e9, un jeune en conflit avec la loi, ex\u00e9cute sa peine dans un centre ouvert en Colombie. La formation qu\u2019il y a suivie \"a chang\u00e9 sa vie\".","robots":{"index":"index","follow":"follow","max-snippet":"max-snippet:-1","max-image-preview":"max-image-preview:large","max-video-preview":"max-video-preview:-1"},"canonical":"https:\/\/bice.org\/fr\/wp-json\/wp\/v2\/posts\/160835","og_locale":"fr_FR","og_type":"article","og_title":"Formation pour des jeunes en rupture sociale | BICE","og_description":"Jos\u00e9, un jeune en conflit avec la loi, ex\u00e9cute sa peine dans un centre ouvert en Colombie. La formation qu\u2019il y a suivie \"a chang\u00e9 sa vie\".","og_url":"https:\/\/bice.org\/fr\/colombie-un-nouveau-depart-pour-des-jeunes-en-rupture-sociale\/","og_site_name":"BICE - ONG de protection des droits de l&#039;enfant","article_published_time":"2023-10-31T09:10:24+00:00","article_modified_time":"2024-08-01T09:35:36+00:00","og_image":[{"width":1000,"height":580,"url":"https:\/\/i0.wp.com\/bice.org\/app\/uploads\/2023\/10\/WhatsApp-Image-2023-08-11-at-9.53.23-AM-cours.jpeg?fit=1000%2C580&ssl=1","type":"image\/jpeg"}],"author":"Tiphaine POIDEVIN","twitter_card":"summary_large_image","twitter_misc":{"\u00c9crit par":"Tiphaine POIDEVIN","Dur\u00e9e de lecture estim\u00e9e":"4 minutes"},"schema":{"@context":"https:\/\/schema.org","@graph":[{"@type":"Article","@id":"https:\/\/bice.org\/fr\/colombie-un-nouveau-depart-pour-des-jeunes-en-rupture-sociale\/#article","isPartOf":{"@id":"https:\/\/bice.org\/fr\/colombie-un-nouveau-depart-pour-des-jeunes-en-rupture-sociale\/"},"author":{"name":"Tiphaine POIDEVIN","@id":"https:\/\/bice.org\/fr\/#\/schema\/person\/86b15587982e756d45e62e1230e9759f"},"headline":"Colombie. Un nouveau d\u00e9part pour des jeunes en rupture sociale","datePublished":"2023-10-31T09:10:24+00:00","dateModified":"2024-08-01T09:35:36+00:00","mainEntityOfPage":{"@id":"https:\/\/bice.org\/fr\/colombie-un-nouveau-depart-pour-des-jeunes-en-rupture-sociale\/"},"wordCount":635,"publisher":{"@id":"https:\/\/bice.org\/fr\/#organization"},"image":{"@id":"https:\/\/bice.org\/fr\/colombie-un-nouveau-depart-pour-des-jeunes-en-rupture-sociale\/#primaryimage"},"thumbnailUrl":"https:\/\/i0.wp.com\/bice.org\/app\/uploads\/2023\/10\/WhatsApp-Image-2023-08-11-at-9.53.23-AM-cours.jpeg?fit=1000%2C580&ssl=1","keywords":["Colombie","formation","jeunes en conflit avec la loi","justice juv\u00e9nile","justice r\u00e9patarice","R\u00e9insertion professionnelle","RTC"],"articleSection":["Actualit\u00e9s du BICE"],"inLanguage":"fr-FR"},{"@type":"WebPage","@id":"https:\/\/bice.org\/fr\/colombie-un-nouveau-depart-pour-des-jeunes-en-rupture-sociale\/","url":"https:\/\/bice.org\/fr\/colombie-un-nouveau-depart-pour-des-jeunes-en-rupture-sociale\/","name":"Formation pour des jeunes en rupture sociale | BICE","isPartOf":{"@id":"https:\/\/bice.org\/fr\/#website"},"primaryImageOfPage":{"@id":"https:\/\/bice.org\/fr\/colombie-un-nouveau-depart-pour-des-jeunes-en-rupture-sociale\/#primaryimage"},"image":{"@id":"https:\/\/bice.org\/fr\/colombie-un-nouveau-depart-pour-des-jeunes-en-rupture-sociale\/#primaryimage"},"thumbnailUrl":"https:\/\/i0.wp.com\/bice.org\/app\/uploads\/2023\/10\/WhatsApp-Image-2023-08-11-at-9.53.23-AM-cours.jpeg?fit=1000%2C580&ssl=1","datePublished":"2023-10-31T09:10:24+00:00","dateModified":"2024-08-01T09:35:36+00:00","description":"Jos\u00e9, un jeune en conflit avec la loi, ex\u00e9cute sa peine dans un centre ouvert en Colombie. La formation qu\u2019il y a suivie \"a chang\u00e9 sa vie\".","breadcrumb":{"@id":"https:\/\/bice.org\/fr\/colombie-un-nouveau-depart-pour-des-jeunes-en-rupture-sociale\/#breadcrumb"},"inLanguage":"fr-FR","potentialAction":[{"@type":"ReadAction","target":["https:\/\/bice.org\/fr\/colombie-un-nouveau-depart-pour-des-jeunes-en-rupture-sociale\/"]}]},{"@type":"ImageObject","inLanguage":"fr-FR","@id":"https:\/\/bice.org\/fr\/colombie-un-nouveau-depart-pour-des-jeunes-en-rupture-sociale\/#primaryimage","url":"https:\/\/i0.wp.com\/bice.org\/app\/uploads\/2023\/10\/WhatsApp-Image-2023-08-11-at-9.53.23-AM-cours.jpeg?fit=1000%2C580&ssl=1","contentUrl":"https:\/\/i0.wp.com\/bice.org\/app\/uploads\/2023\/10\/WhatsApp-Image-2023-08-11-at-9.53.23-AM-cours.jpeg?fit=1000%2C580&ssl=1","width":1000,"height":580,"caption":"S\u00e9ance de formation \u00e0 la boulangerie Bethl\u00e9em."},{"@type":"BreadcrumbList","@id":"https:\/\/bice.org\/fr\/colombie-un-nouveau-depart-pour-des-jeunes-en-rupture-sociale\/#breadcrumb","itemListElement":[{"@type":"ListItem","position":1,"name":"Accueil","item":"https:\/\/bice.org\/fr\/"},{"@type":"ListItem","position":2,"name":"Actualit\u00e9s du BICE","item":"https:\/\/bice.org\/fr\/theme\/actualites-du-bice\/"},{"@type":"ListItem","position":3,"name":"Colombie. Un nouveau d\u00e9part pour des jeunes en rupture sociale"}]},{"@type":"WebSite","@id":"https:\/\/bice.org\/fr\/#website","url":"https:\/\/bice.org\/fr\/","name":"BICE - ONG de protection des droits de l&#039;enfant","description":"Notre mission : D\u00e9fendre les droits et la dignit\u00e9 des enfants partout dans le monde","publisher":{"@id":"https:\/\/bice.org\/fr\/#organization"},"potentialAction":[{"@type":"SearchAction","target":{"@type":"EntryPoint","urlTemplate":"https:\/\/bice.org\/fr\/?s={search_term_string}"},"query-input":{"@type":"PropertyValueSpecification","valueRequired":true,"valueName":"search_term_string"}}],"inLanguage":"fr-FR"},{"@type":"Organization","@id":"https:\/\/bice.org\/fr\/#organization","name":"BICE","url":"https:\/\/bice.org\/fr\/","logo":{"@type":"ImageObject","inLanguage":"fr-FR","@id":"https:\/\/bice.org\/fr\/#\/schema\/logo\/image\/","url":"https:\/\/bice.org\/app\/uploads\/2022\/06\/favicon.ico","contentUrl":"https:\/\/bice.org\/app\/uploads\/2022\/06\/favicon.ico","width":64,"height":64,"caption":"BICE"},"image":{"@id":"https:\/\/bice.org\/fr\/#\/schema\/logo\/image\/"}},{"@type":"Person","@id":"https:\/\/bice.org\/fr\/#\/schema\/person\/86b15587982e756d45e62e1230e9759f","name":"Tiphaine POIDEVIN","image":{"@type":"ImageObject","inLanguage":"fr-FR","@id":"https:\/\/secure.gravatar.com\/avatar\/1e6863fae181af75938b89f792dfe2810d35ae7fd6ab1fb385614a15dff81a3a?s=96&d=mm&r=g","url":"https:\/\/secure.gravatar.com\/avatar\/1e6863fae181af75938b89f792dfe2810d35ae7fd6ab1fb385614a15dff81a3a?s=96&d=mm&r=g","contentUrl":"https:\/\/secure.gravatar.com\/avatar\/1e6863fae181af75938b89f792dfe2810d35ae7fd6ab1fb385614a15dff81a3a?s=96&d=mm&r=g","caption":"Tiphaine POIDEVIN"}}]}},"jetpack_publicize_connections":[],"jetpack_featured_media_url":"https:\/\/i0.wp.com\/bice.org\/app\/uploads\/2023\/10\/WhatsApp-Image-2023-08-11-at-9.53.23-AM-cours.jpeg?fit=1000%2C580&ssl=1","jetpack_sharing_enabled":true,"_links":{"self":[{"href":"https:\/\/bice.org\/fr\/wp-json\/wp\/v2\/posts\/160835","targetHints":{"allow":["GET"]}}],"collection":[{"href":"https:\/\/bice.org\/fr\/wp-json\/wp\/v2\/posts"}],"about":[{"href":"https:\/\/bice.org\/fr\/wp-json\/wp\/v2\/types\/post"}],"author":[{"embeddable":true,"href":"https:\/\/bice.org\/fr\/wp-json\/wp\/v2\/users\/19"}],"replies":[{"embeddable":true,"href":"https:\/\/bice.org\/fr\/wp-json\/wp\/v2\/comments?post=160835"}],"version-history":[{"count":0,"href":"https:\/\/bice.org\/fr\/wp-json\/wp\/v2\/posts\/160835\/revisions"}],"wp:featuredmedia":[{"embeddable":true,"href":"https:\/\/bice.org\/fr\/wp-json\/wp\/v2\/media\/160852"}],"wp:attachment":[{"href":"https:\/\/bice.org\/fr\/wp-json\/wp\/v2\/media?parent=160835"}],"wp:term":[{"taxonomy":"category","embeddable":true,"href":"https:\/\/bice.org\/fr\/wp-json\/wp\/v2\/categories?post=160835"},{"taxonomy":"post_tag","embeddable":true,"href":"https:\/\/bice.org\/fr\/wp-json\/wp\/v2\/tags?post=160835"}],"curies":[{"name":"wp","href":"https:\/\/api.w.org\/{rel}","templated":true}]}}