{"id":166678,"date":"2024-01-25T15:20:49","date_gmt":"2024-01-25T14:20:49","guid":{"rendered":"https:\/\/bice.org\/?p=166678"},"modified":"2024-10-02T15:39:05","modified_gmt":"2024-10-02T13:39:05","slug":"comment-aider-son-enfant-a-etre-resilient","status":"publish","type":"post","link":"https:\/\/bice.org\/fr\/comment-aider-son-enfant-a-etre-resilient\/","title":{"rendered":"Comment aider son enfant \u00e0 \u00eatre r\u00e9silient\u00a0?"},"content":{"rendered":"\n<h2 class=\"wp-block-heading\">La r\u00e9silience, un atout pour tous<\/h2>\n\n\n\n<p>La <a href=\"https:\/\/bice.org\/fr\/la-resilience-au-coeur-de-notre-action\/quest-ce-que-la-resilience\/\">r\u00e9silience<\/a>, souvent associ\u00e9e \u00e0 la capacit\u00e9 de rebondir apr\u00e8s un traumatisme*, est aussi un atout pr\u00e9cieux dans la vie quotidienne, m\u00eame pour ceux qui n&#8217;ont pas v\u00e9cu d&#8217;\u00e9v\u00e9nements \u00e9prouvants. Pourquoi\u00a0? Parce qu\u2019elle invite une personne \u00e0 accepter les difficult\u00e9s et \u00e0 y faire face. Elle promeut la flexibilit\u00e9 mentale et favorise un regard constructif, ce qui aide \u00e0 s\u2019adapter aux changements.<\/p>\n\n\n\n<p>La r\u00e9silience, c\u2019est aussi la capacit\u00e9 d\u2019aller au-del\u00e0 des pr\u00e9jug\u00e9s, d\u2019une vision n\u00e9gative. En portant un regard r\u00e9aliste, mais plein d\u2019esp\u00e9rance. Elle est ainsi li\u00e9e \u00e0 une meilleure sant\u00e9 mentale. En agissant comme une sorte de bouclier, elle r\u00e9duit le risque de d\u00e9velopper des troubles psychologiques tels que l&#8217;anxi\u00e9t\u00e9 ou la d\u00e9pression.<\/p>\n\n\n\n<p>Peut-on aider un enfant ou un adolescent \u00e0 la cultiver ? La r\u00e9ponse est oui. La r\u00e9silience \u00e9tant une capacit\u00e9, il est toujours possible de la renforcer. Elle peut s\u2019apprendre et se cultiver tout au long de la vie. Notons \u00e9galement que certains la d\u00e9veloppent plus facilement que d\u2019autres, en fonction de leurs ressources individuelles et du contexte du moment.<\/p>\n\n\n\n<p>Voici quelques conseils que les parents pourraient reprendre pour soutenir les jeunes g\u00e9n\u00e9rations sur cette voie.<\/p>\n\n\n\n<h2 class=\"wp-block-heading\">Cultiver la r\u00e9silience chez son enfant<\/h2>\n\n\n\n<h3 class=\"wp-block-heading\">Encourager l&#8217;expression \u00e9motionnelle de son enfant, l\u2019\u00e9couter<\/h3>\n\n\n\n<p>Il est important de permettre \u00e0 son enfant d\u2019exprimer librement ses \u00e9motions. Et de favoriser la communication. S\u2019il vit dans un environnement o\u00f9 il se sent \u00e0 l\u2019aise pour&nbsp;partager ses joies et ses peines, ses inqui\u00e9tudes, cela renforce sa capacit\u00e9 \u00e0 comprendre et g\u00e9rer ses sentiments.<\/p>\n\n\n\n<h3 class=\"wp-block-heading\">Favoriser l&#8217;ind\u00e9pendance<\/h3>\n\n\n\n<p>Il est b\u00e9n\u00e9fique de donner \u00e0 son enfant des responsabilit\u00e9s adapt\u00e9es \u00e0 son \u00e2ge. De l\u2019encourager \u00e0 prendre des d\u00e9cisions et \u00e0 r\u00e9soudre des probl\u00e8mes de mani\u00e8re autonome. Cela renforcera sa confiance en lui et sa capacit\u00e9 \u00e0 affronter des situations difficiles. S\u2019il croit en ses comp\u00e9tences, il rel\u00e8vera les d\u00e9fis avec assurance.<\/p>\n\n\n\n<h3 class=\"wp-block-heading\">C\u00e9l\u00e9brer les succ\u00e8s et apprendre des \u00e9checs<\/h3>\n\n\n\n<p>Valoriser les r\u00e9alisations de son enfant, aussi petites soient-elles, favorise l\u2019estime de soi. Tout comme il est essentiel de lui apprendre \u00e0 consid\u00e9rer les \u00e9checs comme des opportunit\u00e9s d\u2019apprentissage. <strong><\/strong><\/p>\n\n\n\n<h3 class=\"wp-block-heading\">Enseigner la gestion du stress<\/h3>\n\n\n\n<p>La vie quotidienne est parsem\u00e9e de petites frustrations et de stress. \u00catre r\u00e9silient signifie pouvoir g\u00e9rer ces stress courants de mani\u00e8re constructive, \u00e9vitant ainsi l&#8217;accumulation de tensions inutiles. Apprendre \u00e0 son enfant des techniques de gestion du stress, comme la respiration profonde, peut \u00eatre un plus. Ces outils l&#8217;aideront \u00e0 rester calme et concentr\u00e9, m\u00eame face \u00e0 l\u2019adversit\u00e9.<\/p>\n\n\n\n<h3 class=\"wp-block-heading\">D\u00e9velopper des relations solides et positives<\/h3>\n\n\n\n<p>L\u2019environnement dans lequel un enfant grandit peut favoriser ou non le chemin vers la r\u00e9silience. Encourager des relations saines au sein de la famille, avec les amis et les enseignants est donc essentiel. Cela passe, par exemple, par le fait de partager des moments privil\u00e9gi\u00e9s avec son enfant, de prendre le temps de discuter, de jouer avec lui, mais aussi de valoriser les comportements altruistes et de lui transmettre des valeurs de partage et d\u2019entraide. Ces liens sociaux forts sont des filets de s\u00e9curit\u00e9 \u00e9motionnels qui contribuent \u00e0 la r\u00e9silience.&nbsp;<\/p>\n\n\n\n<h3 class=\"wp-block-heading\">Promouvoir une vision optimiste<\/h3>\n\n\n\n<p>Aider son enfant \u00e0 d\u00e9velopper une attitude constructive envers la vie, \u00e0 focaliser sur les aspects positifs des situations lui apprendra \u00e0 surmonter les obstacles avec une attitude r\u00e9siliente, \u00e0 consid\u00e9rer les transitions comme des opportunit\u00e9s de croissance. Cela lui permettra aussi de se projeter plus facilement dans l\u2019avenir.<\/p>\n\n\n\n<h3 class=\"wp-block-heading\">Servir de mod\u00e8le<\/h3>\n\n\n\n<p>Un enfant apprend en observant. Essayer soi-m\u00eame de faire face aux d\u00e9fis avec calme et pers\u00e9v\u00e9rance sera un exemple inspirant pour lui.<\/p>\n\n\n\n<h3 class=\"wp-block-heading\">Une pointe d\u2019humour<\/h3>\n\n\n\n<p>Le sens de l\u2019humour &#8211; bienveillant &#8211; est \u00e9galement un facteur de r\u00e9silience. Il facilite notamment la prise de recul et la d\u00e9dramatisation. Alors n\u2019h\u00e9sitez pas \u00e0 rire des blagues de votre enfant&nbsp;et \u00e0 utiliser vous-m\u00eame l\u2019humour de temps en temps&nbsp;!<\/p>\n\n\n\n<p class=\"has-small-font-size\">* D\u00e9finition de la r\u00e9silience par Stefan Vanistendael, sociologue et responsable de l\u2019unit\u00e9 Recherche et D\u00e9veloppement du BICE de 1979 \u00e0 2016&nbsp;: \u00ab&nbsp;<em>La r\u00e9silience, c\u2019est la<\/em> <em>capacit\u00e9 d\u2019un individu ou d\u2019un groupe \u00e0 surmonter de grandes difficult\u00e9s et \u00e0 s\u2019\u00e9panouir en pr\u00e9sence de grands risques&nbsp;\u00bb.<\/em> <\/p>\n\n\n\n<div style=\"height:29px\" aria-hidden=\"true\" class=\"wp-block-spacer\"><\/div>\n\n\n<div class=\"bice-encadres \" style=\"background-color: #7ab1e0\">\n\n  <div class=\"bice-encadres-text\">\n\n    <h2>La r\u00e9silience au c\u0153ur de l&#039;action du BICE<\/h2>\n\n    <figure id=\"attachment_166688\" aria-describedby=\"caption-attachment-166688\" style=\"width: 318px\" class=\"wp-caption alignright\"><img data-recalc-dims=\"1\" decoding=\"async\" class=\" wp-image-166688\" src=\"https:\/\/i0.wp.com\/bice.org\/app\/uploads\/2024\/01\/ukraine-espace-resilience-silent-book.webp?resize=318%2C263&#038;ssl=1\" alt=\"Espace r\u00e9silience \u00e0 Kiev : utilisation du livre silencieux.\" width=\"318\" height=\"263\" srcset=\"https:\/\/i0.wp.com\/bice.org\/app\/uploads\/2024\/01\/ukraine-espace-resilience-silent-book.webp?w=540&amp;ssl=1 540w, https:\/\/i0.wp.com\/bice.org\/app\/uploads\/2024\/01\/ukraine-espace-resilience-silent-book.webp?resize=300%2C248&amp;ssl=1 300w\" sizes=\"(max-width: 318px) 100vw, 318px\" \/><figcaption id=\"caption-attachment-166688\" class=\"wp-caption-text\">Espace R\u00e9silience \u00e0 Kiev en Ukraine \u00a9WCU<\/figcaption><\/figure>\n<p>&nbsp;<\/p>\n<p>La r\u00e9silience est au c\u0153ur de l\u2019action et de la r\u00e9flexion du BICE depuis plus de 30 ans. En 2015, le BICE a franchi une nouvelle \u00e9tape en proposant un programme de <a href=\"https:\/\/bice.org\/fr\/actions-de-terrain\/domaines-daction\/tuteurs-de-resilience\/\">formation de tuteurs de r\u00e9silience<\/a> \u00e0 ses partenaires sur le terrain. Depuis, plus de 1 500 tuteurs de r\u00e9silience ont \u00e9t\u00e9 form\u00e9s et plus de 100 000 enfants en situation de vuln\u00e9rabilit\u00e9 accompagn\u00e9s. Aujourd\u2019hui, le BICE int\u00e8gre la r\u00e9silience appliqu\u00e9e \u00e0 une grande partie de ses projets.<\/p>\n\n\n  <\/div>\n\n  \n<\/div>\n\n\n\n<h2 class=\"wp-block-heading\">Pour en savoir plus<\/h2>\n\n\n\n<div class=\"wp-block-columns is-layout-flex wp-container-core-columns-is-layout-9d6595d7 wp-block-columns-is-layout-flex\">\n<div class=\"wp-block-column is-layout-flow wp-block-column-is-layout-flow\">\n<figure class=\"wp-block-embed is-type-wp-embed is-provider-bice-ong-de-protection-des-droits-de-l-039-enfant wp-block-embed-bice-ong-de-protection-des-droits-de-l-039-enfant\"><div class=\"wp-block-embed__wrapper\">\n<blockquote class=\"wp-embedded-content\" data-secret=\"ju7AtbhReQ\"><a href=\"https:\/\/bice.org\/fr\/la-resilience-au-coeur-de-notre-action\/images-de-resilience-et-de-non-resilience\/\">Images de r\u00e9silience et de non-r\u00e9silience<\/a><\/blockquote><iframe class=\"wp-embedded-content\" sandbox=\"allow-scripts\" security=\"restricted\" style=\"position: absolute; clip: rect(1px, 1px, 1px, 1px);\" title=\"\u00ab\u00a0Images de r\u00e9silience et de non-r\u00e9silience\u00a0\u00bb &#8212; BICE - ONG de protection des droits de l&#039;enfant\" src=\"https:\/\/bice.org\/fr\/la-resilience-au-coeur-de-notre-action\/images-de-resilience-et-de-non-resilience\/embed\/#?secret=e4KDebPVAB#?secret=ju7AtbhReQ\" data-secret=\"ju7AtbhReQ\" width=\"500\" height=\"282\" frameborder=\"0\" marginwidth=\"0\" marginheight=\"0\" scrolling=\"no\"><\/iframe>\n<\/div><\/figure>\n<\/div>\n\n\n\n<div class=\"wp-block-column is-layout-flow wp-block-column-is-layout-flow\">\n<figure class=\"wp-block-embed is-type-wp-embed is-provider-bice-ong-de-protection-des-droits-de-l-039-enfant wp-block-embed-bice-ong-de-protection-des-droits-de-l-039-enfant\"><div class=\"wp-block-embed__wrapper\">\n<blockquote class=\"wp-embedded-content\" data-secret=\"oWUKhKpHN1\"><a href=\"https:\/\/bice.org\/fr\/la-resilience-au-coeur-de-notre-action\/quest-ce-que-la-resilience\/\">Qu\u2019est-ce que la r\u00e9silience ?<\/a><\/blockquote><iframe class=\"wp-embedded-content\" sandbox=\"allow-scripts\" security=\"restricted\" style=\"position: absolute; clip: rect(1px, 1px, 1px, 1px);\" title=\"\u00ab\u00a0Qu\u2019est-ce que la r\u00e9silience ?\u00a0\u00bb &#8212; BICE - ONG de protection des droits de l&#039;enfant\" src=\"https:\/\/bice.org\/fr\/la-resilience-au-coeur-de-notre-action\/quest-ce-que-la-resilience\/embed\/#?secret=2vd6QvRbbk#?secret=oWUKhKpHN1\" data-secret=\"oWUKhKpHN1\" width=\"500\" height=\"282\" frameborder=\"0\" marginwidth=\"0\" marginheight=\"0\" scrolling=\"no\"><\/iframe>\n<\/div><\/figure>\n<\/div>\n<\/div>\n\n\n\n<div class=\"wp-block-columns is-layout-flex wp-container-core-columns-is-layout-9d6595d7 wp-block-columns-is-layout-flex\">\n<div class=\"wp-block-column is-layout-flow wp-block-column-is-layout-flow\">\n<figure class=\"wp-block-embed is-type-wp-embed is-provider-bice-ong-de-protection-des-droits-de-l-039-enfant wp-block-embed-bice-ong-de-protection-des-droits-de-l-039-enfant\"><div class=\"wp-block-embed__wrapper\">\n<blockquote class=\"wp-embedded-content\" data-secret=\"niVlv3FVUx\"><a href=\"https:\/\/bice.org\/fr\/la-resilience-au-coeur-de-notre-action\/les-facteurs-de-resilience-et-de-non-resilience\/\">Les facteurs de r\u00e9silience et de non-r\u00e9silience<\/a><\/blockquote><iframe class=\"wp-embedded-content\" sandbox=\"allow-scripts\" security=\"restricted\" style=\"position: absolute; clip: rect(1px, 1px, 1px, 1px);\" title=\"\u00ab\u00a0Les facteurs de r\u00e9silience et de non-r\u00e9silience\u00a0\u00bb &#8212; BICE - ONG de protection des droits de l&#039;enfant\" src=\"https:\/\/bice.org\/fr\/la-resilience-au-coeur-de-notre-action\/les-facteurs-de-resilience-et-de-non-resilience\/embed\/#?secret=OFjx140yqe#?secret=niVlv3FVUx\" data-secret=\"niVlv3FVUx\" width=\"500\" height=\"282\" frameborder=\"0\" marginwidth=\"0\" marginheight=\"0\" scrolling=\"no\"><\/iframe>\n<\/div><\/figure>\n<\/div>\n\n\n\n<div class=\"wp-block-column is-layout-flow wp-block-column-is-layout-flow\">\n<figure class=\"wp-block-embed is-type-wp-embed is-provider-bice-ong-de-protection-des-droits-de-l-039-enfant wp-block-embed-bice-ong-de-protection-des-droits-de-l-039-enfant\"><div class=\"wp-block-embed__wrapper\">\n<blockquote class=\"wp-embedded-content\" data-secret=\"xaOZpU4Ahc\"><a href=\"https:\/\/bice.org\/fr\/la-resilience-au-coeur-de-notre-action\/les-tuteurs-de-resilience\/\">Les tuteurs de r\u00e9silience<\/a><\/blockquote><iframe class=\"wp-embedded-content\" sandbox=\"allow-scripts\" security=\"restricted\" style=\"position: absolute; clip: rect(1px, 1px, 1px, 1px);\" title=\"\u00ab\u00a0Les tuteurs de r\u00e9silience\u00a0\u00bb &#8212; BICE - ONG de protection des droits de l&#039;enfant\" src=\"https:\/\/bice.org\/fr\/la-resilience-au-coeur-de-notre-action\/les-tuteurs-de-resilience\/embed\/#?secret=GsRXkEYGHI#?secret=xaOZpU4Ahc\" data-secret=\"xaOZpU4Ahc\" width=\"500\" height=\"282\" frameborder=\"0\" marginwidth=\"0\" marginheight=\"0\" scrolling=\"no\"><\/iframe>\n<\/div><\/figure>\n<\/div>\n<\/div>\n\n\n\n<p><\/p>\n","protected":false},"excerpt":{"rendered":"<p>Un parent peut-il aider son enfant \u00e0 d\u00e9velopper sa r\u00e9silience\u00a0? Si oui, comment\u00a0? Retrouvez dans cet article des informations sur le sujet et plein de conseils pratiques.<\/p>\n","protected":false},"author":19,"featured_media":166679,"comment_status":"closed","ping_status":"closed","sticky":false,"template":"","format":"standard","meta":{"_acf_changed":false,"footnotes":"","jetpack_publicize_message":"","jetpack_publicize_feature_enabled":true,"jetpack_social_post_already_shared":false,"jetpack_social_options":{"image_generator_settings":{"template":"highway","default_image_id":0,"font":"","enabled":false},"version":2}},"categories":[132],"tags":[360,2299,1351],"class_list":["post-166678","post","type-post","status-publish","format-standard","has-post-thumbnail","hentry","category-actualites-du-bice","tag-enfants","tag-parents","tag-resilience-2"],"acf":[],"yoast_head":"<!-- This site is optimized with the Yoast SEO plugin v27.2 - https:\/\/yoast.com\/product\/yoast-seo-wordpress\/ -->\n<title>Aider son enfant \u00e0 d\u00e9velopper sa r\u00e9silience | BICE<\/title>\n<meta name=\"description\" content=\"Un parent peut-il aider son enfant \u00e0 d\u00e9velopper sa r\u00e9silience\u00a0? Retrouvez dans cet article des infos sur le sujet et des conseils pratiques.\" \/>\n<meta name=\"robots\" content=\"index, follow, max-snippet:-1, max-image-preview:large, max-video-preview:-1\" \/>\n<link rel=\"canonical\" href=\"https:\/\/bice.org\/fr\/wp-json\/wp\/v2\/posts\/166678\" \/>\n<meta property=\"og:locale\" content=\"fr_FR\" \/>\n<meta property=\"og:type\" content=\"article\" \/>\n<meta property=\"og:title\" content=\"Aider son enfant \u00e0 d\u00e9velopper sa r\u00e9silience | BICE\" \/>\n<meta property=\"og:description\" content=\"Un parent peut-il aider son enfant \u00e0 d\u00e9velopper sa r\u00e9silience\u00a0? Retrouvez dans cet article des infos sur le sujet et des conseils pratiques.\" \/>\n<meta property=\"og:url\" content=\"https:\/\/bice.org\/fr\/comment-aider-son-enfant-a-etre-resilient\/\" \/>\n<meta property=\"og:site_name\" content=\"BICE - ONG de protection des droits de l&#039;enfant\" \/>\n<meta property=\"article:published_time\" content=\"2024-01-25T14:20:49+00:00\" \/>\n<meta property=\"article:modified_time\" content=\"2024-10-02T13:39:05+00:00\" \/>\n<meta property=\"og:image\" content=\"https:\/\/i0.wp.com\/bice.org\/app\/uploads\/2024\/01\/image-resilience-enfant.webp?fit=1000%2C580&ssl=1\" \/>\n\t<meta property=\"og:image:width\" content=\"1000\" \/>\n\t<meta property=\"og:image:height\" content=\"580\" \/>\n\t<meta property=\"og:image:type\" content=\"image\/webp\" \/>\n<meta name=\"author\" content=\"Tiphaine POIDEVIN\" \/>\n<meta name=\"twitter:card\" content=\"summary_large_image\" \/>\n<meta name=\"twitter:label1\" content=\"\u00c9crit par\" \/>\n\t<meta name=\"twitter:data1\" content=\"Tiphaine POIDEVIN\" \/>\n\t<meta name=\"twitter:label2\" content=\"Dur\u00e9e de lecture estim\u00e9e\" \/>\n\t<meta name=\"twitter:data2\" content=\"4 minutes\" \/>\n<!-- \/ Yoast SEO plugin. -->","yoast_head_json":{"title":"Aider son enfant \u00e0 d\u00e9velopper sa r\u00e9silience | BICE","description":"Un parent peut-il aider son enfant \u00e0 d\u00e9velopper sa r\u00e9silience\u00a0? Retrouvez dans cet article des infos sur le sujet et des conseils pratiques.","robots":{"index":"index","follow":"follow","max-snippet":"max-snippet:-1","max-image-preview":"max-image-preview:large","max-video-preview":"max-video-preview:-1"},"canonical":"https:\/\/bice.org\/fr\/wp-json\/wp\/v2\/posts\/166678","og_locale":"fr_FR","og_type":"article","og_title":"Aider son enfant \u00e0 d\u00e9velopper sa r\u00e9silience | BICE","og_description":"Un parent peut-il aider son enfant \u00e0 d\u00e9velopper sa r\u00e9silience\u00a0? Retrouvez dans cet article des infos sur le sujet et des conseils pratiques.","og_url":"https:\/\/bice.org\/fr\/comment-aider-son-enfant-a-etre-resilient\/","og_site_name":"BICE - ONG de protection des droits de l&#039;enfant","article_published_time":"2024-01-25T14:20:49+00:00","article_modified_time":"2024-10-02T13:39:05+00:00","og_image":[{"width":1000,"height":580,"url":"https:\/\/i0.wp.com\/bice.org\/app\/uploads\/2024\/01\/image-resilience-enfant.webp?fit=1000%2C580&ssl=1","type":"image\/webp"}],"author":"Tiphaine POIDEVIN","twitter_card":"summary_large_image","twitter_misc":{"\u00c9crit par":"Tiphaine POIDEVIN","Dur\u00e9e de lecture estim\u00e9e":"4 minutes"},"schema":{"@context":"https:\/\/schema.org","@graph":[{"@type":"Article","@id":"https:\/\/bice.org\/fr\/comment-aider-son-enfant-a-etre-resilient\/#article","isPartOf":{"@id":"https:\/\/bice.org\/fr\/comment-aider-son-enfant-a-etre-resilient\/"},"author":{"name":"Tiphaine POIDEVIN","@id":"https:\/\/bice.org\/fr\/#\/schema\/person\/86b15587982e756d45e62e1230e9759f"},"headline":"Comment aider son enfant \u00e0 \u00eatre r\u00e9silient\u00a0?","datePublished":"2024-01-25T14:20:49+00:00","dateModified":"2024-10-02T13:39:05+00:00","mainEntityOfPage":{"@id":"https:\/\/bice.org\/fr\/comment-aider-son-enfant-a-etre-resilient\/"},"wordCount":796,"publisher":{"@id":"https:\/\/bice.org\/fr\/#organization"},"image":{"@id":"https:\/\/bice.org\/fr\/comment-aider-son-enfant-a-etre-resilient\/#primaryimage"},"thumbnailUrl":"https:\/\/i0.wp.com\/bice.org\/app\/uploads\/2024\/01\/image-resilience-enfant.webp?fit=1000%2C580&ssl=1","keywords":["enfants","parents","R\u00e9silience"],"articleSection":["Actualit\u00e9s du BICE"],"inLanguage":"fr-FR"},{"@type":"WebPage","@id":"https:\/\/bice.org\/fr\/comment-aider-son-enfant-a-etre-resilient\/","url":"https:\/\/bice.org\/fr\/comment-aider-son-enfant-a-etre-resilient\/","name":"Aider son enfant \u00e0 d\u00e9velopper sa r\u00e9silience | BICE","isPartOf":{"@id":"https:\/\/bice.org\/fr\/#website"},"primaryImageOfPage":{"@id":"https:\/\/bice.org\/fr\/comment-aider-son-enfant-a-etre-resilient\/#primaryimage"},"image":{"@id":"https:\/\/bice.org\/fr\/comment-aider-son-enfant-a-etre-resilient\/#primaryimage"},"thumbnailUrl":"https:\/\/i0.wp.com\/bice.org\/app\/uploads\/2024\/01\/image-resilience-enfant.webp?fit=1000%2C580&ssl=1","datePublished":"2024-01-25T14:20:49+00:00","dateModified":"2024-10-02T13:39:05+00:00","description":"Un parent peut-il aider son enfant \u00e0 d\u00e9velopper sa r\u00e9silience\u00a0? Retrouvez dans cet article des infos sur le sujet et des conseils pratiques.","breadcrumb":{"@id":"https:\/\/bice.org\/fr\/comment-aider-son-enfant-a-etre-resilient\/#breadcrumb"},"inLanguage":"fr-FR","potentialAction":[{"@type":"ReadAction","target":["https:\/\/bice.org\/fr\/comment-aider-son-enfant-a-etre-resilient\/"]}]},{"@type":"ImageObject","inLanguage":"fr-FR","@id":"https:\/\/bice.org\/fr\/comment-aider-son-enfant-a-etre-resilient\/#primaryimage","url":"https:\/\/i0.wp.com\/bice.org\/app\/uploads\/2024\/01\/image-resilience-enfant.webp?fit=1000%2C580&ssl=1","contentUrl":"https:\/\/i0.wp.com\/bice.org\/app\/uploads\/2024\/01\/image-resilience-enfant.webp?fit=1000%2C580&ssl=1","width":1000,"height":580,"caption":"R\u00e9silience enfant : comment aider son enfant \u00e0 cultiver sa r\u00e9silience ?"},{"@type":"BreadcrumbList","@id":"https:\/\/bice.org\/fr\/comment-aider-son-enfant-a-etre-resilient\/#breadcrumb","itemListElement":[{"@type":"ListItem","position":1,"name":"Accueil","item":"https:\/\/bice.org\/fr\/"},{"@type":"ListItem","position":2,"name":"Actualit\u00e9s du BICE","item":"https:\/\/bice.org\/fr\/theme\/actualites-du-bice\/"},{"@type":"ListItem","position":3,"name":"Comment aider son enfant \u00e0 \u00eatre r\u00e9silient\u00a0?"}]},{"@type":"WebSite","@id":"https:\/\/bice.org\/fr\/#website","url":"https:\/\/bice.org\/fr\/","name":"BICE - ONG de protection des droits de l&#039;enfant","description":"Notre mission : D\u00e9fendre les droits et la dignit\u00e9 des enfants partout dans le monde","publisher":{"@id":"https:\/\/bice.org\/fr\/#organization"},"potentialAction":[{"@type":"SearchAction","target":{"@type":"EntryPoint","urlTemplate":"https:\/\/bice.org\/fr\/?s={search_term_string}"},"query-input":{"@type":"PropertyValueSpecification","valueRequired":true,"valueName":"search_term_string"}}],"inLanguage":"fr-FR"},{"@type":"Organization","@id":"https:\/\/bice.org\/fr\/#organization","name":"BICE","url":"https:\/\/bice.org\/fr\/","logo":{"@type":"ImageObject","inLanguage":"fr-FR","@id":"https:\/\/bice.org\/fr\/#\/schema\/logo\/image\/","url":"https:\/\/bice.org\/app\/uploads\/2022\/06\/favicon.ico","contentUrl":"https:\/\/bice.org\/app\/uploads\/2022\/06\/favicon.ico","width":64,"height":64,"caption":"BICE"},"image":{"@id":"https:\/\/bice.org\/fr\/#\/schema\/logo\/image\/"}},{"@type":"Person","@id":"https:\/\/bice.org\/fr\/#\/schema\/person\/86b15587982e756d45e62e1230e9759f","name":"Tiphaine POIDEVIN","image":{"@type":"ImageObject","inLanguage":"fr-FR","@id":"https:\/\/secure.gravatar.com\/avatar\/1e6863fae181af75938b89f792dfe2810d35ae7fd6ab1fb385614a15dff81a3a?s=96&d=mm&r=g","url":"https:\/\/secure.gravatar.com\/avatar\/1e6863fae181af75938b89f792dfe2810d35ae7fd6ab1fb385614a15dff81a3a?s=96&d=mm&r=g","contentUrl":"https:\/\/secure.gravatar.com\/avatar\/1e6863fae181af75938b89f792dfe2810d35ae7fd6ab1fb385614a15dff81a3a?s=96&d=mm&r=g","caption":"Tiphaine POIDEVIN"}}]}},"jetpack_publicize_connections":[],"jetpack_featured_media_url":"https:\/\/i0.wp.com\/bice.org\/app\/uploads\/2024\/01\/image-resilience-enfant.webp?fit=1000%2C580&ssl=1","jetpack_sharing_enabled":true,"_links":{"self":[{"href":"https:\/\/bice.org\/fr\/wp-json\/wp\/v2\/posts\/166678","targetHints":{"allow":["GET"]}}],"collection":[{"href":"https:\/\/bice.org\/fr\/wp-json\/wp\/v2\/posts"}],"about":[{"href":"https:\/\/bice.org\/fr\/wp-json\/wp\/v2\/types\/post"}],"author":[{"embeddable":true,"href":"https:\/\/bice.org\/fr\/wp-json\/wp\/v2\/users\/19"}],"replies":[{"embeddable":true,"href":"https:\/\/bice.org\/fr\/wp-json\/wp\/v2\/comments?post=166678"}],"version-history":[{"count":0,"href":"https:\/\/bice.org\/fr\/wp-json\/wp\/v2\/posts\/166678\/revisions"}],"wp:featuredmedia":[{"embeddable":true,"href":"https:\/\/bice.org\/fr\/wp-json\/wp\/v2\/media\/166679"}],"wp:attachment":[{"href":"https:\/\/bice.org\/fr\/wp-json\/wp\/v2\/media?parent=166678"}],"wp:term":[{"taxonomy":"category","embeddable":true,"href":"https:\/\/bice.org\/fr\/wp-json\/wp\/v2\/categories?post=166678"},{"taxonomy":"post_tag","embeddable":true,"href":"https:\/\/bice.org\/fr\/wp-json\/wp\/v2\/tags?post=166678"}],"curies":[{"name":"wp","href":"https:\/\/api.w.org\/{rel}","templated":true}]}}