{"id":177002,"date":"2024-05-01T08:47:50","date_gmt":"2024-05-01T06:47:50","guid":{"rendered":"https:\/\/bice.org\/?p=177002"},"modified":"2024-04-30T08:56:53","modified_gmt":"2024-04-30T06:56:53","slug":"ameliorer-la-sante-des-enfants-vulnerables-dans-le-nord-du-togo","status":"publish","type":"post","link":"https:\/\/bice.org\/fr\/ameliorer-la-sante-des-enfants-vulnerables-dans-le-nord-du-togo\/","title":{"rendered":"Am\u00e9liorer la sant\u00e9 des enfants vuln\u00e9rables dans le nord du Togo"},"content":{"rendered":"\n<p><em>&nbsp;\u00ab&nbsp;Ici, l\u2019h\u00e9patite virale B consti\u00adtue un probl\u00e8me de sant\u00e9 publique majeur, com\u00adparable \u00e0 celui pos\u00e9 par d\u2019autres maladies transmissibles telles que le VIH et la tuberculose. Sa pr\u00e9valence, estim\u00e9e \u00e0 35 %<\/em>* &nbsp;<em>dans les pr\u00e9fectures du nord du Togo, est \u00e9le\u00adv\u00e9e, tout comme son taux de morta\u00adlit\u00e9 \u00bb, <\/em>explique Eug\u00e8ne Bigou Lare, infirmier dans le centre de sant\u00e9 Maguy cr\u00e9\u00e9 par VIE \u00e0 Dapaong. Une r\u00e9alit\u00e9 qui s\u2019explique notam\u00adment par l\u2019absence d\u2019un programme national de lutte contre cette mala\u00addie (sensibilisation, vaccination, soins) et le manque de moyens de la population pour s\u2019en pr\u00e9munir elle-m\u00eame.<\/p>\n\n\n\n<p>\u00ab <em>Dans ce contexte, le travail que nous menons avec le BICE est essen\u00adtiel. Fin 2022, nous avons organis\u00e9 une premi\u00e8re campagne de vaccina\u00adtion en direction de 658 enfants. Trois doses ont \u00e9t\u00e9 administr\u00e9es \u00e0 chaque patient \u00e0 raison d\u2019une par mois. Le projet actuel concerne 500 nouveaux jeunes patients. Il consolide notre action pr\u00e9c\u00e9dente. N\u2019oublions pas que la vaccination prot\u00e8ge ceux qui en b\u00e9n\u00e9ficient mais aussi la commu\u00adnaut\u00e9 tout enti\u00e8re. Plus il y a de per\u00adsonnes vaccin\u00e9es, moins la maladie peut se propager<\/em>. \u00bb<\/p>\n\n\n\n<h2 class=\"wp-block-heading\">Soigner les parasitoses et l\u2019an\u00e9mie<\/h2>\n\n\n\n<p>L\u2019h\u00e9patite B n\u2019\u00e9tant pas le seul pro\u00adbl\u00e8me de sant\u00e9 publique qui menace la vie des enfants, le projet permet \u00e0 notre partenaire de mettre \u00e0 pro\u00adfit la campagne de vaccination pour lutter contre d\u2019autres pathologies. Chaque patient b\u00e9n\u00e9ficie ainsi d\u2019un traitement \u00e0 base d\u2019Entamizole et d\u2019Albendazole contre les parasi\u00adtoses intestinales. Ces maladies, dues \u00e0 la pr\u00e9sence de parasites dans le tube digestif, constituent une cause importante de morbidit\u00e9 et de mortalit\u00e9 chez les enfants dans les pays en d\u00e9veloppement. Elles repr\u00e9\u00adsentent en outre un obstacle \u00e0 leur scolarisation.<\/p>\n\n\n\n<p>Autre frein \u00e0 l\u2019\u00e9ducation et au d\u00e9ve\u00adloppement des enfants : l\u2019an\u00e9mie. Apr\u00e8s avoir test\u00e9 le taux d\u2019h\u00e9moglobine des 500 b\u00e9n\u00e9ficiaires du projet, les enfants souffrant de malnutrition re\u00e7oivent des compl\u00e9ments alimen\u00adtaires \u00e0 base de fer et d\u2019acide folique. Ce qui les aide \u00e0 retrouver de la vitalit\u00e9 et une \u00e9volution positive de leurs constantes anthropom\u00e9triques. \u00ab <em>Il faut savoir qu\u2019une an\u00e9mie unique\u00adment carencielle peut \u00eatre corrig\u00e9e apr\u00e8s un \u00e0 trois mois de traitement en fonction de sa s\u00e9v\u00e9rit\u00e9 <\/em>\u00bb, pr\u00e9cise Eug\u00e8ne.<\/p>\n\n\n\n<h2 class=\"wp-block-heading\">Sensibiliser pour agir sur le long terme<\/h2>\n\n\n\n<p>L\u2019\u00e9quipe m\u00e9dicale profite de surcro\u00eet de la pr\u00e9sence des parents pour les informer sur l\u2019h\u00e9patite B et les para\u00adsitoses intestinales, leurs modes de transmission et les gestes \u00e0 adopter pour s\u2019en prot\u00e9ger. Des conseils ali\u00admentaires leur sont \u00e9galement four\u00adnis. \u00ab <em>La sensibilisation est un volet \u00e0 ne pas n\u00e9gliger car il permet d\u2019agir sur le long terme. Si les familles mettent en place de bonnes habitudes d\u2019hygi\u00e8ne, cela permet de limiter fortement les contaminations. M\u00eame chose concer\u00adnant les pratiques alimentaires. Il suf\u00adfit parfois de quelques changements, accessibles, pour \u00e9viter les carences. <\/em>\u00bb<\/p>\n\n\n\n<p><strong>MERCI D\u2019AIDER CES ENFANTS \u00c0 GRANDIR EN BONNE SANT\u00c9 !<\/strong><\/p>\n\n\n\n<p class=\"has-small-font-size\">* Donn\u00e9es de la ligue togolaise de lutte contre les h\u00e9patites, 2020. Notons que la pr\u00e9valence sur l\u2019ensemble du territoire<\/p>\n\n\n\n<p><\/p>\n","protected":false},"excerpt":{"rendered":"<p>Dans la r\u00e9gion des Savanes, le BICE soutient depuis 2022 l\u2019association Vivre dans l\u2019esp\u00e9rance (VIE), cr\u00e9\u00e9e par S\u0153ur Marie Stella au Togo il y a plus de 20 ans. Ses actions favorisent l\u2019acc\u00e8s au droit \u00e0 la sant\u00e9 de tous les enfants. Comment ? Par la vaccination, les soins contre les maladies intestinales et la lutte contre la malnutrition.<\/p>\n","protected":false},"author":19,"featured_media":177004,"comment_status":"closed","ping_status":"closed","sticky":false,"template":"","format":"standard","meta":{"_acf_changed":false,"footnotes":"","jetpack_publicize_message":"","jetpack_publicize_feature_enabled":true,"jetpack_social_post_already_shared":false,"jetpack_social_options":{"image_generator_settings":{"template":"highway","default_image_id":0,"font":"","enabled":false},"version":2}},"categories":[132],"tags":[442,2219],"class_list":["post-177002","post","type-post","status-publish","format-standard","has-post-thumbnail","hentry","category-actualites-du-bice","tag-togo","tag-vaccination"],"acf":[],"yoast_head":"<!-- This site is optimized with the Yoast SEO plugin v27.2 - https:\/\/yoast.com\/product\/yoast-seo-wordpress\/ -->\n<title>Vaccination au Togo : am\u00e9liorer la sant\u00e9 des enfants | BICE<\/title>\n<meta name=\"description\" content=\"Au Togo, le BICE soutient Vivre dans l\u2019esp\u00e9rance, cr\u00e9\u00e9e par S\u0153ur Marie Stella, qui favorise l\u2019acc\u00e8s au droit \u00e0 la sant\u00e9 de tous les enfants.\" \/>\n<meta name=\"robots\" content=\"index, follow, max-snippet:-1, max-image-preview:large, max-video-preview:-1\" \/>\n<link rel=\"canonical\" href=\"https:\/\/bice.org\/fr\/wp-json\/wp\/v2\/posts\/177002\" \/>\n<meta property=\"og:locale\" content=\"fr_FR\" \/>\n<meta property=\"og:type\" content=\"article\" \/>\n<meta property=\"og:title\" content=\"Vaccination au Togo : am\u00e9liorer la sant\u00e9 des enfants | BICE\" \/>\n<meta property=\"og:description\" content=\"Au Togo, le BICE soutient Vivre dans l\u2019esp\u00e9rance, cr\u00e9\u00e9e par S\u0153ur Marie Stella, qui favorise l\u2019acc\u00e8s au droit \u00e0 la sant\u00e9 de tous les enfants.\" \/>\n<meta property=\"og:url\" content=\"https:\/\/bice.org\/fr\/ameliorer-la-sante-des-enfants-vulnerables-dans-le-nord-du-togo\/\" \/>\n<meta property=\"og:site_name\" content=\"BICE - ONG de protection des droits de l&#039;enfant\" \/>\n<meta property=\"article:published_time\" content=\"2024-05-01T06:47:50+00:00\" \/>\n<meta property=\"og:image\" content=\"https:\/\/i0.wp.com\/bice.org\/app\/uploads\/2024\/04\/togo-vaccination.jpg?fit=1000%2C580&ssl=1\" \/>\n\t<meta property=\"og:image:width\" content=\"1000\" \/>\n\t<meta property=\"og:image:height\" content=\"580\" \/>\n\t<meta property=\"og:image:type\" content=\"image\/jpeg\" \/>\n<meta name=\"author\" content=\"Tiphaine POIDEVIN\" \/>\n<meta name=\"twitter:card\" content=\"summary_large_image\" \/>\n<meta name=\"twitter:label1\" content=\"\u00c9crit par\" \/>\n\t<meta name=\"twitter:data1\" content=\"Tiphaine POIDEVIN\" \/>\n\t<meta name=\"twitter:label2\" content=\"Dur\u00e9e de lecture estim\u00e9e\" \/>\n\t<meta name=\"twitter:data2\" content=\"3 minutes\" \/>\n<!-- \/ Yoast SEO plugin. -->","yoast_head_json":{"title":"Vaccination au Togo : am\u00e9liorer la sant\u00e9 des enfants | BICE","description":"Au Togo, le BICE soutient Vivre dans l\u2019esp\u00e9rance, cr\u00e9\u00e9e par S\u0153ur Marie Stella, qui favorise l\u2019acc\u00e8s au droit \u00e0 la sant\u00e9 de tous les enfants.","robots":{"index":"index","follow":"follow","max-snippet":"max-snippet:-1","max-image-preview":"max-image-preview:large","max-video-preview":"max-video-preview:-1"},"canonical":"https:\/\/bice.org\/fr\/wp-json\/wp\/v2\/posts\/177002","og_locale":"fr_FR","og_type":"article","og_title":"Vaccination au Togo : am\u00e9liorer la sant\u00e9 des enfants | BICE","og_description":"Au Togo, le BICE soutient Vivre dans l\u2019esp\u00e9rance, cr\u00e9\u00e9e par S\u0153ur Marie Stella, qui favorise l\u2019acc\u00e8s au droit \u00e0 la sant\u00e9 de tous les enfants.","og_url":"https:\/\/bice.org\/fr\/ameliorer-la-sante-des-enfants-vulnerables-dans-le-nord-du-togo\/","og_site_name":"BICE - ONG de protection des droits de l&#039;enfant","article_published_time":"2024-05-01T06:47:50+00:00","og_image":[{"width":1000,"height":580,"url":"https:\/\/i0.wp.com\/bice.org\/app\/uploads\/2024\/04\/togo-vaccination.jpg?fit=1000%2C580&ssl=1","type":"image\/jpeg"}],"author":"Tiphaine POIDEVIN","twitter_card":"summary_large_image","twitter_misc":{"\u00c9crit par":"Tiphaine POIDEVIN","Dur\u00e9e de lecture estim\u00e9e":"3 minutes"},"schema":{"@context":"https:\/\/schema.org","@graph":[{"@type":"Article","@id":"https:\/\/bice.org\/fr\/ameliorer-la-sante-des-enfants-vulnerables-dans-le-nord-du-togo\/#article","isPartOf":{"@id":"https:\/\/bice.org\/fr\/ameliorer-la-sante-des-enfants-vulnerables-dans-le-nord-du-togo\/"},"author":{"name":"Tiphaine POIDEVIN","@id":"https:\/\/bice.org\/fr\/#\/schema\/person\/86b15587982e756d45e62e1230e9759f"},"headline":"Am\u00e9liorer la sant\u00e9 des enfants vuln\u00e9rables dans le nord du Togo","datePublished":"2024-05-01T06:47:50+00:00","mainEntityOfPage":{"@id":"https:\/\/bice.org\/fr\/ameliorer-la-sante-des-enfants-vulnerables-dans-le-nord-du-togo\/"},"wordCount":566,"publisher":{"@id":"https:\/\/bice.org\/fr\/#organization"},"image":{"@id":"https:\/\/bice.org\/fr\/ameliorer-la-sante-des-enfants-vulnerables-dans-le-nord-du-togo\/#primaryimage"},"thumbnailUrl":"https:\/\/i0.wp.com\/bice.org\/app\/uploads\/2024\/04\/togo-vaccination.jpg?fit=1000%2C580&ssl=1","keywords":["Togo","vaccination"],"articleSection":["Actualit\u00e9s du BICE"],"inLanguage":"fr-FR"},{"@type":"WebPage","@id":"https:\/\/bice.org\/fr\/ameliorer-la-sante-des-enfants-vulnerables-dans-le-nord-du-togo\/","url":"https:\/\/bice.org\/fr\/ameliorer-la-sante-des-enfants-vulnerables-dans-le-nord-du-togo\/","name":"Vaccination au Togo : am\u00e9liorer la sant\u00e9 des enfants | BICE","isPartOf":{"@id":"https:\/\/bice.org\/fr\/#website"},"primaryImageOfPage":{"@id":"https:\/\/bice.org\/fr\/ameliorer-la-sante-des-enfants-vulnerables-dans-le-nord-du-togo\/#primaryimage"},"image":{"@id":"https:\/\/bice.org\/fr\/ameliorer-la-sante-des-enfants-vulnerables-dans-le-nord-du-togo\/#primaryimage"},"thumbnailUrl":"https:\/\/i0.wp.com\/bice.org\/app\/uploads\/2024\/04\/togo-vaccination.jpg?fit=1000%2C580&ssl=1","datePublished":"2024-05-01T06:47:50+00:00","description":"Au Togo, le BICE soutient Vivre dans l\u2019esp\u00e9rance, cr\u00e9\u00e9e par S\u0153ur Marie Stella, qui favorise l\u2019acc\u00e8s au droit \u00e0 la sant\u00e9 de tous les enfants.","breadcrumb":{"@id":"https:\/\/bice.org\/fr\/ameliorer-la-sante-des-enfants-vulnerables-dans-le-nord-du-togo\/#breadcrumb"},"inLanguage":"fr-FR","potentialAction":[{"@type":"ReadAction","target":["https:\/\/bice.org\/fr\/ameliorer-la-sante-des-enfants-vulnerables-dans-le-nord-du-togo\/"]}]},{"@type":"ImageObject","inLanguage":"fr-FR","@id":"https:\/\/bice.org\/fr\/ameliorer-la-sante-des-enfants-vulnerables-dans-le-nord-du-togo\/#primaryimage","url":"https:\/\/i0.wp.com\/bice.org\/app\/uploads\/2024\/04\/togo-vaccination.jpg?fit=1000%2C580&ssl=1","contentUrl":"https:\/\/i0.wp.com\/bice.org\/app\/uploads\/2024\/04\/togo-vaccination.jpg?fit=1000%2C580&ssl=1","width":1000,"height":580,"caption":"\u00a9 VIE"},{"@type":"BreadcrumbList","@id":"https:\/\/bice.org\/fr\/ameliorer-la-sante-des-enfants-vulnerables-dans-le-nord-du-togo\/#breadcrumb","itemListElement":[{"@type":"ListItem","position":1,"name":"Accueil","item":"https:\/\/bice.org\/fr\/"},{"@type":"ListItem","position":2,"name":"Actualit\u00e9s du BICE","item":"https:\/\/bice.org\/fr\/theme\/actualites-du-bice\/"},{"@type":"ListItem","position":3,"name":"Am\u00e9liorer la sant\u00e9 des enfants vuln\u00e9rables dans le nord du Togo"}]},{"@type":"WebSite","@id":"https:\/\/bice.org\/fr\/#website","url":"https:\/\/bice.org\/fr\/","name":"BICE - ONG de protection des droits de l&#039;enfant","description":"Notre mission : D\u00e9fendre les droits et la dignit\u00e9 des enfants partout dans le monde","publisher":{"@id":"https:\/\/bice.org\/fr\/#organization"},"potentialAction":[{"@type":"SearchAction","target":{"@type":"EntryPoint","urlTemplate":"https:\/\/bice.org\/fr\/?s={search_term_string}"},"query-input":{"@type":"PropertyValueSpecification","valueRequired":true,"valueName":"search_term_string"}}],"inLanguage":"fr-FR"},{"@type":"Organization","@id":"https:\/\/bice.org\/fr\/#organization","name":"BICE","url":"https:\/\/bice.org\/fr\/","logo":{"@type":"ImageObject","inLanguage":"fr-FR","@id":"https:\/\/bice.org\/fr\/#\/schema\/logo\/image\/","url":"https:\/\/bice.org\/app\/uploads\/2022\/06\/favicon.ico","contentUrl":"https:\/\/bice.org\/app\/uploads\/2022\/06\/favicon.ico","width":64,"height":64,"caption":"BICE"},"image":{"@id":"https:\/\/bice.org\/fr\/#\/schema\/logo\/image\/"}},{"@type":"Person","@id":"https:\/\/bice.org\/fr\/#\/schema\/person\/86b15587982e756d45e62e1230e9759f","name":"Tiphaine POIDEVIN","image":{"@type":"ImageObject","inLanguage":"fr-FR","@id":"https:\/\/secure.gravatar.com\/avatar\/1e6863fae181af75938b89f792dfe2810d35ae7fd6ab1fb385614a15dff81a3a?s=96&d=mm&r=g","url":"https:\/\/secure.gravatar.com\/avatar\/1e6863fae181af75938b89f792dfe2810d35ae7fd6ab1fb385614a15dff81a3a?s=96&d=mm&r=g","contentUrl":"https:\/\/secure.gravatar.com\/avatar\/1e6863fae181af75938b89f792dfe2810d35ae7fd6ab1fb385614a15dff81a3a?s=96&d=mm&r=g","caption":"Tiphaine POIDEVIN"}}]}},"jetpack_publicize_connections":[],"jetpack_featured_media_url":"https:\/\/i0.wp.com\/bice.org\/app\/uploads\/2024\/04\/togo-vaccination.jpg?fit=1000%2C580&ssl=1","jetpack_sharing_enabled":true,"_links":{"self":[{"href":"https:\/\/bice.org\/fr\/wp-json\/wp\/v2\/posts\/177002","targetHints":{"allow":["GET"]}}],"collection":[{"href":"https:\/\/bice.org\/fr\/wp-json\/wp\/v2\/posts"}],"about":[{"href":"https:\/\/bice.org\/fr\/wp-json\/wp\/v2\/types\/post"}],"author":[{"embeddable":true,"href":"https:\/\/bice.org\/fr\/wp-json\/wp\/v2\/users\/19"}],"replies":[{"embeddable":true,"href":"https:\/\/bice.org\/fr\/wp-json\/wp\/v2\/comments?post=177002"}],"version-history":[{"count":0,"href":"https:\/\/bice.org\/fr\/wp-json\/wp\/v2\/posts\/177002\/revisions"}],"wp:featuredmedia":[{"embeddable":true,"href":"https:\/\/bice.org\/fr\/wp-json\/wp\/v2\/media\/177004"}],"wp:attachment":[{"href":"https:\/\/bice.org\/fr\/wp-json\/wp\/v2\/media?parent=177002"}],"wp:term":[{"taxonomy":"category","embeddable":true,"href":"https:\/\/bice.org\/fr\/wp-json\/wp\/v2\/categories?post=177002"},{"taxonomy":"post_tag","embeddable":true,"href":"https:\/\/bice.org\/fr\/wp-json\/wp\/v2\/tags?post=177002"}],"curies":[{"name":"wp","href":"https:\/\/api.w.org\/{rel}","templated":true}]}}