{"id":17874,"date":"2016-07-25T13:30:51","date_gmt":"2016-07-25T13:30:51","guid":{"rendered":"https:\/\/bice.org\/fr\/?p=17874"},"modified":"2024-08-01T10:38:47","modified_gmt":"2024-08-01T08:38:47","slug":"grain-de-sable-stopper-violences-aux-enfants","status":"publish","type":"post","link":"https:\/\/bice.org\/fr\/grain-de-sable-stopper-violences-aux-enfants\/","title":{"rendered":"Un \u00ab Grain de sable \u00bb pour stopper les violences faites aux enfants"},"content":{"rendered":"<h2>La m\u00e9thode \u00ab Grain de sable \u00bb : qu\u2019est-ce que c\u2019est ?<\/h2>\n<p>La m\u00e9thode \u00ab <strong>Grain de sable<\/strong> \u00bb, mise au point par l\u2019association <a href=\"http:\/\/www.association-alc.org\/\" target=\"_blank\" rel=\"noopener\">ALC<\/a>, est un programme de <strong>pr\u00e9vention des violences faites aux enfants et aux adolescents.<\/strong><\/p>\n<p>L\u2019objectif des ateliers \u00ab Grain de sable \u00bb est de permettre aux enfants d\u2019identifier les situations de violence (certains types de violence, souvent banalis\u00e9s, ne sont pas identifi\u00e9s comme tels par les enfants et ne re\u00e7oivent donc aucune r\u00e9ponse), mais aussi de leur donner des cl\u00e9s pour r\u00e9agir face aux situations de violence et de vuln\u00e9rabilit\u00e9, soit gr\u00e2ce au d\u00e9veloppement de capacit\u00e9s internes, soit en se tournant vers un <strong>m\u00e9diateur (adulte-relai)<\/strong>.<\/p>\n<p>Les ateliers reposent sur la projection d\u2019une s\u00e9rie de <strong>sayn\u00e8tes<\/strong> pr\u00e9sentant des jeunes dans des situations de violence (intimidation, humiliation, racket, abus, \u2026) et o\u00f9 leur int\u00e9grit\u00e9 et leur <strong>capacit\u00e9 \u00e0 dire \u00ab non \u00bb<\/strong> sont en p\u00e9ril. Apr\u00e8s avoir visionn\u00e9 la vid\u00e9o, les jeunes s\u2019expriment sur ce qu\u2019ils ont vu et sont invit\u00e9s \u00e0 trouver ensemble des solutions alternatives et aboutir \u00e0 un d\u00e9nouement positif.<\/p>\n<h2>Un \u00ab Grain de sable \u00bb qui voyage<\/h2>\n<p>Cette m\u00e9thode a d\u00e9j\u00e0 \u00e9t\u00e9 mise en \u0153uvre avec succ\u00e8s par le BICE et son partenaire <a href=\"https:\/\/bice.org\/fr\/zlatoust-civic-initiative\/\" target=\"_blank\" rel=\"noopener\">Initiative Civique<\/a> dans la ville de <strong>Zlatooust, en Russie<\/strong>.<\/p>\n<p>Depuis 2011, Initiative Civique a sensibilis\u00e9 de nombreux <strong>adolescents<\/strong> gr\u00e2ce \u00e0 cet outil.<\/p>\n<p>Dans le cadre du programme <a href=\"https:\/\/bice.org\/fr\/abus-sexuel\/\" target=\"_blank\" rel=\"noopener\">Lutte contre les abus sexuels<\/a>, le BICE et 4 partenaires \u2013 <a href=\"https:\/\/bice.org\/fr\/vicaria\/\" target=\"_blank\" rel=\"noopener\">VPSC<\/a> (Chili), <a href=\"https:\/\/becaparaguay.org\/\" target=\"_blank\" rel=\"noopener\">BECA<\/a> (Paraguay), <a href=\"http:\/\/www.cesip.org.pe\/\" target=\"_blank\" rel=\"noopener\">CESIP<\/a> (P\u00e9rou), <a href=\"https:\/\/bice.org\/fr\/juventud-para-cristo\/\" target=\"_blank\" rel=\"noopener\">JPC<\/a> (Uruguay) \u2013 ont d\u00e9cid\u00e9 de d\u00e9velopper cet outil de sensibilisation en <strong>Am\u00e9rique latine<\/strong>.<\/p>\n<h2>La mise en \u0153uvre de la m\u00e9thode \u00ab Grain de sable \u00bb en Am\u00e9rique latine<\/h2>\n<p>La mise en place d\u2019ateliers \u00ab Grain de sable \u00bb a n\u00e9cessit\u00e9 un long travail de pr\u00e9paration de la part des quatre organisations partenaires.<\/p>\n<p>Tout a commenc\u00e9 en novembre 2015, lorsque 17 coordinateurs et \u00e9ducateurs des quatre organisations se sont retrouv\u00e9s \u00e0 <strong>Montevideo, en Uruguay<\/strong>, afin d\u2019\u00eatre form\u00e9s \u00e0 la m\u00e9thode \u00ab Grain de sable \u00bb (r\u00e9alisation du film et animation des ateliers&#8230;). La formation alliant savoir th\u00e9orique et mise en pratique a \u00e9t\u00e9 dispens\u00e9e par deux formateurs d\u2019ALC, association \u00e0 l\u2019origine de cette m\u00e9thode.<\/p>\n<p>Depuis, les organisations travaillent \u00e0 la cr\u00e9ation du mat\u00e9riel p\u00e9dagogique n\u00e9cessaire aux ateliers. Chacune d\u2019entre elles \u00e9labore son propre mat\u00e9riel afin de l\u2019adapter au contexte national. Pour la r\u00e9alisation du<strong> film \u2013 support principal des ateliers<\/strong> \u2013 des jeunes ont activement collabor\u00e9 tant \u00e0 l\u2019\u00e9laboration des sc\u00e9narios qu\u2019au tournage.<\/p>\n<h2>Plus de 6 000 jeunes sensibilis\u00e9s<\/h2>\n<p>Les premiers ateliers auront lieu d\u00e8s la rentr\u00e9e scolaire. Au total, sur deux ans, plus de<strong> 200 ateliers v<\/strong>ont \u00eatre organis\u00e9s dans les \u00e9coles et les communaut\u00e9s des quatre pays et devraient ainsi permettre de <strong>sensibiliser pr\u00e8s de 6500 jeunes<\/strong>.<\/p>\n<p>En parall\u00e8le, les animateurs des ateliers seront aussi charg\u00e9s d\u2019identifier et former des \u00ab adultes-relais \u00bb qui sont en contact r\u00e9gulier avec les jeunes (professeurs, surveillants, animateurs de centres, &#8230;). Ces adultes-relais recevront un badge \u00ab Grain de sable \u00bb qu\u2019ils pourront coller sur la porte de leur bureau ou leur sac. Ce signe leur permettra d\u2019\u00eatre identifi\u00e9s par les jeunes comme des personnes de confiance qui seront en mesure de les \u00e9couter, les soutenir et de les orienter si besoin vers des services sp\u00e9cialis\u00e9s.<\/p>\n","protected":false},"excerpt":{"rendered":"<p>La m\u00e9thode \u00ab Grain de sable \u00bb pour pr\u00e9venir les violences envers les enfants se met en place en Am\u00e9rique latine. Car un grain de sable peut suffire \u00e0 enrayer le m\u00e9canisme de la violence.<\/p>\n","protected":false},"author":3,"featured_media":17876,"comment_status":"closed","ping_status":"closed","sticky":false,"template":"","format":"standard","meta":{"_acf_changed":false,"footnotes":"","jetpack_publicize_message":"","jetpack_publicize_feature_enabled":true,"jetpack_social_post_already_shared":false,"jetpack_social_options":{"image_generator_settings":{"template":"highway","default_image_id":0,"font":"","enabled":false},"version":2}},"categories":[132],"tags":[693,476,859,352,466,860,351],"class_list":["post-17874","post","type-post","status-publish","format-standard","has-post-thumbnail","hentry","category-actualites-du-bice","tag-abus-sexuels","tag-chili","tag-methode-grain-de-sable","tag-paraguay","tag-perou","tag-sensibilisation","tag-uruguay"],"acf":[],"yoast_head":"<!-- This site is optimized with the Yoast SEO plugin v27.2 - https:\/\/yoast.com\/product\/yoast-seo-wordpress\/ -->\n<title>Un &quot;Grain de sable&quot; pour stopper les violences<\/title>\n<meta name=\"description\" content=\"La m\u00e9thode \u00ab Grain de sable \u00bb pour pr\u00e9venir les violences envers les enfants est mise en place en Am\u00e9rique latine.\" \/>\n<meta name=\"robots\" content=\"index, follow, max-snippet:-1, max-image-preview:large, max-video-preview:-1\" \/>\n<link rel=\"canonical\" href=\"https:\/\/bice.org\/fr\/wp-json\/wp\/v2\/posts\/17874\" \/>\n<meta property=\"og:locale\" content=\"fr_FR\" \/>\n<meta property=\"og:type\" content=\"article\" \/>\n<meta property=\"og:title\" content=\"Un &quot;Grain de sable&quot; pour stopper les violences\" \/>\n<meta property=\"og:description\" content=\"La m\u00e9thode \u00ab Grain de sable \u00bb pour pr\u00e9venir les violences envers les enfants est mise en place en Am\u00e9rique latine.\" \/>\n<meta property=\"og:url\" content=\"https:\/\/bice.org\/fr\/grain-de-sable-stopper-violences-aux-enfants\/\" \/>\n<meta property=\"og:site_name\" content=\"BICE - ONG de protection des droits de l&#039;enfant\" \/>\n<meta property=\"article:published_time\" content=\"2016-07-25T13:30:51+00:00\" \/>\n<meta property=\"article:modified_time\" content=\"2024-08-01T08:38:47+00:00\" \/>\n<meta property=\"og:image\" content=\"https:\/\/i0.wp.com\/bice.org\/app\/uploads\/2016\/07\/Grain_de_sable_1000x453.jpg?fit=2048%2C928&ssl=1\" \/>\n\t<meta property=\"og:image:width\" content=\"2048\" \/>\n\t<meta property=\"og:image:height\" content=\"928\" \/>\n\t<meta property=\"og:image:type\" content=\"image\/jpeg\" \/>\n<meta name=\"author\" content=\"BICE\" \/>\n<meta name=\"twitter:card\" content=\"summary_large_image\" \/>\n<meta name=\"twitter:label1\" content=\"\u00c9crit par\" \/>\n\t<meta name=\"twitter:data1\" content=\"BICE\" \/>\n\t<meta name=\"twitter:label2\" content=\"Dur\u00e9e de lecture estim\u00e9e\" \/>\n\t<meta name=\"twitter:data2\" content=\"3 minutes\" \/>\n<!-- \/ Yoast SEO plugin. -->","yoast_head_json":{"title":"Un \"Grain de sable\" pour stopper les violences","description":"La m\u00e9thode \u00ab Grain de sable \u00bb pour pr\u00e9venir les violences envers les enfants est mise en place en Am\u00e9rique latine.","robots":{"index":"index","follow":"follow","max-snippet":"max-snippet:-1","max-image-preview":"max-image-preview:large","max-video-preview":"max-video-preview:-1"},"canonical":"https:\/\/bice.org\/fr\/wp-json\/wp\/v2\/posts\/17874","og_locale":"fr_FR","og_type":"article","og_title":"Un \"Grain de sable\" pour stopper les violences","og_description":"La m\u00e9thode \u00ab Grain de sable \u00bb pour pr\u00e9venir les violences envers les enfants est mise en place en Am\u00e9rique latine.","og_url":"https:\/\/bice.org\/fr\/grain-de-sable-stopper-violences-aux-enfants\/","og_site_name":"BICE - ONG de protection des droits de l&#039;enfant","article_published_time":"2016-07-25T13:30:51+00:00","article_modified_time":"2024-08-01T08:38:47+00:00","og_image":[{"width":2048,"height":928,"url":"https:\/\/i0.wp.com\/bice.org\/app\/uploads\/2016\/07\/Grain_de_sable_1000x453.jpg?fit=2048%2C928&ssl=1","type":"image\/jpeg"}],"author":"BICE","twitter_card":"summary_large_image","twitter_misc":{"\u00c9crit par":"BICE","Dur\u00e9e de lecture estim\u00e9e":"3 minutes"},"schema":{"@context":"https:\/\/schema.org","@graph":[{"@type":"Article","@id":"https:\/\/bice.org\/fr\/grain-de-sable-stopper-violences-aux-enfants\/#article","isPartOf":{"@id":"https:\/\/bice.org\/fr\/grain-de-sable-stopper-violences-aux-enfants\/"},"author":{"name":"BICE","@id":"https:\/\/bice.org\/fr\/#\/schema\/person\/d2ad3c47fafb278234233a8cb54707b4"},"headline":"Un \u00ab Grain de sable \u00bb pour stopper les violences faites aux enfants","datePublished":"2016-07-25T13:30:51+00:00","dateModified":"2024-08-01T08:38:47+00:00","mainEntityOfPage":{"@id":"https:\/\/bice.org\/fr\/grain-de-sable-stopper-violences-aux-enfants\/"},"wordCount":583,"publisher":{"@id":"https:\/\/bice.org\/fr\/#organization"},"image":{"@id":"https:\/\/bice.org\/fr\/grain-de-sable-stopper-violences-aux-enfants\/#primaryimage"},"thumbnailUrl":"https:\/\/i0.wp.com\/bice.org\/app\/uploads\/2016\/07\/Grain_de_sable_1000x453.jpg?fit=2048%2C928&ssl=1","keywords":["abus sexuels","Chili","M\u00e9thode Grain de sable","paraguay","P\u00e9rou","Sensibilisation","uruguay"],"articleSection":["Actualit\u00e9s du BICE"],"inLanguage":"fr-FR"},{"@type":"WebPage","@id":"https:\/\/bice.org\/fr\/grain-de-sable-stopper-violences-aux-enfants\/","url":"https:\/\/bice.org\/fr\/grain-de-sable-stopper-violences-aux-enfants\/","name":"Un \"Grain de sable\" pour stopper les violences","isPartOf":{"@id":"https:\/\/bice.org\/fr\/#website"},"primaryImageOfPage":{"@id":"https:\/\/bice.org\/fr\/grain-de-sable-stopper-violences-aux-enfants\/#primaryimage"},"image":{"@id":"https:\/\/bice.org\/fr\/grain-de-sable-stopper-violences-aux-enfants\/#primaryimage"},"thumbnailUrl":"https:\/\/i0.wp.com\/bice.org\/app\/uploads\/2016\/07\/Grain_de_sable_1000x453.jpg?fit=2048%2C928&ssl=1","datePublished":"2016-07-25T13:30:51+00:00","dateModified":"2024-08-01T08:38:47+00:00","description":"La m\u00e9thode \u00ab Grain de sable \u00bb pour pr\u00e9venir les violences envers les enfants est mise en place en Am\u00e9rique latine.","breadcrumb":{"@id":"https:\/\/bice.org\/fr\/grain-de-sable-stopper-violences-aux-enfants\/#breadcrumb"},"inLanguage":"fr-FR","potentialAction":[{"@type":"ReadAction","target":["https:\/\/bice.org\/fr\/grain-de-sable-stopper-violences-aux-enfants\/"]}]},{"@type":"ImageObject","inLanguage":"fr-FR","@id":"https:\/\/bice.org\/fr\/grain-de-sable-stopper-violences-aux-enfants\/#primaryimage","url":"https:\/\/i0.wp.com\/bice.org\/app\/uploads\/2016\/07\/Grain_de_sable_1000x453.jpg?fit=2048%2C928&ssl=1","contentUrl":"https:\/\/i0.wp.com\/bice.org\/app\/uploads\/2016\/07\/Grain_de_sable_1000x453.jpg?fit=2048%2C928&ssl=1","width":2048,"height":928,"caption":"\u00a9Faculuz Fotograf\u00eda Pr\u00e9paration des ateliers Grain de sable - JPC\/Claves"},{"@type":"BreadcrumbList","@id":"https:\/\/bice.org\/fr\/grain-de-sable-stopper-violences-aux-enfants\/#breadcrumb","itemListElement":[{"@type":"ListItem","position":1,"name":"Accueil","item":"https:\/\/bice.org\/fr\/"},{"@type":"ListItem","position":2,"name":"Actualit\u00e9s du BICE","item":"https:\/\/bice.org\/fr\/theme\/actualites-du-bice\/"},{"@type":"ListItem","position":3,"name":"Un \u00ab Grain de sable \u00bb pour stopper les violences faites aux enfants"}]},{"@type":"WebSite","@id":"https:\/\/bice.org\/fr\/#website","url":"https:\/\/bice.org\/fr\/","name":"BICE - ONG de protection des droits de l&#039;enfant","description":"Notre mission : D\u00e9fendre les droits et la dignit\u00e9 des enfants partout dans le monde","publisher":{"@id":"https:\/\/bice.org\/fr\/#organization"},"potentialAction":[{"@type":"SearchAction","target":{"@type":"EntryPoint","urlTemplate":"https:\/\/bice.org\/fr\/?s={search_term_string}"},"query-input":{"@type":"PropertyValueSpecification","valueRequired":true,"valueName":"search_term_string"}}],"inLanguage":"fr-FR"},{"@type":"Organization","@id":"https:\/\/bice.org\/fr\/#organization","name":"BICE","url":"https:\/\/bice.org\/fr\/","logo":{"@type":"ImageObject","inLanguage":"fr-FR","@id":"https:\/\/bice.org\/fr\/#\/schema\/logo\/image\/","url":"https:\/\/bice.org\/app\/uploads\/2022\/06\/favicon.ico","contentUrl":"https:\/\/bice.org\/app\/uploads\/2022\/06\/favicon.ico","width":64,"height":64,"caption":"BICE"},"image":{"@id":"https:\/\/bice.org\/fr\/#\/schema\/logo\/image\/"}},{"@type":"Person","@id":"https:\/\/bice.org\/fr\/#\/schema\/person\/d2ad3c47fafb278234233a8cb54707b4","name":"BICE","image":{"@type":"ImageObject","inLanguage":"fr-FR","@id":"https:\/\/secure.gravatar.com\/avatar\/43bcfdb745dd80b8374b0aaa21c6dd30b2976a6bdea12b3018b51f255692facc?s=96&d=mm&r=g","url":"https:\/\/secure.gravatar.com\/avatar\/43bcfdb745dd80b8374b0aaa21c6dd30b2976a6bdea12b3018b51f255692facc?s=96&d=mm&r=g","contentUrl":"https:\/\/secure.gravatar.com\/avatar\/43bcfdb745dd80b8374b0aaa21c6dd30b2976a6bdea12b3018b51f255692facc?s=96&d=mm&r=g","caption":"BICE"}}]}},"jetpack_publicize_connections":[],"jetpack_featured_media_url":"https:\/\/i0.wp.com\/bice.org\/app\/uploads\/2016\/07\/Grain_de_sable_1000x453.jpg?fit=2048%2C928&ssl=1","jetpack_sharing_enabled":true,"_links":{"self":[{"href":"https:\/\/bice.org\/fr\/wp-json\/wp\/v2\/posts\/17874","targetHints":{"allow":["GET"]}}],"collection":[{"href":"https:\/\/bice.org\/fr\/wp-json\/wp\/v2\/posts"}],"about":[{"href":"https:\/\/bice.org\/fr\/wp-json\/wp\/v2\/types\/post"}],"author":[{"embeddable":true,"href":"https:\/\/bice.org\/fr\/wp-json\/wp\/v2\/users\/3"}],"replies":[{"embeddable":true,"href":"https:\/\/bice.org\/fr\/wp-json\/wp\/v2\/comments?post=17874"}],"version-history":[{"count":0,"href":"https:\/\/bice.org\/fr\/wp-json\/wp\/v2\/posts\/17874\/revisions"}],"wp:featuredmedia":[{"embeddable":true,"href":"https:\/\/bice.org\/fr\/wp-json\/wp\/v2\/media\/17876"}],"wp:attachment":[{"href":"https:\/\/bice.org\/fr\/wp-json\/wp\/v2\/media?parent=17874"}],"wp:term":[{"taxonomy":"category","embeddable":true,"href":"https:\/\/bice.org\/fr\/wp-json\/wp\/v2\/categories?post=17874"},{"taxonomy":"post_tag","embeddable":true,"href":"https:\/\/bice.org\/fr\/wp-json\/wp\/v2\/tags?post=17874"}],"curies":[{"name":"wp","href":"https:\/\/api.w.org\/{rel}","templated":true}]}}