{"id":178944,"date":"2024-04-19T16:07:17","date_gmt":"2024-04-19T14:07:17","guid":{"rendered":"https:\/\/bice.org\/?p=178944"},"modified":"2024-06-24T16:27:13","modified_gmt":"2024-06-24T14:27:13","slug":"55e-session-du-conseil-des-droits-de-lhomme-etat-du-systeme-de-justice-pour-enfants-en-rdc","status":"publish","type":"post","link":"https:\/\/bice.org\/fr\/55e-session-du-conseil-des-droits-de-lhomme-etat-du-systeme-de-justice-pour-enfants-en-rdc\/","title":{"rendered":"55e session du conseil des droits de l&#8217;homme : \u00e9tat du syst\u00e8me de justice pour enfants en RDC"},"content":{"rendered":"\n<p>Le BICE et le BNCE-RDC ont soulign\u00e9 la n\u00e9cessit\u00e9 pressante de mettre en \u0153uvre les recommandations formul\u00e9es lors des trois premiers cycles de l&#8217;examen p\u00e9riodique universel (EPU) sur la justice juv\u00e9nile, notamment la r\u00e9insertion des enfants en conflit avec la loi. En particulier, l&#8217;accent a \u00e9t\u00e9 mis sur l&#8217;adoption de mesures d&#8217;application de la loi sur la protection de l&#8217;enfant datant du 10 janvier 2009. Cette loi vise \u00e0 favoriser la r\u00e9insertion des enfants en tant qu\u2019objectif ultime, en privil\u00e9giant des mesures alternatives \u00e0 la privation de libert\u00e9 ex\u00e9cut\u00e9es dans un dispositif qui n\u2019est toujours pas en place.<\/p>\n\n\n\n<h2 class=\"wp-block-heading\">Dans la pratique, la r\u00e9insertion des enfants se heurte \u00e0 plusieurs d\u00e9fis majeurs&nbsp;:<\/h2>\n\n\n\n<ul class=\"wp-block-list\">\n<li>Les d\u00e9faillances dans la mise en \u0153uvre des alternatives \u00e0 la privation de libert\u00e9.<\/li>\n\n\n\n<li>L\u2019absence de structures op\u00e9rationnelles de r\u00e9insertion.<\/li>\n\n\n\n<li>L\u2019absence d\u2019une politique coh\u00e9rente et financ\u00e9e.<\/li>\n<\/ul>\n\n\n\n<p>Parmi les mesures d&#8217;application en attente se trouve le d\u00e9cret r\u00e9gissant l&#8217;organisation et le fonctionnement des \u00c9tablissements de garde et d&#8217;\u00e9ducation de l&#8217;\u00c9tat (EGEE). Ces \u00e9tablissements sont cruciaux pour accompagner, r\u00e9ins\u00e9rer et suivre la r\u00e9insertion des enfants en conflit avec la loi. Malgr\u00e9 les intentions d\u00e9clar\u00e9es dans la Politique nationale de r\u00e9forme de la justice (PNRJ 2017-2026), peu de progr\u00e8s ont \u00e9t\u00e9 r\u00e9alis\u00e9s en raison du manque de budget et de volont\u00e9 politique.<\/p>\n\n\n\n<h2 class=\"wp-block-heading\">Les recommandations suivantes ont \u00e9t\u00e9 formul\u00e9es \u00e0 l\u2019endroit des autorit\u00e9s congolaises&nbsp;:<\/h2>\n\n\n\n<ul class=\"wp-block-list\">\n<li>Adopter une politique nationale globale pour accompagner, former et r\u00e9ins\u00e9rer les enfants en conflit avec la loi, avec des plans d&#8217;action sp\u00e9cifiques pour chaque province. <\/li>\n<\/ul>\n\n\n\n<ul class=\"wp-block-list\">\n<li>Adopter le d\u00e9cret r\u00e9gissant l&#8217;organisation et le fonctionnement des EGEE.<\/li>\n<\/ul>\n\n\n\n<ul class=\"wp-block-list\">\n<li>Construire et \u00e9quiper au moins un EGEE sur le site identifi\u00e9 \u00e0 Maluku, pr\u00e8s de Kinshasa, et r\u00e9habiliter les EGEE d\u00e9labr\u00e9s conform\u00e9ment \u00e0 la PNRJ 2017-2026.<\/li>\n<\/ul>\n\n\n\n<ul class=\"wp-block-list\">\n<li>D\u00e9signer le minist\u00e8re de la Justice comme instance de coordination et de pilotage de l\u2019administration de la justice pour enfants. <\/li>\n<\/ul>\n\n\n\n<ul class=\"wp-block-list\">\n<li>D\u00e9velopper une strat\u00e9gie sp\u00e9cifique aux enfants en conflit avec la loi en mettant l\u2019accent sur la mise en place des familles d\u2019accueil, des foyers autonomes, des \u00c9tablissements de garde et d\u2019\u00e9ducation des enfants (EGEE) et des \u00c9tablissements de R\u00e9\u00e9ducation de l\u2019\u00c9tat (ERE). <\/li>\n<\/ul>\n\n\n\n<ul class=\"wp-block-list\">\n<li>Doter de moyens de communication et de mobilit\u00e9 les services sociaux pr\u00e8s des tribunaux pour enfants pour r\u00e9aliser leur mission socio-\u00e9ducative de r\u00e9insertion socio-familiale. \u00a0<\/li>\n<\/ul>\n\n\n\n<ul class=\"wp-block-list\">\n<li>Mandater le Conseil national de l\u2019enfant (CNE) d\u2019une mission d\u2019\u00e9laboration d\u2019une politique de r\u00e9insertion des enfants en conflit avec la loi en adoptant une approche participative.<\/li>\n<\/ul>\n\n\n\n<ul class=\"wp-block-list\">\n<li>D\u00e9velopper des actions concr\u00e8tes de soutien aux familles vuln\u00e9rables pour assurer le maintien des enfants \u00e0 l\u2019\u00e9cole ou \u00e0 l\u2019apprentissage (gratuit\u00e9 du secondaire).<\/li>\n<\/ul>\n\n\n\n<ul class=\"wp-block-list\">\n<li>Pr\u00e9voir dans le budget de l\u2019\u00c9tat et des Provinces une ligne d\u00e9di\u00e9e \u00e0 l\u2019administration de la justice pour enfants.<\/li>\n<\/ul>\n\n\n\n<h2 class=\"wp-block-heading\">Pour aller plus loin, voir la communication \u00e9crite&nbsp;:<\/h2>\n\n\n\n<p>La communication est disponible sur<a href=\"https:\/\/bice.org\/fr\/droits-de-lenfant\/conseil-des-droits-de-l-homme\/\"> la page des activit\u00e9s du BICE au Conseil des droits de l\u2019homme<\/a>.<\/p>\n","protected":false},"excerpt":{"rendered":"<p>La 55e session du Conseil des droits de l\u2019homme a offert l\u2019opportunit\u00e9 au Bureau International Catholique de l&#8217;Enfance (BICE) et au Bureau National Catholique de l\u2019Enfance en RD Congo (BNCE-RDC) d\u2019interpeller l\u2019\u00c9tat congolais sur les d\u00e9fis persistants dans le domaine de la protection des enfants, notamment ceux en conflit avec la loi. Il a \u00e9t\u00e9 mis en lumi\u00e8re les lacunes significatives dans la mise en \u0153uvre des recommandations relatives \u00e0 l&#8217;administration de la justice pour enfants en R\u00e9publique d\u00e9mocratique du Congo.<\/p>\n","protected":false},"author":19,"featured_media":178946,"comment_status":"closed","ping_status":"closed","sticky":false,"template":"","format":"standard","meta":{"_acf_changed":false,"footnotes":"","jetpack_publicize_message":"","jetpack_publicize_feature_enabled":true,"jetpack_social_post_already_shared":false,"jetpack_social_options":{"image_generator_settings":{"template":"highway","default_image_id":0,"font":"","enabled":false},"version":2}},"categories":[132],"tags":[372,475],"class_list":["post-178944","post","type-post","status-publish","format-standard","has-post-thumbnail","hentry","category-actualites-du-bice","tag-justice-juvenile","tag-rd-congo"],"acf":[],"yoast_head":"<!-- This site is optimized with the Yoast SEO plugin v27.2 - https:\/\/yoast.com\/product\/yoast-seo-wordpress\/ -->\n<title>Syst\u00e8me de justice juv\u00e9nile en RDC : r\u00e9alit\u00e9 et recommandations<\/title>\n<meta name=\"description\" content=\"La 55e session du CDH a permis aux BICE et BNCE-RDC d\u2019interpeller l\u2019\u00c9tat congolais sur les d\u00e9fis en mati\u00e8re de protection des enfants, notamment ceux en conflit avec la loi.\" \/>\n<meta name=\"robots\" content=\"index, follow, max-snippet:-1, max-image-preview:large, max-video-preview:-1\" \/>\n<link rel=\"canonical\" href=\"https:\/\/bice.org\/fr\/wp-json\/wp\/v2\/posts\/178944\" \/>\n<meta property=\"og:locale\" content=\"fr_FR\" \/>\n<meta property=\"og:type\" content=\"article\" \/>\n<meta property=\"og:title\" content=\"Syst\u00e8me de justice juv\u00e9nile en RDC : r\u00e9alit\u00e9 et recommandations\" \/>\n<meta property=\"og:description\" content=\"La 55e session du CDH a permis aux BICE et BNCE-RDC d\u2019interpeller l\u2019\u00c9tat congolais sur les d\u00e9fis en mati\u00e8re de protection des enfants, notamment ceux en conflit avec la loi.\" \/>\n<meta property=\"og:url\" content=\"https:\/\/bice.org\/fr\/55e-session-du-conseil-des-droits-de-lhomme-etat-du-systeme-de-justice-pour-enfants-en-rdc\/\" \/>\n<meta property=\"og:site_name\" content=\"BICE - ONG de protection des droits de l&#039;enfant\" \/>\n<meta property=\"article:published_time\" content=\"2024-04-19T14:07:17+00:00\" \/>\n<meta property=\"article:modified_time\" content=\"2024-06-24T14:27:13+00:00\" \/>\n<meta property=\"og:image\" content=\"https:\/\/i0.wp.com\/bice.org\/app\/uploads\/2024\/06\/enfant-prison-web.jpg?fit=1000%2C580&ssl=1\" \/>\n\t<meta property=\"og:image:width\" content=\"1000\" \/>\n\t<meta property=\"og:image:height\" content=\"580\" \/>\n\t<meta property=\"og:image:type\" content=\"image\/jpeg\" \/>\n<meta name=\"author\" content=\"Tiphaine POIDEVIN\" \/>\n<meta name=\"twitter:card\" content=\"summary_large_image\" \/>\n<meta name=\"twitter:label1\" content=\"\u00c9crit par\" \/>\n\t<meta name=\"twitter:data1\" content=\"Tiphaine POIDEVIN\" \/>\n\t<meta name=\"twitter:label2\" content=\"Dur\u00e9e de lecture estim\u00e9e\" \/>\n\t<meta name=\"twitter:data2\" content=\"3 minutes\" \/>\n<!-- \/ Yoast SEO plugin. -->","yoast_head_json":{"title":"Syst\u00e8me de justice juv\u00e9nile en RDC : r\u00e9alit\u00e9 et recommandations","description":"La 55e session du CDH a permis aux BICE et BNCE-RDC d\u2019interpeller l\u2019\u00c9tat congolais sur les d\u00e9fis en mati\u00e8re de protection des enfants, notamment ceux en conflit avec la loi.","robots":{"index":"index","follow":"follow","max-snippet":"max-snippet:-1","max-image-preview":"max-image-preview:large","max-video-preview":"max-video-preview:-1"},"canonical":"https:\/\/bice.org\/fr\/wp-json\/wp\/v2\/posts\/178944","og_locale":"fr_FR","og_type":"article","og_title":"Syst\u00e8me de justice juv\u00e9nile en RDC : r\u00e9alit\u00e9 et recommandations","og_description":"La 55e session du CDH a permis aux BICE et BNCE-RDC d\u2019interpeller l\u2019\u00c9tat congolais sur les d\u00e9fis en mati\u00e8re de protection des enfants, notamment ceux en conflit avec la loi.","og_url":"https:\/\/bice.org\/fr\/55e-session-du-conseil-des-droits-de-lhomme-etat-du-systeme-de-justice-pour-enfants-en-rdc\/","og_site_name":"BICE - ONG de protection des droits de l&#039;enfant","article_published_time":"2024-04-19T14:07:17+00:00","article_modified_time":"2024-06-24T14:27:13+00:00","og_image":[{"width":1000,"height":580,"url":"https:\/\/i0.wp.com\/bice.org\/app\/uploads\/2024\/06\/enfant-prison-web.jpg?fit=1000%2C580&ssl=1","type":"image\/jpeg"}],"author":"Tiphaine POIDEVIN","twitter_card":"summary_large_image","twitter_misc":{"\u00c9crit par":"Tiphaine POIDEVIN","Dur\u00e9e de lecture estim\u00e9e":"3 minutes"},"schema":{"@context":"https:\/\/schema.org","@graph":[{"@type":"Article","@id":"https:\/\/bice.org\/fr\/55e-session-du-conseil-des-droits-de-lhomme-etat-du-systeme-de-justice-pour-enfants-en-rdc\/#article","isPartOf":{"@id":"https:\/\/bice.org\/fr\/55e-session-du-conseil-des-droits-de-lhomme-etat-du-systeme-de-justice-pour-enfants-en-rdc\/"},"author":{"name":"Tiphaine POIDEVIN","@id":"https:\/\/bice.org\/fr\/#\/schema\/person\/86b15587982e756d45e62e1230e9759f"},"headline":"55e session du conseil des droits de l&#8217;homme : \u00e9tat du syst\u00e8me de justice pour enfants en RDC","datePublished":"2024-04-19T14:07:17+00:00","dateModified":"2024-06-24T14:27:13+00:00","mainEntityOfPage":{"@id":"https:\/\/bice.org\/fr\/55e-session-du-conseil-des-droits-de-lhomme-etat-du-systeme-de-justice-pour-enfants-en-rdc\/"},"wordCount":559,"publisher":{"@id":"https:\/\/bice.org\/fr\/#organization"},"image":{"@id":"https:\/\/bice.org\/fr\/55e-session-du-conseil-des-droits-de-lhomme-etat-du-systeme-de-justice-pour-enfants-en-rdc\/#primaryimage"},"thumbnailUrl":"https:\/\/i0.wp.com\/bice.org\/app\/uploads\/2024\/06\/enfant-prison-web.jpg?fit=1000%2C580&ssl=1","keywords":["justice juv\u00e9nile","RD Congo"],"articleSection":["Actualit\u00e9s du BICE"],"inLanguage":"fr-FR"},{"@type":"WebPage","@id":"https:\/\/bice.org\/fr\/55e-session-du-conseil-des-droits-de-lhomme-etat-du-systeme-de-justice-pour-enfants-en-rdc\/","url":"https:\/\/bice.org\/fr\/55e-session-du-conseil-des-droits-de-lhomme-etat-du-systeme-de-justice-pour-enfants-en-rdc\/","name":"Syst\u00e8me de justice juv\u00e9nile en RDC : r\u00e9alit\u00e9 et recommandations","isPartOf":{"@id":"https:\/\/bice.org\/fr\/#website"},"primaryImageOfPage":{"@id":"https:\/\/bice.org\/fr\/55e-session-du-conseil-des-droits-de-lhomme-etat-du-systeme-de-justice-pour-enfants-en-rdc\/#primaryimage"},"image":{"@id":"https:\/\/bice.org\/fr\/55e-session-du-conseil-des-droits-de-lhomme-etat-du-systeme-de-justice-pour-enfants-en-rdc\/#primaryimage"},"thumbnailUrl":"https:\/\/i0.wp.com\/bice.org\/app\/uploads\/2024\/06\/enfant-prison-web.jpg?fit=1000%2C580&ssl=1","datePublished":"2024-04-19T14:07:17+00:00","dateModified":"2024-06-24T14:27:13+00:00","description":"La 55e session du CDH a permis aux BICE et BNCE-RDC d\u2019interpeller l\u2019\u00c9tat congolais sur les d\u00e9fis en mati\u00e8re de protection des enfants, notamment ceux en conflit avec la loi.","breadcrumb":{"@id":"https:\/\/bice.org\/fr\/55e-session-du-conseil-des-droits-de-lhomme-etat-du-systeme-de-justice-pour-enfants-en-rdc\/#breadcrumb"},"inLanguage":"fr-FR","potentialAction":[{"@type":"ReadAction","target":["https:\/\/bice.org\/fr\/55e-session-du-conseil-des-droits-de-lhomme-etat-du-systeme-de-justice-pour-enfants-en-rdc\/"]}]},{"@type":"ImageObject","inLanguage":"fr-FR","@id":"https:\/\/bice.org\/fr\/55e-session-du-conseil-des-droits-de-lhomme-etat-du-systeme-de-justice-pour-enfants-en-rdc\/#primaryimage","url":"https:\/\/i0.wp.com\/bice.org\/app\/uploads\/2024\/06\/enfant-prison-web.jpg?fit=1000%2C580&ssl=1","contentUrl":"https:\/\/i0.wp.com\/bice.org\/app\/uploads\/2024\/06\/enfant-prison-web.jpg?fit=1000%2C580&ssl=1","width":1000,"height":580,"caption":"\u00a9 Adobe stock"},{"@type":"BreadcrumbList","@id":"https:\/\/bice.org\/fr\/55e-session-du-conseil-des-droits-de-lhomme-etat-du-systeme-de-justice-pour-enfants-en-rdc\/#breadcrumb","itemListElement":[{"@type":"ListItem","position":1,"name":"Accueil","item":"https:\/\/bice.org\/fr\/"},{"@type":"ListItem","position":2,"name":"Actualit\u00e9s du BICE","item":"https:\/\/bice.org\/fr\/theme\/actualites-du-bice\/"},{"@type":"ListItem","position":3,"name":"55e session du conseil des droits de l&#8217;homme : \u00e9tat du syst\u00e8me de justice pour enfants en RDC"}]},{"@type":"WebSite","@id":"https:\/\/bice.org\/fr\/#website","url":"https:\/\/bice.org\/fr\/","name":"BICE - ONG de protection des droits de l&#039;enfant","description":"Notre mission : D\u00e9fendre les droits et la dignit\u00e9 des enfants partout dans le monde","publisher":{"@id":"https:\/\/bice.org\/fr\/#organization"},"potentialAction":[{"@type":"SearchAction","target":{"@type":"EntryPoint","urlTemplate":"https:\/\/bice.org\/fr\/?s={search_term_string}"},"query-input":{"@type":"PropertyValueSpecification","valueRequired":true,"valueName":"search_term_string"}}],"inLanguage":"fr-FR"},{"@type":"Organization","@id":"https:\/\/bice.org\/fr\/#organization","name":"BICE","url":"https:\/\/bice.org\/fr\/","logo":{"@type":"ImageObject","inLanguage":"fr-FR","@id":"https:\/\/bice.org\/fr\/#\/schema\/logo\/image\/","url":"https:\/\/bice.org\/app\/uploads\/2022\/06\/favicon.ico","contentUrl":"https:\/\/bice.org\/app\/uploads\/2022\/06\/favicon.ico","width":64,"height":64,"caption":"BICE"},"image":{"@id":"https:\/\/bice.org\/fr\/#\/schema\/logo\/image\/"}},{"@type":"Person","@id":"https:\/\/bice.org\/fr\/#\/schema\/person\/86b15587982e756d45e62e1230e9759f","name":"Tiphaine POIDEVIN","image":{"@type":"ImageObject","inLanguage":"fr-FR","@id":"https:\/\/secure.gravatar.com\/avatar\/1e6863fae181af75938b89f792dfe2810d35ae7fd6ab1fb385614a15dff81a3a?s=96&d=mm&r=g","url":"https:\/\/secure.gravatar.com\/avatar\/1e6863fae181af75938b89f792dfe2810d35ae7fd6ab1fb385614a15dff81a3a?s=96&d=mm&r=g","contentUrl":"https:\/\/secure.gravatar.com\/avatar\/1e6863fae181af75938b89f792dfe2810d35ae7fd6ab1fb385614a15dff81a3a?s=96&d=mm&r=g","caption":"Tiphaine POIDEVIN"}}]}},"jetpack_publicize_connections":[],"jetpack_featured_media_url":"https:\/\/i0.wp.com\/bice.org\/app\/uploads\/2024\/06\/enfant-prison-web.jpg?fit=1000%2C580&ssl=1","jetpack_sharing_enabled":true,"_links":{"self":[{"href":"https:\/\/bice.org\/fr\/wp-json\/wp\/v2\/posts\/178944","targetHints":{"allow":["GET"]}}],"collection":[{"href":"https:\/\/bice.org\/fr\/wp-json\/wp\/v2\/posts"}],"about":[{"href":"https:\/\/bice.org\/fr\/wp-json\/wp\/v2\/types\/post"}],"author":[{"embeddable":true,"href":"https:\/\/bice.org\/fr\/wp-json\/wp\/v2\/users\/19"}],"replies":[{"embeddable":true,"href":"https:\/\/bice.org\/fr\/wp-json\/wp\/v2\/comments?post=178944"}],"version-history":[{"count":0,"href":"https:\/\/bice.org\/fr\/wp-json\/wp\/v2\/posts\/178944\/revisions"}],"wp:featuredmedia":[{"embeddable":true,"href":"https:\/\/bice.org\/fr\/wp-json\/wp\/v2\/media\/178946"}],"wp:attachment":[{"href":"https:\/\/bice.org\/fr\/wp-json\/wp\/v2\/media?parent=178944"}],"wp:term":[{"taxonomy":"category","embeddable":true,"href":"https:\/\/bice.org\/fr\/wp-json\/wp\/v2\/categories?post=178944"},{"taxonomy":"post_tag","embeddable":true,"href":"https:\/\/bice.org\/fr\/wp-json\/wp\/v2\/tags?post=178944"}],"curies":[{"name":"wp","href":"https:\/\/api.w.org\/{rel}","templated":true}]}}