{"id":179137,"date":"2024-07-01T16:07:40","date_gmt":"2024-07-01T14:07:40","guid":{"rendered":"https:\/\/bice.org\/?p=179137"},"modified":"2024-10-02T15:41:47","modified_gmt":"2024-10-02T13:41:47","slug":"histoires-de-resilience-une-serie-video-du-bice","status":"publish","type":"post","link":"https:\/\/bice.org\/fr\/histoires-de-resilience-une-serie-video-du-bice\/","title":{"rendered":"Histoires de r\u00e9silience. une s\u00e9rie vid\u00e9o du BICE"},"content":{"rendered":"\n<h2 class=\"wp-block-heading\">Pourquoi cette s\u00e9rie ?<\/h2>\n\n\n\n<p>Le BICE a \u00e9t\u00e9 une institution pionni\u00e8re en Europe dans l\u2019utilisation du concept de <a href=\"https:\/\/bice.org\/fr\/la-resilience-au-coeur-de-notre-action\/quest-ce-que-la-resilience\/\">r\u00e9silience<\/a> pour ses interventions aupr\u00e8s d\u2019enfants victimes de situations potentiellement traumatiques, pour qu\u2019ils reprennent go\u00fbt \u00e0 la vie et construisent leur projet d\u2019avenir. L\u2019accompagnement des enfants vuln\u00e9rables sur un chemin de r\u00e9silience reste aujourd\u2019hui au c\u0153ur de sa d\u00e9marche.<\/p>\n\n\n\n<h2 class=\"wp-block-heading\">Qui est intervenu ?<\/h2>\n\n\n\n<div style=\"height:29px\" aria-hidden=\"true\" class=\"wp-block-spacer\"><\/div>\n\n\n\n<div class=\"wp-block-columns is-layout-flex wp-container-core-columns-is-layout-9d6595d7 wp-block-columns-is-layout-flex\">\n<div class=\"wp-block-column is-layout-flow wp-block-column-is-layout-flow\">\n<figure class=\"wp-block-embed is-type-video is-provider-youtube wp-block-embed-youtube wp-embed-aspect-16-9 wp-has-aspect-ratio\"><div class=\"wp-block-embed__wrapper\">\n<iframe title=\"Histoires de r\u00e9silience #1 Th\u00e9o Hannoyer\" width=\"500\" height=\"281\" src=\"https:\/\/www.youtube.com\/embed\/Wd66UTYphuU?wmode=transparent&amp;rel=0&amp;feature=oembed\" frameborder=\"0\" allow=\"accelerometer; autoplay; clipboard-write; encrypted-media; gyroscope; picture-in-picture; web-share\" referrerpolicy=\"strict-origin-when-cross-origin\" allowfullscreen><\/iframe>\n<\/div><\/figure>\n<\/div>\n\n\n\n<div class=\"wp-block-column is-vertically-aligned-center is-layout-flow wp-block-column-is-layout-flow\">\n<h3 class=\"wp-block-heading\">Histoires de r\u00e9silience #1<\/h3>\n\n\n\n<p>Rugbyman professionnel, Th\u00e9o Hannoyer se confie dans cette interview sur son parcours, la maladie qui l\u2019a stopp\u00e9 \u00e0 20 ans en pleine ascension et les ressources qui l\u2019ont aid\u00e9 \u00e0 avancer malgr\u00e9 tout. <\/p>\n<\/div>\n<\/div>\n\n\n\n<div class=\"wp-block-columns is-layout-flex wp-container-core-columns-is-layout-9d6595d7 wp-block-columns-is-layout-flex\">\n<div class=\"wp-block-column is-layout-flow wp-block-column-is-layout-flow\">\n<div style=\"height:50px\" aria-hidden=\"true\" class=\"wp-block-spacer\"><\/div>\n<\/div>\n<\/div>\n\n\n\n<div class=\"wp-block-columns is-layout-flex wp-container-core-columns-is-layout-9d6595d7 wp-block-columns-is-layout-flex\">\n<div class=\"wp-block-column is-vertically-aligned-center is-layout-flow wp-block-column-is-layout-flow\">\n<h3 class=\"wp-block-heading\">Histoires de r\u00e9silience #2<\/h3>\n\n\n\n<p>Journaliste, pr\u00e9sentateur de l\u2019\u00e9mission de France TV <em>Le Jour du Seigneu<\/em>r, David Milliat a perdu ses parents \u00e0 l\u2019\u00e2ge de 6 ans. Il se confie sur ce traumatisme d\u2019enfance et ce qui l\u2019a aid\u00e9 et l\u2019aide encore aujourd\u2019hui \u00e0 avancer : ses proches, la parole et l\u2019\u00e9criture, l\u2019esp\u00e9rance. <\/p>\n<\/div>\n\n\n\n<div class=\"wp-block-column is-layout-flow wp-block-column-is-layout-flow\">\n<figure class=\"wp-block-embed is-type-video is-provider-youtube wp-block-embed-youtube wp-embed-aspect-16-9 wp-has-aspect-ratio\"><div class=\"wp-block-embed__wrapper\">\n<iframe title=\"Histoires de r\u00e9silience #2 David Milliat\" width=\"500\" height=\"281\" src=\"https:\/\/www.youtube.com\/embed\/Y2xu1eDKcpY?wmode=transparent&amp;rel=0&amp;feature=oembed\" frameborder=\"0\" allow=\"accelerometer; autoplay; clipboard-write; encrypted-media; gyroscope; picture-in-picture; web-share\" referrerpolicy=\"strict-origin-when-cross-origin\" allowfullscreen><\/iframe>\n<\/div><\/figure>\n<\/div>\n<\/div>\n\n\n\n<div class=\"wp-block-columns is-layout-flex wp-container-core-columns-is-layout-9d6595d7 wp-block-columns-is-layout-flex\">\n<div class=\"wp-block-column is-layout-flow wp-block-column-is-layout-flow\">\n<div style=\"height:50px\" aria-hidden=\"true\" class=\"wp-block-spacer\"><\/div>\n<\/div>\n<\/div>\n\n\n\n<div class=\"wp-block-columns is-layout-flex wp-container-core-columns-is-layout-9d6595d7 wp-block-columns-is-layout-flex\">\n<div class=\"wp-block-column is-layout-flow wp-block-column-is-layout-flow\">\n<figure class=\"wp-block-embed is-type-video is-provider-youtube wp-block-embed-youtube wp-embed-aspect-16-9 wp-has-aspect-ratio\"><div class=\"wp-block-embed__wrapper\">\n<iframe title=\"Histoires de r\u00e9silience #3 Nury Helena Aguirre Varga\" width=\"500\" height=\"281\" src=\"https:\/\/www.youtube.com\/embed\/BKw0T-5BzG0?wmode=transparent&amp;rel=0&amp;feature=oembed\" frameborder=\"0\" allow=\"accelerometer; autoplay; clipboard-write; encrypted-media; gyroscope; picture-in-picture; web-share\" referrerpolicy=\"strict-origin-when-cross-origin\" allowfullscreen><\/iframe>\n<\/div><\/figure>\n<\/div>\n\n\n\n<div class=\"wp-block-column is-vertically-aligned-center is-layout-flow wp-block-column-is-layout-flow\">\n<h3 class=\"wp-block-heading\">Histoires de r\u00e9silience #3<\/h3>\n\n\n\n<p>Nury Helena Aguirre Varga, \u00e9ducatrice sp\u00e9cialis\u00e9e en Colombie, dans l\u2019un des centres de notre partenaire, les Religieux Tertiaires Capucins, se confie sur son parcours. Elle raconte la violence et la pauvret\u00e9 qui ont marqu\u00e9 son enfance, mais aussi sa soif d\u2019\u00e9tudier et les rencontres qui l\u2019ont aid\u00e9e \u00e0 avancer.<\/p>\n\n\n\n<p>Merci \u00e0 notre partenaire colombien d\u2019avoir film\u00e9 l\u2019interview.<\/p>\n<\/div>\n<\/div>\n\n\n\n<div class=\"wp-block-columns is-layout-flex wp-container-core-columns-is-layout-9d6595d7 wp-block-columns-is-layout-flex\">\n<div class=\"wp-block-column is-layout-flow wp-block-column-is-layout-flow\">\n<div style=\"height:50px\" aria-hidden=\"true\" class=\"wp-block-spacer\"><\/div>\n<\/div>\n<\/div>\n\n\n\n<div class=\"wp-block-columns is-layout-flex wp-container-core-columns-is-layout-9d6595d7 wp-block-columns-is-layout-flex\">\n<div class=\"wp-block-column is-layout-flow wp-block-column-is-layout-flow\">\n<h3 class=\"wp-block-heading\">Histoires de r\u00e9silience #4<\/h3>\n\n\n\n<p>Patrick Bourdet, \u00e0 l\u2019origine d\u2019une th\u00e9rapie innovante pour le traitement du cancer, nous raconte son parcours. De son enfance douloureuse, \u00ab effroyable \u00bb, dans une cabane au fond de la for\u00eat landaise, avec une m\u00e8re en proie \u00e0 l\u2019alcool et des adultes violents, \u00e0 son poste de PDG \u00e0 Washington. Il partage avec nous les ressources qui l\u2019ont aid\u00e9 \u00e0 avancer et \u00e0 se construire malgr\u00e9 l\u2019adversit\u00e9.<\/p>\n<\/div>\n\n\n\n<div class=\"wp-block-column is-layout-flow wp-block-column-is-layout-flow\">\n<figure class=\"wp-block-embed is-type-video is-provider-youtube wp-block-embed-youtube wp-embed-aspect-16-9 wp-has-aspect-ratio\"><div class=\"wp-block-embed__wrapper\">\n<iframe title=\"Histoires de r\u00e9silience #4 \u00ab L\u2019histoire a assez mal commenc\u00e9 en v\u00e9rit\u00e9\u2026 \u00bb\" width=\"500\" height=\"281\" src=\"https:\/\/www.youtube.com\/embed\/E3WApvpf8u0?wmode=transparent&amp;rel=0&amp;feature=oembed\" frameborder=\"0\" allow=\"accelerometer; autoplay; clipboard-write; encrypted-media; gyroscope; picture-in-picture; web-share\" referrerpolicy=\"strict-origin-when-cross-origin\" allowfullscreen><\/iframe>\n<\/div><\/figure>\n<\/div>\n<\/div>\n\n\n\n<div style=\"height:50px\" aria-hidden=\"true\" class=\"wp-block-spacer\"><\/div>\n\n\n\n<p>Le BICE remercie tous les t\u00e9moins de leur confiance et de leur sinc\u00e9rit\u00e9.<\/p>\n\n\n\n<p><\/p>\n","protected":false},"excerpt":{"rendered":"<p>Dans notre s\u00e9rie d\u2019entretiens vid\u00e9o Histoires de r\u00e9silience, des personnalit\u00e9s de diff\u00e9rents horizons se confient sur leur parcours, les \u00e9preuves rencontr\u00e9es et ce qui les a aid\u00e9es \u00e0 avancer. Des paroles sinc\u00e8res, des mots justes et des t\u00e9moignages inspirants pour chacun de nous. Et pour les enfants que nous accompagnons avec nos partenaires.<\/p>\n","protected":false},"author":18,"featured_media":179320,"comment_status":"closed","ping_status":"closed","sticky":false,"template":"","format":"standard","meta":{"_acf_changed":false,"footnotes":"","jetpack_publicize_message":"","jetpack_publicize_feature_enabled":true,"jetpack_social_post_already_shared":false,"jetpack_social_options":{"image_generator_settings":{"template":"highway","default_image_id":0,"font":"","enabled":false},"version":2}},"categories":[1],"tags":[],"class_list":["post-179137","post","type-post","status-publish","format-standard","has-post-thumbnail","hentry","category-non-categorise"],"acf":[],"yoast_head":"<!-- This site is optimized with the Yoast SEO plugin v27.2 - https:\/\/yoast.com\/product\/yoast-seo-wordpress\/ -->\n<title>Histoires de r\u00e9silience : des entretiens vid\u00e9os | BICE<\/title>\n<meta name=\"description\" content=\"Dans notre s\u00e9rie, des personnalit\u00e9s de diff\u00e9rents horizons se confient sur leur parcours, les \u00e9preuves rencontr\u00e9es et ce qui les a aid\u00e9es.\" \/>\n<meta name=\"robots\" content=\"index, follow, max-snippet:-1, max-image-preview:large, max-video-preview:-1\" \/>\n<link rel=\"canonical\" href=\"https:\/\/bice.org\/fr\/wp-json\/wp\/v2\/posts\/179137\" \/>\n<meta property=\"og:locale\" content=\"fr_FR\" \/>\n<meta property=\"og:type\" content=\"article\" \/>\n<meta property=\"og:title\" content=\"Histoires de r\u00e9silience : des entretiens vid\u00e9os | BICE\" \/>\n<meta property=\"og:description\" content=\"Dans notre s\u00e9rie, des personnalit\u00e9s de diff\u00e9rents horizons se confient sur leur parcours, les \u00e9preuves rencontr\u00e9es et ce qui les a aid\u00e9es.\" \/>\n<meta property=\"og:url\" content=\"https:\/\/bice.org\/fr\/histoires-de-resilience-une-serie-video-du-bice\/\" \/>\n<meta property=\"og:site_name\" content=\"BICE - ONG de protection des droits de l&#039;enfant\" \/>\n<meta property=\"article:published_time\" content=\"2024-07-01T14:07:40+00:00\" \/>\n<meta property=\"article:modified_time\" content=\"2024-10-02T13:41:47+00:00\" \/>\n<meta property=\"og:image\" content=\"https:\/\/i0.wp.com\/bice.org\/app\/uploads\/2024\/07\/videos-resilience.jpg?fit=1000%2C580&ssl=1\" \/>\n\t<meta property=\"og:image:width\" content=\"1000\" \/>\n\t<meta property=\"og:image:height\" content=\"580\" \/>\n\t<meta property=\"og:image:type\" content=\"image\/jpeg\" \/>\n<meta name=\"author\" content=\"Blaise Levaillant\" \/>\n<meta name=\"twitter:card\" content=\"summary_large_image\" \/>\n<meta name=\"twitter:label1\" content=\"\u00c9crit par\" \/>\n\t<meta name=\"twitter:data1\" content=\"Blaise Levaillant\" \/>\n\t<meta name=\"twitter:label2\" content=\"Dur\u00e9e de lecture estim\u00e9e\" \/>\n\t<meta name=\"twitter:data2\" content=\"2 minutes\" \/>\n<!-- \/ Yoast SEO plugin. -->","yoast_head_json":{"title":"Histoires de r\u00e9silience : des entretiens vid\u00e9os | BICE","description":"Dans notre s\u00e9rie, des personnalit\u00e9s de diff\u00e9rents horizons se confient sur leur parcours, les \u00e9preuves rencontr\u00e9es et ce qui les a aid\u00e9es.","robots":{"index":"index","follow":"follow","max-snippet":"max-snippet:-1","max-image-preview":"max-image-preview:large","max-video-preview":"max-video-preview:-1"},"canonical":"https:\/\/bice.org\/fr\/wp-json\/wp\/v2\/posts\/179137","og_locale":"fr_FR","og_type":"article","og_title":"Histoires de r\u00e9silience : des entretiens vid\u00e9os | BICE","og_description":"Dans notre s\u00e9rie, des personnalit\u00e9s de diff\u00e9rents horizons se confient sur leur parcours, les \u00e9preuves rencontr\u00e9es et ce qui les a aid\u00e9es.","og_url":"https:\/\/bice.org\/fr\/histoires-de-resilience-une-serie-video-du-bice\/","og_site_name":"BICE - ONG de protection des droits de l&#039;enfant","article_published_time":"2024-07-01T14:07:40+00:00","article_modified_time":"2024-10-02T13:41:47+00:00","og_image":[{"width":1000,"height":580,"url":"https:\/\/i0.wp.com\/bice.org\/app\/uploads\/2024\/07\/videos-resilience.jpg?fit=1000%2C580&ssl=1","type":"image\/jpeg"}],"author":"Blaise Levaillant","twitter_card":"summary_large_image","twitter_misc":{"\u00c9crit par":"Blaise Levaillant","Dur\u00e9e de lecture estim\u00e9e":"2 minutes"},"schema":{"@context":"https:\/\/schema.org","@graph":[{"@type":"Article","@id":"https:\/\/bice.org\/fr\/histoires-de-resilience-une-serie-video-du-bice\/#article","isPartOf":{"@id":"https:\/\/bice.org\/fr\/histoires-de-resilience-une-serie-video-du-bice\/"},"author":{"name":"Blaise Levaillant","@id":"https:\/\/bice.org\/fr\/#\/schema\/person\/51231c01d5a2f2677e0dbbc7d38eb2ba"},"headline":"Histoires de r\u00e9silience. une s\u00e9rie vid\u00e9o du BICE","datePublished":"2024-07-01T14:07:40+00:00","dateModified":"2024-10-02T13:41:47+00:00","mainEntityOfPage":{"@id":"https:\/\/bice.org\/fr\/histoires-de-resilience-une-serie-video-du-bice\/"},"wordCount":364,"publisher":{"@id":"https:\/\/bice.org\/fr\/#organization"},"image":{"@id":"https:\/\/bice.org\/fr\/histoires-de-resilience-une-serie-video-du-bice\/#primaryimage"},"thumbnailUrl":"https:\/\/i0.wp.com\/bice.org\/app\/uploads\/2024\/07\/videos-resilience.jpg?fit=1000%2C580&ssl=1","articleSection":["Non cat\u00e9goris\u00e9"],"inLanguage":"fr-FR"},{"@type":"WebPage","@id":"https:\/\/bice.org\/fr\/histoires-de-resilience-une-serie-video-du-bice\/","url":"https:\/\/bice.org\/fr\/histoires-de-resilience-une-serie-video-du-bice\/","name":"Histoires de r\u00e9silience : des entretiens vid\u00e9os | BICE","isPartOf":{"@id":"https:\/\/bice.org\/fr\/#website"},"primaryImageOfPage":{"@id":"https:\/\/bice.org\/fr\/histoires-de-resilience-une-serie-video-du-bice\/#primaryimage"},"image":{"@id":"https:\/\/bice.org\/fr\/histoires-de-resilience-une-serie-video-du-bice\/#primaryimage"},"thumbnailUrl":"https:\/\/i0.wp.com\/bice.org\/app\/uploads\/2024\/07\/videos-resilience.jpg?fit=1000%2C580&ssl=1","datePublished":"2024-07-01T14:07:40+00:00","dateModified":"2024-10-02T13:41:47+00:00","description":"Dans notre s\u00e9rie, des personnalit\u00e9s de diff\u00e9rents horizons se confient sur leur parcours, les \u00e9preuves rencontr\u00e9es et ce qui les a aid\u00e9es.","breadcrumb":{"@id":"https:\/\/bice.org\/fr\/histoires-de-resilience-une-serie-video-du-bice\/#breadcrumb"},"inLanguage":"fr-FR","potentialAction":[{"@type":"ReadAction","target":["https:\/\/bice.org\/fr\/histoires-de-resilience-une-serie-video-du-bice\/"]}]},{"@type":"ImageObject","inLanguage":"fr-FR","@id":"https:\/\/bice.org\/fr\/histoires-de-resilience-une-serie-video-du-bice\/#primaryimage","url":"https:\/\/i0.wp.com\/bice.org\/app\/uploads\/2024\/07\/videos-resilience.jpg?fit=1000%2C580&ssl=1","contentUrl":"https:\/\/i0.wp.com\/bice.org\/app\/uploads\/2024\/07\/videos-resilience.jpg?fit=1000%2C580&ssl=1","width":1000,"height":580,"caption":"Histoires de r\u00e9silience. une s\u00e9rie vid\u00e9o du BICE"},{"@type":"BreadcrumbList","@id":"https:\/\/bice.org\/fr\/histoires-de-resilience-une-serie-video-du-bice\/#breadcrumb","itemListElement":[{"@type":"ListItem","position":1,"name":"Accueil","item":"https:\/\/bice.org\/fr\/"},{"@type":"ListItem","position":2,"name":"Non cat\u00e9goris\u00e9","item":"https:\/\/bice.org\/fr\/theme\/non-categorise\/"},{"@type":"ListItem","position":3,"name":"Histoires de r\u00e9silience. une s\u00e9rie vid\u00e9o du BICE"}]},{"@type":"WebSite","@id":"https:\/\/bice.org\/fr\/#website","url":"https:\/\/bice.org\/fr\/","name":"BICE - ONG de protection des droits de l&#039;enfant","description":"Notre mission : D\u00e9fendre les droits et la dignit\u00e9 des enfants partout dans le monde","publisher":{"@id":"https:\/\/bice.org\/fr\/#organization"},"potentialAction":[{"@type":"SearchAction","target":{"@type":"EntryPoint","urlTemplate":"https:\/\/bice.org\/fr\/?s={search_term_string}"},"query-input":{"@type":"PropertyValueSpecification","valueRequired":true,"valueName":"search_term_string"}}],"inLanguage":"fr-FR"},{"@type":"Organization","@id":"https:\/\/bice.org\/fr\/#organization","name":"BICE","url":"https:\/\/bice.org\/fr\/","logo":{"@type":"ImageObject","inLanguage":"fr-FR","@id":"https:\/\/bice.org\/fr\/#\/schema\/logo\/image\/","url":"https:\/\/bice.org\/app\/uploads\/2022\/06\/favicon.ico","contentUrl":"https:\/\/bice.org\/app\/uploads\/2022\/06\/favicon.ico","width":64,"height":64,"caption":"BICE"},"image":{"@id":"https:\/\/bice.org\/fr\/#\/schema\/logo\/image\/"}},{"@type":"Person","@id":"https:\/\/bice.org\/fr\/#\/schema\/person\/51231c01d5a2f2677e0dbbc7d38eb2ba","name":"Blaise Levaillant","image":{"@type":"ImageObject","inLanguage":"fr-FR","@id":"https:\/\/secure.gravatar.com\/avatar\/436a0ca273596f71ec0d1f884b7906b6c584a9681909d823b512f5696f16ad20?s=96&d=mm&r=g","url":"https:\/\/secure.gravatar.com\/avatar\/436a0ca273596f71ec0d1f884b7906b6c584a9681909d823b512f5696f16ad20?s=96&d=mm&r=g","contentUrl":"https:\/\/secure.gravatar.com\/avatar\/436a0ca273596f71ec0d1f884b7906b6c584a9681909d823b512f5696f16ad20?s=96&d=mm&r=g","caption":"Blaise Levaillant"}}]}},"jetpack_publicize_connections":[],"jetpack_featured_media_url":"https:\/\/i0.wp.com\/bice.org\/app\/uploads\/2024\/07\/videos-resilience.jpg?fit=1000%2C580&ssl=1","jetpack_sharing_enabled":true,"_links":{"self":[{"href":"https:\/\/bice.org\/fr\/wp-json\/wp\/v2\/posts\/179137","targetHints":{"allow":["GET"]}}],"collection":[{"href":"https:\/\/bice.org\/fr\/wp-json\/wp\/v2\/posts"}],"about":[{"href":"https:\/\/bice.org\/fr\/wp-json\/wp\/v2\/types\/post"}],"author":[{"embeddable":true,"href":"https:\/\/bice.org\/fr\/wp-json\/wp\/v2\/users\/18"}],"replies":[{"embeddable":true,"href":"https:\/\/bice.org\/fr\/wp-json\/wp\/v2\/comments?post=179137"}],"version-history":[{"count":0,"href":"https:\/\/bice.org\/fr\/wp-json\/wp\/v2\/posts\/179137\/revisions"}],"wp:featuredmedia":[{"embeddable":true,"href":"https:\/\/bice.org\/fr\/wp-json\/wp\/v2\/media\/179320"}],"wp:attachment":[{"href":"https:\/\/bice.org\/fr\/wp-json\/wp\/v2\/media?parent=179137"}],"wp:term":[{"taxonomy":"category","embeddable":true,"href":"https:\/\/bice.org\/fr\/wp-json\/wp\/v2\/categories?post=179137"},{"taxonomy":"post_tag","embeddable":true,"href":"https:\/\/bice.org\/fr\/wp-json\/wp\/v2\/tags?post=179137"}],"curies":[{"name":"wp","href":"https:\/\/api.w.org\/{rel}","templated":true}]}}