{"id":1844,"date":"2014-06-13T09:04:59","date_gmt":"2014-06-13T09:04:59","guid":{"rendered":"https:\/\/bice.org\/fr\/guatemala-abus-sexuel\/"},"modified":"2021-01-14T18:41:47","modified_gmt":"2021-01-14T17:41:47","slug":"guatemala-abus-sexuel","status":"publish","type":"post","link":"https:\/\/bice.org\/fr\/guatemala-abus-sexuel\/","title":{"rendered":"Lutte contre l&#8217;abus sexuel au Guatemala"},"content":{"rendered":"<p style=\"text-align: justify;\">On recense au moins 11 000 cas d\u2019<a href=\"https:\/\/bice.org\/fr\/abus-sexuel\/\">abus sexuels<\/a> envers les enfants par an au Guatemala. <em>(source : UNICEF, 2005)&nbsp;<\/em><\/p>\n<p style=\"text-align: justify;\">Un enfant sur 7 subissant des violences est victime d\u2019abus sexuel.<\/p>\n<p style=\"text-align: justify;\">Dans 80 % des cas, les violences sexuelles ont lieu dans le cercle familial. 70 % des filles abus\u00e9es contractent des maladies sexuellement transmissibles. <em>(source : Conacmi 2013)<\/em><\/p>\n<h2 style=\"text-align: justify;\">Le BICE agit pour lutter contre l&#8217;abus sexuel au Guatemala<\/h2>\n<p style=\"text-align: justify;\">Le BICE m\u00e8ne des projets au Guatemala depuis 2009. Pour le programme &#8220;lutte contre l\u2019abus sexuel&#8221; nous travaillons avec l\u2019<a href=\"https:\/\/bice.org\/fr\/odhag\/\" target=\"_self\" rel=\"noopener noreferrer\">ODHAG<\/a> (Bureau des Droits de l\u2019homme de l\u2019archev\u00each\u00e9 du Guatemala) \u00e0 Guatemala City.<\/p>\n<p style=\"text-align: justify;\">Dans ce contexte de grande m\u00e9connaissance du probl\u00e8me, les objectifs de notre programme visent \u00e0 :<\/p>\n<ul style=\"text-align: justify;\">\n<li>Former et accompagner les professionnels de l\u2019enfance et des institutions de l\u2019Eglise dans l\u2019\u00e9laboration de leur <a href=\"https:\/\/bice.org\/fr\/vers-une-meilleure-protection-de-l-enfance-au-guatemala\/\">propre politique interne de protection de l\u2019enfance<\/a>,<\/li>\n<li>Mettre \u00e0 disposition de ces acteurs les informations et les outils pour promouvoir la bientraitance et pr\u00e9venir les cas d\u2019abus,<\/li>\n<li>Faire conna\u00eetre les lois et les proc\u00e9dures de d\u00e9nonciation des cas d\u2019abus sexuel,<\/li>\n<li>Prot\u00e9ger les enfants des risques d\u2019abus dans les structures les accueillant.<\/li>\n<\/ul>\n<h2 style=\"text-align: justify;\">Les activit\u00e9s du BICE au Guatemala<\/h2>\n<p style=\"text-align: justify;\">Un programme de formation destin\u00e9 \u00e0 20 organisations de protection de l\u2019enfance a \u00e9t\u00e9 \u00e9tabli sur les th\u00e8mes suivants :<\/p>\n<ul>\n<li style=\"text-align: justify;\">Initiation aux concepts de la bientraitance et de l\u2019abus sexuel,<\/li>\n<li style=\"text-align: justify;\">Explication du cadre juridique,<\/li>\n<li style=\"text-align: justify;\">Gestion de situations d\u2019abus et de soutien de l\u2019enfant,<\/li>\n<li style=\"text-align: justify;\">Gestion de situations d\u2019abus dans les organisations et les institutions,<\/li>\n<li style=\"text-align: justify;\">Participation des enfants dans le cadre d\u2019une politique de protection,<\/li>\n<li style=\"text-align: justify;\">Etablissement d\u2019une politique de protection de l\u2019enfance adapt\u00e9e \u00e0 l\u2019institution.<\/li>\n<\/ul>\n","protected":false},"excerpt":{"rendered":"<p>Au Guatemala, les droits de l\u2019enfant sont peu connus des enfants et des adolescents eux-m\u00eames qui de ce fait n\u2019exigent pas leur application. La violation des droits de l\u2019enfant est un acte constant. <\/p>\n","protected":false},"author":1,"featured_media":9855,"comment_status":"closed","ping_status":"closed","sticky":false,"template":"","format":"standard","meta":{"_acf_changed":false,"footnotes":"","jetpack_publicize_message":"","jetpack_publicize_feature_enabled":true,"jetpack_social_post_already_shared":false,"jetpack_social_options":{"image_generator_settings":{"template":"highway","default_image_id":0,"font":"","enabled":false},"version":2}},"categories":[1],"tags":[355,425,347],"class_list":["post-1844","post","type-post","status-publish","format-standard","has-post-thumbnail","hentry","category-non-categorise","tag-abus","tag-abus-sexuel","tag-guatemala"],"acf":[],"yoast_head":"<!-- This site is optimized with the Yoast SEO plugin v27.2 - https:\/\/yoast.com\/product\/yoast-seo-wordpress\/ -->\n<title>Lutte contre l&#039;abus sexuel au Guatemala - BICE<\/title>\n<meta name=\"description\" content=\"Le BICE (Bureau International Catholique de l\u2019Enfance) lutte contre l&#039;abus sexuel des enfants au Guatemala\" \/>\n<meta name=\"robots\" content=\"index, follow, max-snippet:-1, max-image-preview:large, max-video-preview:-1\" \/>\n<link rel=\"canonical\" href=\"https:\/\/bice.org\/fr\/wp-json\/wp\/v2\/posts\/1844\" \/>\n<meta property=\"og:locale\" content=\"fr_FR\" \/>\n<meta property=\"og:type\" content=\"article\" \/>\n<meta property=\"og:title\" content=\"Lutte contre l&#039;abus sexuel au Guatemala - BICE\" \/>\n<meta property=\"og:description\" content=\"Le BICE (Bureau International Catholique de l\u2019Enfance) lutte contre l&#039;abus sexuel des enfants au Guatemala\" \/>\n<meta property=\"og:url\" content=\"https:\/\/bice.org\/fr\/guatemala-abus-sexuel\/\" \/>\n<meta property=\"og:site_name\" content=\"BICE - ONG de protection des droits de l&#039;enfant\" \/>\n<meta property=\"article:author\" content=\"https:\/\/www.facebook.com\/OngBICE\" \/>\n<meta property=\"article:published_time\" content=\"2014-06-13T09:04:59+00:00\" \/>\n<meta property=\"article:modified_time\" content=\"2021-01-14T17:41:47+00:00\" \/>\n<meta property=\"og:image\" content=\"https:\/\/i0.wp.com\/bice.org\/app\/uploads\/2014\/06\/abus-sexuel-Vasileios-Karafillidis.jpg?fit=1000%2C435&ssl=1\" \/>\n\t<meta property=\"og:image:width\" content=\"1000\" \/>\n\t<meta property=\"og:image:height\" content=\"435\" \/>\n\t<meta property=\"og:image:type\" content=\"image\/jpeg\" \/>\n<meta name=\"author\" content=\"BICE\" \/>\n<meta name=\"twitter:card\" content=\"summary_large_image\" \/>\n<meta name=\"twitter:creator\" content=\"@ongbice\" \/>\n<meta name=\"twitter:label1\" content=\"\u00c9crit par\" \/>\n\t<meta name=\"twitter:data1\" content=\"BICE\" \/>\n\t<meta name=\"twitter:label2\" content=\"Dur\u00e9e de lecture estim\u00e9e\" \/>\n\t<meta name=\"twitter:data2\" content=\"1 minute\" \/>\n<!-- \/ Yoast SEO plugin. -->","yoast_head_json":{"title":"Lutte contre l'abus sexuel au Guatemala - BICE","description":"Le BICE (Bureau International Catholique de l\u2019Enfance) lutte contre l'abus sexuel des enfants au Guatemala","robots":{"index":"index","follow":"follow","max-snippet":"max-snippet:-1","max-image-preview":"max-image-preview:large","max-video-preview":"max-video-preview:-1"},"canonical":"https:\/\/bice.org\/fr\/wp-json\/wp\/v2\/posts\/1844","og_locale":"fr_FR","og_type":"article","og_title":"Lutte contre l'abus sexuel au Guatemala - BICE","og_description":"Le BICE (Bureau International Catholique de l\u2019Enfance) lutte contre l'abus sexuel des enfants au Guatemala","og_url":"https:\/\/bice.org\/fr\/guatemala-abus-sexuel\/","og_site_name":"BICE - ONG de protection des droits de l&#039;enfant","article_author":"https:\/\/www.facebook.com\/OngBICE","article_published_time":"2014-06-13T09:04:59+00:00","article_modified_time":"2021-01-14T17:41:47+00:00","og_image":[{"width":1000,"height":435,"url":"https:\/\/i0.wp.com\/bice.org\/app\/uploads\/2014\/06\/abus-sexuel-Vasileios-Karafillidis.jpg?fit=1000%2C435&ssl=1","type":"image\/jpeg"}],"author":"BICE","twitter_card":"summary_large_image","twitter_creator":"@ongbice","twitter_misc":{"\u00c9crit par":"BICE","Dur\u00e9e de lecture estim\u00e9e":"1 minute"},"schema":{"@context":"https:\/\/schema.org","@graph":[{"@type":"Article","@id":"https:\/\/bice.org\/fr\/guatemala-abus-sexuel\/#article","isPartOf":{"@id":"https:\/\/bice.org\/fr\/guatemala-abus-sexuel\/"},"author":{"name":"BICE","@id":"https:\/\/bice.org\/fr\/#\/schema\/person\/5ffe567f32d0dbd204977300f4986f5b"},"headline":"Lutte contre l&#8217;abus sexuel au Guatemala","datePublished":"2014-06-13T09:04:59+00:00","dateModified":"2021-01-14T17:41:47+00:00","mainEntityOfPage":{"@id":"https:\/\/bice.org\/fr\/guatemala-abus-sexuel\/"},"wordCount":287,"publisher":{"@id":"https:\/\/bice.org\/fr\/#organization"},"image":{"@id":"https:\/\/bice.org\/fr\/guatemala-abus-sexuel\/#primaryimage"},"thumbnailUrl":"https:\/\/i0.wp.com\/bice.org\/app\/uploads\/2014\/06\/abus-sexuel-Vasileios-Karafillidis.jpg?fit=1000%2C435&ssl=1","keywords":["abus","Abus sexuel","Guatemala"],"articleSection":["Non cat\u00e9goris\u00e9"],"inLanguage":"fr-FR"},{"@type":"WebPage","@id":"https:\/\/bice.org\/fr\/guatemala-abus-sexuel\/","url":"https:\/\/bice.org\/fr\/guatemala-abus-sexuel\/","name":"Lutte contre l'abus sexuel au Guatemala - BICE","isPartOf":{"@id":"https:\/\/bice.org\/fr\/#website"},"primaryImageOfPage":{"@id":"https:\/\/bice.org\/fr\/guatemala-abus-sexuel\/#primaryimage"},"image":{"@id":"https:\/\/bice.org\/fr\/guatemala-abus-sexuel\/#primaryimage"},"thumbnailUrl":"https:\/\/i0.wp.com\/bice.org\/app\/uploads\/2014\/06\/abus-sexuel-Vasileios-Karafillidis.jpg?fit=1000%2C435&ssl=1","datePublished":"2014-06-13T09:04:59+00:00","dateModified":"2021-01-14T17:41:47+00:00","description":"Le BICE (Bureau International Catholique de l\u2019Enfance) lutte contre l'abus sexuel des enfants au Guatemala","breadcrumb":{"@id":"https:\/\/bice.org\/fr\/guatemala-abus-sexuel\/#breadcrumb"},"inLanguage":"fr-FR","potentialAction":[{"@type":"ReadAction","target":["https:\/\/bice.org\/fr\/guatemala-abus-sexuel\/"]}]},{"@type":"ImageObject","inLanguage":"fr-FR","@id":"https:\/\/bice.org\/fr\/guatemala-abus-sexuel\/#primaryimage","url":"https:\/\/i0.wp.com\/bice.org\/app\/uploads\/2014\/06\/abus-sexuel-Vasileios-Karafillidis.jpg?fit=1000%2C435&ssl=1","contentUrl":"https:\/\/i0.wp.com\/bice.org\/app\/uploads\/2014\/06\/abus-sexuel-Vasileios-Karafillidis.jpg?fit=1000%2C435&ssl=1","width":1000,"height":435,"caption":"\u00a9Vasileios Karafillidis - Shutterstock.com"},{"@type":"BreadcrumbList","@id":"https:\/\/bice.org\/fr\/guatemala-abus-sexuel\/#breadcrumb","itemListElement":[{"@type":"ListItem","position":1,"name":"Accueil","item":"https:\/\/bice.org\/fr\/"},{"@type":"ListItem","position":2,"name":"Non cat\u00e9goris\u00e9","item":"https:\/\/bice.org\/fr\/theme\/non-categorise\/"},{"@type":"ListItem","position":3,"name":"Lutte contre l&#8217;abus sexuel au Guatemala"}]},{"@type":"WebSite","@id":"https:\/\/bice.org\/fr\/#website","url":"https:\/\/bice.org\/fr\/","name":"BICE - ONG de protection des droits de l&#039;enfant","description":"Notre mission : D\u00e9fendre les droits et la dignit\u00e9 des enfants partout dans le monde","publisher":{"@id":"https:\/\/bice.org\/fr\/#organization"},"potentialAction":[{"@type":"SearchAction","target":{"@type":"EntryPoint","urlTemplate":"https:\/\/bice.org\/fr\/?s={search_term_string}"},"query-input":{"@type":"PropertyValueSpecification","valueRequired":true,"valueName":"search_term_string"}}],"inLanguage":"fr-FR"},{"@type":"Organization","@id":"https:\/\/bice.org\/fr\/#organization","name":"BICE","url":"https:\/\/bice.org\/fr\/","logo":{"@type":"ImageObject","inLanguage":"fr-FR","@id":"https:\/\/bice.org\/fr\/#\/schema\/logo\/image\/","url":"https:\/\/bice.org\/app\/uploads\/2022\/06\/favicon.ico","contentUrl":"https:\/\/bice.org\/app\/uploads\/2022\/06\/favicon.ico","width":64,"height":64,"caption":"BICE"},"image":{"@id":"https:\/\/bice.org\/fr\/#\/schema\/logo\/image\/"}},{"@type":"Person","@id":"https:\/\/bice.org\/fr\/#\/schema\/person\/5ffe567f32d0dbd204977300f4986f5b","name":"BICE","image":{"@type":"ImageObject","inLanguage":"fr-FR","@id":"https:\/\/secure.gravatar.com\/avatar\/2cef44cbc317f08498adbfd4c31e9d16fae93e3fb3589a01932b588cb583f93b?s=96&d=mm&r=g","url":"https:\/\/secure.gravatar.com\/avatar\/2cef44cbc317f08498adbfd4c31e9d16fae93e3fb3589a01932b588cb583f93b?s=96&d=mm&r=g","contentUrl":"https:\/\/secure.gravatar.com\/avatar\/2cef44cbc317f08498adbfd4c31e9d16fae93e3fb3589a01932b588cb583f93b?s=96&d=mm&r=g","caption":"BICE"},"description":"Articles et actualit\u00e9s du BICE","sameAs":["https:\/\/bice.org","https:\/\/www.facebook.com\/OngBICE","https:\/\/x.com\/ongbice"]}]}},"jetpack_publicize_connections":[],"jetpack_featured_media_url":"https:\/\/i0.wp.com\/bice.org\/app\/uploads\/2014\/06\/abus-sexuel-Vasileios-Karafillidis.jpg?fit=1000%2C435&ssl=1","jetpack_sharing_enabled":true,"_links":{"self":[{"href":"https:\/\/bice.org\/fr\/wp-json\/wp\/v2\/posts\/1844","targetHints":{"allow":["GET"]}}],"collection":[{"href":"https:\/\/bice.org\/fr\/wp-json\/wp\/v2\/posts"}],"about":[{"href":"https:\/\/bice.org\/fr\/wp-json\/wp\/v2\/types\/post"}],"author":[{"embeddable":true,"href":"https:\/\/bice.org\/fr\/wp-json\/wp\/v2\/users\/1"}],"replies":[{"embeddable":true,"href":"https:\/\/bice.org\/fr\/wp-json\/wp\/v2\/comments?post=1844"}],"version-history":[{"count":0,"href":"https:\/\/bice.org\/fr\/wp-json\/wp\/v2\/posts\/1844\/revisions"}],"wp:featuredmedia":[{"embeddable":true,"href":"https:\/\/bice.org\/fr\/wp-json\/wp\/v2\/media\/9855"}],"wp:attachment":[{"href":"https:\/\/bice.org\/fr\/wp-json\/wp\/v2\/media?parent=1844"}],"wp:term":[{"taxonomy":"category","embeddable":true,"href":"https:\/\/bice.org\/fr\/wp-json\/wp\/v2\/categories?post=1844"},{"taxonomy":"post_tag","embeddable":true,"href":"https:\/\/bice.org\/fr\/wp-json\/wp\/v2\/tags?post=1844"}],"curies":[{"name":"wp","href":"https:\/\/api.w.org\/{rel}","templated":true}]}}