{"id":1845,"date":"2014-06-13T09:05:37","date_gmt":"2014-06-13T09:05:37","guid":{"rendered":"https:\/\/bice.org\/fr\/guatemala-justice-des-mineurs\/"},"modified":"2023-08-09T18:52:34","modified_gmt":"2023-08-09T16:52:34","slug":"guatemala-justice-des-mineurs","status":"publish","type":"post","link":"https:\/\/bice.org\/fr\/guatemala-justice-des-mineurs\/","title":{"rendered":"Justice des mineurs au Guatemala"},"content":{"rendered":"<p>Elle d\u00e9finit que :<\/p>\n<ul>\n<li>L\u2019\u00e2ge de la responsabilit\u00e9 p\u00e9nale au Guatemala est fix\u00e9 \u00e0 13 ans (comme en France)<\/li>\n<li>Les mesures socio-\u00e9ducative doivent \u00eatre appliqu\u00e9es en collaboration avec la famille et des professionnels sp\u00e9cialis\u00e9s<\/li>\n<\/ul>\n<p><strong>Un programme de libert\u00e9 assist\u00e9e a \u00e9t\u00e9 mis en place dans cinq r\u00e9gions du pays par le Minist\u00e8re du Bien-\u00eatre Social depuis 2003.<\/strong><\/p>\n<h2>Le BICE agit pour une justice r\u00e9paratrice<\/h2>\n<p>Au Guatemala, le BICE travaille en partenariat avec <a href=\"http:\/\/www.iccpg.org.gt\/\" target=\"_blank\" rel=\"noopener noreferrer\">l\u2019ICCPG<\/a> (Institut d\u2019Etudes Compar\u00e9es en Sciences P\u00e9nales du Guatemala).<\/p>\n<p>Le programme <a href=\"https:\/\/bice.org\/fr\/actions-de-terrain\/domaines-daction\/justice-juvenile-programme-enfance-sans-barreaux-2\/\" target=\"\" rel=\"noopener noreferrer\">Enfance sans barreaux<\/a> (1er programme 2012-2015 ; 2e programme 2017-2021) soutient la politique mise en \u0153uvre par le Plan d\u2019Action Nationale pour l\u2019Enfance et l\u2019Adolescence au Guatemala visant la r\u00e9insertion socio-familiale des enfants en conflit avec la loi.<\/p>\n<p>D\u2019une part, des mesures alternatives \u00e0 la privation de libert\u00e9 sont mises en place avec la Secretar\u00eda de Bienestar Social et l\u2019Instituto de la Defensa P\u00fablica Penal.<\/p>\n<p>D\u2019autre part, un programme s\u2019adresse plus sp\u00e9cifiquement aux jeunes indig\u00e8nes qui transgressent la loi p\u00e9nale.<\/p>\n<h2>Activit\u00e9s du programme Enfance sans barreaux au Guatemala<\/h2>\n<ul>\n<li>Ateliers pour pr\u00e9parer le projet de vie des et avec les adolescents priv\u00e9s de libert\u00e9 et les enfants en centres ouverts<\/li>\n<li>Formation des acteurs de la justice sur les pratiques r\u00e9paratrices dans le syst\u00e8me de justice juv\u00e9nile<\/li>\n<li>Formation des d\u00e9fenseurs publics sur le droit des enfants<\/li>\n<li>Ateliers avec les professionnels des \u00e9quipes multidisciplinaires sur l\u2019accompagnement des enfants en conflit avec la loi<\/li>\n<li>Ateliers de parentalit\u00e9 positive avec les familles des enfants en centres ferm\u00e9s et ouverts<\/li>\n<li>Etude sur les aspects juridiques et institutionnels de la justice juv\u00e9nile, en particulier sur la justice restaurative<\/li>\n<li>R\u00e9alisation d\u2019un diagnostic sur l\u2019impact des informations divulgu\u00e9es par les moyens de communication dans l\u2019opinion publique<\/li>\n<li>Ateliers et une conf\u00e9rence avec les professionnels des m\u00e9dia sur le droit des enfants<\/li>\n<li>Organisation de la campagne de sensibilisation &#8220;Inclus-moi&#8221; avec trois groupes d\u2019enfants en conflit avec la loi<\/li>\n<\/ul>\n<h2><span style=\"font-size: 16px;\">\u00c0 lire, en compl\u00e9ment, les actions d\u00e9taill\u00e9es men\u00e9es par le BICE et son partenaire au Guatemala dans le cadre du programme Enfance sans barreaux 2 : <\/span><a style=\"font-size: 16px;\" href=\"https:\/\/bice.org\/fr\/guatemala\/\">ici<\/a><span style=\"font-size: 16px;\">.<\/span><\/h2>\n<p>&nbsp;<\/p>\n<h2>Programme soutenu par :<\/h2>\n<ul>\n<li>Agence fran\u00e7aise de d\u00e9veloppement<\/li>\n<li>Organisation internationale de la francophonie<\/li>\n<li>Kindermissionswerk<\/li>\n<li>R\u00e9publique et Canton de Gen\u00e8ve<\/li>\n<li>Ville de Gen\u00e8ve<\/li>\n<li>Canton du Valais<\/li>\n<\/ul>\n","protected":false},"excerpt":{"rendered":"<p>Au Guatemala, la justice des mineurs est encadr\u00e9e par la loi de Protection Int\u00e9grale de l\u2019Enfance et l\u2019Adolescence de 2003.<\/p>\n","protected":false},"author":1,"featured_media":9180,"comment_status":"closed","ping_status":"closed","sticky":false,"template":"","format":"standard","meta":{"_acf_changed":false,"footnotes":"","jetpack_publicize_message":"","jetpack_publicize_feature_enabled":true,"jetpack_social_post_already_shared":false,"jetpack_social_options":{"image_generator_settings":{"template":"highway","default_image_id":0,"font":"","enabled":false},"version":2}},"categories":[1],"tags":[347,462,372,373],"class_list":["post-1845","post","type-post","status-publish","format-standard","has-post-thumbnail","hentry","category-non-categorise","tag-guatemala","tag-justice-des-mineurs","tag-justice-juvenile","tag-justice-reparatrice"],"acf":[],"yoast_head":"<!-- This site is optimized with the Yoast SEO plugin v27.2 - https:\/\/yoast.com\/product\/yoast-seo-wordpress\/ -->\n<title>Justice des mineurs au Guatemala|Droits de l&#039;enfant | BICE<\/title>\n<meta name=\"description\" content=\"Le BICE (Bureau International Catholique de l\u2019Enfance) intervient pour am\u00e9liorer la justice juv\u00e9nile des enfants au Guatemala\" \/>\n<meta name=\"robots\" content=\"index, follow, max-snippet:-1, max-image-preview:large, max-video-preview:-1\" \/>\n<link rel=\"canonical\" href=\"https:\/\/bice.org\/fr\/wp-json\/wp\/v2\/posts\/1845\" \/>\n<meta property=\"og:locale\" content=\"fr_FR\" \/>\n<meta property=\"og:type\" content=\"article\" \/>\n<meta property=\"og:title\" content=\"Justice des mineurs au Guatemala|Droits de l&#039;enfant | BICE\" \/>\n<meta property=\"og:description\" content=\"Le BICE (Bureau International Catholique de l\u2019Enfance) intervient pour am\u00e9liorer la justice juv\u00e9nile des enfants au Guatemala\" \/>\n<meta property=\"og:url\" content=\"https:\/\/bice.org\/fr\/guatemala-justice-des-mineurs\/\" \/>\n<meta property=\"og:site_name\" content=\"BICE - ONG de protection des droits de l&#039;enfant\" \/>\n<meta property=\"article:author\" content=\"https:\/\/www.facebook.com\/OngBICE\" \/>\n<meta property=\"article:published_time\" content=\"2014-06-13T09:05:37+00:00\" \/>\n<meta property=\"article:modified_time\" content=\"2023-08-09T16:52:34+00:00\" \/>\n<meta property=\"og:image\" content=\"https:\/\/i0.wp.com\/bice.org\/app\/uploads\/2014\/06\/justice-juvenile-bice.jpg?fit=1000%2C435&ssl=1\" \/>\n\t<meta property=\"og:image:width\" content=\"1000\" \/>\n\t<meta property=\"og:image:height\" content=\"435\" \/>\n\t<meta property=\"og:image:type\" content=\"image\/jpeg\" \/>\n<meta name=\"author\" content=\"BICE\" \/>\n<meta name=\"twitter:card\" content=\"summary_large_image\" \/>\n<meta name=\"twitter:creator\" content=\"@ongbice\" \/>\n<meta name=\"twitter:label1\" content=\"\u00c9crit par\" \/>\n\t<meta name=\"twitter:data1\" content=\"BICE\" \/>\n\t<meta name=\"twitter:label2\" content=\"Dur\u00e9e de lecture estim\u00e9e\" \/>\n\t<meta name=\"twitter:data2\" content=\"2 minutes\" \/>\n<!-- \/ Yoast SEO plugin. -->","yoast_head_json":{"title":"Justice des mineurs au Guatemala|Droits de l'enfant | BICE","description":"Le BICE (Bureau International Catholique de l\u2019Enfance) intervient pour am\u00e9liorer la justice juv\u00e9nile des enfants au Guatemala","robots":{"index":"index","follow":"follow","max-snippet":"max-snippet:-1","max-image-preview":"max-image-preview:large","max-video-preview":"max-video-preview:-1"},"canonical":"https:\/\/bice.org\/fr\/wp-json\/wp\/v2\/posts\/1845","og_locale":"fr_FR","og_type":"article","og_title":"Justice des mineurs au Guatemala|Droits de l'enfant | BICE","og_description":"Le BICE (Bureau International Catholique de l\u2019Enfance) intervient pour am\u00e9liorer la justice juv\u00e9nile des enfants au Guatemala","og_url":"https:\/\/bice.org\/fr\/guatemala-justice-des-mineurs\/","og_site_name":"BICE - ONG de protection des droits de l&#039;enfant","article_author":"https:\/\/www.facebook.com\/OngBICE","article_published_time":"2014-06-13T09:05:37+00:00","article_modified_time":"2023-08-09T16:52:34+00:00","og_image":[{"width":1000,"height":435,"url":"https:\/\/i0.wp.com\/bice.org\/app\/uploads\/2014\/06\/justice-juvenile-bice.jpg?fit=1000%2C435&ssl=1","type":"image\/jpeg"}],"author":"BICE","twitter_card":"summary_large_image","twitter_creator":"@ongbice","twitter_misc":{"\u00c9crit par":"BICE","Dur\u00e9e de lecture estim\u00e9e":"2 minutes"},"schema":{"@context":"https:\/\/schema.org","@graph":[{"@type":"Article","@id":"https:\/\/bice.org\/fr\/guatemala-justice-des-mineurs\/#article","isPartOf":{"@id":"https:\/\/bice.org\/fr\/guatemala-justice-des-mineurs\/"},"author":{"name":"BICE","@id":"https:\/\/bice.org\/fr\/#\/schema\/person\/5ffe567f32d0dbd204977300f4986f5b"},"headline":"Justice des mineurs au Guatemala","datePublished":"2014-06-13T09:05:37+00:00","dateModified":"2023-08-09T16:52:34+00:00","mainEntityOfPage":{"@id":"https:\/\/bice.org\/fr\/guatemala-justice-des-mineurs\/"},"wordCount":414,"publisher":{"@id":"https:\/\/bice.org\/fr\/#organization"},"image":{"@id":"https:\/\/bice.org\/fr\/guatemala-justice-des-mineurs\/#primaryimage"},"thumbnailUrl":"https:\/\/i0.wp.com\/bice.org\/app\/uploads\/2014\/06\/justice-juvenile-bice.jpg?fit=1000%2C435&ssl=1","keywords":["Guatemala","Justice des mineurs","justice juv\u00e9nile","justice r\u00e9paratrice"],"articleSection":["Non cat\u00e9goris\u00e9"],"inLanguage":"fr-FR"},{"@type":"WebPage","@id":"https:\/\/bice.org\/fr\/guatemala-justice-des-mineurs\/","url":"https:\/\/bice.org\/fr\/guatemala-justice-des-mineurs\/","name":"Justice des mineurs au Guatemala|Droits de l'enfant | BICE","isPartOf":{"@id":"https:\/\/bice.org\/fr\/#website"},"primaryImageOfPage":{"@id":"https:\/\/bice.org\/fr\/guatemala-justice-des-mineurs\/#primaryimage"},"image":{"@id":"https:\/\/bice.org\/fr\/guatemala-justice-des-mineurs\/#primaryimage"},"thumbnailUrl":"https:\/\/i0.wp.com\/bice.org\/app\/uploads\/2014\/06\/justice-juvenile-bice.jpg?fit=1000%2C435&ssl=1","datePublished":"2014-06-13T09:05:37+00:00","dateModified":"2023-08-09T16:52:34+00:00","description":"Le BICE (Bureau International Catholique de l\u2019Enfance) intervient pour am\u00e9liorer la justice juv\u00e9nile des enfants au Guatemala","breadcrumb":{"@id":"https:\/\/bice.org\/fr\/guatemala-justice-des-mineurs\/#breadcrumb"},"inLanguage":"fr-FR","potentialAction":[{"@type":"ReadAction","target":["https:\/\/bice.org\/fr\/guatemala-justice-des-mineurs\/"]}]},{"@type":"ImageObject","inLanguage":"fr-FR","@id":"https:\/\/bice.org\/fr\/guatemala-justice-des-mineurs\/#primaryimage","url":"https:\/\/i0.wp.com\/bice.org\/app\/uploads\/2014\/06\/justice-juvenile-bice.jpg?fit=1000%2C435&ssl=1","contentUrl":"https:\/\/i0.wp.com\/bice.org\/app\/uploads\/2014\/06\/justice-juvenile-bice.jpg?fit=1000%2C435&ssl=1","width":1000,"height":435,"caption":"\u00a9BICE"},{"@type":"BreadcrumbList","@id":"https:\/\/bice.org\/fr\/guatemala-justice-des-mineurs\/#breadcrumb","itemListElement":[{"@type":"ListItem","position":1,"name":"Accueil","item":"https:\/\/bice.org\/fr\/"},{"@type":"ListItem","position":2,"name":"Non cat\u00e9goris\u00e9","item":"https:\/\/bice.org\/fr\/theme\/non-categorise\/"},{"@type":"ListItem","position":3,"name":"Justice des mineurs au Guatemala"}]},{"@type":"WebSite","@id":"https:\/\/bice.org\/fr\/#website","url":"https:\/\/bice.org\/fr\/","name":"BICE - ONG de protection des droits de l&#039;enfant","description":"Notre mission : D\u00e9fendre les droits et la dignit\u00e9 des enfants partout dans le monde","publisher":{"@id":"https:\/\/bice.org\/fr\/#organization"},"potentialAction":[{"@type":"SearchAction","target":{"@type":"EntryPoint","urlTemplate":"https:\/\/bice.org\/fr\/?s={search_term_string}"},"query-input":{"@type":"PropertyValueSpecification","valueRequired":true,"valueName":"search_term_string"}}],"inLanguage":"fr-FR"},{"@type":"Organization","@id":"https:\/\/bice.org\/fr\/#organization","name":"BICE","url":"https:\/\/bice.org\/fr\/","logo":{"@type":"ImageObject","inLanguage":"fr-FR","@id":"https:\/\/bice.org\/fr\/#\/schema\/logo\/image\/","url":"https:\/\/bice.org\/app\/uploads\/2022\/06\/favicon.ico","contentUrl":"https:\/\/bice.org\/app\/uploads\/2022\/06\/favicon.ico","width":64,"height":64,"caption":"BICE"},"image":{"@id":"https:\/\/bice.org\/fr\/#\/schema\/logo\/image\/"}},{"@type":"Person","@id":"https:\/\/bice.org\/fr\/#\/schema\/person\/5ffe567f32d0dbd204977300f4986f5b","name":"BICE","image":{"@type":"ImageObject","inLanguage":"fr-FR","@id":"https:\/\/secure.gravatar.com\/avatar\/2cef44cbc317f08498adbfd4c31e9d16fae93e3fb3589a01932b588cb583f93b?s=96&d=mm&r=g","url":"https:\/\/secure.gravatar.com\/avatar\/2cef44cbc317f08498adbfd4c31e9d16fae93e3fb3589a01932b588cb583f93b?s=96&d=mm&r=g","contentUrl":"https:\/\/secure.gravatar.com\/avatar\/2cef44cbc317f08498adbfd4c31e9d16fae93e3fb3589a01932b588cb583f93b?s=96&d=mm&r=g","caption":"BICE"},"description":"Articles et actualit\u00e9s du BICE","sameAs":["https:\/\/bice.org","https:\/\/www.facebook.com\/OngBICE","https:\/\/x.com\/ongbice"]}]}},"jetpack_publicize_connections":[],"jetpack_featured_media_url":"https:\/\/i0.wp.com\/bice.org\/app\/uploads\/2014\/06\/justice-juvenile-bice.jpg?fit=1000%2C435&ssl=1","jetpack_sharing_enabled":true,"_links":{"self":[{"href":"https:\/\/bice.org\/fr\/wp-json\/wp\/v2\/posts\/1845","targetHints":{"allow":["GET"]}}],"collection":[{"href":"https:\/\/bice.org\/fr\/wp-json\/wp\/v2\/posts"}],"about":[{"href":"https:\/\/bice.org\/fr\/wp-json\/wp\/v2\/types\/post"}],"author":[{"embeddable":true,"href":"https:\/\/bice.org\/fr\/wp-json\/wp\/v2\/users\/1"}],"replies":[{"embeddable":true,"href":"https:\/\/bice.org\/fr\/wp-json\/wp\/v2\/comments?post=1845"}],"version-history":[{"count":0,"href":"https:\/\/bice.org\/fr\/wp-json\/wp\/v2\/posts\/1845\/revisions"}],"wp:featuredmedia":[{"embeddable":true,"href":"https:\/\/bice.org\/fr\/wp-json\/wp\/v2\/media\/9180"}],"wp:attachment":[{"href":"https:\/\/bice.org\/fr\/wp-json\/wp\/v2\/media?parent=1845"}],"wp:term":[{"taxonomy":"category","embeddable":true,"href":"https:\/\/bice.org\/fr\/wp-json\/wp\/v2\/categories?post=1845"},{"taxonomy":"post_tag","embeddable":true,"href":"https:\/\/bice.org\/fr\/wp-json\/wp\/v2\/tags?post=1845"}],"curies":[{"name":"wp","href":"https:\/\/api.w.org\/{rel}","templated":true}]}}