{"id":1856,"date":"2014-06-13T09:31:48","date_gmt":"2014-06-13T09:31:48","guid":{"rendered":"https:\/\/bice.org\/fr\/armenie-abus-sexuel\/"},"modified":"2024-04-16T11:17:02","modified_gmt":"2024-04-16T09:17:02","slug":"armenie-abus-sexuel","status":"publish","type":"post","link":"https:\/\/bice.org\/fr\/armenie-abus-sexuel\/","title":{"rendered":"Lutte contre la violence, en particulier de nature sexuelle, en Arm\u00e9nie"},"content":{"rendered":"<p>Aujourd\u2019hui, fortement enclav\u00e9e entre la Turquie, la G\u00e9orgie, l\u2019Iran et l\u2019Azerba\u00efdjan, l\u2019Arm\u00e9nie peine \u00e0 sortir de l\u2019\u00e8re sovi\u00e9tique et son d\u00e9veloppement socio-\u00e9conomique est fortement ralenti.<\/p>\n<p>Les cas de violences, en particulier de nature sexuelle, sur les enfants en Arm\u00e9nie sont encore courants. En effet, la probl\u00e9matique de l\u2019abus sexuel et des violences envers les enfants reste tabou dans la soci\u00e9t\u00e9 arm\u00e9nienne.<\/p>\n<p>L\u2019\u00c9tat d\u00e9veloppe de surcro\u00eet peu de politiques publiques et les structures d\u2019accueil manquent de personnel qualifi\u00e9.<\/p>\n<h2>Le BICE agit pour lutter contre la violence, en particulier de nature sexuelle<\/h2>\n<p>En 2014, le BICE a d\u00e9but\u00e9 un nouveau partenariat avec l\u2019<a href=\"http:\/\/arevamanuk.com\/?lng=en\" target=\"_blank\" rel=\"noopener noreferrer\">association Arevamanuk<\/a> pour lutter contre les abus sexuels.<\/p>\n<p><strong>Le programme 2014-2017 avait plusieurs objectifs :<\/strong><\/p>\n<ul>\n<li>Apporter un appui psychosocial de qualit\u00e9 pour <a href=\"https:\/\/bice.org\/fr\/la-resilience-au-coeur-de-notre-action\/\">permettre la r\u00e9silience<\/a> et le r\u00e9tablissement des enfants.<\/li>\n<li>D\u00e9velopper des pratiques respectueuses du recueil de la parole de l\u2019enfant.<\/li>\n<\/ul>\n<p><strong><span style=\"float: none; background-color: #ffffff; color: #191e23; cursor: text; font-family: 'Noto Serif'; font-size: 16px; font-style: normal; font-variant: normal; letter-spacing: normal; orphans: 2; text-align: left; text-decoration: none; text-indent: 0px; text-transform: none; -webkit-text-stroke-width: 0px; white-space: normal; word-spacing: 0px; display: inline !important;\">Le <a href=\"https:\/\/bice.org\/fr\/lutter-contre-la-violence\/\">programme 2019-2021<\/a> s&#8217;inscrit dans la continuit\u00e9 du pr\u00e9c\u00e9dent :<\/span><\/strong><\/p>\n<ul>\n<li>Informer et sensibiliser les enfants et leur entourage afin d\u2019am\u00e9liorer la pr\u00e9vention de la violence.<\/li>\n<li>Am\u00e9liorer la qualit\u00e9 de l\u2019accompagnement des enfants victimes de violence.<\/li>\n<\/ul>\n<h2>Activit\u00e9s contre la violence faites aux enfants<\/h2>\n<p>En Arm\u00e9nie, plus sp\u00e9cifiquement, le programme de lutte contre la violence, y compris de nature sexuelle, comporte diff\u00e9rentes activit\u00e9s\u00a0 :<\/p>\n<ul>\n<li>Accompagnement psychologique, th\u00e9rapeutique et juridique des enfants victimes de violences.<\/li>\n<li>Installation en 2020 d\u2019une unit\u00e9 psycho-judiciaire pilote pour accueillir la parole et \u00e9couter les enfants victimes.<\/li>\n<li>Recueil de la parole de l\u2019enfant victime de mani\u00e8re adapt\u00e9e \u00e0 son \u00e2ge et son traumatisme.<\/li>\n<li>Mise en \u0153uvre des m\u00e9thodes d\u2019accompagnement des enfants victimes d\u2019abus sexuel.<\/li>\n<li>Formation des professionnels afin qu&#8217;ils transmettent ensuite \u00e0 d\u2019autres professionnels de divers secteurs (internats, orphelinats, centres sociaux, brigades des mineurs, commissariats de police, foyers, \u00e9tudiants\u2026).<\/li>\n<\/ul>\n<h2>Le programme est soutenu par :<\/h2>\n<ul>\n<li>Fondation Assistance Internationale<\/li>\n<li>Fondation OAK<\/li>\n<li>Fondation d\u2019entreprise Air France<\/li>\n<li>Barreau de Paris Solidarit\u00e9<\/li>\n<li>End Violence Against Children<\/li>\n<\/ul>\n\n\n<p>\u00c0 lire, en compl\u00e9ment, cet article publi\u00e9 en mars 2020 sur les actions de lutte contre la violence men\u00e9es par le BICE et ses partenaires en Europe de l&#8217;Est :<\/p>\n\n\n\n<figure class=\"wp-block-embed-wordpress wp-block-embed is-type-wp-embed is-provider-bice-ong-de-protection-des-droits-de-l-039-enfant\"><div class=\"wp-block-embed__wrapper\">\n<blockquote class=\"wp-embedded-content\" data-secret=\"IVQMsKgHaG\"><a href=\"https:\/\/bice.org\/fr\/lutte-contre-la-violence-en-europe-de-lest-une-premiere-annee-de-programme-efficace\/\">Lutte contre la violence en Europe de l\u2019Est : une premi\u00e8re ann\u00e9e de programme efficace<\/a><\/blockquote><iframe class=\"wp-embedded-content\" sandbox=\"allow-scripts\" security=\"restricted\" style=\"position: absolute; clip: rect(1px, 1px, 1px, 1px);\" title=\"\u00ab\u00a0Lutte contre la violence en Europe de l\u2019Est : une premi\u00e8re ann\u00e9e de programme efficace\u00a0\u00bb &#8212; BICE - ONG de protection des droits de l&#039;enfant\" src=\"https:\/\/bice.org\/fr\/lutte-contre-la-violence-en-europe-de-lest-une-premiere-annee-de-programme-efficace\/embed\/#?secret=0dvGI6SGnS#?secret=IVQMsKgHaG\" data-secret=\"IVQMsKgHaG\" width=\"500\" height=\"282\" frameborder=\"0\" marginwidth=\"0\" marginheight=\"0\" scrolling=\"no\"><\/iframe>\n<\/div><\/figure>\n","protected":false},"excerpt":{"rendered":"<p>L\u2019Arm\u00e9nie est un pays du Caucase, ex-r\u00e9publique d\u2019URSS et d\u00e9sormais membre de la CEI.<\/p>\n","protected":false},"author":1,"featured_media":46781,"comment_status":"closed","ping_status":"closed","sticky":false,"template":"","format":"standard","meta":{"_acf_changed":false,"footnotes":"","jetpack_publicize_message":"","jetpack_publicize_feature_enabled":true,"jetpack_social_post_already_shared":false,"jetpack_social_options":{"image_generator_settings":{"template":"highway","default_image_id":0,"font":"","enabled":false},"version":2}},"categories":[1],"tags":[355,425,478],"class_list":["post-1856","post","type-post","status-publish","format-standard","has-post-thumbnail","hentry","category-non-categorise","tag-abus","tag-abus-sexuel","tag-armenie"],"acf":[],"yoast_head":"<!-- This site is optimized with the Yoast SEO plugin v27.2 - https:\/\/yoast.com\/product\/yoast-seo-wordpress\/ -->\n<title>Lutte contre l&#039;abus sexuel en Arm\u00e9nie |Droits de l&#039;enfant | BICE<\/title>\n<meta name=\"description\" content=\"Le BICE (Bureau International Catholique de l\u2019Enfance) lutte contre l&#039;abus sexuel des enfants en Arm\u00e9nie\" \/>\n<meta name=\"robots\" content=\"index, follow, max-snippet:-1, max-image-preview:large, max-video-preview:-1\" \/>\n<link rel=\"canonical\" href=\"https:\/\/bice.org\/fr\/wp-json\/wp\/v2\/posts\/1856\" \/>\n<meta property=\"og:locale\" content=\"fr_FR\" \/>\n<meta property=\"og:type\" content=\"article\" \/>\n<meta property=\"og:title\" content=\"Lutte contre l&#039;abus sexuel en Arm\u00e9nie |Droits de l&#039;enfant | BICE\" \/>\n<meta property=\"og:description\" content=\"Le BICE (Bureau International Catholique de l\u2019Enfance) lutte contre l&#039;abus sexuel des enfants en Arm\u00e9nie\" \/>\n<meta property=\"og:url\" content=\"https:\/\/bice.org\/fr\/armenie-abus-sexuel\/\" \/>\n<meta property=\"og:site_name\" content=\"BICE - ONG de protection des droits de l&#039;enfant\" \/>\n<meta property=\"article:author\" content=\"https:\/\/www.facebook.com\/OngBICE\" \/>\n<meta property=\"article:published_time\" content=\"2014-06-13T09:31:48+00:00\" \/>\n<meta property=\"article:modified_time\" content=\"2024-04-16T09:17:02+00:00\" \/>\n<meta property=\"og:image\" content=\"https:\/\/i0.wp.com\/bice.org\/app\/uploads\/2014\/06\/armenie-2.jpg?fit=1421%2C818&ssl=1\" \/>\n\t<meta property=\"og:image:width\" content=\"1421\" \/>\n\t<meta property=\"og:image:height\" content=\"818\" \/>\n\t<meta property=\"og:image:type\" content=\"image\/jpeg\" \/>\n<meta name=\"author\" content=\"BICE\" \/>\n<meta name=\"twitter:card\" content=\"summary_large_image\" \/>\n<meta name=\"twitter:creator\" content=\"@ongbice\" \/>\n<meta name=\"twitter:label1\" content=\"\u00c9crit par\" \/>\n\t<meta name=\"twitter:data1\" content=\"BICE\" \/>\n\t<meta name=\"twitter:label2\" content=\"Dur\u00e9e de lecture estim\u00e9e\" \/>\n\t<meta name=\"twitter:data2\" content=\"2 minutes\" \/>\n<!-- \/ Yoast SEO plugin. -->","yoast_head_json":{"title":"Lutte contre l'abus sexuel en Arm\u00e9nie |Droits de l'enfant | BICE","description":"Le BICE (Bureau International Catholique de l\u2019Enfance) lutte contre l'abus sexuel des enfants en Arm\u00e9nie","robots":{"index":"index","follow":"follow","max-snippet":"max-snippet:-1","max-image-preview":"max-image-preview:large","max-video-preview":"max-video-preview:-1"},"canonical":"https:\/\/bice.org\/fr\/wp-json\/wp\/v2\/posts\/1856","og_locale":"fr_FR","og_type":"article","og_title":"Lutte contre l'abus sexuel en Arm\u00e9nie |Droits de l'enfant | BICE","og_description":"Le BICE (Bureau International Catholique de l\u2019Enfance) lutte contre l'abus sexuel des enfants en Arm\u00e9nie","og_url":"https:\/\/bice.org\/fr\/armenie-abus-sexuel\/","og_site_name":"BICE - ONG de protection des droits de l&#039;enfant","article_author":"https:\/\/www.facebook.com\/OngBICE","article_published_time":"2014-06-13T09:31:48+00:00","article_modified_time":"2024-04-16T09:17:02+00:00","og_image":[{"width":1421,"height":818,"url":"https:\/\/i0.wp.com\/bice.org\/app\/uploads\/2014\/06\/armenie-2.jpg?fit=1421%2C818&ssl=1","type":"image\/jpeg"}],"author":"BICE","twitter_card":"summary_large_image","twitter_creator":"@ongbice","twitter_misc":{"\u00c9crit par":"BICE","Dur\u00e9e de lecture estim\u00e9e":"2 minutes"},"schema":{"@context":"https:\/\/schema.org","@graph":[{"@type":"Article","@id":"https:\/\/bice.org\/fr\/armenie-abus-sexuel\/#article","isPartOf":{"@id":"https:\/\/bice.org\/fr\/armenie-abus-sexuel\/"},"author":{"name":"BICE","@id":"https:\/\/bice.org\/fr\/#\/schema\/person\/5ffe567f32d0dbd204977300f4986f5b"},"headline":"Lutte contre la violence, en particulier de nature sexuelle, en Arm\u00e9nie","datePublished":"2014-06-13T09:31:48+00:00","dateModified":"2024-04-16T09:17:02+00:00","mainEntityOfPage":{"@id":"https:\/\/bice.org\/fr\/armenie-abus-sexuel\/"},"wordCount":393,"publisher":{"@id":"https:\/\/bice.org\/fr\/#organization"},"image":{"@id":"https:\/\/bice.org\/fr\/armenie-abus-sexuel\/#primaryimage"},"thumbnailUrl":"https:\/\/i0.wp.com\/bice.org\/app\/uploads\/2014\/06\/armenie-2.jpg?fit=1421%2C818&ssl=1","keywords":["abus","Abus sexuel","Arm\u00e9nie"],"articleSection":["Non cat\u00e9goris\u00e9"],"inLanguage":"fr-FR"},{"@type":"WebPage","@id":"https:\/\/bice.org\/fr\/armenie-abus-sexuel\/","url":"https:\/\/bice.org\/fr\/armenie-abus-sexuel\/","name":"Lutte contre l'abus sexuel en Arm\u00e9nie |Droits de l'enfant | BICE","isPartOf":{"@id":"https:\/\/bice.org\/fr\/#website"},"primaryImageOfPage":{"@id":"https:\/\/bice.org\/fr\/armenie-abus-sexuel\/#primaryimage"},"image":{"@id":"https:\/\/bice.org\/fr\/armenie-abus-sexuel\/#primaryimage"},"thumbnailUrl":"https:\/\/i0.wp.com\/bice.org\/app\/uploads\/2014\/06\/armenie-2.jpg?fit=1421%2C818&ssl=1","datePublished":"2014-06-13T09:31:48+00:00","dateModified":"2024-04-16T09:17:02+00:00","description":"Le BICE (Bureau International Catholique de l\u2019Enfance) lutte contre l'abus sexuel des enfants en Arm\u00e9nie","breadcrumb":{"@id":"https:\/\/bice.org\/fr\/armenie-abus-sexuel\/#breadcrumb"},"inLanguage":"fr-FR","potentialAction":[{"@type":"ReadAction","target":["https:\/\/bice.org\/fr\/armenie-abus-sexuel\/"]}]},{"@type":"ImageObject","inLanguage":"fr-FR","@id":"https:\/\/bice.org\/fr\/armenie-abus-sexuel\/#primaryimage","url":"https:\/\/i0.wp.com\/bice.org\/app\/uploads\/2014\/06\/armenie-2.jpg?fit=1421%2C818&ssl=1","contentUrl":"https:\/\/i0.wp.com\/bice.org\/app\/uploads\/2014\/06\/armenie-2.jpg?fit=1421%2C818&ssl=1","width":1421,"height":818,"caption":"Cette salle d'audition en Arm\u00e9nie permet une meilleure prise en compte de la parole de l\u2019enfant victime de violences et du respect de ses droits."},{"@type":"BreadcrumbList","@id":"https:\/\/bice.org\/fr\/armenie-abus-sexuel\/#breadcrumb","itemListElement":[{"@type":"ListItem","position":1,"name":"Accueil","item":"https:\/\/bice.org\/fr\/"},{"@type":"ListItem","position":2,"name":"Non cat\u00e9goris\u00e9","item":"https:\/\/bice.org\/fr\/theme\/non-categorise\/"},{"@type":"ListItem","position":3,"name":"Lutte contre la violence, en particulier de nature sexuelle, en Arm\u00e9nie"}]},{"@type":"WebSite","@id":"https:\/\/bice.org\/fr\/#website","url":"https:\/\/bice.org\/fr\/","name":"BICE - ONG de protection des droits de l&#039;enfant","description":"Notre mission : D\u00e9fendre les droits et la dignit\u00e9 des enfants partout dans le monde","publisher":{"@id":"https:\/\/bice.org\/fr\/#organization"},"potentialAction":[{"@type":"SearchAction","target":{"@type":"EntryPoint","urlTemplate":"https:\/\/bice.org\/fr\/?s={search_term_string}"},"query-input":{"@type":"PropertyValueSpecification","valueRequired":true,"valueName":"search_term_string"}}],"inLanguage":"fr-FR"},{"@type":"Organization","@id":"https:\/\/bice.org\/fr\/#organization","name":"BICE","url":"https:\/\/bice.org\/fr\/","logo":{"@type":"ImageObject","inLanguage":"fr-FR","@id":"https:\/\/bice.org\/fr\/#\/schema\/logo\/image\/","url":"https:\/\/bice.org\/app\/uploads\/2022\/06\/favicon.ico","contentUrl":"https:\/\/bice.org\/app\/uploads\/2022\/06\/favicon.ico","width":64,"height":64,"caption":"BICE"},"image":{"@id":"https:\/\/bice.org\/fr\/#\/schema\/logo\/image\/"}},{"@type":"Person","@id":"https:\/\/bice.org\/fr\/#\/schema\/person\/5ffe567f32d0dbd204977300f4986f5b","name":"BICE","image":{"@type":"ImageObject","inLanguage":"fr-FR","@id":"https:\/\/secure.gravatar.com\/avatar\/2cef44cbc317f08498adbfd4c31e9d16fae93e3fb3589a01932b588cb583f93b?s=96&d=mm&r=g","url":"https:\/\/secure.gravatar.com\/avatar\/2cef44cbc317f08498adbfd4c31e9d16fae93e3fb3589a01932b588cb583f93b?s=96&d=mm&r=g","contentUrl":"https:\/\/secure.gravatar.com\/avatar\/2cef44cbc317f08498adbfd4c31e9d16fae93e3fb3589a01932b588cb583f93b?s=96&d=mm&r=g","caption":"BICE"},"description":"Articles et actualit\u00e9s du BICE","sameAs":["https:\/\/bice.org","https:\/\/www.facebook.com\/OngBICE","https:\/\/x.com\/ongbice"]}]}},"jetpack_publicize_connections":[],"jetpack_featured_media_url":"https:\/\/i0.wp.com\/bice.org\/app\/uploads\/2014\/06\/armenie-2.jpg?fit=1421%2C818&ssl=1","jetpack_sharing_enabled":true,"_links":{"self":[{"href":"https:\/\/bice.org\/fr\/wp-json\/wp\/v2\/posts\/1856","targetHints":{"allow":["GET"]}}],"collection":[{"href":"https:\/\/bice.org\/fr\/wp-json\/wp\/v2\/posts"}],"about":[{"href":"https:\/\/bice.org\/fr\/wp-json\/wp\/v2\/types\/post"}],"author":[{"embeddable":true,"href":"https:\/\/bice.org\/fr\/wp-json\/wp\/v2\/users\/1"}],"replies":[{"embeddable":true,"href":"https:\/\/bice.org\/fr\/wp-json\/wp\/v2\/comments?post=1856"}],"version-history":[{"count":0,"href":"https:\/\/bice.org\/fr\/wp-json\/wp\/v2\/posts\/1856\/revisions"}],"wp:featuredmedia":[{"embeddable":true,"href":"https:\/\/bice.org\/fr\/wp-json\/wp\/v2\/media\/46781"}],"wp:attachment":[{"href":"https:\/\/bice.org\/fr\/wp-json\/wp\/v2\/media?parent=1856"}],"wp:term":[{"taxonomy":"category","embeddable":true,"href":"https:\/\/bice.org\/fr\/wp-json\/wp\/v2\/categories?post=1856"},{"taxonomy":"post_tag","embeddable":true,"href":"https:\/\/bice.org\/fr\/wp-json\/wp\/v2\/tags?post=1856"}],"curies":[{"name":"wp","href":"https:\/\/api.w.org\/{rel}","templated":true}]}}