{"id":1878,"date":"2014-06-16T13:50:43","date_gmt":"2014-06-16T13:50:43","guid":{"rendered":"https:\/\/bice.org\/fr\/bnce-rdc\/"},"modified":"2024-07-31T14:44:05","modified_gmt":"2024-07-31T12:44:05","slug":"bnce-rdc","status":"publish","type":"post","link":"https:\/\/bice.org\/fr\/bnce-rdc\/","title":{"rendered":"Bureau National Catholique de l&#8217;Enfance RDC (BNCE &#8211; RDC)"},"content":{"rendered":"<p><strong>Ville, Pays\u00a0: <\/strong>Kinshasa, RDC<br \/><img data-recalc-dims=\"1\" decoding=\"async\" class=\" wp-image-14943 alignright\" src=\"https:\/\/i0.wp.com\/bice.org\/app\/uploads\/2016\/02\/bnce_rdc.jpg?resize=546%2C105&#038;ssl=1\" alt=\"bnce_rdc\" width=\"546\" height=\"105\" \/><\/p>\n<h2>Pr\u00e9sentation\u00a0:<\/h2>\n<p>Cr\u00e9\u00e9 en 2011, le BNCE-RDC s\u2019engage \u00e0 favoriser la croissance int\u00e9grale des enfants dans une perspective chr\u00e9tienne, en plaidant pour l\u2019am\u00e9lioration de leurs conditions de vie,\u00a0 surtout pour les plus d\u00e9favoris\u00e9s.<\/p>\n<p>Ses actions en faveur notamment des enfants en conflit avec la loi (assistance juridique et psychosociale) et de ceux en situation de rue favorisent la protection de l&#8217;enfance et la justice juv\u00e9nile.<\/p>\n<p>Le BNCE-RDC est aussi un acteur pour le plaidoyer politique afin que les normes nationales et internationales en faveur des enfants soient mieux respect\u00e9es. Le renforcement de capacit\u00e9s des professionnels de m\u00eame que la sensibilisation de la soci\u00e9t\u00e9 civile et la mobilisation communautaire \u00e0 travers les Comit\u00e9s Locaux de Promotion et de Protection des Droits des Enfants (CPLE) font partie des priorit\u00e9s de l\u2019association.<\/p>\n<h2>Contacts :<\/h2>\n<p><strong>E-mail: <\/strong><a href=\"mailto:bncerdcongo2011@gmail.com\">bncerdcongo2011@gmail.com<\/a><\/p>\n<p><strong>Facebook<\/strong>: <a href=\"https:\/\/m.facebook.com\/people\/Bureau-National-Catholique-de-lEnfance-R\u00e9publique-D\u00e9mocratique-du-Congo\/100069385728344\/?locale=hi_IN\">https:\/\/m.facebook.com\/people\/Bureau-National-Catholique-de-lEnfance-R%C3%A9publique-D%C3%A9mocratique-du-Congo\/100069385728344\/?locale=hi_IN<\/a>\u00a0<\/p>\n<p>\u00a0<\/p>\n\n\n<p><\/p>\n","protected":false},"excerpt":{"rendered":"<p>Ville, Pays\u00a0: Kinshasa, RDC Pr\u00e9sentation\u00a0: Cr\u00e9\u00e9 en 2011, le BNCE-RDC s\u2019engage \u00e0 favoriser la croissance int\u00e9grale des enfants dans une perspective chr\u00e9tienne, en plaidant pour l\u2019am\u00e9lioration de leurs conditions de vie,\u00a0 surtout pour les plus d\u00e9favoris\u00e9s. Ses actions en faveur notamment des enfants en conflit avec la loi (assistance juridique et psychosociale) et de ceux &hellip; <a href=\"https:\/\/bice.org\/fr\/bnce-rdc\/\">Suite<\/a><\/p>\n","protected":false},"author":1,"featured_media":14533,"comment_status":"closed","ping_status":"closed","sticky":false,"template":"","format":"standard","meta":{"_acf_changed":false,"footnotes":"","jetpack_publicize_message":"","jetpack_publicize_feature_enabled":true,"jetpack_social_post_already_shared":false,"jetpack_social_options":{"image_generator_settings":{"template":"highway","default_image_id":0,"font":"","enabled":false},"version":2}},"categories":[129],"tags":[],"class_list":["post-1878","post","type-post","status-publish","format-standard","has-post-thumbnail","hentry","category-organisations-membres-bice"],"acf":[],"yoast_head":"<!-- This site is optimized with the Yoast SEO plugin v27.2 - https:\/\/yoast.com\/product\/yoast-seo-wordpress\/ -->\n<title>BNCE-RDC, membre du r\u00e9seau du BICE<\/title>\n<meta name=\"description\" content=\"Le Bureau National Catholique de l&#039;Enfance RDC assurer le d\u00e9veloppement int\u00e9gral de tous les enfants dans une perspective chr\u00e9tienne.\" \/>\n<meta name=\"robots\" content=\"index, follow, max-snippet:-1, max-image-preview:large, max-video-preview:-1\" \/>\n<link rel=\"canonical\" href=\"https:\/\/bice.org\/fr\/wp-json\/wp\/v2\/posts\/1878\" \/>\n<meta property=\"og:locale\" content=\"fr_FR\" \/>\n<meta property=\"og:type\" content=\"article\" \/>\n<meta property=\"og:title\" content=\"BNCE-RDC, membre du r\u00e9seau du BICE\" \/>\n<meta property=\"og:description\" content=\"Le Bureau National Catholique de l&#039;Enfance RDC assurer le d\u00e9veloppement int\u00e9gral de tous les enfants dans une perspective chr\u00e9tienne.\" \/>\n<meta property=\"og:url\" content=\"https:\/\/bice.org\/fr\/bnce-rdc\/\" \/>\n<meta property=\"og:site_name\" content=\"BICE - ONG de protection des droits de l&#039;enfant\" \/>\n<meta property=\"article:author\" content=\"https:\/\/www.facebook.com\/OngBICE\" \/>\n<meta property=\"article:published_time\" content=\"2014-06-16T13:50:43+00:00\" \/>\n<meta property=\"article:modified_time\" content=\"2024-07-31T12:44:05+00:00\" \/>\n<meta name=\"author\" content=\"BICE\" \/>\n<meta name=\"twitter:card\" content=\"summary_large_image\" \/>\n<meta name=\"twitter:image\" content=\"https:\/\/i0.wp.com\/bice.org\/app\/uploads\/2016\/02\/bnce_rdc.jpg?fit=%2C&ssl=1\" \/>\n<meta name=\"twitter:creator\" content=\"@ongbice\" \/>\n<meta name=\"twitter:label1\" content=\"\u00c9crit par\" \/>\n\t<meta name=\"twitter:data1\" content=\"BICE\" \/>\n\t<meta name=\"twitter:label2\" content=\"Dur\u00e9e de lecture estim\u00e9e\" \/>\n\t<meta name=\"twitter:data2\" content=\"2 minutes\" \/>\n<!-- \/ Yoast SEO plugin. -->","yoast_head_json":{"title":"BNCE-RDC, membre du r\u00e9seau du BICE","description":"Le Bureau National Catholique de l'Enfance RDC assurer le d\u00e9veloppement int\u00e9gral de tous les enfants dans une perspective chr\u00e9tienne.","robots":{"index":"index","follow":"follow","max-snippet":"max-snippet:-1","max-image-preview":"max-image-preview:large","max-video-preview":"max-video-preview:-1"},"canonical":"https:\/\/bice.org\/fr\/wp-json\/wp\/v2\/posts\/1878","og_locale":"fr_FR","og_type":"article","og_title":"BNCE-RDC, membre du r\u00e9seau du BICE","og_description":"Le Bureau National Catholique de l'Enfance RDC assurer le d\u00e9veloppement int\u00e9gral de tous les enfants dans une perspective chr\u00e9tienne.","og_url":"https:\/\/bice.org\/fr\/bnce-rdc\/","og_site_name":"BICE - ONG de protection des droits de l&#039;enfant","article_author":"https:\/\/www.facebook.com\/OngBICE","article_published_time":"2014-06-16T13:50:43+00:00","article_modified_time":"2024-07-31T12:44:05+00:00","author":"BICE","twitter_card":"summary_large_image","twitter_image":"https:\/\/i0.wp.com\/bice.org\/app\/uploads\/2016\/02\/bnce_rdc.jpg?fit=%2C&ssl=1","twitter_creator":"@ongbice","twitter_misc":{"\u00c9crit par":"BICE","Dur\u00e9e de lecture estim\u00e9e":"2 minutes"},"schema":{"@context":"https:\/\/schema.org","@graph":[{"@type":"Article","@id":"https:\/\/bice.org\/fr\/bnce-rdc\/#article","isPartOf":{"@id":"https:\/\/bice.org\/fr\/bnce-rdc\/"},"author":{"name":"BICE","@id":"https:\/\/bice.org\/fr\/#\/schema\/person\/5ffe567f32d0dbd204977300f4986f5b"},"headline":"Bureau National Catholique de l&#8217;Enfance RDC (BNCE &#8211; RDC)","datePublished":"2014-06-16T13:50:43+00:00","dateModified":"2024-07-31T12:44:05+00:00","mainEntityOfPage":{"@id":"https:\/\/bice.org\/fr\/bnce-rdc\/"},"wordCount":177,"publisher":{"@id":"https:\/\/bice.org\/fr\/#organization"},"image":{"@id":"https:\/\/bice.org\/fr\/bnce-rdc\/#primaryimage"},"thumbnailUrl":"https:\/\/i0.wp.com\/bice.org\/app\/uploads\/2016\/02\/bnce_rdc.jpg?fit=%2C&ssl=1","articleSection":["Les organisations membres du BICE"],"inLanguage":"fr-FR"},{"@type":"WebPage","@id":"https:\/\/bice.org\/fr\/bnce-rdc\/","url":"https:\/\/bice.org\/fr\/bnce-rdc\/","name":"BNCE-RDC, membre du r\u00e9seau du BICE","isPartOf":{"@id":"https:\/\/bice.org\/fr\/#website"},"primaryImageOfPage":{"@id":"https:\/\/bice.org\/fr\/bnce-rdc\/#primaryimage"},"image":{"@id":"https:\/\/bice.org\/fr\/bnce-rdc\/#primaryimage"},"thumbnailUrl":"https:\/\/i0.wp.com\/bice.org\/app\/uploads\/2016\/02\/bnce_rdc.jpg?fit=%2C&ssl=1","datePublished":"2014-06-16T13:50:43+00:00","dateModified":"2024-07-31T12:44:05+00:00","description":"Le Bureau National Catholique de l'Enfance RDC assurer le d\u00e9veloppement int\u00e9gral de tous les enfants dans une perspective chr\u00e9tienne.","breadcrumb":{"@id":"https:\/\/bice.org\/fr\/bnce-rdc\/#breadcrumb"},"inLanguage":"fr-FR","potentialAction":[{"@type":"ReadAction","target":["https:\/\/bice.org\/fr\/bnce-rdc\/"]}]},{"@type":"ImageObject","inLanguage":"fr-FR","@id":"https:\/\/bice.org\/fr\/bnce-rdc\/#primaryimage","url":"https:\/\/i0.wp.com\/bice.org\/app\/uploads\/2016\/02\/bnce_rdc.jpg?fit=%2C&ssl=1","contentUrl":"https:\/\/i0.wp.com\/bice.org\/app\/uploads\/2016\/02\/bnce_rdc.jpg?fit=%2C&ssl=1"},{"@type":"BreadcrumbList","@id":"https:\/\/bice.org\/fr\/bnce-rdc\/#breadcrumb","itemListElement":[{"@type":"ListItem","position":1,"name":"Accueil","item":"https:\/\/bice.org\/fr\/"},{"@type":"ListItem","position":2,"name":"Les organisations membres du BICE","item":"https:\/\/bice.org\/fr\/theme\/organisations-membres-bice\/"},{"@type":"ListItem","position":3,"name":"Bureau National Catholique de l&#8217;Enfance RDC (BNCE &#8211; RDC)"}]},{"@type":"WebSite","@id":"https:\/\/bice.org\/fr\/#website","url":"https:\/\/bice.org\/fr\/","name":"BICE - ONG de protection des droits de l&#039;enfant","description":"Notre mission : D\u00e9fendre les droits et la dignit\u00e9 des enfants partout dans le monde","publisher":{"@id":"https:\/\/bice.org\/fr\/#organization"},"potentialAction":[{"@type":"SearchAction","target":{"@type":"EntryPoint","urlTemplate":"https:\/\/bice.org\/fr\/?s={search_term_string}"},"query-input":{"@type":"PropertyValueSpecification","valueRequired":true,"valueName":"search_term_string"}}],"inLanguage":"fr-FR"},{"@type":"Organization","@id":"https:\/\/bice.org\/fr\/#organization","name":"BICE","url":"https:\/\/bice.org\/fr\/","logo":{"@type":"ImageObject","inLanguage":"fr-FR","@id":"https:\/\/bice.org\/fr\/#\/schema\/logo\/image\/","url":"https:\/\/bice.org\/app\/uploads\/2022\/06\/favicon.ico","contentUrl":"https:\/\/bice.org\/app\/uploads\/2022\/06\/favicon.ico","width":64,"height":64,"caption":"BICE"},"image":{"@id":"https:\/\/bice.org\/fr\/#\/schema\/logo\/image\/"}},{"@type":"Person","@id":"https:\/\/bice.org\/fr\/#\/schema\/person\/5ffe567f32d0dbd204977300f4986f5b","name":"BICE","image":{"@type":"ImageObject","inLanguage":"fr-FR","@id":"https:\/\/secure.gravatar.com\/avatar\/2cef44cbc317f08498adbfd4c31e9d16fae93e3fb3589a01932b588cb583f93b?s=96&d=mm&r=g","url":"https:\/\/secure.gravatar.com\/avatar\/2cef44cbc317f08498adbfd4c31e9d16fae93e3fb3589a01932b588cb583f93b?s=96&d=mm&r=g","contentUrl":"https:\/\/secure.gravatar.com\/avatar\/2cef44cbc317f08498adbfd4c31e9d16fae93e3fb3589a01932b588cb583f93b?s=96&d=mm&r=g","caption":"BICE"},"description":"Articles et actualit\u00e9s du BICE","sameAs":["https:\/\/bice.org","https:\/\/www.facebook.com\/OngBICE","https:\/\/x.com\/ongbice"]}]}},"jetpack_publicize_connections":[],"jetpack_featured_media_url":"https:\/\/i0.wp.com\/bice.org\/app\/uploads\/2016\/02\/bnce_rdc.jpg?fit=%2C&ssl=1","jetpack_sharing_enabled":true,"_links":{"self":[{"href":"https:\/\/bice.org\/fr\/wp-json\/wp\/v2\/posts\/1878","targetHints":{"allow":["GET"]}}],"collection":[{"href":"https:\/\/bice.org\/fr\/wp-json\/wp\/v2\/posts"}],"about":[{"href":"https:\/\/bice.org\/fr\/wp-json\/wp\/v2\/types\/post"}],"author":[{"embeddable":true,"href":"https:\/\/bice.org\/fr\/wp-json\/wp\/v2\/users\/1"}],"replies":[{"embeddable":true,"href":"https:\/\/bice.org\/fr\/wp-json\/wp\/v2\/comments?post=1878"}],"version-history":[{"count":0,"href":"https:\/\/bice.org\/fr\/wp-json\/wp\/v2\/posts\/1878\/revisions"}],"wp:featuredmedia":[{"embeddable":true,"href":"https:\/\/bice.org\/fr\/wp-json\/wp\/v2\/media\/14533"}],"wp:attachment":[{"href":"https:\/\/bice.org\/fr\/wp-json\/wp\/v2\/media?parent=1878"}],"wp:term":[{"taxonomy":"category","embeddable":true,"href":"https:\/\/bice.org\/fr\/wp-json\/wp\/v2\/categories?post=1878"},{"taxonomy":"post_tag","embeddable":true,"href":"https:\/\/bice.org\/fr\/wp-json\/wp\/v2\/tags?post=1878"}],"curies":[{"name":"wp","href":"https:\/\/api.w.org\/{rel}","templated":true}]}}