{"id":1905,"date":"2014-06-17T09:08:52","date_gmt":"2014-06-17T09:08:52","guid":{"rendered":"https:\/\/bice.org\/fr\/foyer-de-l-amitie\/"},"modified":"2024-07-30T09:34:15","modified_gmt":"2024-07-30T07:34:15","slug":"foyer-de-l-amitie","status":"publish","type":"post","link":"https:\/\/bice.org\/fr\/foyer-de-l-amitie\/","title":{"rendered":"Foyer de l&#8217;Amiti\u00e9"},"content":{"rendered":"<p><img data-recalc-dims=\"1\" decoding=\"async\" class=\" wp-image-68504 alignright\" src=\"https:\/\/i0.wp.com\/bice.org\/app\/uploads\/2014\/06\/logo-foyer-de-lamitie.png?resize=379%2C96&#038;ssl=1\" alt=\"foyer de l'amiti\u00e9 logo Liban\" width=\"379\" height=\"96\" \/><strong>Ville, pays <\/strong>: Zahl\u00e9, Liban<\/p>\n<h2>Pr\u00e9sentation :<\/h2>\n<p>Le Foyer de l&#8217;Amiti\u00e9 a \u00e9t\u00e9 fond\u00e9 en 1979 \u00e0 Zahl\u00e9, r\u00e9gion particuli\u00e8rement touch\u00e9e par la guerre, pour accueillir des adultes et des enfants dans une perspective d&#8217;ouverture, de solidarit\u00e9 et de d\u00e9veloppement. L&#8217;action a commenc\u00e9 par l&#8217;aide aux enfants victimes de la guerre et a \u00e9volu\u00e9 par le d\u00e9veloppement de programmes diversifi\u00e9s et compl\u00e9mentaires, \u00e9largissant la vocation initiale du Foyer aux domaines de l&#8217;enseignement, de l&#8217;\u00e9ducation, de la formation et de l&#8217;insertion professionnelle. Il aide aujourd&#8217;hui les plus d\u00e9munis, en reconstruisant des liens de coop\u00e9ration au sein de la soci\u00e9t\u00e9 libanaise et en contribuant ainsi \u00e0 la reconstruction de la paix ; en trouvant des solutions socio-\u00e9ducatives et de formation pour le Liban, dans un esprit d&#8217;amour et de respect de l&#8217;\u00eatre humain.<\/p>\n<h2>Contacts :<\/h2>\n<p><strong>E-mail : <\/strong><a href=\"mailto:info@daralsadaka.com\">info@daralsadaka.com<\/a><\/p>\n<p><strong>Site web : <\/strong><a href=\"https:\/\/daralsadaka.com\/fr\/\" target=\"_blank\" rel=\"noopener\">www.daralsadaka.com<\/a><\/p>\n","protected":false},"excerpt":{"rendered":"<p>Ville, pays : Zahl\u00e9, Liban Pr\u00e9sentation : Le Foyer de l&#8217;Amiti\u00e9 a \u00e9t\u00e9 fond\u00e9 en 1979 \u00e0 Zahl\u00e9, r\u00e9gion particuli\u00e8rement touch\u00e9e par la guerre, pour accueillir des adultes et des enfants dans une perspective d&#8217;ouverture, de solidarit\u00e9 et de d\u00e9veloppement. L&#8217;action a commenc\u00e9 par l&#8217;aide aux enfants victimes de la guerre et a \u00e9volu\u00e9 par &hellip; <a href=\"https:\/\/bice.org\/fr\/foyer-de-l-amitie\/\">Suite<\/a><\/p>\n","protected":false},"author":1,"featured_media":68504,"comment_status":"closed","ping_status":"closed","sticky":false,"template":"","format":"standard","meta":{"_acf_changed":false,"footnotes":"","jetpack_publicize_message":"","jetpack_publicize_feature_enabled":true,"jetpack_social_post_already_shared":false,"jetpack_social_options":{"image_generator_settings":{"template":"highway","default_image_id":0,"font":"","enabled":false},"version":2}},"categories":[129],"tags":[],"class_list":["post-1905","post","type-post","status-publish","format-standard","has-post-thumbnail","hentry","category-organisations-membres-bice"],"acf":[],"yoast_head":"<!-- This site is optimized with the Yoast SEO plugin v27.2 - https:\/\/yoast.com\/product\/yoast-seo-wordpress\/ -->\n<title>Pr\u00e9sentation du foyer de l&#039;Amiti\u00e9 | Liban<\/title>\n<meta name=\"description\" content=\"Au Liban, le Foyer de l&#039;Amiti\u00e9 est au service des enfants victimes de conflits arm\u00e9s.\" \/>\n<meta name=\"robots\" content=\"index, follow, max-snippet:-1, max-image-preview:large, max-video-preview:-1\" \/>\n<link rel=\"canonical\" href=\"https:\/\/bice.org\/fr\/wp-json\/wp\/v2\/posts\/1905\" \/>\n<meta property=\"og:locale\" content=\"fr_FR\" \/>\n<meta property=\"og:type\" content=\"article\" \/>\n<meta property=\"og:title\" content=\"Pr\u00e9sentation du foyer de l&#039;Amiti\u00e9 | Liban\" \/>\n<meta property=\"og:description\" content=\"Au Liban, le Foyer de l&#039;Amiti\u00e9 est au service des enfants victimes de conflits arm\u00e9s.\" \/>\n<meta property=\"og:url\" content=\"https:\/\/bice.org\/fr\/foyer-de-l-amitie\/\" \/>\n<meta property=\"og:site_name\" content=\"BICE - ONG de protection des droits de l&#039;enfant\" \/>\n<meta property=\"article:author\" content=\"https:\/\/www.facebook.com\/OngBICE\" \/>\n<meta property=\"article:published_time\" content=\"2014-06-17T09:08:52+00:00\" \/>\n<meta property=\"article:modified_time\" content=\"2024-07-30T07:34:15+00:00\" \/>\n<meta property=\"og:image\" content=\"https:\/\/i0.wp.com\/bice.org\/app\/uploads\/2014\/06\/logo-foyer-de-lamitie.png?fit=197%2C50&ssl=1\" \/>\n\t<meta property=\"og:image:width\" content=\"197\" \/>\n\t<meta property=\"og:image:height\" content=\"50\" \/>\n\t<meta property=\"og:image:type\" content=\"image\/png\" \/>\n<meta name=\"author\" content=\"BICE\" \/>\n<meta name=\"twitter:card\" content=\"summary_large_image\" \/>\n<meta name=\"twitter:creator\" content=\"@ongbice\" \/>\n<meta name=\"twitter:label1\" content=\"\u00c9crit par\" \/>\n\t<meta name=\"twitter:data1\" content=\"BICE\" \/>\n\t<meta name=\"twitter:label2\" content=\"Dur\u00e9e de lecture estim\u00e9e\" \/>\n\t<meta name=\"twitter:data2\" content=\"2 minutes\" \/>\n<!-- \/ Yoast SEO plugin. -->","yoast_head_json":{"title":"Pr\u00e9sentation du foyer de l'Amiti\u00e9 | Liban","description":"Au Liban, le Foyer de l'Amiti\u00e9 est au service des enfants victimes de conflits arm\u00e9s.","robots":{"index":"index","follow":"follow","max-snippet":"max-snippet:-1","max-image-preview":"max-image-preview:large","max-video-preview":"max-video-preview:-1"},"canonical":"https:\/\/bice.org\/fr\/wp-json\/wp\/v2\/posts\/1905","og_locale":"fr_FR","og_type":"article","og_title":"Pr\u00e9sentation du foyer de l'Amiti\u00e9 | Liban","og_description":"Au Liban, le Foyer de l'Amiti\u00e9 est au service des enfants victimes de conflits arm\u00e9s.","og_url":"https:\/\/bice.org\/fr\/foyer-de-l-amitie\/","og_site_name":"BICE - ONG de protection des droits de l&#039;enfant","article_author":"https:\/\/www.facebook.com\/OngBICE","article_published_time":"2014-06-17T09:08:52+00:00","article_modified_time":"2024-07-30T07:34:15+00:00","og_image":[{"width":197,"height":50,"url":"https:\/\/i0.wp.com\/bice.org\/app\/uploads\/2014\/06\/logo-foyer-de-lamitie.png?fit=197%2C50&ssl=1","type":"image\/png"}],"author":"BICE","twitter_card":"summary_large_image","twitter_creator":"@ongbice","twitter_misc":{"\u00c9crit par":"BICE","Dur\u00e9e de lecture estim\u00e9e":"2 minutes"},"schema":{"@context":"https:\/\/schema.org","@graph":[{"@type":"Article","@id":"https:\/\/bice.org\/fr\/foyer-de-l-amitie\/#article","isPartOf":{"@id":"https:\/\/bice.org\/fr\/foyer-de-l-amitie\/"},"author":{"name":"BICE","@id":"https:\/\/bice.org\/fr\/#\/schema\/person\/5ffe567f32d0dbd204977300f4986f5b"},"headline":"Foyer de l&#8217;Amiti\u00e9","datePublished":"2014-06-17T09:08:52+00:00","dateModified":"2024-07-30T07:34:15+00:00","mainEntityOfPage":{"@id":"https:\/\/bice.org\/fr\/foyer-de-l-amitie\/"},"wordCount":161,"publisher":{"@id":"https:\/\/bice.org\/fr\/#organization"},"image":{"@id":"https:\/\/bice.org\/fr\/foyer-de-l-amitie\/#primaryimage"},"thumbnailUrl":"https:\/\/i0.wp.com\/bice.org\/app\/uploads\/2014\/06\/logo-foyer-de-lamitie.png?fit=197%2C50&ssl=1","articleSection":["Les organisations membres du BICE"],"inLanguage":"fr-FR"},{"@type":"WebPage","@id":"https:\/\/bice.org\/fr\/foyer-de-l-amitie\/","url":"https:\/\/bice.org\/fr\/foyer-de-l-amitie\/","name":"Pr\u00e9sentation du foyer de l'Amiti\u00e9 | Liban","isPartOf":{"@id":"https:\/\/bice.org\/fr\/#website"},"primaryImageOfPage":{"@id":"https:\/\/bice.org\/fr\/foyer-de-l-amitie\/#primaryimage"},"image":{"@id":"https:\/\/bice.org\/fr\/foyer-de-l-amitie\/#primaryimage"},"thumbnailUrl":"https:\/\/i0.wp.com\/bice.org\/app\/uploads\/2014\/06\/logo-foyer-de-lamitie.png?fit=197%2C50&ssl=1","datePublished":"2014-06-17T09:08:52+00:00","dateModified":"2024-07-30T07:34:15+00:00","description":"Au Liban, le Foyer de l'Amiti\u00e9 est au service des enfants victimes de conflits arm\u00e9s.","breadcrumb":{"@id":"https:\/\/bice.org\/fr\/foyer-de-l-amitie\/#breadcrumb"},"inLanguage":"fr-FR","potentialAction":[{"@type":"ReadAction","target":["https:\/\/bice.org\/fr\/foyer-de-l-amitie\/"]}]},{"@type":"ImageObject","inLanguage":"fr-FR","@id":"https:\/\/bice.org\/fr\/foyer-de-l-amitie\/#primaryimage","url":"https:\/\/i0.wp.com\/bice.org\/app\/uploads\/2014\/06\/logo-foyer-de-lamitie.png?fit=197%2C50&ssl=1","contentUrl":"https:\/\/i0.wp.com\/bice.org\/app\/uploads\/2014\/06\/logo-foyer-de-lamitie.png?fit=197%2C50&ssl=1","width":197,"height":50,"caption":"foyer de l'amiti\u00e9 logo Liban"},{"@type":"BreadcrumbList","@id":"https:\/\/bice.org\/fr\/foyer-de-l-amitie\/#breadcrumb","itemListElement":[{"@type":"ListItem","position":1,"name":"Accueil","item":"https:\/\/bice.org\/fr\/"},{"@type":"ListItem","position":2,"name":"Les organisations membres du BICE","item":"https:\/\/bice.org\/fr\/theme\/organisations-membres-bice\/"},{"@type":"ListItem","position":3,"name":"Foyer de l&#8217;Amiti\u00e9"}]},{"@type":"WebSite","@id":"https:\/\/bice.org\/fr\/#website","url":"https:\/\/bice.org\/fr\/","name":"BICE - ONG de protection des droits de l&#039;enfant","description":"Notre mission : D\u00e9fendre les droits et la dignit\u00e9 des enfants partout dans le monde","publisher":{"@id":"https:\/\/bice.org\/fr\/#organization"},"potentialAction":[{"@type":"SearchAction","target":{"@type":"EntryPoint","urlTemplate":"https:\/\/bice.org\/fr\/?s={search_term_string}"},"query-input":{"@type":"PropertyValueSpecification","valueRequired":true,"valueName":"search_term_string"}}],"inLanguage":"fr-FR"},{"@type":"Organization","@id":"https:\/\/bice.org\/fr\/#organization","name":"BICE","url":"https:\/\/bice.org\/fr\/","logo":{"@type":"ImageObject","inLanguage":"fr-FR","@id":"https:\/\/bice.org\/fr\/#\/schema\/logo\/image\/","url":"https:\/\/bice.org\/app\/uploads\/2022\/06\/favicon.ico","contentUrl":"https:\/\/bice.org\/app\/uploads\/2022\/06\/favicon.ico","width":64,"height":64,"caption":"BICE"},"image":{"@id":"https:\/\/bice.org\/fr\/#\/schema\/logo\/image\/"}},{"@type":"Person","@id":"https:\/\/bice.org\/fr\/#\/schema\/person\/5ffe567f32d0dbd204977300f4986f5b","name":"BICE","image":{"@type":"ImageObject","inLanguage":"fr-FR","@id":"https:\/\/secure.gravatar.com\/avatar\/2cef44cbc317f08498adbfd4c31e9d16fae93e3fb3589a01932b588cb583f93b?s=96&d=mm&r=g","url":"https:\/\/secure.gravatar.com\/avatar\/2cef44cbc317f08498adbfd4c31e9d16fae93e3fb3589a01932b588cb583f93b?s=96&d=mm&r=g","contentUrl":"https:\/\/secure.gravatar.com\/avatar\/2cef44cbc317f08498adbfd4c31e9d16fae93e3fb3589a01932b588cb583f93b?s=96&d=mm&r=g","caption":"BICE"},"description":"Articles et actualit\u00e9s du BICE","sameAs":["https:\/\/bice.org","https:\/\/www.facebook.com\/OngBICE","https:\/\/x.com\/ongbice"]}]}},"jetpack_publicize_connections":[],"jetpack_featured_media_url":"https:\/\/i0.wp.com\/bice.org\/app\/uploads\/2014\/06\/logo-foyer-de-lamitie.png?fit=197%2C50&ssl=1","jetpack_sharing_enabled":true,"_links":{"self":[{"href":"https:\/\/bice.org\/fr\/wp-json\/wp\/v2\/posts\/1905","targetHints":{"allow":["GET"]}}],"collection":[{"href":"https:\/\/bice.org\/fr\/wp-json\/wp\/v2\/posts"}],"about":[{"href":"https:\/\/bice.org\/fr\/wp-json\/wp\/v2\/types\/post"}],"author":[{"embeddable":true,"href":"https:\/\/bice.org\/fr\/wp-json\/wp\/v2\/users\/1"}],"replies":[{"embeddable":true,"href":"https:\/\/bice.org\/fr\/wp-json\/wp\/v2\/comments?post=1905"}],"version-history":[{"count":0,"href":"https:\/\/bice.org\/fr\/wp-json\/wp\/v2\/posts\/1905\/revisions"}],"wp:featuredmedia":[{"embeddable":true,"href":"https:\/\/bice.org\/fr\/wp-json\/wp\/v2\/media\/68504"}],"wp:attachment":[{"href":"https:\/\/bice.org\/fr\/wp-json\/wp\/v2\/media?parent=1905"}],"wp:term":[{"taxonomy":"category","embeddable":true,"href":"https:\/\/bice.org\/fr\/wp-json\/wp\/v2\/categories?post=1905"},{"taxonomy":"post_tag","embeddable":true,"href":"https:\/\/bice.org\/fr\/wp-json\/wp\/v2\/tags?post=1905"}],"curies":[{"name":"wp","href":"https:\/\/api.w.org\/{rel}","templated":true}]}}