{"id":19062,"date":"2016-09-19T07:48:38","date_gmt":"2016-09-19T07:48:38","guid":{"rendered":"https:\/\/bice.org\/fr\/?p=19062"},"modified":"2017-05-30T14:31:53","modified_gmt":"2017-05-30T14:31:53","slug":"tuteurs-de-resilience-aider-enfants-victimes-de-violence","status":"publish","type":"post","link":"https:\/\/bice.org\/fr\/tuteurs-de-resilience-aider-enfants-victimes-de-violence\/","title":{"rendered":"Des \u00ab tuteurs de r\u00e9silience \u00bb pour aider les enfants victimes de violence"},"content":{"rendered":"<p>Depuis plus d\u2019un an, le BICE organise des formations \u00ab tuteurs de r\u00e9silience \u00bb dans diff\u00e9rents pays (<a href=\"https:\/\/bice.org\/fr\/soutenir-enfants-deplaces-conflit-ukraine\/\">Ukraine<\/a>, <a href=\"https:\/\/bice.org\/fr\/favoriser-la-resilience-des-enfants-des-rues-en-rdc\/\">RDC<\/a>, N\u00e9pal\u2026) afin de fournir des outils et m\u00e9thodes aux professionnels de l\u2019enfance propres \u00e0 <strong>favoriser la r\u00e9silience des enfants<\/strong> ayant v\u00e9cu des exp\u00e9riences traumatiques.<\/p>\n<p>Ces formations entrent dans le cadre de la campagne \u00ab <strong>Messagers de paix<\/strong> \u00bb, lanc\u00e9e \u00e0 No\u00ebl 2015 par le BICE.<\/p>\n<p>Fort de ces exp\u00e9riences et r\u00e9pondant \u00e0 la demande des membres du r\u00e9seau BICE en Am\u00e9rique latine, le BICE a organis\u00e9 une formation similaire au Guatemala.<\/p>\n<h2>Soutenir les enfants victimes dans leur processus de r\u00e9silience<\/h2>\n<p>Du 1er au 3 septembre 2016, 52 professionnels de l\u2019enfance originaires du Guatemala, d\u2019Uruguay, d\u2019Argentine, du Br\u00e9sil, d\u2019Honduras et du Chili se sont rassembl\u00e9s \u00e0 Antigua, au Guatemala, afin de suivre une formation \u00ab Tuteurs de r\u00e9silience \u00bb.<\/p>\n<p>La plupart de ces professionnels travaillent aupr\u00e8s d&#8217;<strong>enfants victimes de violences<\/strong> ou vivant dans un contexte d\u2019extr\u00eame vuln\u00e9rabilit\u00e9 d\u00fb \u00e0 l\u2019exclusion et la pauvret\u00e9.<\/p>\n<p>La formation a \u00e9t\u00e9 anim\u00e9e par Veronica Hurtubia Toro, de l\u2019Unit\u00e9 de recherche sur la r\u00e9silience \u00e0 l\u2019Universit\u00e9 catholique de Milan et par Carmen Serrano du BICE.<\/p>\n<p>Alternant aspects th\u00e9oriques et ateliers de mise en pratique, tous les participants ont pu approfondir leurs connaissances sur :<\/p>\n<ul>\n<li>Les ressources internes et externes de l\u2019enfant permettant de surmonter un traumatisme ;<\/li>\n<li>L\u2019expression des sentiments ;<\/li>\n<li>Comment soutenir et d\u00e9velopper la r\u00e9silience des enfants.<\/li>\n<\/ul>\n<h2>Un Manuel sur la r\u00e9silience \u00e0 venir<\/h2>\n<p>Le BICE finalise actuellement un manuel en 4 langues (fran\u00e7ais, anglais, espagnol et russe) dont l\u2019objectif est de syst\u00e9matiser ces formations \u00ab Tuteurs de r\u00e9silience \u00bb.<\/p>\n<p>Ce manuel proposera, entre autres, diff\u00e9rents ateliers psychop\u00e9dagogiques pour que les \u00ab tuteurs de r\u00e9silience \u00bb trouvent des m\u00e9thodes adapt\u00e9es permettant de favoriser le processus de r\u00e9silience chez l\u2019enfant \u00e0 travers de nombreux langages expressifs.<\/p>\n","protected":false},"excerpt":{"rendered":"<p>Des professionnels de l\u2019enfance d\u2019Am\u00e9rique latine se sont retrouv\u00e9s au Guatemala pour suivre une formation sur les \u00ab Tuteurs de r\u00e9silience \u00bb. Objectif ? Mieux accompagner et soutenir les enfants victimes d\u2019exp\u00e9riences traumatiques.<\/p>\n","protected":false},"author":3,"featured_media":19066,"comment_status":"closed","ping_status":"closed","sticky":false,"template":"","format":"standard","meta":{"_acf_changed":false,"footnotes":"","jetpack_publicize_message":"","jetpack_publicize_feature_enabled":true,"jetpack_social_post_already_shared":false,"jetpack_social_options":{"image_generator_settings":{"template":"highway","default_image_id":0,"font":"","enabled":false},"version":2}},"categories":[132],"tags":[347,1351,737],"class_list":["post-19062","post","type-post","status-publish","format-standard","has-post-thumbnail","hentry","category-actualites-du-bice","tag-guatemala","tag-resilience-2","tag-tuteurs-de-resilience"],"acf":[],"yoast_head":"<!-- This site is optimized with the Yoast SEO plugin v27.2 - https:\/\/yoast.com\/product\/yoast-seo-wordpress\/ -->\n<title>Des \u00ab tuteurs de r\u00e9silience \u00bb pour aider les enfants victimes de violence<\/title>\n<meta name=\"description\" content=\"Des professionnels de l\u2019enfance d\u2019Am\u00e9rique latine se sont retrouv\u00e9s au Guatemala pour suivre une formation sur les \u00ab Tuteurs de r\u00e9silience \u00bb.\" \/>\n<meta name=\"robots\" content=\"index, follow, max-snippet:-1, max-image-preview:large, max-video-preview:-1\" \/>\n<link rel=\"canonical\" href=\"https:\/\/bice.org\/fr\/wp-json\/wp\/v2\/posts\/19062\" \/>\n<meta property=\"og:locale\" content=\"fr_FR\" \/>\n<meta property=\"og:type\" content=\"article\" \/>\n<meta property=\"og:title\" content=\"Des \u00ab tuteurs de r\u00e9silience \u00bb pour aider les enfants victimes de violence\" \/>\n<meta property=\"og:description\" content=\"Des professionnels de l\u2019enfance d\u2019Am\u00e9rique latine se sont retrouv\u00e9s au Guatemala pour suivre une formation sur les \u00ab Tuteurs de r\u00e9silience \u00bb.\" \/>\n<meta property=\"og:url\" content=\"https:\/\/bice.org\/fr\/tuteurs-de-resilience-aider-enfants-victimes-de-violence\/\" \/>\n<meta property=\"og:site_name\" content=\"BICE - ONG de protection des droits de l&#039;enfant\" \/>\n<meta property=\"article:published_time\" content=\"2016-09-19T07:48:38+00:00\" \/>\n<meta property=\"article:modified_time\" content=\"2017-05-30T14:31:53+00:00\" \/>\n<meta property=\"og:image\" content=\"https:\/\/i0.wp.com\/bice.org\/app\/uploads\/2016\/09\/nzws-tuteurs-de-resilience.jpg?fit=1000%2C435&ssl=1\" \/>\n\t<meta property=\"og:image:width\" content=\"1000\" \/>\n\t<meta property=\"og:image:height\" content=\"435\" \/>\n\t<meta property=\"og:image:type\" content=\"image\/jpeg\" \/>\n<meta name=\"author\" content=\"BICE\" \/>\n<meta name=\"twitter:card\" content=\"summary_large_image\" \/>\n<meta name=\"twitter:label1\" content=\"\u00c9crit par\" \/>\n\t<meta name=\"twitter:data1\" content=\"BICE\" \/>\n\t<meta name=\"twitter:label2\" content=\"Dur\u00e9e de lecture estim\u00e9e\" \/>\n\t<meta name=\"twitter:data2\" content=\"2 minutes\" \/>\n<!-- \/ Yoast SEO plugin. -->","yoast_head_json":{"title":"Des \u00ab tuteurs de r\u00e9silience \u00bb pour aider les enfants victimes de violence","description":"Des professionnels de l\u2019enfance d\u2019Am\u00e9rique latine se sont retrouv\u00e9s au Guatemala pour suivre une formation sur les \u00ab Tuteurs de r\u00e9silience \u00bb.","robots":{"index":"index","follow":"follow","max-snippet":"max-snippet:-1","max-image-preview":"max-image-preview:large","max-video-preview":"max-video-preview:-1"},"canonical":"https:\/\/bice.org\/fr\/wp-json\/wp\/v2\/posts\/19062","og_locale":"fr_FR","og_type":"article","og_title":"Des \u00ab tuteurs de r\u00e9silience \u00bb pour aider les enfants victimes de violence","og_description":"Des professionnels de l\u2019enfance d\u2019Am\u00e9rique latine se sont retrouv\u00e9s au Guatemala pour suivre une formation sur les \u00ab Tuteurs de r\u00e9silience \u00bb.","og_url":"https:\/\/bice.org\/fr\/tuteurs-de-resilience-aider-enfants-victimes-de-violence\/","og_site_name":"BICE - ONG de protection des droits de l&#039;enfant","article_published_time":"2016-09-19T07:48:38+00:00","article_modified_time":"2017-05-30T14:31:53+00:00","og_image":[{"width":1000,"height":435,"url":"https:\/\/i0.wp.com\/bice.org\/app\/uploads\/2016\/09\/nzws-tuteurs-de-resilience.jpg?fit=1000%2C435&ssl=1","type":"image\/jpeg"}],"author":"BICE","twitter_card":"summary_large_image","twitter_misc":{"\u00c9crit par":"BICE","Dur\u00e9e de lecture estim\u00e9e":"2 minutes"},"schema":{"@context":"https:\/\/schema.org","@graph":[{"@type":"Article","@id":"https:\/\/bice.org\/fr\/tuteurs-de-resilience-aider-enfants-victimes-de-violence\/#article","isPartOf":{"@id":"https:\/\/bice.org\/fr\/tuteurs-de-resilience-aider-enfants-victimes-de-violence\/"},"author":{"name":"BICE","@id":"https:\/\/bice.org\/fr\/#\/schema\/person\/d2ad3c47fafb278234233a8cb54707b4"},"headline":"Des \u00ab tuteurs de r\u00e9silience \u00bb pour aider les enfants victimes de violence","datePublished":"2016-09-19T07:48:38+00:00","dateModified":"2017-05-30T14:31:53+00:00","mainEntityOfPage":{"@id":"https:\/\/bice.org\/fr\/tuteurs-de-resilience-aider-enfants-victimes-de-violence\/"},"wordCount":336,"publisher":{"@id":"https:\/\/bice.org\/fr\/#organization"},"image":{"@id":"https:\/\/bice.org\/fr\/tuteurs-de-resilience-aider-enfants-victimes-de-violence\/#primaryimage"},"thumbnailUrl":"https:\/\/i0.wp.com\/bice.org\/app\/uploads\/2016\/09\/nzws-tuteurs-de-resilience.jpg?fit=1000%2C435&ssl=1","keywords":["Guatemala","R\u00e9silience","Tuteurs de r\u00e9silience"],"articleSection":["Actualit\u00e9s du BICE"],"inLanguage":"fr-FR"},{"@type":"WebPage","@id":"https:\/\/bice.org\/fr\/tuteurs-de-resilience-aider-enfants-victimes-de-violence\/","url":"https:\/\/bice.org\/fr\/tuteurs-de-resilience-aider-enfants-victimes-de-violence\/","name":"Des \u00ab tuteurs de r\u00e9silience \u00bb pour aider les enfants victimes de violence","isPartOf":{"@id":"https:\/\/bice.org\/fr\/#website"},"primaryImageOfPage":{"@id":"https:\/\/bice.org\/fr\/tuteurs-de-resilience-aider-enfants-victimes-de-violence\/#primaryimage"},"image":{"@id":"https:\/\/bice.org\/fr\/tuteurs-de-resilience-aider-enfants-victimes-de-violence\/#primaryimage"},"thumbnailUrl":"https:\/\/i0.wp.com\/bice.org\/app\/uploads\/2016\/09\/nzws-tuteurs-de-resilience.jpg?fit=1000%2C435&ssl=1","datePublished":"2016-09-19T07:48:38+00:00","dateModified":"2017-05-30T14:31:53+00:00","description":"Des professionnels de l\u2019enfance d\u2019Am\u00e9rique latine se sont retrouv\u00e9s au Guatemala pour suivre une formation sur les \u00ab Tuteurs de r\u00e9silience \u00bb.","breadcrumb":{"@id":"https:\/\/bice.org\/fr\/tuteurs-de-resilience-aider-enfants-victimes-de-violence\/#breadcrumb"},"inLanguage":"fr-FR","potentialAction":[{"@type":"ReadAction","target":["https:\/\/bice.org\/fr\/tuteurs-de-resilience-aider-enfants-victimes-de-violence\/"]}]},{"@type":"ImageObject","inLanguage":"fr-FR","@id":"https:\/\/bice.org\/fr\/tuteurs-de-resilience-aider-enfants-victimes-de-violence\/#primaryimage","url":"https:\/\/i0.wp.com\/bice.org\/app\/uploads\/2016\/09\/nzws-tuteurs-de-resilience.jpg?fit=1000%2C435&ssl=1","contentUrl":"https:\/\/i0.wp.com\/bice.org\/app\/uploads\/2016\/09\/nzws-tuteurs-de-resilience.jpg?fit=1000%2C435&ssl=1","width":1000,"height":435,"caption":"\u00a9C. Serrano"},{"@type":"BreadcrumbList","@id":"https:\/\/bice.org\/fr\/tuteurs-de-resilience-aider-enfants-victimes-de-violence\/#breadcrumb","itemListElement":[{"@type":"ListItem","position":1,"name":"Accueil","item":"https:\/\/bice.org\/fr\/"},{"@type":"ListItem","position":2,"name":"Actualit\u00e9s du BICE","item":"https:\/\/bice.org\/fr\/theme\/actualites-du-bice\/"},{"@type":"ListItem","position":3,"name":"Des \u00ab tuteurs de r\u00e9silience \u00bb pour aider les enfants victimes de violence"}]},{"@type":"WebSite","@id":"https:\/\/bice.org\/fr\/#website","url":"https:\/\/bice.org\/fr\/","name":"BICE - ONG de protection des droits de l&#039;enfant","description":"Notre mission : D\u00e9fendre les droits et la dignit\u00e9 des enfants partout dans le monde","publisher":{"@id":"https:\/\/bice.org\/fr\/#organization"},"potentialAction":[{"@type":"SearchAction","target":{"@type":"EntryPoint","urlTemplate":"https:\/\/bice.org\/fr\/?s={search_term_string}"},"query-input":{"@type":"PropertyValueSpecification","valueRequired":true,"valueName":"search_term_string"}}],"inLanguage":"fr-FR"},{"@type":"Organization","@id":"https:\/\/bice.org\/fr\/#organization","name":"BICE","url":"https:\/\/bice.org\/fr\/","logo":{"@type":"ImageObject","inLanguage":"fr-FR","@id":"https:\/\/bice.org\/fr\/#\/schema\/logo\/image\/","url":"https:\/\/bice.org\/app\/uploads\/2022\/06\/favicon.ico","contentUrl":"https:\/\/bice.org\/app\/uploads\/2022\/06\/favicon.ico","width":64,"height":64,"caption":"BICE"},"image":{"@id":"https:\/\/bice.org\/fr\/#\/schema\/logo\/image\/"}},{"@type":"Person","@id":"https:\/\/bice.org\/fr\/#\/schema\/person\/d2ad3c47fafb278234233a8cb54707b4","name":"BICE","image":{"@type":"ImageObject","inLanguage":"fr-FR","@id":"https:\/\/secure.gravatar.com\/avatar\/43bcfdb745dd80b8374b0aaa21c6dd30b2976a6bdea12b3018b51f255692facc?s=96&d=mm&r=g","url":"https:\/\/secure.gravatar.com\/avatar\/43bcfdb745dd80b8374b0aaa21c6dd30b2976a6bdea12b3018b51f255692facc?s=96&d=mm&r=g","contentUrl":"https:\/\/secure.gravatar.com\/avatar\/43bcfdb745dd80b8374b0aaa21c6dd30b2976a6bdea12b3018b51f255692facc?s=96&d=mm&r=g","caption":"BICE"}}]}},"jetpack_publicize_connections":[],"jetpack_featured_media_url":"https:\/\/i0.wp.com\/bice.org\/app\/uploads\/2016\/09\/nzws-tuteurs-de-resilience.jpg?fit=1000%2C435&ssl=1","jetpack_sharing_enabled":true,"_links":{"self":[{"href":"https:\/\/bice.org\/fr\/wp-json\/wp\/v2\/posts\/19062","targetHints":{"allow":["GET"]}}],"collection":[{"href":"https:\/\/bice.org\/fr\/wp-json\/wp\/v2\/posts"}],"about":[{"href":"https:\/\/bice.org\/fr\/wp-json\/wp\/v2\/types\/post"}],"author":[{"embeddable":true,"href":"https:\/\/bice.org\/fr\/wp-json\/wp\/v2\/users\/3"}],"replies":[{"embeddable":true,"href":"https:\/\/bice.org\/fr\/wp-json\/wp\/v2\/comments?post=19062"}],"version-history":[{"count":0,"href":"https:\/\/bice.org\/fr\/wp-json\/wp\/v2\/posts\/19062\/revisions"}],"wp:featuredmedia":[{"embeddable":true,"href":"https:\/\/bice.org\/fr\/wp-json\/wp\/v2\/media\/19066"}],"wp:attachment":[{"href":"https:\/\/bice.org\/fr\/wp-json\/wp\/v2\/media?parent=19062"}],"wp:term":[{"taxonomy":"category","embeddable":true,"href":"https:\/\/bice.org\/fr\/wp-json\/wp\/v2\/categories?post=19062"},{"taxonomy":"post_tag","embeddable":true,"href":"https:\/\/bice.org\/fr\/wp-json\/wp\/v2\/tags?post=19062"}],"curies":[{"name":"wp","href":"https:\/\/api.w.org\/{rel}","templated":true}]}}