{"id":1947,"date":"2014-06-20T07:39:08","date_gmt":"2014-06-20T07:39:08","guid":{"rendered":"https:\/\/bice.org\/fr\/un-conseil-des-citoyens-a-l-ecole\/"},"modified":"2014-06-20T07:39:08","modified_gmt":"2014-06-20T07:39:08","slug":"un-conseil-des-citoyens-a-l-ecole","status":"publish","type":"post","link":"https:\/\/bice.org\/fr\/un-conseil-des-citoyens-a-l-ecole\/","title":{"rendered":"Un conseil des citoyens \u00e0 l&#8217;\u00e9cole"},"content":{"rendered":"","protected":false},"excerpt":{"rendered":"<p>Cette fiche pr\u00e9sente l&#8217;originalit\u00e9 de relater l&#8217;exp\u00e9rience de bientraitance men\u00e9e au sein d&#8217;une \u00e9cole secondaire, dans laquelle se sont impliqu\u00e9s l&#8217;\u00e9quipe p\u00e9dagogique et les jeunes. Ensemble, ils ont mis au point un dispositif pour r\u00e9duire la violence et f\u00e9rer les conflits par une parole &#8220;m\u00e9diatis\u00e9e&#8221;, au sens o\u00f9 elle b\u00e9n\u00e9ficie de m\u00e9diation. Ils promeuvent ainsi ensemble les droits de l&#8217;enfants. Nous sommes vraiment tr\u00e8s heureux de pouvoir vous pr\u00e9senter cette fiche \u00e0 la port\u00e9e tr\u00e8s positive.  Selon vous, le mod\u00e8le de cette \u00e9cole tient-il de l&#8217;extraordinaire ou pourrait-il s&#8217;appliquer dans chaque \u00e9tablissement scolaire ? L&#8217;implication des professeurs et des jeunes permettrait-il de r\u00e9duire la vilence en milieu urbain ? La m\u00e9diation serait-elle la cl\u00e9 d&#8217;une meilleure entente entre jeunes issus de l&#8217;\u00e9migration et la soci\u00e9t\u00e9 ?   R\u00e9agissez et posez vos questions dans l&#8217;espace de d\u00e9bat ci-dessous. {jcomments ON}<\/p>\n","protected":false},"author":1,"featured_media":0,"comment_status":"closed","ping_status":"closed","sticky":false,"template":"","format":"standard","meta":{"_acf_changed":false,"footnotes":"","jetpack_publicize_message":"","jetpack_publicize_feature_enabled":true,"jetpack_social_post_already_shared":false,"jetpack_social_options":{"image_generator_settings":{"template":"highway","default_image_id":0,"font":"","enabled":false},"version":2}},"categories":[1],"tags":[],"class_list":["post-1947","post","type-post","status-publish","format-standard","hentry","category-non-categorise"],"acf":[],"yoast_head":"<!-- This site is optimized with the Yoast SEO plugin v27.2 - https:\/\/yoast.com\/product\/yoast-seo-wordpress\/ -->\n<title>Un conseil des citoyens \u00e0 l&#039;\u00e9cole - BICE - ONG de protection des droits de l&#039;enfant<\/title>\n<meta name=\"robots\" content=\"index, follow, max-snippet:-1, max-image-preview:large, max-video-preview:-1\" \/>\n<link rel=\"canonical\" href=\"https:\/\/bice.org\/fr\/wp-json\/wp\/v2\/posts\/1947\" \/>\n<meta property=\"og:locale\" content=\"fr_FR\" \/>\n<meta property=\"og:type\" content=\"article\" \/>\n<meta property=\"og:title\" content=\"Un conseil des citoyens \u00e0 l&#039;\u00e9cole - BICE - ONG de protection des droits de l&#039;enfant\" \/>\n<meta property=\"og:description\" content=\"Cette fiche pr\u00e9sente l&#039;originalit\u00e9 de relater l&#039;exp\u00e9rience de bientraitance men\u00e9e au sein d&#039;une \u00e9cole secondaire, dans laquelle se sont impliqu\u00e9s l&#039;\u00e9quipe p\u00e9dagogique et les jeunes. Ensemble, ils ont mis au point un dispositif pour r\u00e9duire la violence et f\u00e9rer les conflits par une parole &quot;m\u00e9diatis\u00e9e&quot;, au sens o\u00f9 elle b\u00e9n\u00e9ficie de m\u00e9diation. Ils promeuvent ainsi ensemble les droits de l&#039;enfants. Nous sommes vraiment tr\u00e8s heureux de pouvoir vous pr\u00e9senter cette fiche \u00e0 la port\u00e9e tr\u00e8s positive. Selon vous, le mod\u00e8le de cette \u00e9cole tient-il de l&#039;extraordinaire ou pourrait-il s&#039;appliquer dans chaque \u00e9tablissement scolaire ? L&#039;implication des professeurs et des jeunes permettrait-il de r\u00e9duire la vilence en milieu urbain ? La m\u00e9diation serait-elle la cl\u00e9 d&#039;une meilleure entente entre jeunes issus de l&#039;\u00e9migration et la soci\u00e9t\u00e9 ?  R\u00e9agissez et posez vos questions dans l&#039;espace de d\u00e9bat ci-dessous. {jcomments ON}\" \/>\n<meta property=\"og:url\" content=\"https:\/\/bice.org\/fr\/un-conseil-des-citoyens-a-l-ecole\/\" \/>\n<meta property=\"og:site_name\" content=\"BICE - ONG de protection des droits de l&#039;enfant\" \/>\n<meta property=\"article:author\" content=\"https:\/\/www.facebook.com\/OngBICE\" \/>\n<meta property=\"article:published_time\" content=\"2014-06-20T07:39:08+00:00\" \/>\n<meta name=\"author\" content=\"BICE\" \/>\n<meta name=\"twitter:card\" content=\"summary_large_image\" \/>\n<meta name=\"twitter:creator\" content=\"@ongbice\" \/>\n<meta name=\"twitter:label1\" content=\"\u00c9crit par\" \/>\n\t<meta name=\"twitter:data1\" content=\"BICE\" \/>\n<!-- \/ Yoast SEO plugin. -->","yoast_head_json":{"title":"Un conseil des citoyens \u00e0 l'\u00e9cole - BICE - ONG de protection des droits de l&#039;enfant","robots":{"index":"index","follow":"follow","max-snippet":"max-snippet:-1","max-image-preview":"max-image-preview:large","max-video-preview":"max-video-preview:-1"},"canonical":"https:\/\/bice.org\/fr\/wp-json\/wp\/v2\/posts\/1947","og_locale":"fr_FR","og_type":"article","og_title":"Un conseil des citoyens \u00e0 l'\u00e9cole - BICE - ONG de protection des droits de l&#039;enfant","og_description":"Cette fiche pr\u00e9sente l'originalit\u00e9 de relater l'exp\u00e9rience de bientraitance men\u00e9e au sein d'une \u00e9cole secondaire, dans laquelle se sont impliqu\u00e9s l'\u00e9quipe p\u00e9dagogique et les jeunes. Ensemble, ils ont mis au point un dispositif pour r\u00e9duire la violence et f\u00e9rer les conflits par une parole \"m\u00e9diatis\u00e9e\", au sens o\u00f9 elle b\u00e9n\u00e9ficie de m\u00e9diation. Ils promeuvent ainsi ensemble les droits de l'enfants. Nous sommes vraiment tr\u00e8s heureux de pouvoir vous pr\u00e9senter cette fiche \u00e0 la port\u00e9e tr\u00e8s positive. Selon vous, le mod\u00e8le de cette \u00e9cole tient-il de l'extraordinaire ou pourrait-il s'appliquer dans chaque \u00e9tablissement scolaire ? L'implication des professeurs et des jeunes permettrait-il de r\u00e9duire la vilence en milieu urbain ? La m\u00e9diation serait-elle la cl\u00e9 d'une meilleure entente entre jeunes issus de l'\u00e9migration et la soci\u00e9t\u00e9 ?  R\u00e9agissez et posez vos questions dans l'espace de d\u00e9bat ci-dessous. {jcomments ON}","og_url":"https:\/\/bice.org\/fr\/un-conseil-des-citoyens-a-l-ecole\/","og_site_name":"BICE - ONG de protection des droits de l&#039;enfant","article_author":"https:\/\/www.facebook.com\/OngBICE","article_published_time":"2014-06-20T07:39:08+00:00","author":"BICE","twitter_card":"summary_large_image","twitter_creator":"@ongbice","twitter_misc":{"\u00c9crit par":"BICE"},"schema":{"@context":"https:\/\/schema.org","@graph":[{"@type":"Article","@id":"https:\/\/bice.org\/fr\/un-conseil-des-citoyens-a-l-ecole\/#article","isPartOf":{"@id":"https:\/\/bice.org\/fr\/un-conseil-des-citoyens-a-l-ecole\/"},"author":{"name":"BICE","@id":"https:\/\/bice.org\/fr\/#\/schema\/person\/5ffe567f32d0dbd204977300f4986f5b"},"headline":"Un conseil des citoyens \u00e0 l&#8217;\u00e9cole","datePublished":"2014-06-20T07:39:08+00:00","mainEntityOfPage":{"@id":"https:\/\/bice.org\/fr\/un-conseil-des-citoyens-a-l-ecole\/"},"wordCount":6,"publisher":{"@id":"https:\/\/bice.org\/fr\/#organization"},"articleSection":["Non cat\u00e9goris\u00e9"],"inLanguage":"fr-FR"},{"@type":"WebPage","@id":"https:\/\/bice.org\/fr\/un-conseil-des-citoyens-a-l-ecole\/","url":"https:\/\/bice.org\/fr\/un-conseil-des-citoyens-a-l-ecole\/","name":"Un conseil des citoyens \u00e0 l'\u00e9cole - BICE - ONG de protection des droits de l&#039;enfant","isPartOf":{"@id":"https:\/\/bice.org\/fr\/#website"},"datePublished":"2014-06-20T07:39:08+00:00","breadcrumb":{"@id":"https:\/\/bice.org\/fr\/un-conseil-des-citoyens-a-l-ecole\/#breadcrumb"},"inLanguage":"fr-FR","potentialAction":[{"@type":"ReadAction","target":["https:\/\/bice.org\/fr\/un-conseil-des-citoyens-a-l-ecole\/"]}]},{"@type":"BreadcrumbList","@id":"https:\/\/bice.org\/fr\/un-conseil-des-citoyens-a-l-ecole\/#breadcrumb","itemListElement":[{"@type":"ListItem","position":1,"name":"Accueil","item":"https:\/\/bice.org\/fr\/"},{"@type":"ListItem","position":2,"name":"Non cat\u00e9goris\u00e9","item":"https:\/\/bice.org\/fr\/theme\/non-categorise\/"},{"@type":"ListItem","position":3,"name":"Un conseil des citoyens \u00e0 l&#8217;\u00e9cole"}]},{"@type":"WebSite","@id":"https:\/\/bice.org\/fr\/#website","url":"https:\/\/bice.org\/fr\/","name":"BICE - ONG de protection des droits de l&#039;enfant","description":"Notre mission : D\u00e9fendre les droits et la dignit\u00e9 des enfants partout dans le monde","publisher":{"@id":"https:\/\/bice.org\/fr\/#organization"},"potentialAction":[{"@type":"SearchAction","target":{"@type":"EntryPoint","urlTemplate":"https:\/\/bice.org\/fr\/?s={search_term_string}"},"query-input":{"@type":"PropertyValueSpecification","valueRequired":true,"valueName":"search_term_string"}}],"inLanguage":"fr-FR"},{"@type":"Organization","@id":"https:\/\/bice.org\/fr\/#organization","name":"BICE","url":"https:\/\/bice.org\/fr\/","logo":{"@type":"ImageObject","inLanguage":"fr-FR","@id":"https:\/\/bice.org\/fr\/#\/schema\/logo\/image\/","url":"https:\/\/bice.org\/app\/uploads\/2022\/06\/favicon.ico","contentUrl":"https:\/\/bice.org\/app\/uploads\/2022\/06\/favicon.ico","width":64,"height":64,"caption":"BICE"},"image":{"@id":"https:\/\/bice.org\/fr\/#\/schema\/logo\/image\/"}},{"@type":"Person","@id":"https:\/\/bice.org\/fr\/#\/schema\/person\/5ffe567f32d0dbd204977300f4986f5b","name":"BICE","image":{"@type":"ImageObject","inLanguage":"fr-FR","@id":"https:\/\/secure.gravatar.com\/avatar\/2cef44cbc317f08498adbfd4c31e9d16fae93e3fb3589a01932b588cb583f93b?s=96&d=mm&r=g","url":"https:\/\/secure.gravatar.com\/avatar\/2cef44cbc317f08498adbfd4c31e9d16fae93e3fb3589a01932b588cb583f93b?s=96&d=mm&r=g","contentUrl":"https:\/\/secure.gravatar.com\/avatar\/2cef44cbc317f08498adbfd4c31e9d16fae93e3fb3589a01932b588cb583f93b?s=96&d=mm&r=g","caption":"BICE"},"description":"Articles et actualit\u00e9s du BICE","sameAs":["https:\/\/bice.org","https:\/\/www.facebook.com\/OngBICE","https:\/\/x.com\/ongbice"]}]}},"jetpack_publicize_connections":[],"jetpack_featured_media_url":"","jetpack_sharing_enabled":true,"_links":{"self":[{"href":"https:\/\/bice.org\/fr\/wp-json\/wp\/v2\/posts\/1947","targetHints":{"allow":["GET"]}}],"collection":[{"href":"https:\/\/bice.org\/fr\/wp-json\/wp\/v2\/posts"}],"about":[{"href":"https:\/\/bice.org\/fr\/wp-json\/wp\/v2\/types\/post"}],"author":[{"embeddable":true,"href":"https:\/\/bice.org\/fr\/wp-json\/wp\/v2\/users\/1"}],"replies":[{"embeddable":true,"href":"https:\/\/bice.org\/fr\/wp-json\/wp\/v2\/comments?post=1947"}],"version-history":[{"count":0,"href":"https:\/\/bice.org\/fr\/wp-json\/wp\/v2\/posts\/1947\/revisions"}],"wp:attachment":[{"href":"https:\/\/bice.org\/fr\/wp-json\/wp\/v2\/media?parent=1947"}],"wp:term":[{"taxonomy":"category","embeddable":true,"href":"https:\/\/bice.org\/fr\/wp-json\/wp\/v2\/categories?post=1947"},{"taxonomy":"post_tag","embeddable":true,"href":"https:\/\/bice.org\/fr\/wp-json\/wp\/v2\/tags?post=1947"}],"curies":[{"name":"wp","href":"https:\/\/api.w.org\/{rel}","templated":true}]}}