{"id":1951,"date":"2014-06-23T10:55:32","date_gmt":"2014-06-23T10:55:32","guid":{"rendered":"https:\/\/bice.org\/fr\/journee-annuelle-de-discussion-sur-les-droits-des-femmes-a-l-onu-limpact-de-la-violence-domestique-et-de-la-negligence-des-enfants\/"},"modified":"2014-06-23T10:55:32","modified_gmt":"2014-06-23T10:55:32","slug":"journee-annuelle-de-discussion-sur-les-droits-des-femmes-a-l-onu-limpact-de-la-violence-domestique-et-de-la-negligence-des-enfants","status":"publish","type":"post","link":"https:\/\/bice.org\/fr\/journee-annuelle-de-discussion-sur-les-droits-des-femmes-a-l-onu-limpact-de-la-violence-domestique-et-de-la-negligence-des-enfants\/","title":{"rendered":"Journ\u00e9e annuelle de discussion sur les droits des femmes \u00e0 l\u2019ONU : l\u2019impact de la violence domestique et de la n\u00e9gligence des enfants"},"content":{"rendered":"<h3>Une attention port\u00e9e sur l\u2019augmentation de la violence \u00e0 l\u2019\u00e9gard des enfants dans le cercle de confiance et ses cons\u00e9quences<\/h3>\n<p>Le cercle de confiance d\u00e9signe tout lieu o\u00f9 l\u2019enfant est suppos\u00e9 \u00eatre \u00e0 l\u2019abri du danger, c&#8217;est-\u00e0-dire dans les familles, les \u00e9coles, les centres de formation, les h\u00f4pitaux p\u00e9diatriques et les centres sociaux. Pourtant, c\u2019est souvent dans ces lieux que les enfants sont soumis \u00e0 des actes de violence physique et psychologique dans certains pays tels que l\u2019Ukraine et la G\u00e9orgie.<\/p>\n<p>Les partenaires du BICE ont r\u00e9v\u00e9l\u00e9 l\u2019existence de cette forme de violence et de n\u00e9gligence envers les enfants dans leur pays. En Ukraine, les cas de violence dans le cercle de confiance sont \u00e0 peine signal\u00e9s et \u00e9tudi\u00e9s, ce qui entra\u00eene l\u2019impunit\u00e9 de la plupart des auteurs et le d\u00e9laissement des victimes. En G\u00e9orgie, de nombreux enfants sont aussi r\u00e9guli\u00e8rement expos\u00e9s \u00e0 la violence physique, sexuelle et psychologique dans les cercles de confiance. Pour d\u00e9montrer cela, notre partenaire a fait r\u00e9f\u00e9rence \u00e0 une \u00e9tude de l&#8217;UNICEF sur la maltraitance des enfants en G\u00e9orgie. Cette \u00e9tude montre par exemple que 50% de la population g\u00e9orgienne consid\u00e8re l\u2019abus et la n\u00e9gligence des enfants comme acceptable et que 60% estime que l\u2019utilisation de la maltraitance est plus efficace que des mesures non violentes.<\/p>\n<h3>Les recommandations adress\u00e9es aux Gouvernements de l\u2019Ukraine et de la G\u00e9orgie pour combattre la banalisation de la violence domestique et la n\u00e9gligence \u00e0 l\u2019\u00e9gard des enfants.<\/h3>\n<ul>\n<li>Ratifier le 3\u00e8me Protocole additionnel \u00e0 la Convention relative aux droits de l\u2019enfant.<\/li>\n<li>Prendre des mesures appropri\u00e9es pour assurer l&#8217;incorporation de la Convention du Conseil de l&#8217;Europe sur la protection des enfants contre l&#8217;exploitation et les abus sexuels dans la l\u00e9gislation nationale.<\/li>\n<li>Mettre fin \u00e0 la criminalisation, la d\u00e9tention et la marginalisation sociale des enfants victimes de maltraitance et de n\u00e9gligence, et fournir aux enfants et \u00e0 leur famille des services psychosociaux et de sant\u00e9, du soutien et des conseils, ainsi que des mesures d&#8217;assistance juridique et de r\u00e9habilitation ad\u00e9quats.<\/li>\n<li>Mettre en place une politique sp\u00e9cifique applicable \u00e0 tous les professionnels directement ou indirectement en contact avec les enfants, et les former sur la l\u00e9gislation nationale en place prot\u00e9geant les enfants contre les abus et la n\u00e9gligence.<\/li>\n<li>Adopter des mesures pr\u00e9ventives r\u00e9alisables et mesurables, y compris des mesures pour \u00e9valuer les comp\u00e9tences des parents et des professionnelles en cas de violence et de n\u00e9gligence, et signaler les cas aux institutions concern\u00e9es pour enqu\u00eates et poursuites.<\/li>\n<\/ul>\n","protected":false},"excerpt":{"rendered":"<p>Les partenaires du BICE ont particip\u00e9 \u00e0 la Journ\u00e9e Annuelle de Discussion sur le th\u00e8me de l\u2019impact de la violence domestique et de la n\u00e9gligence des enfants, en d\u00e9livrant une communication orale au nom du BICE et des deux ONGs repr\u00e9sent\u00e9es, \u00e0 savoir Public Health Foundation (G\u00e9orgie) et Women\u2019s Consortium of Ukraine (Ukraine).<\/p>\n","protected":false},"author":1,"featured_media":0,"comment_status":"closed","ping_status":"closed","sticky":false,"template":"","format":"standard","meta":{"_acf_changed":false,"footnotes":"","jetpack_publicize_message":"","jetpack_publicize_feature_enabled":true,"jetpack_social_post_already_shared":false,"jetpack_social_options":{"image_generator_settings":{"template":"highway","default_image_id":0,"font":"","enabled":false},"version":2}},"categories":[132],"tags":[],"class_list":["post-1951","post","type-post","status-publish","format-standard","hentry","category-actualites-du-bice"],"acf":[],"yoast_head":"<!-- This site is optimized with the Yoast SEO plugin v27.2 - https:\/\/yoast.com\/product\/yoast-seo-wordpress\/ -->\n<title>Journ\u00e9e annuelle de discussion sur les droits des femmes \u00e0 l\u2019ONU : l\u2019impact de la violence domestique et de la n\u00e9gligence des enfants - BICE - ONG de protection des droits de l&#039;enfant<\/title>\n<meta name=\"description\" content=\"Les partenaires du BICE ont particip\u00e9 \u00e0 la Journ\u00e9e Annuelle de Discussion sur le th\u00e8me de l\u2019impact de la violence domestique et de la n\u00e9gligence des enfants, en d\u00e9livrant une communication orale au nom du BICE et des deux ONGs repr\u00e9sent\u00e9es, \u00e0 savoir Public Health Foundation (G\u00e9orgie) et Women\u2019s Consortium of Ukraine (Ukraine).\" \/>\n<meta name=\"robots\" content=\"index, follow, max-snippet:-1, max-image-preview:large, max-video-preview:-1\" \/>\n<link rel=\"canonical\" href=\"https:\/\/bice.org\/fr\/wp-json\/wp\/v2\/posts\/1951\" \/>\n<meta property=\"og:locale\" content=\"fr_FR\" \/>\n<meta property=\"og:type\" content=\"article\" \/>\n<meta property=\"og:title\" content=\"Journ\u00e9e annuelle de discussion sur les droits des femmes \u00e0 l\u2019ONU : l\u2019impact de la violence domestique et de la n\u00e9gligence des enfants - BICE - ONG de protection des droits de l&#039;enfant\" \/>\n<meta property=\"og:description\" content=\"Les partenaires du BICE ont particip\u00e9 \u00e0 la Journ\u00e9e Annuelle de Discussion sur le th\u00e8me de l\u2019impact de la violence domestique et de la n\u00e9gligence des enfants, en d\u00e9livrant une communication orale au nom du BICE et des deux ONGs repr\u00e9sent\u00e9es, \u00e0 savoir Public Health Foundation (G\u00e9orgie) et Women\u2019s Consortium of Ukraine (Ukraine).\" \/>\n<meta property=\"og:url\" content=\"https:\/\/bice.org\/fr\/journee-annuelle-de-discussion-sur-les-droits-des-femmes-a-l-onu-limpact-de-la-violence-domestique-et-de-la-negligence-des-enfants\/\" \/>\n<meta property=\"og:site_name\" content=\"BICE - ONG de protection des droits de l&#039;enfant\" \/>\n<meta property=\"article:author\" content=\"https:\/\/www.facebook.com\/OngBICE\" \/>\n<meta property=\"article:published_time\" content=\"2014-06-23T10:55:32+00:00\" \/>\n<meta name=\"author\" content=\"BICE\" \/>\n<meta name=\"twitter:card\" content=\"summary_large_image\" \/>\n<meta name=\"twitter:creator\" content=\"@ongbice\" \/>\n<meta name=\"twitter:label1\" content=\"\u00c9crit par\" \/>\n\t<meta name=\"twitter:data1\" content=\"BICE\" \/>\n\t<meta name=\"twitter:label2\" content=\"Dur\u00e9e de lecture estim\u00e9e\" \/>\n\t<meta name=\"twitter:data2\" content=\"2 minutes\" \/>\n<!-- \/ Yoast SEO plugin. -->","yoast_head_json":{"title":"Journ\u00e9e annuelle de discussion sur les droits des femmes \u00e0 l\u2019ONU : l\u2019impact de la violence domestique et de la n\u00e9gligence des enfants - BICE - ONG de protection des droits de l&#039;enfant","description":"Les partenaires du BICE ont particip\u00e9 \u00e0 la Journ\u00e9e Annuelle de Discussion sur le th\u00e8me de l\u2019impact de la violence domestique et de la n\u00e9gligence des enfants, en d\u00e9livrant une communication orale au nom du BICE et des deux ONGs repr\u00e9sent\u00e9es, \u00e0 savoir Public Health Foundation (G\u00e9orgie) et Women\u2019s Consortium of Ukraine (Ukraine).","robots":{"index":"index","follow":"follow","max-snippet":"max-snippet:-1","max-image-preview":"max-image-preview:large","max-video-preview":"max-video-preview:-1"},"canonical":"https:\/\/bice.org\/fr\/wp-json\/wp\/v2\/posts\/1951","og_locale":"fr_FR","og_type":"article","og_title":"Journ\u00e9e annuelle de discussion sur les droits des femmes \u00e0 l\u2019ONU : l\u2019impact de la violence domestique et de la n\u00e9gligence des enfants - BICE - ONG de protection des droits de l&#039;enfant","og_description":"Les partenaires du BICE ont particip\u00e9 \u00e0 la Journ\u00e9e Annuelle de Discussion sur le th\u00e8me de l\u2019impact de la violence domestique et de la n\u00e9gligence des enfants, en d\u00e9livrant une communication orale au nom du BICE et des deux ONGs repr\u00e9sent\u00e9es, \u00e0 savoir Public Health Foundation (G\u00e9orgie) et Women\u2019s Consortium of Ukraine (Ukraine).","og_url":"https:\/\/bice.org\/fr\/journee-annuelle-de-discussion-sur-les-droits-des-femmes-a-l-onu-limpact-de-la-violence-domestique-et-de-la-negligence-des-enfants\/","og_site_name":"BICE - ONG de protection des droits de l&#039;enfant","article_author":"https:\/\/www.facebook.com\/OngBICE","article_published_time":"2014-06-23T10:55:32+00:00","author":"BICE","twitter_card":"summary_large_image","twitter_creator":"@ongbice","twitter_misc":{"\u00c9crit par":"BICE","Dur\u00e9e de lecture estim\u00e9e":"2 minutes"},"schema":{"@context":"https:\/\/schema.org","@graph":[{"@type":"Article","@id":"https:\/\/bice.org\/fr\/journee-annuelle-de-discussion-sur-les-droits-des-femmes-a-l-onu-limpact-de-la-violence-domestique-et-de-la-negligence-des-enfants\/#article","isPartOf":{"@id":"https:\/\/bice.org\/fr\/journee-annuelle-de-discussion-sur-les-droits-des-femmes-a-l-onu-limpact-de-la-violence-domestique-et-de-la-negligence-des-enfants\/"},"author":{"name":"BICE","@id":"https:\/\/bice.org\/fr\/#\/schema\/person\/5ffe567f32d0dbd204977300f4986f5b"},"headline":"Journ\u00e9e annuelle de discussion sur les droits des femmes \u00e0 l\u2019ONU : l\u2019impact de la violence domestique et de la n\u00e9gligence des enfants","datePublished":"2014-06-23T10:55:32+00:00","mainEntityOfPage":{"@id":"https:\/\/bice.org\/fr\/journee-annuelle-de-discussion-sur-les-droits-des-femmes-a-l-onu-limpact-de-la-violence-domestique-et-de-la-negligence-des-enfants\/"},"wordCount":477,"publisher":{"@id":"https:\/\/bice.org\/fr\/#organization"},"articleSection":["Actualit\u00e9s du BICE"],"inLanguage":"fr-FR"},{"@type":"WebPage","@id":"https:\/\/bice.org\/fr\/journee-annuelle-de-discussion-sur-les-droits-des-femmes-a-l-onu-limpact-de-la-violence-domestique-et-de-la-negligence-des-enfants\/","url":"https:\/\/bice.org\/fr\/journee-annuelle-de-discussion-sur-les-droits-des-femmes-a-l-onu-limpact-de-la-violence-domestique-et-de-la-negligence-des-enfants\/","name":"Journ\u00e9e annuelle de discussion sur les droits des femmes \u00e0 l\u2019ONU : l\u2019impact de la violence domestique et de la n\u00e9gligence des enfants - BICE - ONG de protection des droits de l&#039;enfant","isPartOf":{"@id":"https:\/\/bice.org\/fr\/#website"},"datePublished":"2014-06-23T10:55:32+00:00","description":"Les partenaires du BICE ont particip\u00e9 \u00e0 la Journ\u00e9e Annuelle de Discussion sur le th\u00e8me de l\u2019impact de la violence domestique et de la n\u00e9gligence des enfants, en d\u00e9livrant une communication orale au nom du BICE et des deux ONGs repr\u00e9sent\u00e9es, \u00e0 savoir Public Health Foundation (G\u00e9orgie) et Women\u2019s Consortium of Ukraine (Ukraine).","breadcrumb":{"@id":"https:\/\/bice.org\/fr\/journee-annuelle-de-discussion-sur-les-droits-des-femmes-a-l-onu-limpact-de-la-violence-domestique-et-de-la-negligence-des-enfants\/#breadcrumb"},"inLanguage":"fr-FR","potentialAction":[{"@type":"ReadAction","target":["https:\/\/bice.org\/fr\/journee-annuelle-de-discussion-sur-les-droits-des-femmes-a-l-onu-limpact-de-la-violence-domestique-et-de-la-negligence-des-enfants\/"]}]},{"@type":"BreadcrumbList","@id":"https:\/\/bice.org\/fr\/journee-annuelle-de-discussion-sur-les-droits-des-femmes-a-l-onu-limpact-de-la-violence-domestique-et-de-la-negligence-des-enfants\/#breadcrumb","itemListElement":[{"@type":"ListItem","position":1,"name":"Accueil","item":"https:\/\/bice.org\/fr\/"},{"@type":"ListItem","position":2,"name":"Actualit\u00e9s du BICE","item":"https:\/\/bice.org\/fr\/theme\/actualites-du-bice\/"},{"@type":"ListItem","position":3,"name":"Journ\u00e9e annuelle de discussion sur les droits des femmes \u00e0 l\u2019ONU : l\u2019impact de la violence domestique et de la n\u00e9gligence des enfants"}]},{"@type":"WebSite","@id":"https:\/\/bice.org\/fr\/#website","url":"https:\/\/bice.org\/fr\/","name":"BICE - ONG de protection des droits de l&#039;enfant","description":"Notre mission : D\u00e9fendre les droits et la dignit\u00e9 des enfants partout dans le monde","publisher":{"@id":"https:\/\/bice.org\/fr\/#organization"},"potentialAction":[{"@type":"SearchAction","target":{"@type":"EntryPoint","urlTemplate":"https:\/\/bice.org\/fr\/?s={search_term_string}"},"query-input":{"@type":"PropertyValueSpecification","valueRequired":true,"valueName":"search_term_string"}}],"inLanguage":"fr-FR"},{"@type":"Organization","@id":"https:\/\/bice.org\/fr\/#organization","name":"BICE","url":"https:\/\/bice.org\/fr\/","logo":{"@type":"ImageObject","inLanguage":"fr-FR","@id":"https:\/\/bice.org\/fr\/#\/schema\/logo\/image\/","url":"https:\/\/bice.org\/app\/uploads\/2022\/06\/favicon.ico","contentUrl":"https:\/\/bice.org\/app\/uploads\/2022\/06\/favicon.ico","width":64,"height":64,"caption":"BICE"},"image":{"@id":"https:\/\/bice.org\/fr\/#\/schema\/logo\/image\/"}},{"@type":"Person","@id":"https:\/\/bice.org\/fr\/#\/schema\/person\/5ffe567f32d0dbd204977300f4986f5b","name":"BICE","image":{"@type":"ImageObject","inLanguage":"fr-FR","@id":"https:\/\/secure.gravatar.com\/avatar\/2cef44cbc317f08498adbfd4c31e9d16fae93e3fb3589a01932b588cb583f93b?s=96&d=mm&r=g","url":"https:\/\/secure.gravatar.com\/avatar\/2cef44cbc317f08498adbfd4c31e9d16fae93e3fb3589a01932b588cb583f93b?s=96&d=mm&r=g","contentUrl":"https:\/\/secure.gravatar.com\/avatar\/2cef44cbc317f08498adbfd4c31e9d16fae93e3fb3589a01932b588cb583f93b?s=96&d=mm&r=g","caption":"BICE"},"description":"Articles et actualit\u00e9s du BICE","sameAs":["https:\/\/bice.org","https:\/\/www.facebook.com\/OngBICE","https:\/\/x.com\/ongbice"]}]}},"jetpack_publicize_connections":[],"jetpack_featured_media_url":"","jetpack_sharing_enabled":true,"_links":{"self":[{"href":"https:\/\/bice.org\/fr\/wp-json\/wp\/v2\/posts\/1951","targetHints":{"allow":["GET"]}}],"collection":[{"href":"https:\/\/bice.org\/fr\/wp-json\/wp\/v2\/posts"}],"about":[{"href":"https:\/\/bice.org\/fr\/wp-json\/wp\/v2\/types\/post"}],"author":[{"embeddable":true,"href":"https:\/\/bice.org\/fr\/wp-json\/wp\/v2\/users\/1"}],"replies":[{"embeddable":true,"href":"https:\/\/bice.org\/fr\/wp-json\/wp\/v2\/comments?post=1951"}],"version-history":[{"count":0,"href":"https:\/\/bice.org\/fr\/wp-json\/wp\/v2\/posts\/1951\/revisions"}],"wp:attachment":[{"href":"https:\/\/bice.org\/fr\/wp-json\/wp\/v2\/media?parent=1951"}],"wp:term":[{"taxonomy":"category","embeddable":true,"href":"https:\/\/bice.org\/fr\/wp-json\/wp\/v2\/categories?post=1951"},{"taxonomy":"post_tag","embeddable":true,"href":"https:\/\/bice.org\/fr\/wp-json\/wp\/v2\/tags?post=1951"}],"curies":[{"name":"wp","href":"https:\/\/api.w.org\/{rel}","templated":true}]}}