{"id":2125,"date":"2014-10-29T11:31:51","date_gmt":"2014-10-29T11:31:51","guid":{"rendered":"https:\/\/bice.org\/fr\/dossier-special-25-ans-de-la-convention-relative-aux-droits-de-l-enfant\/"},"modified":"2014-10-29T11:31:51","modified_gmt":"2014-10-29T11:31:51","slug":"dossier-special-25-ans-de-la-convention-relative-aux-droits-de-l-enfant","status":"publish","type":"post","link":"https:\/\/bice.org\/fr\/dossier-special-25-ans-de-la-convention-relative-aux-droits-de-l-enfant\/","title":{"rendered":"Dossier sp\u00e9cial 25 ans de la Convention relative aux droits de l\u2019enfant"},"content":{"rendered":"<h3>Rappel : la Convention relative aux Droits de l\u2019Enfant, qu\u2019est-ce que c\u2019est ?<\/h3>\n<p>La Convention relative aux Droits de l\u2019Enfant est le premier trait\u00e9 international juridiquement contraignant concernant les droits des enfants. Compos\u00e9e de 54 articles, elle d\u00e9finit leurs droits fondamentaux et aborde tous les aspects de la protection de l\u2019enfance. Elle a \u00e9t\u00e9 adopt\u00e9e \u00e0 l\u2019unanimit\u00e9 par l\u2019ONU lors de l\u2019Assembl\u00e9e G\u00e9n\u00e9rale du 20 novembre 1989.<\/p>\n<p>Depuis, cette date-cl\u00e9 est devenue celle de <strong>la journ\u00e9e mondiale des droits de l&#8217;enfant<\/strong>. Le texte est aujourd\u2019hui ratifi\u00e9 par la quasi-totalit\u00e9 des pays du monde, sauf par les Etats-Unis et la Somalie.<\/p>\n<p>La Convention relative aux Droits de l\u2019Enfant est r\u00e9dig\u00e9e dans un esprit positif et elle est tourn\u00e9e vers l\u2019avenir car elle demande aux Etats qui la ratifient de cr\u00e9er des conditions de nature \u00e0 permettre aux enfants de participer activement \u00e0 la vie politique et sociale de leur pays.<\/p>\n<h3>Paroles d\u2019experts des droits de l\u2019enfant du monde entier<\/h3>\n<p>L\u2019identit\u00e9 profond\u00e9ment internationale du BICE nous a pouss\u00e9s \u00e0 interroger des experts de plusieurs r\u00e9gions du monde pour nous livrer leur bilan des 25 ann\u00e9es \u00e9coul\u00e9es en mati\u00e8re de droits de l\u2019enfant.<\/p>\n<p>D\u00e9couvrez ici les t\u00e9moignages de :<\/p>\n<ul>\n<li><a href=\"https:\/\/bice.org\/app\/uploads\/2014\/10\/temoignage_afrique_ghislain_patrick_lessene.pdf\" target=\"_blank\">Ghislain Patrick Less\u00e8ne sur l\u2019Afrique,<\/a><\/li>\n<li><a href=\"https:\/\/bice.org\/app\/uploads\/2014\/10\/temoignage_amerique_latine_norberto_liwski.pdf\" target=\"_blank\">Norberto Liwski sur l\u2019Am\u00e9rique latine,<\/a><\/li>\n<li><a href=\"https:\/\/bice.org\/app\/uploads\/2014\/10\/temoignage_asie_yanghee_lee.pdf\" target=\"_blank\">Yanghee Lee sur l\u2019Asie,<\/a><\/li>\n<li><a href=\"https:\/\/bice.org\/app\/uploads\/2014\/10\/temoignage_cei_Maria_Alekseyenko.pdf\" target=\"_blank\">Maria Alekseyenko sur l\u2019Europe de l\u2019Est et la Russie ou encore<\/a><\/li>\n<li><a href=\"https:\/\/bice.org\/app\/uploads\/2014\/10\/temoignage_europe_occidentale_pascale_boucaud.pdf\" target=\"_blank\">Pascale Boucaud sur la France et l\u2019Europe occidentale.<\/a><\/li>\n<\/ul>\n<h3>Des avanc\u00e9es juridiques claires mais une mise en \u0153uvre tr\u00e8s insuffisante<\/h3>\n<p><a href=\"https:\/\/bice.org\/app\/uploads\/2014\/10\/temoignage_nigel_cantwell.pdf\" target=\"_blank\">Le propos global de Nigel Cantwell<\/a>, grand sp\u00e9cialiste des droits de l\u2019enfant, qui a contribu\u00e9 directement \u00e0 la r\u00e9daction de la Convention relative aux droits de l\u2019enfant, est tr\u00e8s clair et r\u00e9sume bien l\u2019ensemble des t\u00e9moignages recueillis :<\/p>\n<blockquote>\n<p>&#8220;Le fait que la Convention conf\u00e8re \u00e0 l\u2019enfant le statut de sujet de droit a beaucoup contribu\u00e9 \u00e0 faire progresser les attitudes envers les enfants.&#8221;<\/p>\n<\/blockquote>\n<p>&nbsp;<\/p>\n<p>&nbsp;<\/p>\n<p>Pour autant, il note \u00e9galement<\/p>\n<blockquote>\n<p>&#8220;qu\u2019une convention ne r\u00e9sout rien par sa simple existence : c\u2019est un instrument, donc un outil qui n\u2019est utile que quand il est employ\u00e9.&#8221;<\/p>\n<\/blockquote>\n<p>&nbsp;<\/p>\n<p>&nbsp;<\/p>\n<p><strong>Tout l\u2019enjeu aujourd\u2019hui r\u00e9side pr\u00e9cis\u00e9ment dans l\u2019application de ce texte-cl\u00e9<\/strong> : les diff\u00e9rents experts interrog\u00e9s soulignent chacun \u00e0 leur mani\u00e8re combien les droits de l\u2019enfant sont entr\u00e9s dans les pr\u00e9occupations des Etats depuis 25 ans, avec des avanc\u00e9es juridiques indiscutables\u2026 mais ils regrettent \u00e0 l\u2019unisson une application encore souvent trop fragmentaire.<\/p>\n<h3>Continuer la mobilisation pour les droits de l\u2019enfant<\/h3>\n<p>Le BICE partage ces analyses et fait aujourd\u2019hui le m\u00eame constat. <strong>La r\u00e9alisation d\u2019un monde o\u00f9 chaque enfant jouirait de tous ses droits n\u2019est pas une utopie.<\/strong> Elle repose enti\u00e8rement sur la volont\u00e9 politique des \u00c9tats, sur la mobilisation de la soci\u00e9t\u00e9 civile et sur l\u2019engagement de chacun d\u2019entre nous.<\/p>\n<p>C\u2019est par son action de plaidoyer international et r\u00e9gional, la poursuite de la r\u00e9flexion sur les r\u00e9ponses \u00e0 apporter aux nouveaux d\u00e9fis, la formation aux droits de l\u2019homme et aux droits de l\u2019enfant et l\u2019action concr\u00e8te sur le terrain que le BICE entend continuer \u00e0 apporter sa contribution \u00e0 la n\u00e9cessit\u00e9 urgente d\u2019une mobilisation pour l\u2019enfance.<\/p>\n","protected":false},"excerpt":{"rendered":"<p>Pour marquer le 25e anniversaire du texte-cl\u00e9 qui fait r\u00e9f\u00e9rence dans le monde entier, nous avons demand\u00e9 \u00e0 des d\u00e9fenseurs internationaux de l\u2019enfance d\u2019analyser des avanc\u00e9es r\u00e9alis\u00e9es dans leur r\u00e9gion, des progr\u00e8s qui restent \u00e0 faire et des pistes pour y parvenir. Leurs messages sont coh\u00e9rents et en parfaite ad\u00e9quation avec les engagements que nous poursuivons au BICE : l\u2019urgence est aujourd\u2019hui aussi dans les actions de long terme ! Il en va de l\u2019avenir de notre monde \u00e0 toutes et tous. &nbsp;<\/p>\n","protected":false},"author":1,"featured_media":5770,"comment_status":"closed","ping_status":"closed","sticky":false,"template":"","format":"standard","meta":{"_acf_changed":false,"footnotes":"","jetpack_publicize_message":"","jetpack_publicize_feature_enabled":true,"jetpack_social_post_already_shared":false,"jetpack_social_options":{"image_generator_settings":{"template":"highway","default_image_id":0,"font":"","enabled":false},"version":2}},"categories":[132],"tags":[],"class_list":["post-2125","post","type-post","status-publish","format-standard","has-post-thumbnail","hentry","category-actualites-du-bice"],"acf":[],"yoast_head":"<!-- This site is optimized with the Yoast SEO plugin v27.2 - https:\/\/yoast.com\/product\/yoast-seo-wordpress\/ -->\n<title>Dossier sp\u00e9cial 25 ans de la Convention relative aux droits de l\u2019enfant - BICE - ONG de protection des droits de l&#039;enfant<\/title>\n<meta name=\"description\" content=\"Pour marquer le 25e anniversaire du texte-cl\u00e9 qui fait r\u00e9f\u00e9rence dans le monde entier, nous avons demand\u00e9 \u00e0 des d\u00e9fenseurs internationaux de l\u2019enfance d\u2019analyser des avanc\u00e9es r\u00e9alis\u00e9es dans leur r\u00e9gion, des progr\u00e8s qui restent \u00e0 faire et des pistes pour y parvenir. Leurs messages sont coh\u00e9rents et en parfaite ad\u00e9quation avec les engagements que nous poursuivons au BICE : l\u2019urgence est aujourd\u2019hui aussi dans les actions de long terme ! Il en va de l\u2019avenir de notre monde \u00e0 toutes et tous.\" \/>\n<meta name=\"robots\" content=\"index, follow, max-snippet:-1, max-image-preview:large, max-video-preview:-1\" \/>\n<link rel=\"canonical\" href=\"https:\/\/bice.org\/fr\/wp-json\/wp\/v2\/posts\/2125\" \/>\n<meta property=\"og:locale\" content=\"fr_FR\" \/>\n<meta property=\"og:type\" content=\"article\" \/>\n<meta property=\"og:title\" content=\"Dossier sp\u00e9cial 25 ans de la Convention relative aux droits de l\u2019enfant - BICE - ONG de protection des droits de l&#039;enfant\" \/>\n<meta property=\"og:description\" content=\"Pour marquer le 25e anniversaire du texte-cl\u00e9 qui fait r\u00e9f\u00e9rence dans le monde entier, nous avons demand\u00e9 \u00e0 des d\u00e9fenseurs internationaux de l\u2019enfance d\u2019analyser des avanc\u00e9es r\u00e9alis\u00e9es dans leur r\u00e9gion, des progr\u00e8s qui restent \u00e0 faire et des pistes pour y parvenir. Leurs messages sont coh\u00e9rents et en parfaite ad\u00e9quation avec les engagements que nous poursuivons au BICE : l\u2019urgence est aujourd\u2019hui aussi dans les actions de long terme ! Il en va de l\u2019avenir de notre monde \u00e0 toutes et tous.\" \/>\n<meta property=\"og:url\" content=\"https:\/\/bice.org\/fr\/dossier-special-25-ans-de-la-convention-relative-aux-droits-de-l-enfant\/\" \/>\n<meta property=\"og:site_name\" content=\"BICE - ONG de protection des droits de l&#039;enfant\" \/>\n<meta property=\"article:author\" content=\"https:\/\/www.facebook.com\/OngBICE\" \/>\n<meta property=\"article:published_time\" content=\"2014-10-29T11:31:51+00:00\" \/>\n<meta property=\"og:image\" content=\"https:\/\/i0.wp.com\/bice.org\/app\/uploads\/2014\/10\/25_ans_convention_droits_enfant.jpg?fit=684%2C351&ssl=1\" \/>\n\t<meta property=\"og:image:width\" content=\"684\" \/>\n\t<meta property=\"og:image:height\" content=\"351\" \/>\n\t<meta property=\"og:image:type\" content=\"image\/jpeg\" \/>\n<meta name=\"author\" content=\"BICE\" \/>\n<meta name=\"twitter:card\" content=\"summary_large_image\" \/>\n<meta name=\"twitter:creator\" content=\"@ongbice\" \/>\n<meta name=\"twitter:label1\" content=\"\u00c9crit par\" \/>\n\t<meta name=\"twitter:data1\" content=\"BICE\" \/>\n\t<meta name=\"twitter:label2\" content=\"Dur\u00e9e de lecture estim\u00e9e\" \/>\n\t<meta name=\"twitter:data2\" content=\"3 minutes\" \/>\n<!-- \/ Yoast SEO plugin. -->","yoast_head_json":{"title":"Dossier sp\u00e9cial 25 ans de la Convention relative aux droits de l\u2019enfant - BICE - ONG de protection des droits de l&#039;enfant","description":"Pour marquer le 25e anniversaire du texte-cl\u00e9 qui fait r\u00e9f\u00e9rence dans le monde entier, nous avons demand\u00e9 \u00e0 des d\u00e9fenseurs internationaux de l\u2019enfance d\u2019analyser des avanc\u00e9es r\u00e9alis\u00e9es dans leur r\u00e9gion, des progr\u00e8s qui restent \u00e0 faire et des pistes pour y parvenir. Leurs messages sont coh\u00e9rents et en parfaite ad\u00e9quation avec les engagements que nous poursuivons au BICE : l\u2019urgence est aujourd\u2019hui aussi dans les actions de long terme ! Il en va de l\u2019avenir de notre monde \u00e0 toutes et tous.","robots":{"index":"index","follow":"follow","max-snippet":"max-snippet:-1","max-image-preview":"max-image-preview:large","max-video-preview":"max-video-preview:-1"},"canonical":"https:\/\/bice.org\/fr\/wp-json\/wp\/v2\/posts\/2125","og_locale":"fr_FR","og_type":"article","og_title":"Dossier sp\u00e9cial 25 ans de la Convention relative aux droits de l\u2019enfant - BICE - ONG de protection des droits de l&#039;enfant","og_description":"Pour marquer le 25e anniversaire du texte-cl\u00e9 qui fait r\u00e9f\u00e9rence dans le monde entier, nous avons demand\u00e9 \u00e0 des d\u00e9fenseurs internationaux de l\u2019enfance d\u2019analyser des avanc\u00e9es r\u00e9alis\u00e9es dans leur r\u00e9gion, des progr\u00e8s qui restent \u00e0 faire et des pistes pour y parvenir. Leurs messages sont coh\u00e9rents et en parfaite ad\u00e9quation avec les engagements que nous poursuivons au BICE : l\u2019urgence est aujourd\u2019hui aussi dans les actions de long terme ! Il en va de l\u2019avenir de notre monde \u00e0 toutes et tous.","og_url":"https:\/\/bice.org\/fr\/dossier-special-25-ans-de-la-convention-relative-aux-droits-de-l-enfant\/","og_site_name":"BICE - ONG de protection des droits de l&#039;enfant","article_author":"https:\/\/www.facebook.com\/OngBICE","article_published_time":"2014-10-29T11:31:51+00:00","og_image":[{"width":684,"height":351,"url":"https:\/\/i0.wp.com\/bice.org\/app\/uploads\/2014\/10\/25_ans_convention_droits_enfant.jpg?fit=684%2C351&ssl=1","type":"image\/jpeg"}],"author":"BICE","twitter_card":"summary_large_image","twitter_creator":"@ongbice","twitter_misc":{"\u00c9crit par":"BICE","Dur\u00e9e de lecture estim\u00e9e":"3 minutes"},"schema":{"@context":"https:\/\/schema.org","@graph":[{"@type":"Article","@id":"https:\/\/bice.org\/fr\/dossier-special-25-ans-de-la-convention-relative-aux-droits-de-l-enfant\/#article","isPartOf":{"@id":"https:\/\/bice.org\/fr\/dossier-special-25-ans-de-la-convention-relative-aux-droits-de-l-enfant\/"},"author":{"name":"BICE","@id":"https:\/\/bice.org\/fr\/#\/schema\/person\/5ffe567f32d0dbd204977300f4986f5b"},"headline":"Dossier sp\u00e9cial 25 ans de la Convention relative aux droits de l\u2019enfant","datePublished":"2014-10-29T11:31:51+00:00","mainEntityOfPage":{"@id":"https:\/\/bice.org\/fr\/dossier-special-25-ans-de-la-convention-relative-aux-droits-de-l-enfant\/"},"wordCount":586,"publisher":{"@id":"https:\/\/bice.org\/fr\/#organization"},"image":{"@id":"https:\/\/bice.org\/fr\/dossier-special-25-ans-de-la-convention-relative-aux-droits-de-l-enfant\/#primaryimage"},"thumbnailUrl":"https:\/\/i0.wp.com\/bice.org\/app\/uploads\/2014\/10\/25_ans_convention_droits_enfant.jpg?fit=684%2C351&ssl=1","articleSection":["Actualit\u00e9s du BICE"],"inLanguage":"fr-FR"},{"@type":"WebPage","@id":"https:\/\/bice.org\/fr\/dossier-special-25-ans-de-la-convention-relative-aux-droits-de-l-enfant\/","url":"https:\/\/bice.org\/fr\/dossier-special-25-ans-de-la-convention-relative-aux-droits-de-l-enfant\/","name":"Dossier sp\u00e9cial 25 ans de la Convention relative aux droits de l\u2019enfant - BICE - ONG de protection des droits de l&#039;enfant","isPartOf":{"@id":"https:\/\/bice.org\/fr\/#website"},"primaryImageOfPage":{"@id":"https:\/\/bice.org\/fr\/dossier-special-25-ans-de-la-convention-relative-aux-droits-de-l-enfant\/#primaryimage"},"image":{"@id":"https:\/\/bice.org\/fr\/dossier-special-25-ans-de-la-convention-relative-aux-droits-de-l-enfant\/#primaryimage"},"thumbnailUrl":"https:\/\/i0.wp.com\/bice.org\/app\/uploads\/2014\/10\/25_ans_convention_droits_enfant.jpg?fit=684%2C351&ssl=1","datePublished":"2014-10-29T11:31:51+00:00","description":"Pour marquer le 25e anniversaire du texte-cl\u00e9 qui fait r\u00e9f\u00e9rence dans le monde entier, nous avons demand\u00e9 \u00e0 des d\u00e9fenseurs internationaux de l\u2019enfance d\u2019analyser des avanc\u00e9es r\u00e9alis\u00e9es dans leur r\u00e9gion, des progr\u00e8s qui restent \u00e0 faire et des pistes pour y parvenir. Leurs messages sont coh\u00e9rents et en parfaite ad\u00e9quation avec les engagements que nous poursuivons au BICE : l\u2019urgence est aujourd\u2019hui aussi dans les actions de long terme ! Il en va de l\u2019avenir de notre monde \u00e0 toutes et tous.","breadcrumb":{"@id":"https:\/\/bice.org\/fr\/dossier-special-25-ans-de-la-convention-relative-aux-droits-de-l-enfant\/#breadcrumb"},"inLanguage":"fr-FR","potentialAction":[{"@type":"ReadAction","target":["https:\/\/bice.org\/fr\/dossier-special-25-ans-de-la-convention-relative-aux-droits-de-l-enfant\/"]}]},{"@type":"ImageObject","inLanguage":"fr-FR","@id":"https:\/\/bice.org\/fr\/dossier-special-25-ans-de-la-convention-relative-aux-droits-de-l-enfant\/#primaryimage","url":"https:\/\/i0.wp.com\/bice.org\/app\/uploads\/2014\/10\/25_ans_convention_droits_enfant.jpg?fit=684%2C351&ssl=1","contentUrl":"https:\/\/i0.wp.com\/bice.org\/app\/uploads\/2014\/10\/25_ans_convention_droits_enfant.jpg?fit=684%2C351&ssl=1","width":684,"height":351},{"@type":"BreadcrumbList","@id":"https:\/\/bice.org\/fr\/dossier-special-25-ans-de-la-convention-relative-aux-droits-de-l-enfant\/#breadcrumb","itemListElement":[{"@type":"ListItem","position":1,"name":"Accueil","item":"https:\/\/bice.org\/fr\/"},{"@type":"ListItem","position":2,"name":"Actualit\u00e9s du BICE","item":"https:\/\/bice.org\/fr\/theme\/actualites-du-bice\/"},{"@type":"ListItem","position":3,"name":"Dossier sp\u00e9cial 25 ans de la Convention relative aux droits de l\u2019enfant"}]},{"@type":"WebSite","@id":"https:\/\/bice.org\/fr\/#website","url":"https:\/\/bice.org\/fr\/","name":"BICE - ONG de protection des droits de l&#039;enfant","description":"Notre mission : D\u00e9fendre les droits et la dignit\u00e9 des enfants partout dans le monde","publisher":{"@id":"https:\/\/bice.org\/fr\/#organization"},"potentialAction":[{"@type":"SearchAction","target":{"@type":"EntryPoint","urlTemplate":"https:\/\/bice.org\/fr\/?s={search_term_string}"},"query-input":{"@type":"PropertyValueSpecification","valueRequired":true,"valueName":"search_term_string"}}],"inLanguage":"fr-FR"},{"@type":"Organization","@id":"https:\/\/bice.org\/fr\/#organization","name":"BICE","url":"https:\/\/bice.org\/fr\/","logo":{"@type":"ImageObject","inLanguage":"fr-FR","@id":"https:\/\/bice.org\/fr\/#\/schema\/logo\/image\/","url":"https:\/\/bice.org\/app\/uploads\/2022\/06\/favicon.ico","contentUrl":"https:\/\/bice.org\/app\/uploads\/2022\/06\/favicon.ico","width":64,"height":64,"caption":"BICE"},"image":{"@id":"https:\/\/bice.org\/fr\/#\/schema\/logo\/image\/"}},{"@type":"Person","@id":"https:\/\/bice.org\/fr\/#\/schema\/person\/5ffe567f32d0dbd204977300f4986f5b","name":"BICE","image":{"@type":"ImageObject","inLanguage":"fr-FR","@id":"https:\/\/secure.gravatar.com\/avatar\/2cef44cbc317f08498adbfd4c31e9d16fae93e3fb3589a01932b588cb583f93b?s=96&d=mm&r=g","url":"https:\/\/secure.gravatar.com\/avatar\/2cef44cbc317f08498adbfd4c31e9d16fae93e3fb3589a01932b588cb583f93b?s=96&d=mm&r=g","contentUrl":"https:\/\/secure.gravatar.com\/avatar\/2cef44cbc317f08498adbfd4c31e9d16fae93e3fb3589a01932b588cb583f93b?s=96&d=mm&r=g","caption":"BICE"},"description":"Articles et actualit\u00e9s du BICE","sameAs":["https:\/\/bice.org","https:\/\/www.facebook.com\/OngBICE","https:\/\/x.com\/ongbice"]}]}},"jetpack_publicize_connections":[],"jetpack_featured_media_url":"https:\/\/i0.wp.com\/bice.org\/app\/uploads\/2014\/10\/25_ans_convention_droits_enfant.jpg?fit=684%2C351&ssl=1","jetpack_sharing_enabled":true,"_links":{"self":[{"href":"https:\/\/bice.org\/fr\/wp-json\/wp\/v2\/posts\/2125","targetHints":{"allow":["GET"]}}],"collection":[{"href":"https:\/\/bice.org\/fr\/wp-json\/wp\/v2\/posts"}],"about":[{"href":"https:\/\/bice.org\/fr\/wp-json\/wp\/v2\/types\/post"}],"author":[{"embeddable":true,"href":"https:\/\/bice.org\/fr\/wp-json\/wp\/v2\/users\/1"}],"replies":[{"embeddable":true,"href":"https:\/\/bice.org\/fr\/wp-json\/wp\/v2\/comments?post=2125"}],"version-history":[{"count":0,"href":"https:\/\/bice.org\/fr\/wp-json\/wp\/v2\/posts\/2125\/revisions"}],"wp:featuredmedia":[{"embeddable":true,"href":"https:\/\/bice.org\/fr\/wp-json\/wp\/v2\/media\/5770"}],"wp:attachment":[{"href":"https:\/\/bice.org\/fr\/wp-json\/wp\/v2\/media?parent=2125"}],"wp:term":[{"taxonomy":"category","embeddable":true,"href":"https:\/\/bice.org\/fr\/wp-json\/wp\/v2\/categories?post=2125"},{"taxonomy":"post_tag","embeddable":true,"href":"https:\/\/bice.org\/fr\/wp-json\/wp\/v2\/tags?post=2125"}],"curies":[{"name":"wp","href":"https:\/\/api.w.org\/{rel}","templated":true}]}}