{"id":2167,"date":"2014-11-04T09:53:54","date_gmt":"2014-11-04T09:53:54","guid":{"rendered":"https:\/\/bice.org\/fr\/resume-des-interventions-du-bice-a-l-onu-en-septembre\/"},"modified":"2015-10-26T15:36:01","modified_gmt":"2015-10-26T15:36:01","slug":"resume-des-interventions-du-bice-a-l-onu-en-septembre","status":"publish","type":"post","link":"https:\/\/bice.org\/fr\/resume-des-interventions-du-bice-a-l-onu-en-septembre\/","title":{"rendered":"R\u00e9sum\u00e9 des interventions du BICE \u00e0 l\u2019ONU en septembre"},"content":{"rendered":"<h3>Faire cesser les violences contre les enfants, l\u2019enjeu majeur de l\u2019avenir<\/h3>\n<p>Le BICE et 15 autres organisations se sont rassembl\u00e9s pour lancer un &#8220;appel mondial \u00e0 rendre visible l\u2019invisible&#8221; pour rappeler les cons\u00e9quences dramatiques \u00e0 titre personnel mais aussi \u00e0 titre g\u00e9n\u00e9rationnel des violences contre les enfants.<\/p>\n<p>Ils ont conjointement appel\u00e9 le Secr\u00e9taire g\u00e9n\u00e9ral des Nations Unies \u00e0 inclure l\u2019\u00e9limination de toutes les formes de violence \u00e0 l\u2019\u00e9gard des enfants comme objectif r\u00e9alisable et pierre angulaire des Objectifs de D\u00e9veloppement Durable, qui succ\u00e9deront en 2015 aux Objectifs du Mill\u00e9naire pour le D\u00e9veloppement (OMD).<\/p>\n<p><strong><a href=\"https:\/\/bice.org\/fr\/le-bice-s-indigne-de-la-poursuite-de-la-violence-contre-les-enfants-25-ans-apres-l-adoption-de-la-convention-relative-aux-droits-de-l-enfant\/\" target=\"\">&gt; Lire la news<\/a><\/strong><\/p>\n<h3>Plaidoyer pour un meilleur enregistrement des naissances en Afrique<\/h3>\n<p>Mieux enregistrer les enfants \u00e0 la naissance en Afrique est un enjeu majeur pour l\u2019application des droits de l\u2019enfant dans cette r\u00e9gion. Les dizaines de millions d\u2019enfants non enregistr\u00e9s \u00e0 l\u2019\u00e9chelle du continent sont en effet beaucoup plus difficiles \u00e0 identifier, voire \u00e0 retrouver en cas d\u2019enl\u00e8vement, de traite ou d\u2019exploitation par le travail\u2026 et ils sont \u00e9galement victimes \u00e0 bien d\u2019autres \u00e9gards.<\/p>\n<p>Par exemple, la d\u00e9termination de l\u2019\u00e2ge exact de l\u2019enfant et de l\u2019application ou non de mesures adapt\u00e9es en mati\u00e8re de justice juv\u00e9nile devient un v\u00e9ritable casse-t\u00eate en l\u2019absence d\u2019identit\u00e9 enregistr\u00e9e avec date de naissance.<\/p>\n<p>Le BICE est intervenu oralement au nom de son r\u00e9seau de membres en Afrique sur ce sujet, en proposant cinq mesures claires pour faciliter au niveau local cette proc\u00e9dure indispensable.<\/p>\n<p><a href=\"https:\/\/bice.org\/fr\/le-bice-preoccupe-par-les-effets-du-non-enregistrement-des-naissances-en-afrique\/\" target=\"\"><strong>&gt; Lire la news<\/strong><\/a><\/p>\n<h3>Dialogue avec la nouvelle Rapporteuse sp\u00e9ciale sur les formes contemporaines d\u2019esclavage<\/h3>\n<p>Lors d\u2019un dialogue interactif avec Mme Urmila Bhoola, nomm\u00e9e r\u00e9cemment Rapporteuse sp\u00e9ciale sur les formes contemporaines d\u2019esclavage jusqu\u2019en 2017, le BICE a plaid\u00e9 pour que certains points deviennent de v\u00e9ritables priorit\u00e9s. Ainsi, la servitude domestique, qui peut dans certains cas \u00eatre assimil\u00e9e \u00e0 une forme contemporaine d\u2019esclavage.<\/p>\n<p>Le BICE a \u00e9galement insist\u00e9 sur la n\u00e9cessit\u00e9 de travailler plus en concertation avec le Rapporteur sp\u00e9cial sur l\u2019extr\u00eame pauvret\u00e9 et les droits de l\u2019homme, tant les deux sujets sont li\u00e9s.<\/p>\n<p>Enfin, le BICE a mis en avant la n\u00e9cessit\u00e9 d\u2019impliquer la nouvelle Rapporteuse sp\u00e9ciale dans l\u2019\u00e9laboration pr\u00e9vue d\u2019un instrument juridiquement contraignant pour r\u00e9guler les activit\u00e9s des entreprises, afin de s\u2019assurer que les d\u00e9fis li\u00e9s aux formes contemporaines d\u2019esclavage sont bien pris en compte.<\/p>\n<p><a href=\"https:\/\/bice.org\/fr\/le-bice-plaide-pour-un-meilleur-suivi-des-recommandations-sur-les-formes-contemporaines-d-esclavage\/\" target=\"\"><strong>&gt; Lire la news<\/strong><\/a><\/p>\n<h3>Surveiller les recommandations du Conseil des droits de l\u2019Homme \u00e0 la C\u00f4te d\u2019Ivoire, la RD Congo et le Togo<\/h3>\n<p>Le dispositif d\u2019Examen P\u00e9riodique Universel somme chaque pays de pr\u00e9senter r\u00e9guli\u00e8rement son bilan en mati\u00e8re de droits de l\u2019Homme (et donc de droits de l\u2019enfant). C\u2019est l\u2019occasion pour les ONG comme le BICE de faire entendre du terrain les voix alternatives aux rapports officiels.<\/p>\n<p>Dans ce cadre, en septembre dernier, le BICE a pu faire remonter directement un certain nombre d\u2019alertes et de recommandations de ses membres concern\u00e9s (DDE-CI pour la C\u00f4te d\u2019Ivoire, BNCE-RDC et BNCE-Togo) concernant les probl\u00e8mes d\u2019application des droits fondamentaux des enfants, notamment en mati\u00e8re de justice des mineurs dans les trois pays.<\/p>\n<p><a href=\"https:\/\/bice.org\/fr\/le-bice-et-son-reseau-de-membres-d-afrique-vigileants-sur-l-examen-periodique-universel-de-la-cote-d-ivoire-de-la-rd-congo-a-la-27e-session-du-conseil-des-droits-de-l-homme-de-l-onu\/\" target=\"\"><strong>&gt; Lire la news<\/strong><\/a><\/p>\n<h3>Interpellation du gouvernement du P\u00e9rou sur les conditions de d\u00e9tention des mineurs en conflit avec la loi<\/h3>\n<p>Le BICE et deux de ses organisations membres au P\u00e9rou, COMETA et OPA, ont exprim\u00e9 leurs inqui\u00e9tudes quant au non-respect des droits des adolescents priv\u00e9s de libert\u00e9 dans ce pays. Un Plan national pour la pr\u00e9vention et le traitement des mineurs en conflit avec la loi a bien \u00e9t\u00e9 adopt\u00e9 assez r\u00e9cemment, mais son financement reste aujourd\u2019hui tr\u00e8s inad\u00e9quat.<\/p>\n<p>En cons\u00e9quence, les conditions les plus \u00e9l\u00e9mentaires de respect des droits de ces adolescents continuent \u00e0 \u00eatre bafou\u00e9es. Des exemples concrets de ces situations inacceptables ont \u00e9t\u00e9 expos\u00e9s et des recommandations formul\u00e9es.&nbsp;<\/p>\n<p><a href=\"https:\/\/bice.org\/fr\/le-bice-cometa-et-opa-interpellent-le-gouvernement-du-perou-sur-les-conditions-de-privation-de-liberte-des-adolescents-en-conflit-avec-la-loi\/\" target=\"\"><strong>&gt; Lire la news<\/strong><\/a><\/p>\n<h3>Nous vous invitons \u00e9galement \u00e0 d\u00e9couvrir les principales r\u00e9solutions concernant les droits de l\u2019enfant adopt\u00e9es au cours de cette 27e session du Conseil des droits de l\u2019Homme.&nbsp;<\/h3>\n<p><a href=\"https:\/\/bice.org\/fr\/27-session-du-conseil-des-droits-de-l-homme-les-resolutions-concernant-les-droits-de-l-enfant\/\" target=\"\"><strong>&gt; Lire les r\u00e9solutions<\/strong><\/a><\/p>\n","protected":false},"excerpt":{"rendered":"<p>A l\u2019ONU, du 8 au 26 septembre 2014, Le BICE est intervenu directement ou a permis \u00e0 des organisations membres du r\u00e9seau BICE de s\u2019exprimer devant le Conseil des droits de l\u2019Homme sur plusieurs th\u00e9matiques concr\u00e8tes en lien avec l\u2019agenda de la session. Un plaidoyer \u00e9nergique en vue de la c\u00e9l\u00e9bration du 25e anniversaire de la Convention relative aux droits de l\u2019enfant.&nbsp; &nbsp;<\/p>\n","protected":false},"author":1,"featured_media":5446,"comment_status":"closed","ping_status":"closed","sticky":false,"template":"","format":"standard","meta":{"_acf_changed":false,"footnotes":"","jetpack_publicize_message":"","jetpack_publicize_feature_enabled":true,"jetpack_social_post_already_shared":false,"jetpack_social_options":{"image_generator_settings":{"template":"highway","default_image_id":0,"font":"","enabled":false},"version":2}},"categories":[132],"tags":[],"class_list":["post-2167","post","type-post","status-publish","format-standard","has-post-thumbnail","hentry","category-actualites-du-bice"],"acf":[],"yoast_head":"<!-- This site is optimized with the Yoast SEO plugin v27.2 - https:\/\/yoast.com\/product\/yoast-seo-wordpress\/ -->\n<title>R\u00e9sum\u00e9 des interventions du BICE \u00e0 l\u2019ONU en septembre - BICE - ONG de protection des droits de l&#039;enfant<\/title>\n<meta name=\"description\" content=\"A l\u2019ONU, du 8 au 26 septembre 2014, Le BICE est intervenu directement ou a permis \u00e0 des organisations membres du r\u00e9seau BICE de s\u2019exprimer devant le Conseil des droits de l\u2019Homme sur plusieurs th\u00e9matiques concr\u00e8tes en lien avec l\u2019agenda de la session. Un plaidoyer \u00e9nergique en vue de la c\u00e9l\u00e9bration du 25e anniversaire de la Convention relative aux droits de l\u2019enfant.\" \/>\n<meta name=\"robots\" content=\"index, follow, max-snippet:-1, max-image-preview:large, max-video-preview:-1\" \/>\n<link rel=\"canonical\" href=\"https:\/\/bice.org\/fr\/wp-json\/wp\/v2\/posts\/2167\" \/>\n<meta property=\"og:locale\" content=\"fr_FR\" \/>\n<meta property=\"og:type\" content=\"article\" \/>\n<meta property=\"og:title\" content=\"R\u00e9sum\u00e9 des interventions du BICE \u00e0 l\u2019ONU en septembre - BICE - ONG de protection des droits de l&#039;enfant\" \/>\n<meta property=\"og:description\" content=\"A l\u2019ONU, du 8 au 26 septembre 2014, Le BICE est intervenu directement ou a permis \u00e0 des organisations membres du r\u00e9seau BICE de s\u2019exprimer devant le Conseil des droits de l\u2019Homme sur plusieurs th\u00e9matiques concr\u00e8tes en lien avec l\u2019agenda de la session. Un plaidoyer \u00e9nergique en vue de la c\u00e9l\u00e9bration du 25e anniversaire de la Convention relative aux droits de l\u2019enfant.\" \/>\n<meta property=\"og:url\" content=\"https:\/\/bice.org\/fr\/resume-des-interventions-du-bice-a-l-onu-en-septembre\/\" \/>\n<meta property=\"og:site_name\" content=\"BICE - ONG de protection des droits de l&#039;enfant\" \/>\n<meta property=\"article:author\" content=\"https:\/\/www.facebook.com\/OngBICE\" \/>\n<meta property=\"article:published_time\" content=\"2014-11-04T09:53:54+00:00\" \/>\n<meta property=\"article:modified_time\" content=\"2015-10-26T15:36:01+00:00\" \/>\n<meta property=\"og:image\" content=\"https:\/\/i0.wp.com\/bice.org\/app\/uploads\/2014\/07\/ONU_geneva_WSIS_26.jpg?fit=690%2C300&ssl=1\" \/>\n\t<meta property=\"og:image:width\" content=\"690\" \/>\n\t<meta property=\"og:image:height\" content=\"300\" \/>\n\t<meta property=\"og:image:type\" content=\"image\/jpeg\" \/>\n<meta name=\"author\" content=\"BICE\" \/>\n<meta name=\"twitter:card\" content=\"summary_large_image\" \/>\n<meta name=\"twitter:creator\" content=\"@ongbice\" \/>\n<meta name=\"twitter:label1\" content=\"\u00c9crit par\" \/>\n\t<meta name=\"twitter:data1\" content=\"BICE\" \/>\n\t<meta name=\"twitter:label2\" content=\"Dur\u00e9e de lecture estim\u00e9e\" \/>\n\t<meta name=\"twitter:data2\" content=\"4 minutes\" \/>\n<!-- \/ Yoast SEO plugin. -->","yoast_head_json":{"title":"R\u00e9sum\u00e9 des interventions du BICE \u00e0 l\u2019ONU en septembre - BICE - ONG de protection des droits de l&#039;enfant","description":"A l\u2019ONU, du 8 au 26 septembre 2014, Le BICE est intervenu directement ou a permis \u00e0 des organisations membres du r\u00e9seau BICE de s\u2019exprimer devant le Conseil des droits de l\u2019Homme sur plusieurs th\u00e9matiques concr\u00e8tes en lien avec l\u2019agenda de la session. Un plaidoyer \u00e9nergique en vue de la c\u00e9l\u00e9bration du 25e anniversaire de la Convention relative aux droits de l\u2019enfant.","robots":{"index":"index","follow":"follow","max-snippet":"max-snippet:-1","max-image-preview":"max-image-preview:large","max-video-preview":"max-video-preview:-1"},"canonical":"https:\/\/bice.org\/fr\/wp-json\/wp\/v2\/posts\/2167","og_locale":"fr_FR","og_type":"article","og_title":"R\u00e9sum\u00e9 des interventions du BICE \u00e0 l\u2019ONU en septembre - BICE - ONG de protection des droits de l&#039;enfant","og_description":"A l\u2019ONU, du 8 au 26 septembre 2014, Le BICE est intervenu directement ou a permis \u00e0 des organisations membres du r\u00e9seau BICE de s\u2019exprimer devant le Conseil des droits de l\u2019Homme sur plusieurs th\u00e9matiques concr\u00e8tes en lien avec l\u2019agenda de la session. Un plaidoyer \u00e9nergique en vue de la c\u00e9l\u00e9bration du 25e anniversaire de la Convention relative aux droits de l\u2019enfant.","og_url":"https:\/\/bice.org\/fr\/resume-des-interventions-du-bice-a-l-onu-en-septembre\/","og_site_name":"BICE - ONG de protection des droits de l&#039;enfant","article_author":"https:\/\/www.facebook.com\/OngBICE","article_published_time":"2014-11-04T09:53:54+00:00","article_modified_time":"2015-10-26T15:36:01+00:00","og_image":[{"width":690,"height":300,"url":"https:\/\/i0.wp.com\/bice.org\/app\/uploads\/2014\/07\/ONU_geneva_WSIS_26.jpg?fit=690%2C300&ssl=1","type":"image\/jpeg"}],"author":"BICE","twitter_card":"summary_large_image","twitter_creator":"@ongbice","twitter_misc":{"\u00c9crit par":"BICE","Dur\u00e9e de lecture estim\u00e9e":"4 minutes"},"schema":{"@context":"https:\/\/schema.org","@graph":[{"@type":"Article","@id":"https:\/\/bice.org\/fr\/resume-des-interventions-du-bice-a-l-onu-en-septembre\/#article","isPartOf":{"@id":"https:\/\/bice.org\/fr\/resume-des-interventions-du-bice-a-l-onu-en-septembre\/"},"author":{"name":"BICE","@id":"https:\/\/bice.org\/fr\/#\/schema\/person\/5ffe567f32d0dbd204977300f4986f5b"},"headline":"R\u00e9sum\u00e9 des interventions du BICE \u00e0 l\u2019ONU en septembre","datePublished":"2014-11-04T09:53:54+00:00","dateModified":"2015-10-26T15:36:01+00:00","mainEntityOfPage":{"@id":"https:\/\/bice.org\/fr\/resume-des-interventions-du-bice-a-l-onu-en-septembre\/"},"wordCount":742,"publisher":{"@id":"https:\/\/bice.org\/fr\/#organization"},"image":{"@id":"https:\/\/bice.org\/fr\/resume-des-interventions-du-bice-a-l-onu-en-septembre\/#primaryimage"},"thumbnailUrl":"https:\/\/i0.wp.com\/bice.org\/app\/uploads\/2014\/07\/ONU_geneva_WSIS_26.jpg?fit=690%2C300&ssl=1","articleSection":["Actualit\u00e9s du BICE"],"inLanguage":"fr-FR"},{"@type":"WebPage","@id":"https:\/\/bice.org\/fr\/resume-des-interventions-du-bice-a-l-onu-en-septembre\/","url":"https:\/\/bice.org\/fr\/resume-des-interventions-du-bice-a-l-onu-en-septembre\/","name":"R\u00e9sum\u00e9 des interventions du BICE \u00e0 l\u2019ONU en septembre - BICE - ONG de protection des droits de l&#039;enfant","isPartOf":{"@id":"https:\/\/bice.org\/fr\/#website"},"primaryImageOfPage":{"@id":"https:\/\/bice.org\/fr\/resume-des-interventions-du-bice-a-l-onu-en-septembre\/#primaryimage"},"image":{"@id":"https:\/\/bice.org\/fr\/resume-des-interventions-du-bice-a-l-onu-en-septembre\/#primaryimage"},"thumbnailUrl":"https:\/\/i0.wp.com\/bice.org\/app\/uploads\/2014\/07\/ONU_geneva_WSIS_26.jpg?fit=690%2C300&ssl=1","datePublished":"2014-11-04T09:53:54+00:00","dateModified":"2015-10-26T15:36:01+00:00","description":"A l\u2019ONU, du 8 au 26 septembre 2014, Le BICE est intervenu directement ou a permis \u00e0 des organisations membres du r\u00e9seau BICE de s\u2019exprimer devant le Conseil des droits de l\u2019Homme sur plusieurs th\u00e9matiques concr\u00e8tes en lien avec l\u2019agenda de la session. Un plaidoyer \u00e9nergique en vue de la c\u00e9l\u00e9bration du 25e anniversaire de la Convention relative aux droits de l\u2019enfant.","breadcrumb":{"@id":"https:\/\/bice.org\/fr\/resume-des-interventions-du-bice-a-l-onu-en-septembre\/#breadcrumb"},"inLanguage":"fr-FR","potentialAction":[{"@type":"ReadAction","target":["https:\/\/bice.org\/fr\/resume-des-interventions-du-bice-a-l-onu-en-septembre\/"]}]},{"@type":"ImageObject","inLanguage":"fr-FR","@id":"https:\/\/bice.org\/fr\/resume-des-interventions-du-bice-a-l-onu-en-septembre\/#primaryimage","url":"https:\/\/i0.wp.com\/bice.org\/app\/uploads\/2014\/07\/ONU_geneva_WSIS_26.jpg?fit=690%2C300&ssl=1","contentUrl":"https:\/\/i0.wp.com\/bice.org\/app\/uploads\/2014\/07\/ONU_geneva_WSIS_26.jpg?fit=690%2C300&ssl=1","width":690,"height":300},{"@type":"BreadcrumbList","@id":"https:\/\/bice.org\/fr\/resume-des-interventions-du-bice-a-l-onu-en-septembre\/#breadcrumb","itemListElement":[{"@type":"ListItem","position":1,"name":"Accueil","item":"https:\/\/bice.org\/fr\/"},{"@type":"ListItem","position":2,"name":"Actualit\u00e9s du BICE","item":"https:\/\/bice.org\/fr\/theme\/actualites-du-bice\/"},{"@type":"ListItem","position":3,"name":"R\u00e9sum\u00e9 des interventions du BICE \u00e0 l\u2019ONU en septembre"}]},{"@type":"WebSite","@id":"https:\/\/bice.org\/fr\/#website","url":"https:\/\/bice.org\/fr\/","name":"BICE - ONG de protection des droits de l&#039;enfant","description":"Notre mission : D\u00e9fendre les droits et la dignit\u00e9 des enfants partout dans le monde","publisher":{"@id":"https:\/\/bice.org\/fr\/#organization"},"potentialAction":[{"@type":"SearchAction","target":{"@type":"EntryPoint","urlTemplate":"https:\/\/bice.org\/fr\/?s={search_term_string}"},"query-input":{"@type":"PropertyValueSpecification","valueRequired":true,"valueName":"search_term_string"}}],"inLanguage":"fr-FR"},{"@type":"Organization","@id":"https:\/\/bice.org\/fr\/#organization","name":"BICE","url":"https:\/\/bice.org\/fr\/","logo":{"@type":"ImageObject","inLanguage":"fr-FR","@id":"https:\/\/bice.org\/fr\/#\/schema\/logo\/image\/","url":"https:\/\/bice.org\/app\/uploads\/2022\/06\/favicon.ico","contentUrl":"https:\/\/bice.org\/app\/uploads\/2022\/06\/favicon.ico","width":64,"height":64,"caption":"BICE"},"image":{"@id":"https:\/\/bice.org\/fr\/#\/schema\/logo\/image\/"}},{"@type":"Person","@id":"https:\/\/bice.org\/fr\/#\/schema\/person\/5ffe567f32d0dbd204977300f4986f5b","name":"BICE","image":{"@type":"ImageObject","inLanguage":"fr-FR","@id":"https:\/\/secure.gravatar.com\/avatar\/2cef44cbc317f08498adbfd4c31e9d16fae93e3fb3589a01932b588cb583f93b?s=96&d=mm&r=g","url":"https:\/\/secure.gravatar.com\/avatar\/2cef44cbc317f08498adbfd4c31e9d16fae93e3fb3589a01932b588cb583f93b?s=96&d=mm&r=g","contentUrl":"https:\/\/secure.gravatar.com\/avatar\/2cef44cbc317f08498adbfd4c31e9d16fae93e3fb3589a01932b588cb583f93b?s=96&d=mm&r=g","caption":"BICE"},"description":"Articles et actualit\u00e9s du BICE","sameAs":["https:\/\/bice.org","https:\/\/www.facebook.com\/OngBICE","https:\/\/x.com\/ongbice"]}]}},"jetpack_publicize_connections":[],"jetpack_featured_media_url":"https:\/\/i0.wp.com\/bice.org\/app\/uploads\/2014\/07\/ONU_geneva_WSIS_26.jpg?fit=690%2C300&ssl=1","jetpack_sharing_enabled":true,"_links":{"self":[{"href":"https:\/\/bice.org\/fr\/wp-json\/wp\/v2\/posts\/2167","targetHints":{"allow":["GET"]}}],"collection":[{"href":"https:\/\/bice.org\/fr\/wp-json\/wp\/v2\/posts"}],"about":[{"href":"https:\/\/bice.org\/fr\/wp-json\/wp\/v2\/types\/post"}],"author":[{"embeddable":true,"href":"https:\/\/bice.org\/fr\/wp-json\/wp\/v2\/users\/1"}],"replies":[{"embeddable":true,"href":"https:\/\/bice.org\/fr\/wp-json\/wp\/v2\/comments?post=2167"}],"version-history":[{"count":0,"href":"https:\/\/bice.org\/fr\/wp-json\/wp\/v2\/posts\/2167\/revisions"}],"wp:featuredmedia":[{"embeddable":true,"href":"https:\/\/bice.org\/fr\/wp-json\/wp\/v2\/media\/5446"}],"wp:attachment":[{"href":"https:\/\/bice.org\/fr\/wp-json\/wp\/v2\/media?parent=2167"}],"wp:term":[{"taxonomy":"category","embeddable":true,"href":"https:\/\/bice.org\/fr\/wp-json\/wp\/v2\/categories?post=2167"},{"taxonomy":"post_tag","embeddable":true,"href":"https:\/\/bice.org\/fr\/wp-json\/wp\/v2\/tags?post=2167"}],"curies":[{"name":"wp","href":"https:\/\/api.w.org\/{rel}","templated":true}]}}