{"id":2198,"date":"2014-11-17T13:58:46","date_gmt":"2014-11-17T13:58:46","guid":{"rendered":"https:\/\/bice.org\/fr\/20-novembre-2014-la-convention-des-droits-de-l-enfant-a-25-ans\/"},"modified":"2023-01-23T16:58:12","modified_gmt":"2023-01-23T15:58:12","slug":"20-novembre-2014-la-convention-des-droits-de-l-enfant-a-25-ans","status":"publish","type":"post","link":"https:\/\/bice.org\/fr\/20-novembre-2014-la-convention-des-droits-de-l-enfant-a-25-ans\/","title":{"rendered":"20 novembre 2014 : la Convention des droits de l&#8217;enfant a 25 ans"},"content":{"rendered":"<h3>Qu&#8217;est-ce que la Convention relative aux droits de l&#8217;enfant ?<\/h3>\n<p>Issue de la longue histoire des droits de l\u2019enfant, La Convention relative aux droits de l\u2019enfant (CDE) est le premier trait\u00e9 international juridiquement contraignant concernant les droits des enfants. Elle d\u00e9finit leurs droits fondamentaux et aborde tous les aspects de la protection de l\u2019enfance.<\/p>\n<p>La Convention relative aux droits de l\u2019enfant (CDE) a \u00e9t\u00e9 adopt\u00e9e \u00e0 l\u2019unanimit\u00e9 par l\u2019ONU lors de l\u2019Assembl\u00e9e G\u00e9n\u00e9rale du 20 novembre 1989. Depuis, cette date-cl\u00e9 est devenue celle de la journ\u00e9e mondiale des droits de l\u2019enfant.<\/p>\n<p>Le texte est aujourd\u2019hui ratifi\u00e9 par la quasi-totalit\u00e9 des pays du monde, sauf par les Etats-Unis et la Somalie.<\/p>\n<p>La Convention relative aux droits de l\u2019enfant (CDE) est r\u00e9dig\u00e9e dans un esprit positif et elle est tourn\u00e9e vers l\u2019avenir car elle demande aux Etats qui la ratifient de cr\u00e9er des conditions de nature \u00e0 permettre aux enfants de participer activement \u00e0 la vie politique et sociale de leur pays.<\/p>\n<p><a href=\"https:\/\/bice.org\/app\/uploads\/2011\/11\/convention_internationale_droits_enfant_texte_officiel_fr.pdf\" target=\"_blank\" rel=\"noopener\">&gt;&gt; T\u00e9l\u00e9chargez la Convention relative aux droits de l&#8217;enfant<\/a><\/p>\n<h3>Le BICE r\u00e9compens\u00e9 de 10 ans de travail<\/h3>\n<p>Entre 1979 et 1989, le BICE est un acteur majeur dans l\u2019\u00e9laboration de la CDE. Pendant dix ans, des ONG pilot\u00e9es par le BICE et DEI (d\u00e9fense des Enfants International), des Etats membres de la Commission des droits de l\u2019homme et l\u2019Unicef (Fonds des Nations unies pour l\u2019enfance) oeuvrent pour donner aux droits des enfants une base juridique internationale.<\/p>\n<p>L\u2019adoption de la CDE le 20 novembre 1989 vient couronner ces efforts. On reconna\u00eet dans le texte l\u2019empreinte du BICE : une vision globale de l\u2019enfant avec une dimension morale et spirituelle.<\/p>\n<p>Au quotidien, le BICE s\u2019appuie sur les principes \u00e9nonc\u00e9s par ce trait\u00e9 qu\u2019il a contribu\u00e9 \u00e0 \u00e9laborer et dont il soutient la mise en application.<\/p>\n","protected":false},"excerpt":{"rendered":"<p>Parce que l&#8217;urgence aujourd&#8217;hui est dans le long terme, mobilisons-nous ensemble pour les droits de l&#8217;enfant !  <\/p>\n","protected":false},"author":1,"featured_media":6112,"comment_status":"closed","ping_status":"closed","sticky":false,"template":"","format":"standard","meta":{"_acf_changed":false,"footnotes":"","jetpack_publicize_message":"","jetpack_publicize_feature_enabled":true,"jetpack_social_post_already_shared":false,"jetpack_social_options":{"image_generator_settings":{"template":"highway","default_image_id":0,"font":"","enabled":false},"version":2}},"categories":[132],"tags":[],"class_list":["post-2198","post","type-post","status-publish","format-standard","has-post-thumbnail","hentry","category-actualites-du-bice"],"acf":[],"yoast_head":"<!-- This site is optimized with the Yoast SEO plugin v27.2 - https:\/\/yoast.com\/product\/yoast-seo-wordpress\/ -->\n<title>20 novembre 2014 : la Convention des droits de l&#039;enfant a 25 ans - BICE - ONG de protection des droits de l&#039;enfant<\/title>\n<meta name=\"description\" content=\"20 novembre 2014 : 25 ans de la convention relative aux droits de l&#039;enfant et journ\u00e9e mondiale des droits de l&#039;enfant f\u00eat\u00e9e avec le BICE, ong de protection de l&#039;enfance\" \/>\n<meta name=\"robots\" content=\"index, follow, max-snippet:-1, max-image-preview:large, max-video-preview:-1\" \/>\n<link rel=\"canonical\" href=\"https:\/\/bice.org\/fr\/wp-json\/wp\/v2\/posts\/2198\" \/>\n<meta property=\"og:locale\" content=\"fr_FR\" \/>\n<meta property=\"og:type\" content=\"article\" \/>\n<meta property=\"og:title\" content=\"20 novembre 2014 : la Convention des droits de l&#039;enfant a 25 ans - BICE - ONG de protection des droits de l&#039;enfant\" \/>\n<meta property=\"og:description\" content=\"20 novembre 2014 : 25 ans de la convention relative aux droits de l&#039;enfant et journ\u00e9e mondiale des droits de l&#039;enfant f\u00eat\u00e9e avec le BICE, ong de protection de l&#039;enfance\" \/>\n<meta property=\"og:url\" content=\"https:\/\/bice.org\/fr\/20-novembre-2014-la-convention-des-droits-de-l-enfant-a-25-ans\/\" \/>\n<meta property=\"og:site_name\" content=\"BICE - ONG de protection des droits de l&#039;enfant\" \/>\n<meta property=\"article:author\" content=\"https:\/\/www.facebook.com\/OngBICE\" \/>\n<meta property=\"article:published_time\" content=\"2014-11-17T13:58:46+00:00\" \/>\n<meta property=\"article:modified_time\" content=\"2023-01-23T15:58:12+00:00\" \/>\n<meta property=\"og:image\" content=\"https:\/\/i0.wp.com\/bice.org\/app\/uploads\/2014\/11\/photos_enfants.jpg?fit=600%2C97&ssl=1\" \/>\n\t<meta property=\"og:image:width\" content=\"600\" \/>\n\t<meta property=\"og:image:height\" content=\"97\" \/>\n\t<meta property=\"og:image:type\" content=\"image\/jpeg\" \/>\n<meta name=\"author\" content=\"BICE\" \/>\n<meta name=\"twitter:card\" content=\"summary_large_image\" \/>\n<meta name=\"twitter:creator\" content=\"@ongbice\" \/>\n<meta name=\"twitter:label1\" content=\"\u00c9crit par\" \/>\n\t<meta name=\"twitter:data1\" content=\"BICE\" \/>\n\t<meta name=\"twitter:label2\" content=\"Dur\u00e9e de lecture estim\u00e9e\" \/>\n\t<meta name=\"twitter:data2\" content=\"2 minutes\" \/>\n<!-- \/ Yoast SEO plugin. -->","yoast_head_json":{"title":"20 novembre 2014 : la Convention des droits de l'enfant a 25 ans - BICE - ONG de protection des droits de l&#039;enfant","description":"20 novembre 2014 : 25 ans de la convention relative aux droits de l'enfant et journ\u00e9e mondiale des droits de l'enfant f\u00eat\u00e9e avec le BICE, ong de protection de l'enfance","robots":{"index":"index","follow":"follow","max-snippet":"max-snippet:-1","max-image-preview":"max-image-preview:large","max-video-preview":"max-video-preview:-1"},"canonical":"https:\/\/bice.org\/fr\/wp-json\/wp\/v2\/posts\/2198","og_locale":"fr_FR","og_type":"article","og_title":"20 novembre 2014 : la Convention des droits de l'enfant a 25 ans - BICE - ONG de protection des droits de l&#039;enfant","og_description":"20 novembre 2014 : 25 ans de la convention relative aux droits de l'enfant et journ\u00e9e mondiale des droits de l'enfant f\u00eat\u00e9e avec le BICE, ong de protection de l'enfance","og_url":"https:\/\/bice.org\/fr\/20-novembre-2014-la-convention-des-droits-de-l-enfant-a-25-ans\/","og_site_name":"BICE - ONG de protection des droits de l&#039;enfant","article_author":"https:\/\/www.facebook.com\/OngBICE","article_published_time":"2014-11-17T13:58:46+00:00","article_modified_time":"2023-01-23T15:58:12+00:00","og_image":[{"width":600,"height":97,"url":"https:\/\/i0.wp.com\/bice.org\/app\/uploads\/2014\/11\/photos_enfants.jpg?fit=600%2C97&ssl=1","type":"image\/jpeg"}],"author":"BICE","twitter_card":"summary_large_image","twitter_creator":"@ongbice","twitter_misc":{"\u00c9crit par":"BICE","Dur\u00e9e de lecture estim\u00e9e":"2 minutes"},"schema":{"@context":"https:\/\/schema.org","@graph":[{"@type":"Article","@id":"https:\/\/bice.org\/fr\/20-novembre-2014-la-convention-des-droits-de-l-enfant-a-25-ans\/#article","isPartOf":{"@id":"https:\/\/bice.org\/fr\/20-novembre-2014-la-convention-des-droits-de-l-enfant-a-25-ans\/"},"author":{"name":"BICE","@id":"https:\/\/bice.org\/fr\/#\/schema\/person\/5ffe567f32d0dbd204977300f4986f5b"},"headline":"20 novembre 2014 : la Convention des droits de l&#8217;enfant a 25 ans","datePublished":"2014-11-17T13:58:46+00:00","dateModified":"2023-01-23T15:58:12+00:00","mainEntityOfPage":{"@id":"https:\/\/bice.org\/fr\/20-novembre-2014-la-convention-des-droits-de-l-enfant-a-25-ans\/"},"wordCount":331,"publisher":{"@id":"https:\/\/bice.org\/fr\/#organization"},"image":{"@id":"https:\/\/bice.org\/fr\/20-novembre-2014-la-convention-des-droits-de-l-enfant-a-25-ans\/#primaryimage"},"thumbnailUrl":"https:\/\/i0.wp.com\/bice.org\/app\/uploads\/2014\/11\/photos_enfants.jpg?fit=600%2C97&ssl=1","articleSection":["Actualit\u00e9s du BICE"],"inLanguage":"fr-FR"},{"@type":"WebPage","@id":"https:\/\/bice.org\/fr\/20-novembre-2014-la-convention-des-droits-de-l-enfant-a-25-ans\/","url":"https:\/\/bice.org\/fr\/20-novembre-2014-la-convention-des-droits-de-l-enfant-a-25-ans\/","name":"20 novembre 2014 : la Convention des droits de l'enfant a 25 ans - BICE - ONG de protection des droits de l&#039;enfant","isPartOf":{"@id":"https:\/\/bice.org\/fr\/#website"},"primaryImageOfPage":{"@id":"https:\/\/bice.org\/fr\/20-novembre-2014-la-convention-des-droits-de-l-enfant-a-25-ans\/#primaryimage"},"image":{"@id":"https:\/\/bice.org\/fr\/20-novembre-2014-la-convention-des-droits-de-l-enfant-a-25-ans\/#primaryimage"},"thumbnailUrl":"https:\/\/i0.wp.com\/bice.org\/app\/uploads\/2014\/11\/photos_enfants.jpg?fit=600%2C97&ssl=1","datePublished":"2014-11-17T13:58:46+00:00","dateModified":"2023-01-23T15:58:12+00:00","description":"20 novembre 2014 : 25 ans de la convention relative aux droits de l'enfant et journ\u00e9e mondiale des droits de l'enfant f\u00eat\u00e9e avec le BICE, ong de protection de l'enfance","breadcrumb":{"@id":"https:\/\/bice.org\/fr\/20-novembre-2014-la-convention-des-droits-de-l-enfant-a-25-ans\/#breadcrumb"},"inLanguage":"fr-FR","potentialAction":[{"@type":"ReadAction","target":["https:\/\/bice.org\/fr\/20-novembre-2014-la-convention-des-droits-de-l-enfant-a-25-ans\/"]}]},{"@type":"ImageObject","inLanguage":"fr-FR","@id":"https:\/\/bice.org\/fr\/20-novembre-2014-la-convention-des-droits-de-l-enfant-a-25-ans\/#primaryimage","url":"https:\/\/i0.wp.com\/bice.org\/app\/uploads\/2014\/11\/photos_enfants.jpg?fit=600%2C97&ssl=1","contentUrl":"https:\/\/i0.wp.com\/bice.org\/app\/uploads\/2014\/11\/photos_enfants.jpg?fit=600%2C97&ssl=1","width":600,"height":97},{"@type":"BreadcrumbList","@id":"https:\/\/bice.org\/fr\/20-novembre-2014-la-convention-des-droits-de-l-enfant-a-25-ans\/#breadcrumb","itemListElement":[{"@type":"ListItem","position":1,"name":"Accueil","item":"https:\/\/bice.org\/fr\/"},{"@type":"ListItem","position":2,"name":"Actualit\u00e9s du BICE","item":"https:\/\/bice.org\/fr\/theme\/actualites-du-bice\/"},{"@type":"ListItem","position":3,"name":"20 novembre 2014 : la Convention des droits de l&#8217;enfant a 25 ans"}]},{"@type":"WebSite","@id":"https:\/\/bice.org\/fr\/#website","url":"https:\/\/bice.org\/fr\/","name":"BICE - ONG de protection des droits de l&#039;enfant","description":"Notre mission : D\u00e9fendre les droits et la dignit\u00e9 des enfants partout dans le monde","publisher":{"@id":"https:\/\/bice.org\/fr\/#organization"},"potentialAction":[{"@type":"SearchAction","target":{"@type":"EntryPoint","urlTemplate":"https:\/\/bice.org\/fr\/?s={search_term_string}"},"query-input":{"@type":"PropertyValueSpecification","valueRequired":true,"valueName":"search_term_string"}}],"inLanguage":"fr-FR"},{"@type":"Organization","@id":"https:\/\/bice.org\/fr\/#organization","name":"BICE","url":"https:\/\/bice.org\/fr\/","logo":{"@type":"ImageObject","inLanguage":"fr-FR","@id":"https:\/\/bice.org\/fr\/#\/schema\/logo\/image\/","url":"https:\/\/bice.org\/app\/uploads\/2022\/06\/favicon.ico","contentUrl":"https:\/\/bice.org\/app\/uploads\/2022\/06\/favicon.ico","width":64,"height":64,"caption":"BICE"},"image":{"@id":"https:\/\/bice.org\/fr\/#\/schema\/logo\/image\/"}},{"@type":"Person","@id":"https:\/\/bice.org\/fr\/#\/schema\/person\/5ffe567f32d0dbd204977300f4986f5b","name":"BICE","image":{"@type":"ImageObject","inLanguage":"fr-FR","@id":"https:\/\/secure.gravatar.com\/avatar\/2cef44cbc317f08498adbfd4c31e9d16fae93e3fb3589a01932b588cb583f93b?s=96&d=mm&r=g","url":"https:\/\/secure.gravatar.com\/avatar\/2cef44cbc317f08498adbfd4c31e9d16fae93e3fb3589a01932b588cb583f93b?s=96&d=mm&r=g","contentUrl":"https:\/\/secure.gravatar.com\/avatar\/2cef44cbc317f08498adbfd4c31e9d16fae93e3fb3589a01932b588cb583f93b?s=96&d=mm&r=g","caption":"BICE"},"description":"Articles et actualit\u00e9s du BICE","sameAs":["https:\/\/bice.org","https:\/\/www.facebook.com\/OngBICE","https:\/\/x.com\/ongbice"]}]}},"jetpack_publicize_connections":[],"jetpack_featured_media_url":"https:\/\/i0.wp.com\/bice.org\/app\/uploads\/2014\/11\/photos_enfants.jpg?fit=600%2C97&ssl=1","jetpack_sharing_enabled":true,"_links":{"self":[{"href":"https:\/\/bice.org\/fr\/wp-json\/wp\/v2\/posts\/2198","targetHints":{"allow":["GET"]}}],"collection":[{"href":"https:\/\/bice.org\/fr\/wp-json\/wp\/v2\/posts"}],"about":[{"href":"https:\/\/bice.org\/fr\/wp-json\/wp\/v2\/types\/post"}],"author":[{"embeddable":true,"href":"https:\/\/bice.org\/fr\/wp-json\/wp\/v2\/users\/1"}],"replies":[{"embeddable":true,"href":"https:\/\/bice.org\/fr\/wp-json\/wp\/v2\/comments?post=2198"}],"version-history":[{"count":0,"href":"https:\/\/bice.org\/fr\/wp-json\/wp\/v2\/posts\/2198\/revisions"}],"wp:featuredmedia":[{"embeddable":true,"href":"https:\/\/bice.org\/fr\/wp-json\/wp\/v2\/media\/6112"}],"wp:attachment":[{"href":"https:\/\/bice.org\/fr\/wp-json\/wp\/v2\/media?parent=2198"}],"wp:term":[{"taxonomy":"category","embeddable":true,"href":"https:\/\/bice.org\/fr\/wp-json\/wp\/v2\/categories?post=2198"},{"taxonomy":"post_tag","embeddable":true,"href":"https:\/\/bice.org\/fr\/wp-json\/wp\/v2\/tags?post=2198"}],"curies":[{"name":"wp","href":"https:\/\/api.w.org\/{rel}","templated":true}]}}