{"id":22555,"date":"2017-02-28T15:28:03","date_gmt":"2017-02-28T15:28:03","guid":{"rendered":"https:\/\/bice.org\/?p=22555\/"},"modified":"2024-04-19T14:39:30","modified_gmt":"2024-04-19T12:39:30","slug":"grand-prix-suisse-de-litterature-recompense-pascale-kramer","status":"publish","type":"post","link":"https:\/\/bice.org\/fr\/grand-prix-suisse-de-litterature-recompense-pascale-kramer\/","title":{"rendered":"Le grand prix suisse de litt\u00e9rature r\u00e9compense Pascale Kramer"},"content":{"rendered":"<h2 style=\"text-align: justify;\">Pascale Kramer, une auteure artistiquement et personnellement engag\u00e9e<\/h2>\n<p style=\"text-align: justify;\">Membre du Bice ou lecteurs de la revue <a href=\"https:\/\/bice.org\/fr\/actualites\/enfants-de-partout\/\"><em>Enfants de partout<\/em><\/a>, nous avons tous la chance de profiter du talent et de l\u2019enthousiasme de Pascale. Sa plume sensible et pr\u00e9cise sait parfaitement raconter la r\u00e9alit\u00e9 \u2013 parfois dure mais toujours pleine d\u2019espoir \u2013 des missions de nos partenaires sur le terrain.<\/p>\n<p style=\"text-align: justify;\">Pascale est aussi l\u2019auteur de 13 romans. Le grand prix qui vient de lui \u00eatre d\u00e9cern\u00e9 r\u00e9compense une \u0153uvre d\u2019une remarquable coh\u00e9rence, qui s\u2019attache toujours \u00e0 des personnages fragiles en situation de difficult\u00e9. Jeune m\u00e8re d\u00e9sarm\u00e9e face \u00e0 son nouveau-n\u00e9, orpheline SDF en qu\u00eate d\u2019identit\u00e9, communaut\u00e9 qui se cherche dans un mode vie partag\u00e9e\u2026 les descriptions factuelles, sans complaisance ni jugement, dessinent \u00e0 chaque fois des \u00eatres qui sonnent juste, terriblement humains.<\/p>\n<h2 style=\"text-align: justify;\">3 questions \u00e0 l\u2019auteure<\/h2>\n<h3 style=\"text-align: justify;\">Pascale, vous venez de recevoir le Grand prix de litt\u00e9rature suisse pour l\u2019ensemble de votre \u0153uvre. Que repr\u00e9sente pour vous cette distinction ?<\/h3>\n<p style=\"text-align: justify;\">C\u2019est une distinction tr\u00e8s importante qui m\u2019apporte bonheur et r\u00e9confort. J\u2019\u00e9cris depuis l\u2019adolescence, c\u2019est \u00e0 dire depuis pr\u00e8s de 40 ans. J\u2019ai publi\u00e9 de nombreux romans qui ont eu des succ\u00e8s divers. La vie des livres est courte, le monde de l\u2019\u00e9dition et de la critique tr\u00e8s dur et infid\u00e8le. Rien n\u2019y est jamais acquis. Cette r\u00e9compense pour l\u2019ensemble de mes livres valide en quelque sorte le parcours et le travail accomplis. C\u2019est une sorte de marchepied sur lequel je vais pouvoir m\u2019appuyer pour la suite.<\/p>\n<h3 style=\"text-align: justify;\">L\u2019humain est toujours au c\u0153ur de vos romans, souvent avec des personnages cass\u00e9s, fragilis\u00e9s \u00e0 un moment de leur vie : pourquoi cet int\u00e9r\u00eat pour les destins bris\u00e9s, les f\u00ealures ?<\/h3>\n<p style=\"text-align: justify;\">J&#8217;ai la chance de c\u00f4toyer des personnes de tous les milieux, y compris des gens en tr\u00e8s grande pr\u00e9carit\u00e9, ou dans une grande solitude, ou ayant v\u00e9cu de grands drames. Ce sont des \u00eatres et des situations qui m\u2019\u00e9meuvent. C\u2019est par ses f\u00ealures que l\u2019\u00eatre humain se r\u00e9v\u00e8le dans toute sa complexit\u00e9\u2026 et son humanit\u00e9, avec ce que cela implique de grandeur ou non, d\u2019ambivalence. C\u2019est une mati\u00e8re passionnante pour un romancier. Et c\u2019est une mati\u00e8re que je connais bien et dont je peux parler, non pas \u00e0 partir d\u2019id\u00e9es pr\u00e9con\u00e7ues, mais \u00e0 partir du v\u00e9cu.<\/p>\n<h3 style=\"text-align: justify;\">Votre engagement social est effectivement r\u00e9el : vous avez v\u00e9cu avec des SFD, partag\u00e9 l\u2019exp\u00e9rience de vie communautaire dans l\u2019ancien Carmel de Condom , vous \u00eates tr\u00e8s impliqu\u00e9e au BICE\u2026 Vous consid\u00e9rez-vous comme une \u00e9crivain militante ?<\/h3>\n<p style=\"text-align: justify;\">Je ne l\u2019ai pas toujours \u00e9t\u00e9 mais je suis devenue une citoyenne engag\u00e9e. Je suis convaincue que chacun de nous doit faire sa part. Cela m\u2019apporte d\u2019ailleurs de grandes joies. Mon dernier livre, qui n\u2019est pas un roman mais un essai sur une exp\u00e9rience communautaire sociale \u00e0 l\u2019Ancien Carmel de Condom, est un livre militant dans la mesure o\u00f9 j\u2019esp\u00e8re qu\u2019il donnera \u00e0 d\u2019autres l\u2019id\u00e9e de cr\u00e9er des lieux semblables. Mes autres romans sont davantage des explorations, que je crois lucides, de situations sociales, mais pas toujours. Je ne pose jamais de jugement ni ne fais d\u2019analyse, je laisse au lecteur le soin de se faire sa propre opinion. C\u2019est pourquoi je ne dirais pas que je suis une auteure engag\u00e9e, si je l\u2019\u00e9tais, je d\u00e9livrerais des messages.<\/p>\n","protected":false},"excerpt":{"rendered":"<p>Pascale Kramer accompagne depuis 10 ans le BICE, comme r\u00e9dactrice de la revue Enfants de Partout et charg\u00e9e de mission pour le Festival Enfances dans le monde. Elle vient de recevoir le Grand Prix de litt\u00e9rature suisse pour son \u0153uvre d\u2019\u00e9crivain. Nous lui adressons toutes nos f\u00e9licitations.<\/p>\n","protected":false},"author":3,"featured_media":22556,"comment_status":"closed","ping_status":"closed","sticky":false,"template":"","format":"standard","meta":{"_acf_changed":false,"footnotes":"","jetpack_publicize_message":"","jetpack_publicize_feature_enabled":true,"jetpack_social_post_already_shared":false,"jetpack_social_options":{"image_generator_settings":{"template":"highway","default_image_id":0,"font":"","enabled":false},"version":2}},"categories":[132],"tags":[1157,506,1003,1158,369],"class_list":["post-22555","post","type-post","status-publish","format-standard","has-post-thumbnail","hentry","category-actualites-du-bice","tag-ecrivain","tag-enfants-de-partout","tag-festival-enfances-dans-le-monde","tag-grand-prix-litteraire-suisse","tag-suisse"],"acf":[],"yoast_head":"<!-- This site is optimized with the Yoast SEO plugin v27.2 - https:\/\/yoast.com\/product\/yoast-seo-wordpress\/ -->\n<title>Le grand prix suisse de litt\u00e9rature r\u00e9compense P. Kramer<\/title>\n<meta name=\"description\" content=\"Pascale Kramer accompagne comme charg\u00e9e de mission pour le festival Enfances dans le monde. Elle vient de recevoir le Grand Prix de litt\u00e9rature suisse.\" \/>\n<meta name=\"robots\" content=\"index, follow, max-snippet:-1, max-image-preview:large, max-video-preview:-1\" \/>\n<link rel=\"canonical\" href=\"https:\/\/bice.org\/fr\/wp-json\/wp\/v2\/posts\/22555\" \/>\n<meta property=\"og:locale\" content=\"fr_FR\" \/>\n<meta property=\"og:type\" content=\"article\" \/>\n<meta property=\"og:title\" content=\"Le grand prix suisse de litt\u00e9rature r\u00e9compense P. Kramer\" \/>\n<meta property=\"og:description\" content=\"Pascale Kramer accompagne comme charg\u00e9e de mission pour le festival Enfances dans le monde. Elle vient de recevoir le Grand Prix de litt\u00e9rature suisse.\" \/>\n<meta property=\"og:url\" content=\"https:\/\/bice.org\/fr\/grand-prix-suisse-de-litterature-recompense-pascale-kramer\/\" \/>\n<meta property=\"og:site_name\" content=\"BICE - ONG de protection des droits de l&#039;enfant\" \/>\n<meta property=\"article:published_time\" content=\"2017-02-28T15:28:03+00:00\" \/>\n<meta property=\"article:modified_time\" content=\"2024-04-19T12:39:30+00:00\" \/>\n<meta property=\"og:image\" content=\"https:\/\/i0.wp.com\/bice.org\/app\/uploads\/2017\/02\/News-Pascale-Kramer.jpg?fit=1000%2C435&ssl=1\" \/>\n\t<meta property=\"og:image:width\" content=\"1000\" \/>\n\t<meta property=\"og:image:height\" content=\"435\" \/>\n\t<meta property=\"og:image:type\" content=\"image\/jpeg\" \/>\n<meta name=\"author\" content=\"BICE\" \/>\n<meta name=\"twitter:card\" content=\"summary_large_image\" \/>\n<meta name=\"twitter:label1\" content=\"\u00c9crit par\" \/>\n\t<meta name=\"twitter:data1\" content=\"BICE\" \/>\n\t<meta name=\"twitter:label2\" content=\"Dur\u00e9e de lecture estim\u00e9e\" \/>\n\t<meta name=\"twitter:data2\" content=\"3 minutes\" \/>\n<!-- \/ Yoast SEO plugin. -->","yoast_head_json":{"title":"Le grand prix suisse de litt\u00e9rature r\u00e9compense P. Kramer","description":"Pascale Kramer accompagne comme charg\u00e9e de mission pour le festival Enfances dans le monde. Elle vient de recevoir le Grand Prix de litt\u00e9rature suisse.","robots":{"index":"index","follow":"follow","max-snippet":"max-snippet:-1","max-image-preview":"max-image-preview:large","max-video-preview":"max-video-preview:-1"},"canonical":"https:\/\/bice.org\/fr\/wp-json\/wp\/v2\/posts\/22555","og_locale":"fr_FR","og_type":"article","og_title":"Le grand prix suisse de litt\u00e9rature r\u00e9compense P. Kramer","og_description":"Pascale Kramer accompagne comme charg\u00e9e de mission pour le festival Enfances dans le monde. Elle vient de recevoir le Grand Prix de litt\u00e9rature suisse.","og_url":"https:\/\/bice.org\/fr\/grand-prix-suisse-de-litterature-recompense-pascale-kramer\/","og_site_name":"BICE - ONG de protection des droits de l&#039;enfant","article_published_time":"2017-02-28T15:28:03+00:00","article_modified_time":"2024-04-19T12:39:30+00:00","og_image":[{"width":1000,"height":435,"url":"https:\/\/i0.wp.com\/bice.org\/app\/uploads\/2017\/02\/News-Pascale-Kramer.jpg?fit=1000%2C435&ssl=1","type":"image\/jpeg"}],"author":"BICE","twitter_card":"summary_large_image","twitter_misc":{"\u00c9crit par":"BICE","Dur\u00e9e de lecture estim\u00e9e":"3 minutes"},"schema":{"@context":"https:\/\/schema.org","@graph":[{"@type":"Article","@id":"https:\/\/bice.org\/fr\/grand-prix-suisse-de-litterature-recompense-pascale-kramer\/#article","isPartOf":{"@id":"https:\/\/bice.org\/fr\/grand-prix-suisse-de-litterature-recompense-pascale-kramer\/"},"author":{"name":"BICE","@id":"https:\/\/bice.org\/fr\/#\/schema\/person\/d2ad3c47fafb278234233a8cb54707b4"},"headline":"Le grand prix suisse de litt\u00e9rature r\u00e9compense Pascale Kramer","datePublished":"2017-02-28T15:28:03+00:00","dateModified":"2024-04-19T12:39:30+00:00","mainEntityOfPage":{"@id":"https:\/\/bice.org\/fr\/grand-prix-suisse-de-litterature-recompense-pascale-kramer\/"},"wordCount":621,"publisher":{"@id":"https:\/\/bice.org\/fr\/#organization"},"image":{"@id":"https:\/\/bice.org\/fr\/grand-prix-suisse-de-litterature-recompense-pascale-kramer\/#primaryimage"},"thumbnailUrl":"https:\/\/i0.wp.com\/bice.org\/app\/uploads\/2017\/02\/News-Pascale-Kramer.jpg?fit=1000%2C435&ssl=1","keywords":["\u00e9crivain","Enfants de partout","Festival Enfances dans le Monde","grand prix litt\u00e9raire suisse","Suisse"],"articleSection":["Actualit\u00e9s du BICE"],"inLanguage":"fr-FR"},{"@type":"WebPage","@id":"https:\/\/bice.org\/fr\/grand-prix-suisse-de-litterature-recompense-pascale-kramer\/","url":"https:\/\/bice.org\/fr\/grand-prix-suisse-de-litterature-recompense-pascale-kramer\/","name":"Le grand prix suisse de litt\u00e9rature r\u00e9compense P. Kramer","isPartOf":{"@id":"https:\/\/bice.org\/fr\/#website"},"primaryImageOfPage":{"@id":"https:\/\/bice.org\/fr\/grand-prix-suisse-de-litterature-recompense-pascale-kramer\/#primaryimage"},"image":{"@id":"https:\/\/bice.org\/fr\/grand-prix-suisse-de-litterature-recompense-pascale-kramer\/#primaryimage"},"thumbnailUrl":"https:\/\/i0.wp.com\/bice.org\/app\/uploads\/2017\/02\/News-Pascale-Kramer.jpg?fit=1000%2C435&ssl=1","datePublished":"2017-02-28T15:28:03+00:00","dateModified":"2024-04-19T12:39:30+00:00","description":"Pascale Kramer accompagne comme charg\u00e9e de mission pour le festival Enfances dans le monde. Elle vient de recevoir le Grand Prix de litt\u00e9rature suisse.","breadcrumb":{"@id":"https:\/\/bice.org\/fr\/grand-prix-suisse-de-litterature-recompense-pascale-kramer\/#breadcrumb"},"inLanguage":"fr-FR","potentialAction":[{"@type":"ReadAction","target":["https:\/\/bice.org\/fr\/grand-prix-suisse-de-litterature-recompense-pascale-kramer\/"]}]},{"@type":"ImageObject","inLanguage":"fr-FR","@id":"https:\/\/bice.org\/fr\/grand-prix-suisse-de-litterature-recompense-pascale-kramer\/#primaryimage","url":"https:\/\/i0.wp.com\/bice.org\/app\/uploads\/2017\/02\/News-Pascale-Kramer.jpg?fit=1000%2C435&ssl=1","contentUrl":"https:\/\/i0.wp.com\/bice.org\/app\/uploads\/2017\/02\/News-Pascale-Kramer.jpg?fit=1000%2C435&ssl=1","width":1000,"height":435,"caption":"\u00a9David Ignaszewski\/Koboy\/Flammarion"},{"@type":"BreadcrumbList","@id":"https:\/\/bice.org\/fr\/grand-prix-suisse-de-litterature-recompense-pascale-kramer\/#breadcrumb","itemListElement":[{"@type":"ListItem","position":1,"name":"Accueil","item":"https:\/\/bice.org\/fr\/"},{"@type":"ListItem","position":2,"name":"Actualit\u00e9s du BICE","item":"https:\/\/bice.org\/fr\/theme\/actualites-du-bice\/"},{"@type":"ListItem","position":3,"name":"Le grand prix suisse de litt\u00e9rature r\u00e9compense Pascale Kramer"}]},{"@type":"WebSite","@id":"https:\/\/bice.org\/fr\/#website","url":"https:\/\/bice.org\/fr\/","name":"BICE - ONG de protection des droits de l&#039;enfant","description":"Notre mission : D\u00e9fendre les droits et la dignit\u00e9 des enfants partout dans le monde","publisher":{"@id":"https:\/\/bice.org\/fr\/#organization"},"potentialAction":[{"@type":"SearchAction","target":{"@type":"EntryPoint","urlTemplate":"https:\/\/bice.org\/fr\/?s={search_term_string}"},"query-input":{"@type":"PropertyValueSpecification","valueRequired":true,"valueName":"search_term_string"}}],"inLanguage":"fr-FR"},{"@type":"Organization","@id":"https:\/\/bice.org\/fr\/#organization","name":"BICE","url":"https:\/\/bice.org\/fr\/","logo":{"@type":"ImageObject","inLanguage":"fr-FR","@id":"https:\/\/bice.org\/fr\/#\/schema\/logo\/image\/","url":"https:\/\/bice.org\/app\/uploads\/2022\/06\/favicon.ico","contentUrl":"https:\/\/bice.org\/app\/uploads\/2022\/06\/favicon.ico","width":64,"height":64,"caption":"BICE"},"image":{"@id":"https:\/\/bice.org\/fr\/#\/schema\/logo\/image\/"}},{"@type":"Person","@id":"https:\/\/bice.org\/fr\/#\/schema\/person\/d2ad3c47fafb278234233a8cb54707b4","name":"BICE","image":{"@type":"ImageObject","inLanguage":"fr-FR","@id":"https:\/\/secure.gravatar.com\/avatar\/43bcfdb745dd80b8374b0aaa21c6dd30b2976a6bdea12b3018b51f255692facc?s=96&d=mm&r=g","url":"https:\/\/secure.gravatar.com\/avatar\/43bcfdb745dd80b8374b0aaa21c6dd30b2976a6bdea12b3018b51f255692facc?s=96&d=mm&r=g","contentUrl":"https:\/\/secure.gravatar.com\/avatar\/43bcfdb745dd80b8374b0aaa21c6dd30b2976a6bdea12b3018b51f255692facc?s=96&d=mm&r=g","caption":"BICE"}}]}},"jetpack_publicize_connections":[],"jetpack_featured_media_url":"https:\/\/i0.wp.com\/bice.org\/app\/uploads\/2017\/02\/News-Pascale-Kramer.jpg?fit=1000%2C435&ssl=1","jetpack_sharing_enabled":true,"_links":{"self":[{"href":"https:\/\/bice.org\/fr\/wp-json\/wp\/v2\/posts\/22555","targetHints":{"allow":["GET"]}}],"collection":[{"href":"https:\/\/bice.org\/fr\/wp-json\/wp\/v2\/posts"}],"about":[{"href":"https:\/\/bice.org\/fr\/wp-json\/wp\/v2\/types\/post"}],"author":[{"embeddable":true,"href":"https:\/\/bice.org\/fr\/wp-json\/wp\/v2\/users\/3"}],"replies":[{"embeddable":true,"href":"https:\/\/bice.org\/fr\/wp-json\/wp\/v2\/comments?post=22555"}],"version-history":[{"count":0,"href":"https:\/\/bice.org\/fr\/wp-json\/wp\/v2\/posts\/22555\/revisions"}],"wp:featuredmedia":[{"embeddable":true,"href":"https:\/\/bice.org\/fr\/wp-json\/wp\/v2\/media\/22556"}],"wp:attachment":[{"href":"https:\/\/bice.org\/fr\/wp-json\/wp\/v2\/media?parent=22555"}],"wp:term":[{"taxonomy":"category","embeddable":true,"href":"https:\/\/bice.org\/fr\/wp-json\/wp\/v2\/categories?post=22555"},{"taxonomy":"post_tag","embeddable":true,"href":"https:\/\/bice.org\/fr\/wp-json\/wp\/v2\/tags?post=22555"}],"curies":[{"name":"wp","href":"https:\/\/api.w.org\/{rel}","templated":true}]}}