{"id":22579,"date":"2026-09-04T09:15:19","date_gmt":"2026-09-04T07:15:19","guid":{"rendered":"https:\/\/bice.org\/?page_id=22579\/"},"modified":"2026-09-04T09:32:10","modified_gmt":"2026-09-04T07:32:10","slug":"inscriptionvisioconferencesurintelligenceartificielle","status":"publish","type":"post","link":"https:\/\/bice.org\/fr\/inscriptionvisioconferencesurintelligenceartificielle\/","title":{"rendered":"14 septembre. conf\u00e9rence sur Le regard de l&#8217;\u00e9glise sur l&#8217;Intelligence artificielle"},"content":{"rendered":"\n<script src=\"https:\/\/donner.bice.org\/libs.iraiser.eu\/libs\/payment\/frame\/1.8\/IRaiserFrame.js\"><\/script>\n\n\n\n<p class=\"wp-block-paragraph\">Organis\u00e9e le lundi 14 septembre \u00e0 18h30, cette rencontre sera l\u2019occasion de d\u00e9couvrir et d\u2019approfondir le regard que l\u2019\u00c9glise porte sur l&#8217;intelligence artificielle et de nous interroger plus sp\u00e9cifiquement sur l\u2019usage qu\u2019en font les jeunes, une question au c\u0153ur des pr\u00e9occupations actuelles.<\/p>\n\n\n\n<p class=\"wp-block-paragraph\">Inscrivez-vous via le formulaire ci-dessous. Les informations pratiques et le lien de connexion vous seront adress\u00e9s apr\u00e8s votre inscription. Au plaisir de vous retrouver nombreux le 14 septembre\u00a0!<\/p>\n\n\n\n<h2 class=\"wp-block-heading\">Inscrivez-vous \u00e0 notre conf\u00e9rence du 14 septembre <\/h2>\n\n\n\n<div class=\"wp-block-contact-form-7-contact-form-selector\">\n<div class=\"wpcf7 no-js\" id=\"wpcf7-f321723-o1\" lang=\"fr-FR\" dir=\"ltr\" data-wpcf7-id=\"321723\">\n<div class=\"screen-reader-response\"><p role=\"status\" aria-live=\"polite\" aria-atomic=\"true\"><\/p> <ul><\/ul><\/div>\n<form action=\"\/fr\/wp-json\/wp\/v2\/posts\/22579#wpcf7-f321723-o1\" method=\"post\" class=\"wpcf7-form init\" aria-label=\"Formulaire de contact\" novalidate=\"novalidate\" data-status=\"init\">\n<fieldset class=\"hidden-fields-container\"><input type=\"hidden\" name=\"_wpcf7\" value=\"321723\" \/><input type=\"hidden\" name=\"_wpcf7_version\" value=\"6.1.7\" \/><input type=\"hidden\" name=\"_wpcf7_locale\" value=\"fr_FR\" \/><input type=\"hidden\" name=\"_wpcf7_unit_tag\" value=\"wpcf7-f321723-o1\" \/><input type=\"hidden\" name=\"_wpcf7_container_post\" value=\"0\" \/><input type=\"hidden\" name=\"_wpcf7_posted_data_hash\" value=\"\" \/><input type=\"hidden\" name=\"_wpcf7_recaptcha_response\" value=\"\" \/>\n<\/fieldset>\n<div class=\"inside\">\n\t<div>\n\t\t<div class=\"divlabel\">\n\t\t\t<p><label class=\"inline\">Titre<\/label>\n\t\t\t<\/p>\n\t\t<\/div>\n\t\t<div class=\"divinput\">\n\t\t\t<p><span class=\"wpcf7-form-control-wrap\" data-name=\"Civilite\"><span class=\"wpcf7-form-control wpcf7-radio radio\"><span class=\"wpcf7-list-item first\"><label><input type=\"radio\" name=\"Civilite\" value=\"Mlle\" \/><span class=\"wpcf7-list-item-label\">Mlle<\/span><\/label><\/span><span class=\"wpcf7-list-item\"><label><input type=\"radio\" name=\"Civilite\" value=\"Mme\" \/><span class=\"wpcf7-list-item-label\">Mme<\/span><\/label><\/span><span class=\"wpcf7-list-item last\"><label><input type=\"radio\" name=\"Civilite\" value=\"Mr\" checked=\"checked\" \/><span class=\"wpcf7-list-item-label\">Mr<\/span><\/label><\/span><\/span><\/span>\n\t\t\t<\/p>\n\t\t<\/div>\n\t<\/div>\n\t<div>\n\t\t<div class=\"divlabel\">\n\t\t\t<p><label class=\"inline\">Pr\u00e9nom *<\/label>\n\t\t\t<\/p>\n\t\t<\/div>\n\t\t<div class=\"divinput\">\n\t\t\t<p><span class=\"wpcf7-form-control-wrap\" data-name=\"Prenom\"><input size=\"40\" maxlength=\"400\" class=\"wpcf7-form-control wpcf7-text wpcf7-validates-as-required\" aria-required=\"true\" aria-invalid=\"false\" placeholder=\"Matthieu\" value=\"\" type=\"text\" name=\"Prenom\" \/><\/span>\n\t\t\t<\/p>\n\t\t<\/div>\n\t<\/div>\n\t<div>\n\t\t<div class=\"divlabel\">\n\t\t\t<p><label class=\"inline\">Nom *<\/label>\n\t\t\t<\/p>\n\t\t<\/div>\n\t\t<div class=\"divinput\">\n\t\t\t<p><span class=\"wpcf7-form-control-wrap\" data-name=\"nom\"><input size=\"40\" maxlength=\"400\" class=\"wpcf7-form-control wpcf7-text wpcf7-validates-as-required\" aria-required=\"true\" aria-invalid=\"false\" placeholder=\"Dupuis\" value=\"\" type=\"text\" name=\"nom\" \/><\/span>\n\t\t\t<\/p>\n\t\t<\/div>\n\t<\/div>\n\t<div>\n\t\t<div class=\"divlabel\">\n\t\t\t<p><label class=\"inline\">T\u00e9l\u00e9phone<\/label>\n\t\t\t<\/p>\n\t\t<\/div>\n\t\t<div class=\"divinput\">\n\t\t\t<p><span class=\"wpcf7-form-control-wrap\" data-name=\"telephone\"><input size=\"40\" maxlength=\"400\" class=\"wpcf7-form-control wpcf7-tel wpcf7-text wpcf7-validates-as-tel\" aria-invalid=\"false\" placeholder=\"09 45 23 17 39\" value=\"\" type=\"tel\" name=\"telephone\" \/><\/span>\n\t\t\t<\/p>\n\t\t<\/div>\n\t<\/div>\n\t<div>\n\t\t<div class=\"divlabel\">\n\t\t\t<p><label class=\"inline\">Email *<\/label>\n\t\t\t<\/p>\n\t\t<\/div>\n\t\t<div class=\"divinput\">\n\t\t\t<p><span class=\"wpcf7-form-control-wrap\" data-name=\"email\"><input size=\"40\" maxlength=\"400\" class=\"wpcf7-form-control wpcf7-email wpcf7-validates-as-required wpcf7-text wpcf7-validates-as-email\" aria-required=\"true\" aria-invalid=\"false\" placeholder=\"votreemail@domaine.com\" value=\"\" type=\"email\" name=\"email\" \/><\/span>\n\t\t\t<\/p>\n\t\t<\/div>\n\t<\/div>\n\t<div>\n\t\t<div class=\"divlabel\">\n\t\t\t<p><label class=\"inline\">Des informations compl\u00e9mentaires ?<\/label>\n\t\t\t<\/p>\n\t\t<\/div>\n\t\t<div class=\"divinput\">\n\t\t\t<p><span class=\"wpcf7-form-control-wrap\" data-name=\"message\"><textarea cols=\"40\" rows=\"10\" maxlength=\"2000\" class=\"wpcf7-form-control wpcf7-textarea\" aria-invalid=\"false\" name=\"message\"><\/textarea><\/span>\n\t\t\t<\/p>\n\t\t<\/div>\n\t<\/div>\n\t<div class=\"info\">\n\t\t<p>* Champs obligatoire\n\t\t<\/p>\n\t<\/div>\n\t<div>\n\t\t<div class=\"send\">\n\t\t\t<p><input class=\"wpcf7-form-control wpcf7-submit has-spinner\" type=\"submit\" value=\"Envoyer\" \/>\n\t\t\t<\/p>\n\t\t<\/div>\n\t<\/div>\n<\/div><div class=\"wpcf7-response-output\" aria-hidden=\"true\"><\/div>\n<\/form>\n<\/div>\n<\/div>\n\n\n\n<div style=\"height:55px\" aria-hidden=\"true\" class=\"wp-block-spacer\"><\/div>\n\n\n\n<div class=\"wp-block-columns is-layout-flex wp-container-core-columns-is-layout-8f761849 wp-block-columns-is-layout-flex\">\n<div class=\"wp-block-column is-vertically-aligned-center is-layout-flow wp-block-column-is-layout-flow\" style=\"flex-basis:33.33%\">\n<figure class=\"wp-block-image alignleft size-full is-resized\"><img data-recalc-dims=\"1\" decoding=\"async\" width=\"532\" height=\"513\" src=\"https:\/\/i0.wp.com\/bice.org\/app\/uploads\/2026\/05\/Brunovandermaar.jpg?resize=532%2C513&#038;ssl=1\" alt=\"Bruno Van der Maar animera la conf\u00e9rence\" class=\"wp-image-321798\" style=\"aspect-ratio:1.0370634134258112;width:295px;height:auto\" srcset=\"https:\/\/i0.wp.com\/bice.org\/app\/uploads\/2026\/05\/Brunovandermaar.jpg?w=532&amp;ssl=1 532w, https:\/\/i0.wp.com\/bice.org\/app\/uploads\/2026\/05\/Brunovandermaar.jpg?resize=300%2C289&amp;ssl=1 300w\" sizes=\"(max-width: 532px) 100vw, 532px\" \/><\/figure>\n<\/div>\n\n\n\n<div class=\"wp-block-column is-vertically-aligned-center is-layout-flow wp-block-column-is-layout-flow\" style=\"flex-basis:66.66%\">\n<p class=\"wp-block-paragraph\"><strong>Bruno A.M. Van der Maat<\/strong> est \u00e9conomiste et docteur en sciences sociales. Il a obtenu sa licence canonique et sa ma\u00eetrise en th\u00e9ologie \u00e0 la Facult\u00e9 de Th\u00e9ologie de l\u2019Universit\u00e9 Catholique de Lyon, avec un m\u00e9moire sur <em>L\u2019\u00c9glise et les autres : les Indiens et les Noirs au P\u00e9rou \u2013 XIV<sup>e<\/sup> et XX<sup>e<\/sup> si\u00e8cles<\/em> (Publi\u00e9 par Profac \u00e0 Lyon). Il a \u00e9t\u00e9 \u00e9lu \u00e0 plusieurs reprises directeur du programme de th\u00e9ologie de l\u2019Universidad Cat\u00f3lica de Santa Mar\u00eda d\u2019Arequipa (P\u00e9rou) o\u00f9 il a enseign\u00e9 la Bible, la dogmatique, l\u2019histoire de l\u2019\u00c9glise et le grec biblique. Il a \u00e9t\u00e9 le fondateur et le r\u00e9dacteur en chef de la <em>Revista de Teolog\u00eda Arequipa <\/em>depuis 1998 jusqu\u2019en 2020. Il a traduit, \u00e9dit\u00e9 et publi\u00e9 maints articles et plusieurs livres de sa sp\u00e9cialit\u00e9.<\/p>\n<\/div>\n<\/div>\n\n\n\n<p class=\"wp-block-paragraph\">Pastoralement il a \u00e9t\u00e9 actif comme aum\u00f4nier la\u00efc de prison et de centres de jeunes pendant plus de 25 ans, au cours desquelles il a \u00e9t\u00e9 le premier responsable national de la pastorale des prisons au P\u00e9rou et d\u00e9l\u00e9gu\u00e9 latino-am\u00e9ricain aupr\u00e8s de la Commission Catholique Internationale de la pastorale des prisons.<\/p>\n\n\n\n<p class=\"wp-block-paragraph\">Bruno Van der Maat a \u00e9t\u00e9 de longues ann\u00e9es administrateur du BICE et est aujourd\u2019hui membre du Comit\u00e9 d\u2019honneur.<\/p>\n\n\n\n<p class=\"wp-block-paragraph\"><\/p>\n","protected":false},"excerpt":{"rendered":"<p>\u00c0 l\u2019occasion de la visite du pape L\u00e9on XIV en France, le BICE est heureux de vous inviter \u00e0 une visioconf\u00e9rence de Bruno Van der Maat, autour de l\u2019encyclique Magnifica humanitas et des discours du Saint-P\u00e8re sur l\u2019intelligence artificielle.<\/p>\n","protected":false},"author":1,"featured_media":321804,"comment_status":"closed","ping_status":"closed","sticky":false,"template":"","format":"standard","meta":{"_acf_changed":false,"footnotes":"","jetpack_publicize_message":"","jetpack_publicize_feature_enabled":true,"jetpack_social_post_already_shared":false,"jetpack_social_options":{"image_generator_settings":{"template":"highway","default_image_id":0,"font":"","enabled":false},"version":2},"jetpack_post_was_ever_published":false},"categories":[132],"tags":[],"class_list":["post-22579","post","type-post","status-publish","format-standard","has-post-thumbnail","hentry","category-actualites-du-bice"],"acf":[],"yoast_head":"<!-- This site is optimized with the Yoast SEO plugin v28.4 - https:\/\/yoast.com\/product\/yoast-seo-wordpress\/ -->\n<title>Visioconf\u00e9rence sur le regard que l&#039;Eglise porte sur l&#039;IA<\/title>\n<meta name=\"description\" content=\"\u00c0 l\u2019occasion de la visite du pape L\u00e9on XIV en France, le BICE est heureux de vous inviter \u00e0 une visioconf\u00e9rence de Bruno Van der Maat, autour de l\u2019encyclique Magnifica humanitas et des discours du Saint-P\u00e8re sur l\u2019intelligence artificielle.\" \/>\n<meta name=\"robots\" content=\"noindex, nofollow\" \/>\n<meta property=\"og:locale\" content=\"fr_FR\" \/>\n<meta property=\"og:type\" content=\"article\" \/>\n<meta property=\"og:title\" content=\"Visioconf\u00e9rence sur le regard que l&#039;Eglise porte sur l&#039;IA\" \/>\n<meta property=\"og:description\" content=\"\u00c0 l\u2019occasion de la visite du pape L\u00e9on XIV en France, le BICE est heureux de vous inviter \u00e0 une visioconf\u00e9rence de Bruno Van der Maat, autour de l\u2019encyclique Magnifica humanitas et des discours du Saint-P\u00e8re sur l\u2019intelligence artificielle.\" \/>\n<meta property=\"og:url\" content=\"https:\/\/bice.org\/fr\/inscriptionvisioconferencesurintelligenceartificielle\/\" \/>\n<meta property=\"og:site_name\" content=\"BICE - ONG de protection des droits de l&#039;enfant\" \/>\n<meta property=\"article:author\" content=\"https:\/\/www.facebook.com\/OngBICE\" \/>\n<meta property=\"article:published_time\" content=\"2026-09-04T07:15:19+00:00\" \/>\n<meta property=\"article:modified_time\" content=\"2026-09-04T07:32:10+00:00\" \/>\n<meta property=\"og:image\" content=\"https:\/\/bice.org\/app\/uploads\/2026\/09\/conference-une-site.jpg\" \/>\n\t<meta property=\"og:image:width\" content=\"1000\" \/>\n\t<meta property=\"og:image:height\" content=\"580\" \/>\n\t<meta property=\"og:image:type\" content=\"image\/jpeg\" \/>\n<meta name=\"author\" content=\"BICE\" \/>\n<meta name=\"twitter:card\" content=\"summary_large_image\" \/>\n<meta name=\"twitter:creator\" content=\"@ongbice\" \/>\n<meta name=\"twitter:label1\" content=\"\u00c9crit par\" \/>\n\t<meta name=\"twitter:data1\" content=\"BICE\" \/>\n\t<meta name=\"twitter:label2\" content=\"Dur\u00e9e de lecture estim\u00e9e\" \/>\n\t<meta name=\"twitter:data2\" content=\"2 minutes\" \/>\n<!-- \/ Yoast SEO plugin. -->","yoast_head_json":{"title":"Visioconf\u00e9rence sur le regard que l'Eglise porte sur l'IA","description":"\u00c0 l\u2019occasion de la visite du pape L\u00e9on XIV en France, le BICE est heureux de vous inviter \u00e0 une visioconf\u00e9rence de Bruno Van der Maat, autour de l\u2019encyclique Magnifica humanitas et des discours du Saint-P\u00e8re sur l\u2019intelligence artificielle.","robots":{"index":"noindex","follow":"nofollow"},"og_locale":"fr_FR","og_type":"article","og_title":"Visioconf\u00e9rence sur le regard que l'Eglise porte sur l'IA","og_description":"\u00c0 l\u2019occasion de la visite du pape L\u00e9on XIV en France, le BICE est heureux de vous inviter \u00e0 une visioconf\u00e9rence de Bruno Van der Maat, autour de l\u2019encyclique Magnifica humanitas et des discours du Saint-P\u00e8re sur l\u2019intelligence artificielle.","og_url":"https:\/\/bice.org\/fr\/inscriptionvisioconferencesurintelligenceartificielle\/","og_site_name":"BICE - ONG de protection des droits de l&#039;enfant","article_author":"https:\/\/www.facebook.com\/OngBICE","article_published_time":"2026-09-04T07:15:19+00:00","article_modified_time":"2026-09-04T07:32:10+00:00","og_image":[{"width":1000,"height":580,"url":"https:\/\/bice.org\/app\/uploads\/2026\/09\/conference-une-site.jpg","type":"image\/jpeg"}],"author":"BICE","twitter_card":"summary_large_image","twitter_creator":"@ongbice","twitter_misc":{"\u00c9crit par":"BICE","Dur\u00e9e de lecture estim\u00e9e":"2 minutes"},"schema":{"@context":"https:\/\/schema.org","@graph":[{"@type":"Article","@id":"https:\/\/bice.org\/fr\/inscriptionvisioconferencesurintelligenceartificielle\/#article","isPartOf":{"@id":"https:\/\/bice.org\/fr\/inscriptionvisioconferencesurintelligenceartificielle\/"},"author":{"name":"BICE","@id":"https:\/\/bice.org\/fr\/#\/schema\/person\/5ffe567f32d0dbd204977300f4986f5b"},"headline":"14 septembre. conf\u00e9rence sur Le regard de l&#8217;\u00e9glise sur l&#8217;Intelligence artificielle","datePublished":"2026-09-04T07:15:19+00:00","dateModified":"2026-09-04T07:32:10+00:00","mainEntityOfPage":{"@id":"https:\/\/bice.org\/fr\/inscriptionvisioconferencesurintelligenceartificielle\/"},"wordCount":331,"publisher":{"@id":"https:\/\/bice.org\/fr\/#organization"},"image":{"@id":"https:\/\/bice.org\/fr\/inscriptionvisioconferencesurintelligenceartificielle\/#primaryimage"},"thumbnailUrl":"https:\/\/i0.wp.com\/bice.org\/app\/uploads\/2026\/09\/conference-une-site.jpg?fit=1000%2C580&ssl=1","articleSection":["Actualit\u00e9s du BICE"],"inLanguage":"fr-FR"},{"@type":"WebPage","@id":"https:\/\/bice.org\/fr\/inscriptionvisioconferencesurintelligenceartificielle\/","url":"https:\/\/bice.org\/fr\/inscriptionvisioconferencesurintelligenceartificielle\/","name":"Visioconf\u00e9rence sur le regard que l'Eglise porte sur l'IA","isPartOf":{"@id":"https:\/\/bice.org\/fr\/#website"},"primaryImageOfPage":{"@id":"https:\/\/bice.org\/fr\/inscriptionvisioconferencesurintelligenceartificielle\/#primaryimage"},"image":{"@id":"https:\/\/bice.org\/fr\/inscriptionvisioconferencesurintelligenceartificielle\/#primaryimage"},"thumbnailUrl":"https:\/\/i0.wp.com\/bice.org\/app\/uploads\/2026\/09\/conference-une-site.jpg?fit=1000%2C580&ssl=1","datePublished":"2026-09-04T07:15:19+00:00","dateModified":"2026-09-04T07:32:10+00:00","description":"\u00c0 l\u2019occasion de la visite du pape L\u00e9on XIV en France, le BICE est heureux de vous inviter \u00e0 une visioconf\u00e9rence de Bruno Van der Maat, autour de l\u2019encyclique Magnifica humanitas et des discours du Saint-P\u00e8re sur l\u2019intelligence artificielle.","breadcrumb":{"@id":"https:\/\/bice.org\/fr\/inscriptionvisioconferencesurintelligenceartificielle\/#breadcrumb"},"inLanguage":"fr-FR","potentialAction":[{"@type":"ReadAction","target":["https:\/\/bice.org\/fr\/inscriptionvisioconferencesurintelligenceartificielle\/"]}]},{"@type":"ImageObject","inLanguage":"fr-FR","@id":"https:\/\/bice.org\/fr\/inscriptionvisioconferencesurintelligenceartificielle\/#primaryimage","url":"https:\/\/i0.wp.com\/bice.org\/app\/uploads\/2026\/09\/conference-une-site.jpg?fit=1000%2C580&ssl=1","contentUrl":"https:\/\/i0.wp.com\/bice.org\/app\/uploads\/2026\/09\/conference-une-site.jpg?fit=1000%2C580&ssl=1","width":1000,"height":580,"caption":"Visuel pour annoncer la conf\u00e9rence en ligne du 14 septembre sur l'IA"},{"@type":"BreadcrumbList","@id":"https:\/\/bice.org\/fr\/inscriptionvisioconferencesurintelligenceartificielle\/#breadcrumb","itemListElement":[{"@type":"ListItem","position":1,"name":"Accueil","item":"https:\/\/bice.org\/fr\/"},{"@type":"ListItem","position":2,"name":"Actualit\u00e9s du BICE","item":"https:\/\/bice.org\/fr\/theme\/actualites-du-bice\/"},{"@type":"ListItem","position":3,"name":"14 septembre. conf\u00e9rence sur Le regard de l&#8217;\u00e9glise sur l&#8217;Intelligence artificielle"}]},{"@type":"WebSite","@id":"https:\/\/bice.org\/fr\/#website","url":"https:\/\/bice.org\/fr\/","name":"BICE - ONG de protection des droits de l&#039;enfant","description":"Notre mission : D\u00e9fendre les droits et la dignit\u00e9 des enfants partout dans le monde","publisher":{"@id":"https:\/\/bice.org\/fr\/#organization"},"potentialAction":[{"@type":"SearchAction","target":{"@type":"EntryPoint","urlTemplate":"https:\/\/bice.org\/fr\/?s={search_term_string}"},"query-input":{"@type":"PropertyValueSpecification","valueRequired":true,"valueName":"search_term_string"}}],"inLanguage":"fr-FR"},{"@type":"Organization","@id":"https:\/\/bice.org\/fr\/#organization","name":"BICE","url":"https:\/\/bice.org\/fr\/","logo":{"@type":"ImageObject","inLanguage":"fr-FR","@id":"https:\/\/bice.org\/fr\/#\/schema\/logo\/image\/","url":"https:\/\/bice.org\/app\/uploads\/2022\/06\/favicon.ico","contentUrl":"https:\/\/bice.org\/app\/uploads\/2022\/06\/favicon.ico","width":64,"height":64,"caption":"BICE"},"image":{"@id":"https:\/\/bice.org\/fr\/#\/schema\/logo\/image\/"}},{"@type":"Person","@id":"https:\/\/bice.org\/fr\/#\/schema\/person\/5ffe567f32d0dbd204977300f4986f5b","name":"BICE","image":{"@type":"ImageObject","inLanguage":"fr-FR","@id":"https:\/\/secure.gravatar.com\/avatar\/2cef44cbc317f08498adbfd4c31e9d16fae93e3fb3589a01932b588cb583f93b?s=96&d=mm&r=g","url":"https:\/\/secure.gravatar.com\/avatar\/2cef44cbc317f08498adbfd4c31e9d16fae93e3fb3589a01932b588cb583f93b?s=96&d=mm&r=g","contentUrl":"https:\/\/secure.gravatar.com\/avatar\/2cef44cbc317f08498adbfd4c31e9d16fae93e3fb3589a01932b588cb583f93b?s=96&d=mm&r=g","caption":"BICE"},"description":"Articles et actualit\u00e9s du BICE","sameAs":["https:\/\/bice.org","https:\/\/www.facebook.com\/OngBICE","https:\/\/x.com\/ongbice"]}]}},"jetpack_publicize_connections":[],"jetpack_sharing_enabled":true,"jetpack_featured_media_url":"https:\/\/i0.wp.com\/bice.org\/app\/uploads\/2026\/09\/conference-une-site.jpg?fit=1000%2C580&ssl=1","_links":{"self":[{"href":"https:\/\/bice.org\/fr\/wp-json\/wp\/v2\/posts\/22579","targetHints":{"allow":["GET"]}}],"collection":[{"href":"https:\/\/bice.org\/fr\/wp-json\/wp\/v2\/posts"}],"about":[{"href":"https:\/\/bice.org\/fr\/wp-json\/wp\/v2\/types\/post"}],"author":[{"embeddable":true,"href":"https:\/\/bice.org\/fr\/wp-json\/wp\/v2\/users\/1"}],"replies":[{"embeddable":true,"href":"https:\/\/bice.org\/fr\/wp-json\/wp\/v2\/comments?post=22579"}],"version-history":[{"count":10,"href":"https:\/\/bice.org\/fr\/wp-json\/wp\/v2\/posts\/22579\/revisions"}],"predecessor-version":[{"id":321807,"href":"https:\/\/bice.org\/fr\/wp-json\/wp\/v2\/posts\/22579\/revisions\/321807"}],"wp:featuredmedia":[{"embeddable":true,"href":"https:\/\/bice.org\/fr\/wp-json\/wp\/v2\/media\/321804"}],"wp:attachment":[{"href":"https:\/\/bice.org\/fr\/wp-json\/wp\/v2\/media?parent=22579"}],"wp:term":[{"taxonomy":"category","embeddable":true,"href":"https:\/\/bice.org\/fr\/wp-json\/wp\/v2\/categories?post=22579"},{"taxonomy":"post_tag","embeddable":true,"href":"https:\/\/bice.org\/fr\/wp-json\/wp\/v2\/tags?post=22579"}],"curies":[{"name":"wp","href":"https:\/\/api.w.org\/{rel}","templated":true}]}}