{"id":2274,"date":"2014-12-02T17:08:27","date_gmt":"2014-12-02T17:08:27","guid":{"rendered":"https:\/\/bice.org\/fr\/journee-de-priere-et-d-action-a-paris\/"},"modified":"2015-11-19T16:48:20","modified_gmt":"2015-11-19T16:48:20","slug":"journee-de-priere-et-d-action-a-paris","status":"publish","type":"post","link":"https:\/\/bice.org\/fr\/journee-de-priere-et-d-action-a-paris\/","title":{"rendered":"C\u00e9l\u00e9bration de la Journ\u00e9e de pri\u00e8re et d&#8217;action \u00e0 Paris"},"content":{"rendered":"<p>::cck::843::\/cck::<br \/>::introtext::::\/introtext::<br \/>::fulltext::::\/fulltext::<\/p>\n","protected":false},"excerpt":{"rendered":"<p>&nbsp;<\/p>\n","protected":false},"author":1,"featured_media":0,"comment_status":"closed","ping_status":"closed","sticky":false,"template":"","format":"standard","meta":{"_acf_changed":false,"footnotes":"","jetpack_publicize_message":"","jetpack_publicize_feature_enabled":true,"jetpack_social_post_already_shared":false,"jetpack_social_options":{"image_generator_settings":{"template":"highway","default_image_id":0,"font":"","enabled":false},"version":2}},"categories":[1],"tags":[],"class_list":["post-2274","post","type-post","status-publish","format-standard","hentry","category-non-categorise"],"acf":[],"yoast_head":"<!-- This site is optimized with the Yoast SEO plugin v27.2 - https:\/\/yoast.com\/product\/yoast-seo-wordpress\/ -->\n<title>C\u00e9l\u00e9bration de la Journ\u00e9e de pri\u00e8re et d&#039;action \u00e0 Paris - BICE - ONG de protection des droits de l&#039;enfant<\/title>\n<meta name=\"robots\" content=\"index, follow, max-snippet:-1, max-image-preview:large, max-video-preview:-1\" \/>\n<link rel=\"canonical\" href=\"https:\/\/bice.org\/fr\/wp-json\/wp\/v2\/posts\/2274\" \/>\n<meta property=\"og:locale\" content=\"fr_FR\" \/>\n<meta property=\"og:type\" content=\"article\" \/>\n<meta property=\"og:title\" content=\"C\u00e9l\u00e9bration de la Journ\u00e9e de pri\u00e8re et d&#039;action \u00e0 Paris - BICE - ONG de protection des droits de l&#039;enfant\" \/>\n<meta property=\"og:description\" content=\"&nbsp;\" \/>\n<meta property=\"og:url\" content=\"https:\/\/bice.org\/fr\/journee-de-priere-et-d-action-a-paris\/\" \/>\n<meta property=\"og:site_name\" content=\"BICE - ONG de protection des droits de l&#039;enfant\" \/>\n<meta property=\"article:author\" content=\"https:\/\/www.facebook.com\/OngBICE\" \/>\n<meta property=\"article:published_time\" content=\"2014-12-02T17:08:27+00:00\" \/>\n<meta property=\"article:modified_time\" content=\"2015-11-19T16:48:20+00:00\" \/>\n<meta name=\"author\" content=\"BICE\" \/>\n<meta name=\"twitter:card\" content=\"summary_large_image\" \/>\n<meta name=\"twitter:creator\" content=\"@ongbice\" \/>\n<meta name=\"twitter:label1\" content=\"\u00c9crit par\" \/>\n\t<meta name=\"twitter:data1\" content=\"BICE\" \/>\n<!-- \/ Yoast SEO plugin. -->","yoast_head_json":{"title":"C\u00e9l\u00e9bration de la Journ\u00e9e de pri\u00e8re et d'action \u00e0 Paris - BICE - ONG de protection des droits de l&#039;enfant","robots":{"index":"index","follow":"follow","max-snippet":"max-snippet:-1","max-image-preview":"max-image-preview:large","max-video-preview":"max-video-preview:-1"},"canonical":"https:\/\/bice.org\/fr\/wp-json\/wp\/v2\/posts\/2274","og_locale":"fr_FR","og_type":"article","og_title":"C\u00e9l\u00e9bration de la Journ\u00e9e de pri\u00e8re et d'action \u00e0 Paris - BICE - ONG de protection des droits de l&#039;enfant","og_description":"&nbsp;","og_url":"https:\/\/bice.org\/fr\/journee-de-priere-et-d-action-a-paris\/","og_site_name":"BICE - ONG de protection des droits de l&#039;enfant","article_author":"https:\/\/www.facebook.com\/OngBICE","article_published_time":"2014-12-02T17:08:27+00:00","article_modified_time":"2015-11-19T16:48:20+00:00","author":"BICE","twitter_card":"summary_large_image","twitter_creator":"@ongbice","twitter_misc":{"\u00c9crit par":"BICE"},"schema":{"@context":"https:\/\/schema.org","@graph":[{"@type":"Article","@id":"https:\/\/bice.org\/fr\/journee-de-priere-et-d-action-a-paris\/#article","isPartOf":{"@id":"https:\/\/bice.org\/fr\/journee-de-priere-et-d-action-a-paris\/"},"author":{"name":"BICE","@id":"https:\/\/bice.org\/fr\/#\/schema\/person\/5ffe567f32d0dbd204977300f4986f5b"},"headline":"C\u00e9l\u00e9bration de la Journ\u00e9e de pri\u00e8re et d&#8217;action \u00e0 Paris","datePublished":"2014-12-02T17:08:27+00:00","dateModified":"2015-11-19T16:48:20+00:00","mainEntityOfPage":{"@id":"https:\/\/bice.org\/fr\/journee-de-priere-et-d-action-a-paris\/"},"wordCount":20,"publisher":{"@id":"https:\/\/bice.org\/fr\/#organization"},"articleSection":["Non cat\u00e9goris\u00e9"],"inLanguage":"fr-FR"},{"@type":"WebPage","@id":"https:\/\/bice.org\/fr\/journee-de-priere-et-d-action-a-paris\/","url":"https:\/\/bice.org\/fr\/journee-de-priere-et-d-action-a-paris\/","name":"C\u00e9l\u00e9bration de la Journ\u00e9e de pri\u00e8re et d'action \u00e0 Paris - BICE - ONG de protection des droits de l&#039;enfant","isPartOf":{"@id":"https:\/\/bice.org\/fr\/#website"},"datePublished":"2014-12-02T17:08:27+00:00","dateModified":"2015-11-19T16:48:20+00:00","breadcrumb":{"@id":"https:\/\/bice.org\/fr\/journee-de-priere-et-d-action-a-paris\/#breadcrumb"},"inLanguage":"fr-FR","potentialAction":[{"@type":"ReadAction","target":["https:\/\/bice.org\/fr\/journee-de-priere-et-d-action-a-paris\/"]}]},{"@type":"BreadcrumbList","@id":"https:\/\/bice.org\/fr\/journee-de-priere-et-d-action-a-paris\/#breadcrumb","itemListElement":[{"@type":"ListItem","position":1,"name":"Accueil","item":"https:\/\/bice.org\/fr\/"},{"@type":"ListItem","position":2,"name":"Non cat\u00e9goris\u00e9","item":"https:\/\/bice.org\/fr\/theme\/non-categorise\/"},{"@type":"ListItem","position":3,"name":"C\u00e9l\u00e9bration de la Journ\u00e9e de pri\u00e8re et d&#8217;action \u00e0 Paris"}]},{"@type":"WebSite","@id":"https:\/\/bice.org\/fr\/#website","url":"https:\/\/bice.org\/fr\/","name":"BICE - ONG de protection des droits de l&#039;enfant","description":"Notre mission : D\u00e9fendre les droits et la dignit\u00e9 des enfants partout dans le monde","publisher":{"@id":"https:\/\/bice.org\/fr\/#organization"},"potentialAction":[{"@type":"SearchAction","target":{"@type":"EntryPoint","urlTemplate":"https:\/\/bice.org\/fr\/?s={search_term_string}"},"query-input":{"@type":"PropertyValueSpecification","valueRequired":true,"valueName":"search_term_string"}}],"inLanguage":"fr-FR"},{"@type":"Organization","@id":"https:\/\/bice.org\/fr\/#organization","name":"BICE","url":"https:\/\/bice.org\/fr\/","logo":{"@type":"ImageObject","inLanguage":"fr-FR","@id":"https:\/\/bice.org\/fr\/#\/schema\/logo\/image\/","url":"https:\/\/bice.org\/app\/uploads\/2022\/06\/favicon.ico","contentUrl":"https:\/\/bice.org\/app\/uploads\/2022\/06\/favicon.ico","width":64,"height":64,"caption":"BICE"},"image":{"@id":"https:\/\/bice.org\/fr\/#\/schema\/logo\/image\/"}},{"@type":"Person","@id":"https:\/\/bice.org\/fr\/#\/schema\/person\/5ffe567f32d0dbd204977300f4986f5b","name":"BICE","image":{"@type":"ImageObject","inLanguage":"fr-FR","@id":"https:\/\/secure.gravatar.com\/avatar\/2cef44cbc317f08498adbfd4c31e9d16fae93e3fb3589a01932b588cb583f93b?s=96&d=mm&r=g","url":"https:\/\/secure.gravatar.com\/avatar\/2cef44cbc317f08498adbfd4c31e9d16fae93e3fb3589a01932b588cb583f93b?s=96&d=mm&r=g","contentUrl":"https:\/\/secure.gravatar.com\/avatar\/2cef44cbc317f08498adbfd4c31e9d16fae93e3fb3589a01932b588cb583f93b?s=96&d=mm&r=g","caption":"BICE"},"description":"Articles et actualit\u00e9s du BICE","sameAs":["https:\/\/bice.org","https:\/\/www.facebook.com\/OngBICE","https:\/\/x.com\/ongbice"]}]}},"jetpack_publicize_connections":[],"jetpack_featured_media_url":"","jetpack_sharing_enabled":true,"_links":{"self":[{"href":"https:\/\/bice.org\/fr\/wp-json\/wp\/v2\/posts\/2274","targetHints":{"allow":["GET"]}}],"collection":[{"href":"https:\/\/bice.org\/fr\/wp-json\/wp\/v2\/posts"}],"about":[{"href":"https:\/\/bice.org\/fr\/wp-json\/wp\/v2\/types\/post"}],"author":[{"embeddable":true,"href":"https:\/\/bice.org\/fr\/wp-json\/wp\/v2\/users\/1"}],"replies":[{"embeddable":true,"href":"https:\/\/bice.org\/fr\/wp-json\/wp\/v2\/comments?post=2274"}],"version-history":[{"count":0,"href":"https:\/\/bice.org\/fr\/wp-json\/wp\/v2\/posts\/2274\/revisions"}],"wp:attachment":[{"href":"https:\/\/bice.org\/fr\/wp-json\/wp\/v2\/media?parent=2274"}],"wp:term":[{"taxonomy":"category","embeddable":true,"href":"https:\/\/bice.org\/fr\/wp-json\/wp\/v2\/categories?post=2274"},{"taxonomy":"post_tag","embeddable":true,"href":"https:\/\/bice.org\/fr\/wp-json\/wp\/v2\/tags?post=2274"}],"curies":[{"name":"wp","href":"https:\/\/api.w.org\/{rel}","templated":true}]}}