{"id":2441,"date":"2015-01-30T10:33:00","date_gmt":"2015-01-30T10:33:00","guid":{"rendered":"https:\/\/bice.org\/fr\/etat-des-lieux-de-la-justice-juvenile-au-togo-et-en-rdc\/"},"modified":"2015-10-26T15:38:21","modified_gmt":"2015-10-26T15:38:21","slug":"etat-des-lieux-de-la-justice-juvenile-au-togo-et-en-rdc","status":"publish","type":"post","link":"https:\/\/bice.org\/fr\/etat-des-lieux-de-la-justice-juvenile-au-togo-et-en-rdc\/","title":{"rendered":"Etat des lieux de la justice juv\u00e9nile au Togo et en RDC"},"content":{"rendered":"<h3>Quelles formes prennent les actions men\u00e9es avec le BICE, dans vos pays respectifs, pour une justice plus respectueuse des droits des enfants ?<\/h3>\n<p><strong> Alphonse AKAKPO<\/strong> : Au Togo, la protection de l\u2019enfant et le syst\u00e8me de justice juv\u00e9nile sont centr\u00e9s uniquement sur l\u2019enfant. Or, on ne peut pas accompagner un enfant en conflit avec la loi sans prendre en compte sa famille et sa communaut\u00e9. Nous donnons donc de nouvelles orientations \u00e0 la protection de l\u2019enfance.<\/p>\n<p>Je constate depuis le d\u00e9but de ce Congr\u00e8s que d\u2019autres pays plus avanc\u00e9s que nous ont d\u00e9j\u00e0 travaill\u00e9 sur ces points et que cela porte du fruit. C\u2019est tr\u00e8s encourageant !<\/p>\n<p><strong> Ngali\u00e9ma Aim\u00e9 ADJI<\/strong> : En R\u00e9publique d\u00e9mocratique du Congo, il n\u2019existe aucune structure publique autre que la prison pour accueillir les enfants en conflit avec la loi. Nous avons donc encourag\u00e9 des centres priv\u00e9s associatifs \u00e0 h\u00e9berger des adolescents en vue de leur r\u00e9insertion.<\/p>\n<p>Gr\u00e2ce \u00e0 cette action, environ 150 enfants \u00e9chappent annuellement \u00e0 la prison. Lorsque ce n\u2019est pas possible, nous travaillons sur la possibilit\u00e9 pour d\u2019autres adolescents d\u2019\u00eatre pris en charge dans une famille d\u2019accueil, ou de r\u00e9aliser des travaux d\u2019int\u00e9r\u00eat g\u00e9n\u00e9ral.<\/p>\n<h3>Quels sont les prochains grands chantiers au Togo et en RDC en mati\u00e8re de justice juv\u00e9nile ?<\/h3>\n<p><strong> Ngali\u00e9ma Aim\u00e9 ADJI<\/strong> : Etre cr\u00e9atifs ! Il existe en RDC des dispositifs juridiques r\u00e9cents relatifs \u00e0 la justice juv\u00e9nile. Mais, faute de moyens et de motivation politique, nous n\u2019avons pas les moyens de les faire appliquer. Il faut d\u00e9velopper d\u2019autres outils. Nous souhaitons par exemple d\u00e9velopper et renforcer les comit\u00e9s de m\u00e9diation.<\/p>\n<p>Ces derniers constituent un m\u00e9canisme extrajudiciaire : les juges pour enfants y d\u00e9f\u00e8rent les dossiers pour lesquels une solution amiable semble pouvoir \u00eatre trouv\u00e9e. La m\u00e9diation rassemble ensuite le jeune en conflit avec la loi, les plaignants et la communaut\u00e9. Cette solution permet bien souvent d\u2019\u00e9viter un proc\u00e8s et une peine d\u2019emprisonnement.<\/p>\n<p><strong> Alphonse AKAKPO<\/strong> : Au Togo, l\u2019une de nos priorit\u00e9s consiste \u00e0 mettre l\u2019accent sur la pr\u00e9vention. Nous constatons une recrudescence du nombre d\u2019enfants vivant dans la rue. Leur vie \u00e9tant souvent mise en danger, ces adolescents d\u00e9veloppent des attitudes de survie qui les am\u00e8nent parfois \u00e0 violer la loi. Il faut, autant que possible, \u00e9viter les ruptures familiales et conflits laissant les enfants livr\u00e9s \u00e0 eux-m\u00eames.<\/p>\n<p>Par ailleurs, nous constatons malheureusement que les enfants en conflit avec la loi proviennent souvent de familles d\u00e9favoris\u00e9es ou recompos\u00e9es. Nous devons travailler avec la famille et la communaut\u00e9 et veiller \u00e0 am\u00e9liorer leurs conditions socio\u00e9conomiques.<\/p>\n<h3>Quelles sont vos premi\u00e8res impressions apr\u00e8s deux jours de Congr\u00e8s ?<\/h3>\n<p><strong> Ngali\u00e9ma Aim\u00e9 ADJI (<a href=\"https:\/\/bice.org\/fr\/bnce-rdc\/\">Bureau national catholique de l\u2019enfance en R\u00e9publique d\u00e9mocratique du Congo<\/a>)<\/strong> : Ce Congr\u00e8s est une chance, et je suis tr\u00e8s heureux de pouvoir y assister. Dans notre pays, la justice juv\u00e9nile est loin d\u2019\u00eatre une priorit\u00e9.<\/p>\n<p>A notre retour, nous envisageons d\u00e9j\u00e0 un partage d\u2019exp\u00e9rience avec l\u2019instance nationale qui coordonne les actions pour la justice juv\u00e9nile. Ce sera l\u2019occasion d\u2019\u00e9voquer la mani\u00e8re dont nous pourrons mettre en \u0153uvre certaines pratiques et id\u00e9es entendues au congr\u00e8s.<\/p>\n<p><strong> Alphonse AKAKPO (Bureau national catholique de l\u2019enfance au Togo)<\/strong> : Excellente initiative que celle du BICE de faire participer ses partenaires \u00e0 ce congr\u00e8s. Cela nous permet de d\u00e9velopper notre r\u00e9seau, d\u2019\u00e9changer sur nos pratiques et de partager notre exp\u00e9rience.<\/p>\n","protected":false},"excerpt":{"rendered":"<p>Dans le cadre du programme Enfance sans barreaux, dix partenaires du BICE participent du 26 au 30 janvier 2015 au Congr\u00e8s mondial sur la justice juv\u00e9nile organis\u00e9 \u00e0 Gen\u00e8ve par le gouvernement suisse et l\u2019organisation Terre des Hommes. Deux repr\u00e9sentants d\u2019organisations membres du BICE pr\u00e9sents (BNCE &#8211; R\u00e9publique d\u00e9mocratique du Congo et BNCE \u2013 Togo) nous livrent leurs impressions et dressent un \u00e9tat des lieux de la situation dans leurs pays.<\/p>\n","protected":false},"author":3,"featured_media":6373,"comment_status":"closed","ping_status":"closed","sticky":false,"template":"","format":"standard","meta":{"_acf_changed":false,"footnotes":"","jetpack_publicize_message":"","jetpack_publicize_feature_enabled":true,"jetpack_social_post_already_shared":false,"jetpack_social_options":{"image_generator_settings":{"template":"highway","default_image_id":0,"font":"","enabled":false},"version":2}},"categories":[132],"tags":[],"class_list":["post-2441","post","type-post","status-publish","format-standard","has-post-thumbnail","hentry","category-actualites-du-bice"],"acf":[],"yoast_head":"<!-- This site is optimized with the Yoast SEO plugin v27.2 - https:\/\/yoast.com\/product\/yoast-seo-wordpress\/ -->\n<title>Etat des lieux de la justice juv\u00e9nile au Togo et en RDC - BICE - ONG de protection des droits de l&#039;enfant<\/title>\n<meta name=\"description\" content=\"Interview crois\u00e9e de deux partenaires du BICE actuellement pr\u00e9sents au Congr\u00e8s mondial sur la justice juv\u00e9nile.\" \/>\n<meta name=\"robots\" content=\"index, follow, max-snippet:-1, max-image-preview:large, max-video-preview:-1\" \/>\n<link rel=\"canonical\" href=\"https:\/\/bice.org\/fr\/wp-json\/wp\/v2\/posts\/2441\" \/>\n<meta property=\"og:locale\" content=\"fr_FR\" \/>\n<meta property=\"og:type\" content=\"article\" \/>\n<meta property=\"og:title\" content=\"Etat des lieux de la justice juv\u00e9nile au Togo et en RDC - BICE - ONG de protection des droits de l&#039;enfant\" \/>\n<meta property=\"og:description\" content=\"Interview crois\u00e9e de deux partenaires du BICE actuellement pr\u00e9sents au Congr\u00e8s mondial sur la justice juv\u00e9nile.\" \/>\n<meta property=\"og:url\" content=\"https:\/\/bice.org\/fr\/etat-des-lieux-de-la-justice-juvenile-au-togo-et-en-rdc\/\" \/>\n<meta property=\"og:site_name\" content=\"BICE - ONG de protection des droits de l&#039;enfant\" \/>\n<meta property=\"article:published_time\" content=\"2015-01-30T10:33:00+00:00\" \/>\n<meta property=\"article:modified_time\" content=\"2015-10-26T15:38:21+00:00\" \/>\n<meta property=\"og:image\" content=\"https:\/\/i0.wp.com\/bice.org\/app\/uploads\/2015\/01\/itw-aime-alphonse-congres.jpg?fit=690%2C517&ssl=1\" \/>\n\t<meta property=\"og:image:width\" content=\"690\" \/>\n\t<meta property=\"og:image:height\" content=\"517\" \/>\n\t<meta property=\"og:image:type\" content=\"image\/jpeg\" \/>\n<meta name=\"author\" content=\"BICE\" \/>\n<meta name=\"twitter:card\" content=\"summary_large_image\" \/>\n<meta name=\"twitter:label1\" content=\"\u00c9crit par\" \/>\n\t<meta name=\"twitter:data1\" content=\"BICE\" \/>\n\t<meta name=\"twitter:label2\" content=\"Dur\u00e9e de lecture estim\u00e9e\" \/>\n\t<meta name=\"twitter:data2\" content=\"3 minutes\" \/>\n<!-- \/ Yoast SEO plugin. -->","yoast_head_json":{"title":"Etat des lieux de la justice juv\u00e9nile au Togo et en RDC - BICE - ONG de protection des droits de l&#039;enfant","description":"Interview crois\u00e9e de deux partenaires du BICE actuellement pr\u00e9sents au Congr\u00e8s mondial sur la justice juv\u00e9nile.","robots":{"index":"index","follow":"follow","max-snippet":"max-snippet:-1","max-image-preview":"max-image-preview:large","max-video-preview":"max-video-preview:-1"},"canonical":"https:\/\/bice.org\/fr\/wp-json\/wp\/v2\/posts\/2441","og_locale":"fr_FR","og_type":"article","og_title":"Etat des lieux de la justice juv\u00e9nile au Togo et en RDC - BICE - ONG de protection des droits de l&#039;enfant","og_description":"Interview crois\u00e9e de deux partenaires du BICE actuellement pr\u00e9sents au Congr\u00e8s mondial sur la justice juv\u00e9nile.","og_url":"https:\/\/bice.org\/fr\/etat-des-lieux-de-la-justice-juvenile-au-togo-et-en-rdc\/","og_site_name":"BICE - ONG de protection des droits de l&#039;enfant","article_published_time":"2015-01-30T10:33:00+00:00","article_modified_time":"2015-10-26T15:38:21+00:00","og_image":[{"width":690,"height":517,"url":"https:\/\/i0.wp.com\/bice.org\/app\/uploads\/2015\/01\/itw-aime-alphonse-congres.jpg?fit=690%2C517&ssl=1","type":"image\/jpeg"}],"author":"BICE","twitter_card":"summary_large_image","twitter_misc":{"\u00c9crit par":"BICE","Dur\u00e9e de lecture estim\u00e9e":"3 minutes"},"schema":{"@context":"https:\/\/schema.org","@graph":[{"@type":"Article","@id":"https:\/\/bice.org\/fr\/etat-des-lieux-de-la-justice-juvenile-au-togo-et-en-rdc\/#article","isPartOf":{"@id":"https:\/\/bice.org\/fr\/etat-des-lieux-de-la-justice-juvenile-au-togo-et-en-rdc\/"},"author":{"name":"BICE","@id":"https:\/\/bice.org\/fr\/#\/schema\/person\/d2ad3c47fafb278234233a8cb54707b4"},"headline":"Etat des lieux de la justice juv\u00e9nile au Togo et en RDC","datePublished":"2015-01-30T10:33:00+00:00","dateModified":"2015-10-26T15:38:21+00:00","mainEntityOfPage":{"@id":"https:\/\/bice.org\/fr\/etat-des-lieux-de-la-justice-juvenile-au-togo-et-en-rdc\/"},"wordCount":627,"publisher":{"@id":"https:\/\/bice.org\/fr\/#organization"},"image":{"@id":"https:\/\/bice.org\/fr\/etat-des-lieux-de-la-justice-juvenile-au-togo-et-en-rdc\/#primaryimage"},"thumbnailUrl":"https:\/\/i0.wp.com\/bice.org\/app\/uploads\/2015\/01\/itw-aime-alphonse-congres.jpg?fit=690%2C517&ssl=1","articleSection":["Actualit\u00e9s du BICE"],"inLanguage":"fr-FR"},{"@type":"WebPage","@id":"https:\/\/bice.org\/fr\/etat-des-lieux-de-la-justice-juvenile-au-togo-et-en-rdc\/","url":"https:\/\/bice.org\/fr\/etat-des-lieux-de-la-justice-juvenile-au-togo-et-en-rdc\/","name":"Etat des lieux de la justice juv\u00e9nile au Togo et en RDC - BICE - ONG de protection des droits de l&#039;enfant","isPartOf":{"@id":"https:\/\/bice.org\/fr\/#website"},"primaryImageOfPage":{"@id":"https:\/\/bice.org\/fr\/etat-des-lieux-de-la-justice-juvenile-au-togo-et-en-rdc\/#primaryimage"},"image":{"@id":"https:\/\/bice.org\/fr\/etat-des-lieux-de-la-justice-juvenile-au-togo-et-en-rdc\/#primaryimage"},"thumbnailUrl":"https:\/\/i0.wp.com\/bice.org\/app\/uploads\/2015\/01\/itw-aime-alphonse-congres.jpg?fit=690%2C517&ssl=1","datePublished":"2015-01-30T10:33:00+00:00","dateModified":"2015-10-26T15:38:21+00:00","description":"Interview crois\u00e9e de deux partenaires du BICE actuellement pr\u00e9sents au Congr\u00e8s mondial sur la justice juv\u00e9nile.","breadcrumb":{"@id":"https:\/\/bice.org\/fr\/etat-des-lieux-de-la-justice-juvenile-au-togo-et-en-rdc\/#breadcrumb"},"inLanguage":"fr-FR","potentialAction":[{"@type":"ReadAction","target":["https:\/\/bice.org\/fr\/etat-des-lieux-de-la-justice-juvenile-au-togo-et-en-rdc\/"]}]},{"@type":"ImageObject","inLanguage":"fr-FR","@id":"https:\/\/bice.org\/fr\/etat-des-lieux-de-la-justice-juvenile-au-togo-et-en-rdc\/#primaryimage","url":"https:\/\/i0.wp.com\/bice.org\/app\/uploads\/2015\/01\/itw-aime-alphonse-congres.jpg?fit=690%2C517&ssl=1","contentUrl":"https:\/\/i0.wp.com\/bice.org\/app\/uploads\/2015\/01\/itw-aime-alphonse-congres.jpg?fit=690%2C517&ssl=1","width":690,"height":517,"caption":"\u00a9BICE"},{"@type":"BreadcrumbList","@id":"https:\/\/bice.org\/fr\/etat-des-lieux-de-la-justice-juvenile-au-togo-et-en-rdc\/#breadcrumb","itemListElement":[{"@type":"ListItem","position":1,"name":"Accueil","item":"https:\/\/bice.org\/fr\/"},{"@type":"ListItem","position":2,"name":"Actualit\u00e9s du BICE","item":"https:\/\/bice.org\/fr\/theme\/actualites-du-bice\/"},{"@type":"ListItem","position":3,"name":"Etat des lieux de la justice juv\u00e9nile au Togo et en RDC"}]},{"@type":"WebSite","@id":"https:\/\/bice.org\/fr\/#website","url":"https:\/\/bice.org\/fr\/","name":"BICE - ONG de protection des droits de l&#039;enfant","description":"Notre mission : D\u00e9fendre les droits et la dignit\u00e9 des enfants partout dans le monde","publisher":{"@id":"https:\/\/bice.org\/fr\/#organization"},"potentialAction":[{"@type":"SearchAction","target":{"@type":"EntryPoint","urlTemplate":"https:\/\/bice.org\/fr\/?s={search_term_string}"},"query-input":{"@type":"PropertyValueSpecification","valueRequired":true,"valueName":"search_term_string"}}],"inLanguage":"fr-FR"},{"@type":"Organization","@id":"https:\/\/bice.org\/fr\/#organization","name":"BICE","url":"https:\/\/bice.org\/fr\/","logo":{"@type":"ImageObject","inLanguage":"fr-FR","@id":"https:\/\/bice.org\/fr\/#\/schema\/logo\/image\/","url":"https:\/\/bice.org\/app\/uploads\/2022\/06\/favicon.ico","contentUrl":"https:\/\/bice.org\/app\/uploads\/2022\/06\/favicon.ico","width":64,"height":64,"caption":"BICE"},"image":{"@id":"https:\/\/bice.org\/fr\/#\/schema\/logo\/image\/"}},{"@type":"Person","@id":"https:\/\/bice.org\/fr\/#\/schema\/person\/d2ad3c47fafb278234233a8cb54707b4","name":"BICE","image":{"@type":"ImageObject","inLanguage":"fr-FR","@id":"https:\/\/secure.gravatar.com\/avatar\/43bcfdb745dd80b8374b0aaa21c6dd30b2976a6bdea12b3018b51f255692facc?s=96&d=mm&r=g","url":"https:\/\/secure.gravatar.com\/avatar\/43bcfdb745dd80b8374b0aaa21c6dd30b2976a6bdea12b3018b51f255692facc?s=96&d=mm&r=g","contentUrl":"https:\/\/secure.gravatar.com\/avatar\/43bcfdb745dd80b8374b0aaa21c6dd30b2976a6bdea12b3018b51f255692facc?s=96&d=mm&r=g","caption":"BICE"}}]}},"jetpack_publicize_connections":[],"jetpack_featured_media_url":"https:\/\/i0.wp.com\/bice.org\/app\/uploads\/2015\/01\/itw-aime-alphonse-congres.jpg?fit=690%2C517&ssl=1","jetpack_sharing_enabled":true,"_links":{"self":[{"href":"https:\/\/bice.org\/fr\/wp-json\/wp\/v2\/posts\/2441","targetHints":{"allow":["GET"]}}],"collection":[{"href":"https:\/\/bice.org\/fr\/wp-json\/wp\/v2\/posts"}],"about":[{"href":"https:\/\/bice.org\/fr\/wp-json\/wp\/v2\/types\/post"}],"author":[{"embeddable":true,"href":"https:\/\/bice.org\/fr\/wp-json\/wp\/v2\/users\/3"}],"replies":[{"embeddable":true,"href":"https:\/\/bice.org\/fr\/wp-json\/wp\/v2\/comments?post=2441"}],"version-history":[{"count":0,"href":"https:\/\/bice.org\/fr\/wp-json\/wp\/v2\/posts\/2441\/revisions"}],"wp:featuredmedia":[{"embeddable":true,"href":"https:\/\/bice.org\/fr\/wp-json\/wp\/v2\/media\/6373"}],"wp:attachment":[{"href":"https:\/\/bice.org\/fr\/wp-json\/wp\/v2\/media?parent=2441"}],"wp:term":[{"taxonomy":"category","embeddable":true,"href":"https:\/\/bice.org\/fr\/wp-json\/wp\/v2\/categories?post=2441"},{"taxonomy":"post_tag","embeddable":true,"href":"https:\/\/bice.org\/fr\/wp-json\/wp\/v2\/tags?post=2441"}],"curies":[{"name":"wp","href":"https:\/\/api.w.org\/{rel}","templated":true}]}}