{"id":2445,"date":"2015-02-05T09:56:32","date_gmt":"2015-02-05T09:56:32","guid":{"rendered":"https:\/\/bice.org\/fr\/prochain-congres-international-du-bice-le-20-mai-2015\/"},"modified":"2015-10-26T15:38:23","modified_gmt":"2015-10-26T15:38:23","slug":"prochain-congres-international-du-bice-le-20-mai-2015","status":"publish","type":"post","link":"https:\/\/bice.org\/fr\/prochain-congres-international-du-bice-le-20-mai-2015\/","title":{"rendered":"Prochain Congr\u00e8s international du BICE le 20 mai 2015"},"content":{"rendered":"<h2>L\u2019abus sexuel, un sujet encore tabou<\/h2>\n<p>L\u2019abus sexuel commis sur des enfants est largement tabou dans nos soci\u00e9t\u00e9s. Pourtant, une \u00e9tude du Conseil de l\u2019Europe estime qu\u2019un enfant sur 5 est victime de violences sexuelles avant ses 18 ans !<\/p>\n<p>De plus, dans 70 \u00e0 85 % des cas, l\u2019abus sexuel est perp\u00e9tr\u00e9 par un membre de la famille ou un proche appartenant au cercle de confiance de l\u2019enfant. Cela contribue \u00e0 rendre le crime plus difficilement discernable.<\/p>\n<h2>Le BICE, un acteur de la pr\u00e9vention et de la lutte contre l&#8217;abus sexuel<\/h2>\n<p>Le BICE a d\u00e9ploy\u00e9 un large <a href=\"https:\/\/bice.org\/fr\/abus-sexuel\/\">programme de terrain \u00e0 la pr\u00e9vention et \u00e0 la lutte contre l&#8217;abus sexuel<\/a>. Les actions visent \u00e0 favoriser un environnement bientraitant pour les enfants, tout en accompagnant les enfants victimes d&#8217;abus. Ce programme se d\u00e9roule dans 23 pays, en Asie, en Am\u00e9rique latine, en Afrique et en Europe de l&#8217;Est.<\/p>\n<h2>Quels sont les objectifs du congr\u00e8s pour lutter contre l\u2019abus sexuel ?<\/h2>\n<p>Le congr\u00e8s 2015 du BICE permettra aux participants d&#8217;approfondir leurs connaissances des causes et cons\u00e9quences de l\u2019abus sexuel. La pr\u00e9sentation de pratiques \u00e9valu\u00e9es et valid\u00e9es permettra aux participants d\u2019\u00e9changer et de mutualiser leurs connaissances.<\/p>\n<p>A ce Congr\u00e8s participeront notamment de nombreux partenaires de terrain venus des quatre continents o\u00f9 notre programme prend place. Ainsi, le BICE apporte au d\u00e9bat une dimension \u00e0 la fois \u00ab nord-sud \u00bb et \u00ab sud-sud \u00bb.<\/p>\n<p>Le congr\u00e8s vise en outre \u00e0 formuler des recommandations, ainsi qu&#8217;une strat\u00e9gie de plaidoyer au niveau national, r\u00e9gional et international.<\/p>\n<p>Nous vous tiendrons inform\u00e9s tr\u00e8s prochainement du programme d\u00e9taill\u00e9 de la journ\u00e9e, en cours d\u2019\u00e9laboration.<\/p>\n<p>La participation \u00e0 ce Congr\u00e8s est gratuite, sur inscription pr\u00e9alable.<\/p>\n","protected":false},"excerpt":{"rendered":"<p>Le prochain congr\u00e8s international du BICE aura lieu le 20 mai prochain, \u00e0 Paris. Il r\u00e9unira partenaires, acteurs de terrain, repr\u00e9sentants gouvernementaux et de la soci\u00e9t\u00e9 civile ainsi que des medias autour de la question de l\u2019abus sexuel des enfants. L\u2019\u00e9v\u00e9nement se d\u00e9roulera au Coll\u00e8ge des Bernardins.&nbsp;<\/p>\n","protected":false},"author":3,"featured_media":6385,"comment_status":"closed","ping_status":"closed","sticky":false,"template":"","format":"standard","meta":{"_acf_changed":false,"footnotes":"","jetpack_publicize_message":"","jetpack_publicize_feature_enabled":true,"jetpack_social_post_already_shared":false,"jetpack_social_options":{"image_generator_settings":{"template":"highway","default_image_id":0,"font":"","enabled":false},"version":2}},"categories":[132],"tags":[],"class_list":["post-2445","post","type-post","status-publish","format-standard","has-post-thumbnail","hentry","category-actualites-du-bice"],"acf":[],"yoast_head":"<!-- This site is optimized with the Yoast SEO plugin v27.2 - https:\/\/yoast.com\/product\/yoast-seo-wordpress\/ -->\n<title>Prochain Congr\u00e8s international du BICE le 20 mai 2015 - BICE - ONG de protection des droits de l&#039;enfant<\/title>\n<meta name=\"description\" content=\"Toute l&#039;actualit\u00e9 du BICE en France, en Europe et dans le monde\" \/>\n<meta name=\"robots\" content=\"index, follow, max-snippet:-1, max-image-preview:large, max-video-preview:-1\" \/>\n<link rel=\"canonical\" href=\"https:\/\/bice.org\/fr\/wp-json\/wp\/v2\/posts\/2445\" \/>\n<meta property=\"og:locale\" content=\"fr_FR\" \/>\n<meta property=\"og:type\" content=\"article\" \/>\n<meta property=\"og:title\" content=\"Prochain Congr\u00e8s international du BICE le 20 mai 2015 - BICE - ONG de protection des droits de l&#039;enfant\" \/>\n<meta property=\"og:description\" content=\"Toute l&#039;actualit\u00e9 du BICE en France, en Europe et dans le monde\" \/>\n<meta property=\"og:url\" content=\"https:\/\/bice.org\/fr\/prochain-congres-international-du-bice-le-20-mai-2015\/\" \/>\n<meta property=\"og:site_name\" content=\"BICE - ONG de protection des droits de l&#039;enfant\" \/>\n<meta property=\"article:published_time\" content=\"2015-02-05T09:56:32+00:00\" \/>\n<meta property=\"article:modified_time\" content=\"2015-10-26T15:38:23+00:00\" \/>\n<meta property=\"og:image\" content=\"https:\/\/i0.wp.com\/bice.org\/app\/uploads\/2015\/02\/annonce-congres.jpg?fit=690%2C300&ssl=1\" \/>\n\t<meta property=\"og:image:width\" content=\"690\" \/>\n\t<meta property=\"og:image:height\" content=\"300\" \/>\n\t<meta property=\"og:image:type\" content=\"image\/jpeg\" \/>\n<meta name=\"author\" content=\"BICE\" \/>\n<meta name=\"twitter:card\" content=\"summary_large_image\" \/>\n<meta name=\"twitter:label1\" content=\"\u00c9crit par\" \/>\n\t<meta name=\"twitter:data1\" content=\"BICE\" \/>\n\t<meta name=\"twitter:label2\" content=\"Dur\u00e9e de lecture estim\u00e9e\" \/>\n\t<meta name=\"twitter:data2\" content=\"1 minute\" \/>\n<!-- \/ Yoast SEO plugin. -->","yoast_head_json":{"title":"Prochain Congr\u00e8s international du BICE le 20 mai 2015 - BICE - ONG de protection des droits de l&#039;enfant","description":"Toute l'actualit\u00e9 du BICE en France, en Europe et dans le monde","robots":{"index":"index","follow":"follow","max-snippet":"max-snippet:-1","max-image-preview":"max-image-preview:large","max-video-preview":"max-video-preview:-1"},"canonical":"https:\/\/bice.org\/fr\/wp-json\/wp\/v2\/posts\/2445","og_locale":"fr_FR","og_type":"article","og_title":"Prochain Congr\u00e8s international du BICE le 20 mai 2015 - BICE - ONG de protection des droits de l&#039;enfant","og_description":"Toute l'actualit\u00e9 du BICE en France, en Europe et dans le monde","og_url":"https:\/\/bice.org\/fr\/prochain-congres-international-du-bice-le-20-mai-2015\/","og_site_name":"BICE - ONG de protection des droits de l&#039;enfant","article_published_time":"2015-02-05T09:56:32+00:00","article_modified_time":"2015-10-26T15:38:23+00:00","og_image":[{"width":690,"height":300,"url":"https:\/\/i0.wp.com\/bice.org\/app\/uploads\/2015\/02\/annonce-congres.jpg?fit=690%2C300&ssl=1","type":"image\/jpeg"}],"author":"BICE","twitter_card":"summary_large_image","twitter_misc":{"\u00c9crit par":"BICE","Dur\u00e9e de lecture estim\u00e9e":"1 minute"},"schema":{"@context":"https:\/\/schema.org","@graph":[{"@type":"Article","@id":"https:\/\/bice.org\/fr\/prochain-congres-international-du-bice-le-20-mai-2015\/#article","isPartOf":{"@id":"https:\/\/bice.org\/fr\/prochain-congres-international-du-bice-le-20-mai-2015\/"},"author":{"name":"BICE","@id":"https:\/\/bice.org\/fr\/#\/schema\/person\/d2ad3c47fafb278234233a8cb54707b4"},"headline":"Prochain Congr\u00e8s international du BICE le 20 mai 2015","datePublished":"2015-02-05T09:56:32+00:00","dateModified":"2015-10-26T15:38:23+00:00","mainEntityOfPage":{"@id":"https:\/\/bice.org\/fr\/prochain-congres-international-du-bice-le-20-mai-2015\/"},"wordCount":304,"publisher":{"@id":"https:\/\/bice.org\/fr\/#organization"},"image":{"@id":"https:\/\/bice.org\/fr\/prochain-congres-international-du-bice-le-20-mai-2015\/#primaryimage"},"thumbnailUrl":"https:\/\/i0.wp.com\/bice.org\/app\/uploads\/2015\/02\/annonce-congres.jpg?fit=690%2C300&ssl=1","articleSection":["Actualit\u00e9s du BICE"],"inLanguage":"fr-FR"},{"@type":"WebPage","@id":"https:\/\/bice.org\/fr\/prochain-congres-international-du-bice-le-20-mai-2015\/","url":"https:\/\/bice.org\/fr\/prochain-congres-international-du-bice-le-20-mai-2015\/","name":"Prochain Congr\u00e8s international du BICE le 20 mai 2015 - BICE - ONG de protection des droits de l&#039;enfant","isPartOf":{"@id":"https:\/\/bice.org\/fr\/#website"},"primaryImageOfPage":{"@id":"https:\/\/bice.org\/fr\/prochain-congres-international-du-bice-le-20-mai-2015\/#primaryimage"},"image":{"@id":"https:\/\/bice.org\/fr\/prochain-congres-international-du-bice-le-20-mai-2015\/#primaryimage"},"thumbnailUrl":"https:\/\/i0.wp.com\/bice.org\/app\/uploads\/2015\/02\/annonce-congres.jpg?fit=690%2C300&ssl=1","datePublished":"2015-02-05T09:56:32+00:00","dateModified":"2015-10-26T15:38:23+00:00","description":"Toute l'actualit\u00e9 du BICE en France, en Europe et dans le monde","breadcrumb":{"@id":"https:\/\/bice.org\/fr\/prochain-congres-international-du-bice-le-20-mai-2015\/#breadcrumb"},"inLanguage":"fr-FR","potentialAction":[{"@type":"ReadAction","target":["https:\/\/bice.org\/fr\/prochain-congres-international-du-bice-le-20-mai-2015\/"]}]},{"@type":"ImageObject","inLanguage":"fr-FR","@id":"https:\/\/bice.org\/fr\/prochain-congres-international-du-bice-le-20-mai-2015\/#primaryimage","url":"https:\/\/i0.wp.com\/bice.org\/app\/uploads\/2015\/02\/annonce-congres.jpg?fit=690%2C300&ssl=1","contentUrl":"https:\/\/i0.wp.com\/bice.org\/app\/uploads\/2015\/02\/annonce-congres.jpg?fit=690%2C300&ssl=1","width":690,"height":300,"caption":"\u00a9BICE"},{"@type":"BreadcrumbList","@id":"https:\/\/bice.org\/fr\/prochain-congres-international-du-bice-le-20-mai-2015\/#breadcrumb","itemListElement":[{"@type":"ListItem","position":1,"name":"Accueil","item":"https:\/\/bice.org\/fr\/"},{"@type":"ListItem","position":2,"name":"Actualit\u00e9s du BICE","item":"https:\/\/bice.org\/fr\/theme\/actualites-du-bice\/"},{"@type":"ListItem","position":3,"name":"Prochain Congr\u00e8s international du BICE le 20 mai 2015"}]},{"@type":"WebSite","@id":"https:\/\/bice.org\/fr\/#website","url":"https:\/\/bice.org\/fr\/","name":"BICE - ONG de protection des droits de l&#039;enfant","description":"Notre mission : D\u00e9fendre les droits et la dignit\u00e9 des enfants partout dans le monde","publisher":{"@id":"https:\/\/bice.org\/fr\/#organization"},"potentialAction":[{"@type":"SearchAction","target":{"@type":"EntryPoint","urlTemplate":"https:\/\/bice.org\/fr\/?s={search_term_string}"},"query-input":{"@type":"PropertyValueSpecification","valueRequired":true,"valueName":"search_term_string"}}],"inLanguage":"fr-FR"},{"@type":"Organization","@id":"https:\/\/bice.org\/fr\/#organization","name":"BICE","url":"https:\/\/bice.org\/fr\/","logo":{"@type":"ImageObject","inLanguage":"fr-FR","@id":"https:\/\/bice.org\/fr\/#\/schema\/logo\/image\/","url":"https:\/\/bice.org\/app\/uploads\/2022\/06\/favicon.ico","contentUrl":"https:\/\/bice.org\/app\/uploads\/2022\/06\/favicon.ico","width":64,"height":64,"caption":"BICE"},"image":{"@id":"https:\/\/bice.org\/fr\/#\/schema\/logo\/image\/"}},{"@type":"Person","@id":"https:\/\/bice.org\/fr\/#\/schema\/person\/d2ad3c47fafb278234233a8cb54707b4","name":"BICE","image":{"@type":"ImageObject","inLanguage":"fr-FR","@id":"https:\/\/secure.gravatar.com\/avatar\/43bcfdb745dd80b8374b0aaa21c6dd30b2976a6bdea12b3018b51f255692facc?s=96&d=mm&r=g","url":"https:\/\/secure.gravatar.com\/avatar\/43bcfdb745dd80b8374b0aaa21c6dd30b2976a6bdea12b3018b51f255692facc?s=96&d=mm&r=g","contentUrl":"https:\/\/secure.gravatar.com\/avatar\/43bcfdb745dd80b8374b0aaa21c6dd30b2976a6bdea12b3018b51f255692facc?s=96&d=mm&r=g","caption":"BICE"}}]}},"jetpack_publicize_connections":[],"jetpack_featured_media_url":"https:\/\/i0.wp.com\/bice.org\/app\/uploads\/2015\/02\/annonce-congres.jpg?fit=690%2C300&ssl=1","jetpack_sharing_enabled":true,"_links":{"self":[{"href":"https:\/\/bice.org\/fr\/wp-json\/wp\/v2\/posts\/2445","targetHints":{"allow":["GET"]}}],"collection":[{"href":"https:\/\/bice.org\/fr\/wp-json\/wp\/v2\/posts"}],"about":[{"href":"https:\/\/bice.org\/fr\/wp-json\/wp\/v2\/types\/post"}],"author":[{"embeddable":true,"href":"https:\/\/bice.org\/fr\/wp-json\/wp\/v2\/users\/3"}],"replies":[{"embeddable":true,"href":"https:\/\/bice.org\/fr\/wp-json\/wp\/v2\/comments?post=2445"}],"version-history":[{"count":0,"href":"https:\/\/bice.org\/fr\/wp-json\/wp\/v2\/posts\/2445\/revisions"}],"wp:featuredmedia":[{"embeddable":true,"href":"https:\/\/bice.org\/fr\/wp-json\/wp\/v2\/media\/6385"}],"wp:attachment":[{"href":"https:\/\/bice.org\/fr\/wp-json\/wp\/v2\/media?parent=2445"}],"wp:term":[{"taxonomy":"category","embeddable":true,"href":"https:\/\/bice.org\/fr\/wp-json\/wp\/v2\/categories?post=2445"},{"taxonomy":"post_tag","embeddable":true,"href":"https:\/\/bice.org\/fr\/wp-json\/wp\/v2\/tags?post=2445"}],"curies":[{"name":"wp","href":"https:\/\/api.w.org\/{rel}","templated":true}]}}