{"id":2446,"date":"2015-02-06T09:30:20","date_gmt":"2015-02-06T09:30:20","guid":{"rendered":"https:\/\/bice.org\/fr\/un-nouvel-assistant-ecclesiastique-pour-le-bice\/"},"modified":"2017-09-21T13:26:26","modified_gmt":"2017-09-21T13:26:26","slug":"un-nouvel-assistant-ecclesiastique-pour-le-bice","status":"publish","type":"post","link":"https:\/\/bice.org\/fr\/un-nouvel-assistant-ecclesiastique-pour-le-bice\/","title":{"rendered":"Un nouvel Assistant Eccl\u00e9siastique pour le BICE"},"content":{"rendered":"<p>Le BICE accueille avec joie Mgr Vitillo comme nouvel Assistant Eccl\u00e9siastique pour le BICE. Cet infatigable homme de terrain agit depuis 40 ans au service de la protection de l\u2019enfance.<\/p>\n<h1>Un chemin de vie centr\u00e9 sur l\u2019enfance et la sant\u00e9<\/h1>\n<p>Mgr Robert J. Vitillo succ\u00e8de \u00e0 Mgr Luis del Castillo comme Assistant Eccl\u00e9siastique pour le\u00a0BICE.<\/p>\n<p>Il dirige, depuis 2007, la D\u00e9l\u00e9gation aux Nations Unies de <a href=\"http:\/\/www.caritas.org\/\">Caritas Internationalis<\/a>, pour qui il assume \u00e9galement le r\u00f4le de Conseiller Sp\u00e9cial sur le VIH\/SIDA et la Sant\u00e9.\u00a0Mgr Vitillo agit depuis plus de 40 ans au service de l\u2019enfance. Ses domaines d\u2019expertise sont la protection de l\u2019enfant et les services sociaux, l\u2019adoption, la migration et les services pour r\u00e9fugi\u00e9s, les droits de l\u2019homme, le d\u00e9veloppement humain int\u00e9gral, le VIH\/SIDA et la sant\u00e9.<\/p>\n<p>Nous souhaitons \u00e9galement rendre ici un hommage appuy\u00e9 \u00e0 Mgr Luis del Castillo, notre pr\u00e9c\u00e9dent Assistant Eccl\u00e9siastique. Il a accompagn\u00e9 le BICE avec une immense bienveillance et comp\u00e9tence durant plus de dix ans. Nous ne saurons jamais assez l\u2019en remercier.<\/p>\n","protected":false},"excerpt":{"rendered":"<p>Le r\u00f4le de l\u2019Assistant Eccl\u00e9siastique d\u2019une organisation est de favoriser l\u2019esprit de communion entre les membres et avec le Saint-Si\u00e8ge. Il accompagne la r\u00e9flexion sur les questions d\u2019ordre spirituel et promeut l\u2019identit\u00e9 catholique du BICE.<\/p>\n","protected":false},"author":3,"featured_media":6388,"comment_status":"closed","ping_status":"closed","sticky":false,"template":"","format":"standard","meta":{"_acf_changed":false,"footnotes":"","jetpack_publicize_message":"","jetpack_publicize_feature_enabled":true,"jetpack_social_post_already_shared":false,"jetpack_social_options":{"image_generator_settings":{"template":"highway","default_image_id":0,"font":"","enabled":false},"version":2}},"categories":[132],"tags":[],"class_list":["post-2446","post","type-post","status-publish","format-standard","has-post-thumbnail","hentry","category-actualites-du-bice"],"acf":[],"yoast_head":"<!-- This site is optimized with the Yoast SEO plugin v27.2 - https:\/\/yoast.com\/product\/yoast-seo-wordpress\/ -->\n<title>Un nouvel Assistant Eccl\u00e9siastique pour le BICE - BICE - ONG de protection des droits de l&#039;enfant<\/title>\n<meta name=\"description\" content=\"Toute l&#039;actualit\u00e9 du BICE en France, en Europe et dans le monde\" \/>\n<meta name=\"robots\" content=\"index, follow, max-snippet:-1, max-image-preview:large, max-video-preview:-1\" \/>\n<link rel=\"canonical\" href=\"https:\/\/bice.org\/fr\/wp-json\/wp\/v2\/posts\/2446\" \/>\n<meta property=\"og:locale\" content=\"fr_FR\" \/>\n<meta property=\"og:type\" content=\"article\" \/>\n<meta property=\"og:title\" content=\"Un nouvel Assistant Eccl\u00e9siastique pour le BICE - BICE - ONG de protection des droits de l&#039;enfant\" \/>\n<meta property=\"og:description\" content=\"Toute l&#039;actualit\u00e9 du BICE en France, en Europe et dans le monde\" \/>\n<meta property=\"og:url\" content=\"https:\/\/bice.org\/fr\/un-nouvel-assistant-ecclesiastique-pour-le-bice\/\" \/>\n<meta property=\"og:site_name\" content=\"BICE - ONG de protection des droits de l&#039;enfant\" \/>\n<meta property=\"article:published_time\" content=\"2015-02-06T09:30:20+00:00\" \/>\n<meta property=\"article:modified_time\" content=\"2017-09-21T13:26:26+00:00\" \/>\n<meta property=\"og:image\" content=\"https:\/\/i0.wp.com\/bice.org\/app\/uploads\/2015\/02\/photo-Mgr-Vitillo.jpg?fit=490%2C354&ssl=1\" \/>\n\t<meta property=\"og:image:width\" content=\"490\" \/>\n\t<meta property=\"og:image:height\" content=\"354\" \/>\n\t<meta property=\"og:image:type\" content=\"image\/jpeg\" \/>\n<meta name=\"author\" content=\"BICE\" \/>\n<meta name=\"twitter:card\" content=\"summary_large_image\" \/>\n<meta name=\"twitter:label1\" content=\"\u00c9crit par\" \/>\n\t<meta name=\"twitter:data1\" content=\"BICE\" \/>\n\t<meta name=\"twitter:label2\" content=\"Dur\u00e9e de lecture estim\u00e9e\" \/>\n\t<meta name=\"twitter:data2\" content=\"1 minute\" \/>\n<!-- \/ Yoast SEO plugin. -->","yoast_head_json":{"title":"Un nouvel Assistant Eccl\u00e9siastique pour le BICE - BICE - ONG de protection des droits de l&#039;enfant","description":"Toute l'actualit\u00e9 du BICE en France, en Europe et dans le monde","robots":{"index":"index","follow":"follow","max-snippet":"max-snippet:-1","max-image-preview":"max-image-preview:large","max-video-preview":"max-video-preview:-1"},"canonical":"https:\/\/bice.org\/fr\/wp-json\/wp\/v2\/posts\/2446","og_locale":"fr_FR","og_type":"article","og_title":"Un nouvel Assistant Eccl\u00e9siastique pour le BICE - BICE - ONG de protection des droits de l&#039;enfant","og_description":"Toute l'actualit\u00e9 du BICE en France, en Europe et dans le monde","og_url":"https:\/\/bice.org\/fr\/un-nouvel-assistant-ecclesiastique-pour-le-bice\/","og_site_name":"BICE - ONG de protection des droits de l&#039;enfant","article_published_time":"2015-02-06T09:30:20+00:00","article_modified_time":"2017-09-21T13:26:26+00:00","og_image":[{"width":490,"height":354,"url":"https:\/\/i0.wp.com\/bice.org\/app\/uploads\/2015\/02\/photo-Mgr-Vitillo.jpg?fit=490%2C354&ssl=1","type":"image\/jpeg"}],"author":"BICE","twitter_card":"summary_large_image","twitter_misc":{"\u00c9crit par":"BICE","Dur\u00e9e de lecture estim\u00e9e":"1 minute"},"schema":{"@context":"https:\/\/schema.org","@graph":[{"@type":"Article","@id":"https:\/\/bice.org\/fr\/un-nouvel-assistant-ecclesiastique-pour-le-bice\/#article","isPartOf":{"@id":"https:\/\/bice.org\/fr\/un-nouvel-assistant-ecclesiastique-pour-le-bice\/"},"author":{"name":"BICE","@id":"https:\/\/bice.org\/fr\/#\/schema\/person\/d2ad3c47fafb278234233a8cb54707b4"},"headline":"Un nouvel Assistant Eccl\u00e9siastique pour le BICE","datePublished":"2015-02-06T09:30:20+00:00","dateModified":"2017-09-21T13:26:26+00:00","mainEntityOfPage":{"@id":"https:\/\/bice.org\/fr\/un-nouvel-assistant-ecclesiastique-pour-le-bice\/"},"wordCount":197,"publisher":{"@id":"https:\/\/bice.org\/fr\/#organization"},"image":{"@id":"https:\/\/bice.org\/fr\/un-nouvel-assistant-ecclesiastique-pour-le-bice\/#primaryimage"},"thumbnailUrl":"https:\/\/i0.wp.com\/bice.org\/app\/uploads\/2015\/02\/photo-Mgr-Vitillo.jpg?fit=490%2C354&ssl=1","articleSection":["Actualit\u00e9s du BICE"],"inLanguage":"fr-FR"},{"@type":"WebPage","@id":"https:\/\/bice.org\/fr\/un-nouvel-assistant-ecclesiastique-pour-le-bice\/","url":"https:\/\/bice.org\/fr\/un-nouvel-assistant-ecclesiastique-pour-le-bice\/","name":"Un nouvel Assistant Eccl\u00e9siastique pour le BICE - BICE - ONG de protection des droits de l&#039;enfant","isPartOf":{"@id":"https:\/\/bice.org\/fr\/#website"},"primaryImageOfPage":{"@id":"https:\/\/bice.org\/fr\/un-nouvel-assistant-ecclesiastique-pour-le-bice\/#primaryimage"},"image":{"@id":"https:\/\/bice.org\/fr\/un-nouvel-assistant-ecclesiastique-pour-le-bice\/#primaryimage"},"thumbnailUrl":"https:\/\/i0.wp.com\/bice.org\/app\/uploads\/2015\/02\/photo-Mgr-Vitillo.jpg?fit=490%2C354&ssl=1","datePublished":"2015-02-06T09:30:20+00:00","dateModified":"2017-09-21T13:26:26+00:00","description":"Toute l'actualit\u00e9 du BICE en France, en Europe et dans le monde","breadcrumb":{"@id":"https:\/\/bice.org\/fr\/un-nouvel-assistant-ecclesiastique-pour-le-bice\/#breadcrumb"},"inLanguage":"fr-FR","potentialAction":[{"@type":"ReadAction","target":["https:\/\/bice.org\/fr\/un-nouvel-assistant-ecclesiastique-pour-le-bice\/"]}]},{"@type":"ImageObject","inLanguage":"fr-FR","@id":"https:\/\/bice.org\/fr\/un-nouvel-assistant-ecclesiastique-pour-le-bice\/#primaryimage","url":"https:\/\/i0.wp.com\/bice.org\/app\/uploads\/2015\/02\/photo-Mgr-Vitillo.jpg?fit=490%2C354&ssl=1","contentUrl":"https:\/\/i0.wp.com\/bice.org\/app\/uploads\/2015\/02\/photo-Mgr-Vitillo.jpg?fit=490%2C354&ssl=1","width":490,"height":354,"caption":"\u00a9 R. Vitillo"},{"@type":"BreadcrumbList","@id":"https:\/\/bice.org\/fr\/un-nouvel-assistant-ecclesiastique-pour-le-bice\/#breadcrumb","itemListElement":[{"@type":"ListItem","position":1,"name":"Accueil","item":"https:\/\/bice.org\/fr\/"},{"@type":"ListItem","position":2,"name":"Actualit\u00e9s du BICE","item":"https:\/\/bice.org\/fr\/theme\/actualites-du-bice\/"},{"@type":"ListItem","position":3,"name":"Un nouvel Assistant Eccl\u00e9siastique pour le BICE"}]},{"@type":"WebSite","@id":"https:\/\/bice.org\/fr\/#website","url":"https:\/\/bice.org\/fr\/","name":"BICE - ONG de protection des droits de l&#039;enfant","description":"Notre mission : D\u00e9fendre les droits et la dignit\u00e9 des enfants partout dans le monde","publisher":{"@id":"https:\/\/bice.org\/fr\/#organization"},"potentialAction":[{"@type":"SearchAction","target":{"@type":"EntryPoint","urlTemplate":"https:\/\/bice.org\/fr\/?s={search_term_string}"},"query-input":{"@type":"PropertyValueSpecification","valueRequired":true,"valueName":"search_term_string"}}],"inLanguage":"fr-FR"},{"@type":"Organization","@id":"https:\/\/bice.org\/fr\/#organization","name":"BICE","url":"https:\/\/bice.org\/fr\/","logo":{"@type":"ImageObject","inLanguage":"fr-FR","@id":"https:\/\/bice.org\/fr\/#\/schema\/logo\/image\/","url":"https:\/\/bice.org\/app\/uploads\/2022\/06\/favicon.ico","contentUrl":"https:\/\/bice.org\/app\/uploads\/2022\/06\/favicon.ico","width":64,"height":64,"caption":"BICE"},"image":{"@id":"https:\/\/bice.org\/fr\/#\/schema\/logo\/image\/"}},{"@type":"Person","@id":"https:\/\/bice.org\/fr\/#\/schema\/person\/d2ad3c47fafb278234233a8cb54707b4","name":"BICE","image":{"@type":"ImageObject","inLanguage":"fr-FR","@id":"https:\/\/secure.gravatar.com\/avatar\/43bcfdb745dd80b8374b0aaa21c6dd30b2976a6bdea12b3018b51f255692facc?s=96&d=mm&r=g","url":"https:\/\/secure.gravatar.com\/avatar\/43bcfdb745dd80b8374b0aaa21c6dd30b2976a6bdea12b3018b51f255692facc?s=96&d=mm&r=g","contentUrl":"https:\/\/secure.gravatar.com\/avatar\/43bcfdb745dd80b8374b0aaa21c6dd30b2976a6bdea12b3018b51f255692facc?s=96&d=mm&r=g","caption":"BICE"}}]}},"jetpack_publicize_connections":[],"jetpack_featured_media_url":"https:\/\/i0.wp.com\/bice.org\/app\/uploads\/2015\/02\/photo-Mgr-Vitillo.jpg?fit=490%2C354&ssl=1","jetpack_sharing_enabled":true,"_links":{"self":[{"href":"https:\/\/bice.org\/fr\/wp-json\/wp\/v2\/posts\/2446","targetHints":{"allow":["GET"]}}],"collection":[{"href":"https:\/\/bice.org\/fr\/wp-json\/wp\/v2\/posts"}],"about":[{"href":"https:\/\/bice.org\/fr\/wp-json\/wp\/v2\/types\/post"}],"author":[{"embeddable":true,"href":"https:\/\/bice.org\/fr\/wp-json\/wp\/v2\/users\/3"}],"replies":[{"embeddable":true,"href":"https:\/\/bice.org\/fr\/wp-json\/wp\/v2\/comments?post=2446"}],"version-history":[{"count":0,"href":"https:\/\/bice.org\/fr\/wp-json\/wp\/v2\/posts\/2446\/revisions"}],"wp:featuredmedia":[{"embeddable":true,"href":"https:\/\/bice.org\/fr\/wp-json\/wp\/v2\/media\/6388"}],"wp:attachment":[{"href":"https:\/\/bice.org\/fr\/wp-json\/wp\/v2\/media?parent=2446"}],"wp:term":[{"taxonomy":"category","embeddable":true,"href":"https:\/\/bice.org\/fr\/wp-json\/wp\/v2\/categories?post=2446"},{"taxonomy":"post_tag","embeddable":true,"href":"https:\/\/bice.org\/fr\/wp-json\/wp\/v2\/tags?post=2446"}],"curies":[{"name":"wp","href":"https:\/\/api.w.org\/{rel}","templated":true}]}}