{"id":2448,"date":"2015-02-09T08:48:03","date_gmt":"2015-02-09T08:48:03","guid":{"rendered":"https:\/\/bice.org\/fr\/le-pape-francois-reaffirme-sa-volonte-de-combattre-labus-sexuel\/"},"modified":"2024-04-23T12:01:14","modified_gmt":"2024-04-23T10:01:14","slug":"le-pape-francois-reaffirme-sa-volonte-de-combattre-labus-sexuel","status":"publish","type":"post","link":"https:\/\/bice.org\/fr\/le-pape-francois-reaffirme-sa-volonte-de-combattre-labus-sexuel\/","title":{"rendered":"Le Pape Fran\u00e7ois r\u00e9affirme sa volont\u00e9 de combattre l\u2019abus sexuel"},"content":{"rendered":"<p>Dans sa lettre, le Pape Fran\u00e7ois accorde une large place \u00e0 la <a href=\"https:\/\/bice.org\/fr\/le-bice-salue-linstitution-de-la-commission-pontificale-pour-les-mineurs\/\">Commission pontificale pour la protection des mineurs<\/a>, cr\u00e9\u00e9e en mars 2014, et qui se r\u00e9unit en ce moment au Vatican.<\/p>\n<p>Le Saint-P\u00e8re revient notamment sur les missions de cette instance : <em>\u00ab La Commission pourra \u00eatre un instrument nouveau, valide et efficace pour m\u2019aider \u00e0 animer et \u00e0 promouvoir l\u2019engagement de l\u2019Eglise toute enti\u00e8re \u00e0 ses diff\u00e9rents niveaux : conf\u00e9rences \u00e9piscopales, dioc\u00e8ses, instituts de vie consacr\u00e9e etc., afin de mettre en \u0153uvre les actions n\u00e9cessaires pour garantir la protection des mineurs et des adultes vuln\u00e9rables et donner des r\u00e9ponses de justice et de mis\u00e9ricorde. \u00bb<\/em><\/p>\n<p>Une nouvelle fois, le BICE se r\u00e9jouit des d\u00e9clarations du Saint-P\u00e8re et salue son engagement contre le fl\u00e9au de l\u2019abus sexuel.<\/p>\n<h3>Ne pas \u00e9touffer les scandales<\/h3>\n<p>Les paroles du Pape sont tr\u00e8s claires : il faut faire la v\u00e9rit\u00e9 sur tous les cas av\u00e9r\u00e9s ou suspects d\u2019abus sexuels : <em>\u00ab la priorit\u00e9 ne pourra plus \u00eatre donn\u00e9e \u00e0 aucun autre type de consid\u00e9ration, de quelque nature que ce soit, comme par exemple le d\u00e9sir d\u2019\u00e9viter le scandale, puisqu\u2019il n\u2019y a plus de place dans le minist\u00e8re pour ceux qui abusent des mineurs \u00bb<\/em>.<\/p>\n<h3>Rassurer les familles<\/h3>\n<p>Cat\u00e9chisme, scoutisme, patronages ou camps : Nombreux sont les parents qui confient leurs enfants \u00e0 l\u2019Eglise pour des activit\u00e9s pastorales. Le Pape souhaite rassurer les familles pour qu\u2019elles soient avec l\u2019Eglise <em>\u00ab en pleine confiance, parce que c\u2019est une maison s\u00fbre. [\u2026] L\u2019Eglise n\u2019\u00e9conomise pas ses efforts pour prot\u00e9ger [les] enfants \u00bb<\/em>.<\/p>\n<h3>Devant le BICE, le Pape avait demand\u00e9 pardon pour les cas d\u2019abus sexuels<\/h3>\n<p>En avril dernier, <a href=\"https:\/\/bice.org\/fr\/le-message-du-pape-au-bice-on-ne-joue-pas-avec-les-enfants\/\">le Pape Fran\u00e7ois, recevant le BICE en audience priv\u00e9e<\/a>, avait personnellement demand\u00e9 pardon pour tous les cas de violences sexuelles commises sur des enfants par des membres du clerg\u00e9 : <em>\u00ab Je me sens appel\u00e9 \u00e0 prendre en charge le mal commis par un certain nombre de pr\u00eatres et \u00e0 demander pardon pour les dommages caus\u00e9s par ces abus sexuels sur les enfants. L\u2019Eglise est consciente des dommages personnels et moraux caus\u00e9s par ces hommes d\u2019Eglise \u00bb<\/em>.<\/p>\n<h3>Le BICE, un acteur majeur de la pr\u00e9vention de l\u2019abus sexuel et de l\u2019accompagnement des victimes<\/h3>\n<p>Le Bureau International Catholique de l\u2019Enfance est engag\u00e9 de longue date dans la pr\u00e9vention des violences sexuelles et l\u2019accompagnement des victimes.<\/p>\n<ul>\n<li>Depuis 2015, un large <a href=\"https:\/\/bice.org\/fr\/abus-sexuel\/\">programme de lutte contre l\u2019abus sexuel<\/a> se d\u00e9ploie dans 19 pays d\u2019Afrique, d\u2019Am\u00e9rique latine, d\u2019Asie et d\u2019Europe-CEI avec 29 organisations partenaires.<\/li>\n<li>Fort de son exp\u00e9rience, le BICE organise un <a href=\"https:\/\/bice.org\/fr\/prochain-congres-international-du-bice-le-20-mai-2015\/\">congr\u00e8s international consacr\u00e9 \u00e0 l\u2019abus sexuel<\/a>, le 20 mai 2015, \u00e0 Paris.<\/li>\n<li>Le BICE recommande \u00e0 toute institution ou organisation en lien avec les enfants de se doter d\u2019une <a href=\"https:\/\/bice.org\/fr\/le-bice\/qui-sommes-nous\/\">politique interne de protection de l\u2019enfance<\/a>.<\/li>\n<\/ul>\n<h3>La politique de protection de l\u2019enfance mise en \u0153uvre au Guatemala<\/h3>\n<p>En 2014, au Guatemala, le BICE a organis\u00e9 des sessions de formation pour 15 organisations d\u2019Eglise s\u2019occupant d\u2019enfants et de jeunes.<\/p>\n<p>L\u2019objectif \u00e9tait de faire conna\u00eetre la politique institutionnelle de protection de l\u2019enfance du BICE.<\/p>\n<p>Mise \u00e0 dispositions d\u2019informations, instruments de pr\u00e9vention et outils d\u2019accompagnement : le BICE a invit\u00e9 les institutions participantes \u00e0 revoir et \u00e0 actualiser leurs codes de conduite et, si elles n\u2019en avaient pas, \u00e0 se doter d\u2019un instrument efficace (politique de protection, code de conduite\u2026) afin de promouvoir la bientraitance, de pr\u00e9venir et d\u2019accompagner les situations de maltraitance au sein de chaque institution participante.<\/p>\n","protected":false},"excerpt":{"rendered":"<p>\u00ab Il n\u2019y a plus de place dans le minist\u00e8re pour ceux qui abusent des mineurs \u00bb. Dans une lettre adress\u00e9e le 5 f\u00e9vrier aux pr\u00e9sidents des conf\u00e9rences \u00e9piscopales et aux sup\u00e9rieurs des instituts de vie consacr\u00e9e et des soci\u00e9t\u00e9s de vie apostolique, le Pape Fran\u00e7ois r\u00e9affirme sa volont\u00e9 de combattre le fl\u00e9au de l\u2019abus sexuel. &nbsp;<\/p>\n","protected":false},"author":3,"featured_media":6391,"comment_status":"closed","ping_status":"closed","sticky":false,"template":"","format":"standard","meta":{"_acf_changed":false,"footnotes":"","jetpack_publicize_message":"","jetpack_publicize_feature_enabled":true,"jetpack_social_post_already_shared":false,"jetpack_social_options":{"image_generator_settings":{"template":"highway","default_image_id":0,"font":"","enabled":false},"version":2}},"categories":[132],"tags":[],"class_list":["post-2448","post","type-post","status-publish","format-standard","has-post-thumbnail","hentry","category-actualites-du-bice"],"acf":[],"yoast_head":"<!-- This site is optimized with the Yoast SEO plugin v27.2 - https:\/\/yoast.com\/product\/yoast-seo-wordpress\/ -->\n<title>Le Pape Fran\u00e7ois r\u00e9affirme sa volont\u00e9 de combattre l\u2019abus sexuel - BICE - ONG de protection des droits de l&#039;enfant<\/title>\n<meta name=\"description\" content=\"Toute l&#039;actualit\u00e9 du BICE et de ses partenaires en France, en Europe et dans le monde. Le pape Fran\u00e7ois prend position dans la lutte contre l&#039;abus sexuel des enfants\" \/>\n<meta name=\"robots\" content=\"index, follow, max-snippet:-1, max-image-preview:large, max-video-preview:-1\" \/>\n<link rel=\"canonical\" href=\"https:\/\/bice.org\/fr\/wp-json\/wp\/v2\/posts\/2448\" \/>\n<meta property=\"og:locale\" content=\"fr_FR\" \/>\n<meta property=\"og:type\" content=\"article\" \/>\n<meta property=\"og:title\" content=\"Le Pape Fran\u00e7ois r\u00e9affirme sa volont\u00e9 de combattre l\u2019abus sexuel - BICE - ONG de protection des droits de l&#039;enfant\" \/>\n<meta property=\"og:description\" content=\"Toute l&#039;actualit\u00e9 du BICE et de ses partenaires en France, en Europe et dans le monde. Le pape Fran\u00e7ois prend position dans la lutte contre l&#039;abus sexuel des enfants\" \/>\n<meta property=\"og:url\" content=\"https:\/\/bice.org\/fr\/le-pape-francois-reaffirme-sa-volonte-de-combattre-labus-sexuel\/\" \/>\n<meta property=\"og:site_name\" content=\"BICE - ONG de protection des droits de l&#039;enfant\" \/>\n<meta property=\"article:published_time\" content=\"2015-02-09T08:48:03+00:00\" \/>\n<meta property=\"article:modified_time\" content=\"2024-04-23T10:01:14+00:00\" \/>\n<meta property=\"og:image\" content=\"https:\/\/i0.wp.com\/bice.org\/app\/uploads\/2015\/02\/pope-francois.jpg?fit=490%2C354&ssl=1\" \/>\n\t<meta property=\"og:image:width\" content=\"490\" \/>\n\t<meta property=\"og:image:height\" content=\"354\" \/>\n\t<meta property=\"og:image:type\" content=\"image\/jpeg\" \/>\n<meta name=\"author\" content=\"BICE\" \/>\n<meta name=\"twitter:card\" content=\"summary_large_image\" \/>\n<meta name=\"twitter:label1\" content=\"\u00c9crit par\" \/>\n\t<meta name=\"twitter:data1\" content=\"BICE\" \/>\n\t<meta name=\"twitter:label2\" content=\"Dur\u00e9e de lecture estim\u00e9e\" \/>\n\t<meta name=\"twitter:data2\" content=\"3 minutes\" \/>\n<!-- \/ Yoast SEO plugin. -->","yoast_head_json":{"title":"Le Pape Fran\u00e7ois r\u00e9affirme sa volont\u00e9 de combattre l\u2019abus sexuel - BICE - ONG de protection des droits de l&#039;enfant","description":"Toute l'actualit\u00e9 du BICE et de ses partenaires en France, en Europe et dans le monde. Le pape Fran\u00e7ois prend position dans la lutte contre l'abus sexuel des enfants","robots":{"index":"index","follow":"follow","max-snippet":"max-snippet:-1","max-image-preview":"max-image-preview:large","max-video-preview":"max-video-preview:-1"},"canonical":"https:\/\/bice.org\/fr\/wp-json\/wp\/v2\/posts\/2448","og_locale":"fr_FR","og_type":"article","og_title":"Le Pape Fran\u00e7ois r\u00e9affirme sa volont\u00e9 de combattre l\u2019abus sexuel - BICE - ONG de protection des droits de l&#039;enfant","og_description":"Toute l'actualit\u00e9 du BICE et de ses partenaires en France, en Europe et dans le monde. Le pape Fran\u00e7ois prend position dans la lutte contre l'abus sexuel des enfants","og_url":"https:\/\/bice.org\/fr\/le-pape-francois-reaffirme-sa-volonte-de-combattre-labus-sexuel\/","og_site_name":"BICE - ONG de protection des droits de l&#039;enfant","article_published_time":"2015-02-09T08:48:03+00:00","article_modified_time":"2024-04-23T10:01:14+00:00","og_image":[{"width":490,"height":354,"url":"https:\/\/i0.wp.com\/bice.org\/app\/uploads\/2015\/02\/pope-francois.jpg?fit=490%2C354&ssl=1","type":"image\/jpeg"}],"author":"BICE","twitter_card":"summary_large_image","twitter_misc":{"\u00c9crit par":"BICE","Dur\u00e9e de lecture estim\u00e9e":"3 minutes"},"schema":{"@context":"https:\/\/schema.org","@graph":[{"@type":"Article","@id":"https:\/\/bice.org\/fr\/le-pape-francois-reaffirme-sa-volonte-de-combattre-labus-sexuel\/#article","isPartOf":{"@id":"https:\/\/bice.org\/fr\/le-pape-francois-reaffirme-sa-volonte-de-combattre-labus-sexuel\/"},"author":{"name":"BICE","@id":"https:\/\/bice.org\/fr\/#\/schema\/person\/d2ad3c47fafb278234233a8cb54707b4"},"headline":"Le Pape Fran\u00e7ois r\u00e9affirme sa volont\u00e9 de combattre l\u2019abus sexuel","datePublished":"2015-02-09T08:48:03+00:00","dateModified":"2024-04-23T10:01:14+00:00","mainEntityOfPage":{"@id":"https:\/\/bice.org\/fr\/le-pape-francois-reaffirme-sa-volonte-de-combattre-labus-sexuel\/"},"wordCount":620,"publisher":{"@id":"https:\/\/bice.org\/fr\/#organization"},"image":{"@id":"https:\/\/bice.org\/fr\/le-pape-francois-reaffirme-sa-volonte-de-combattre-labus-sexuel\/#primaryimage"},"thumbnailUrl":"https:\/\/i0.wp.com\/bice.org\/app\/uploads\/2015\/02\/pope-francois.jpg?fit=490%2C354&ssl=1","articleSection":["Actualit\u00e9s du BICE"],"inLanguage":"fr-FR"},{"@type":"WebPage","@id":"https:\/\/bice.org\/fr\/le-pape-francois-reaffirme-sa-volonte-de-combattre-labus-sexuel\/","url":"https:\/\/bice.org\/fr\/le-pape-francois-reaffirme-sa-volonte-de-combattre-labus-sexuel\/","name":"Le Pape Fran\u00e7ois r\u00e9affirme sa volont\u00e9 de combattre l\u2019abus sexuel - BICE - ONG de protection des droits de l&#039;enfant","isPartOf":{"@id":"https:\/\/bice.org\/fr\/#website"},"primaryImageOfPage":{"@id":"https:\/\/bice.org\/fr\/le-pape-francois-reaffirme-sa-volonte-de-combattre-labus-sexuel\/#primaryimage"},"image":{"@id":"https:\/\/bice.org\/fr\/le-pape-francois-reaffirme-sa-volonte-de-combattre-labus-sexuel\/#primaryimage"},"thumbnailUrl":"https:\/\/i0.wp.com\/bice.org\/app\/uploads\/2015\/02\/pope-francois.jpg?fit=490%2C354&ssl=1","datePublished":"2015-02-09T08:48:03+00:00","dateModified":"2024-04-23T10:01:14+00:00","description":"Toute l'actualit\u00e9 du BICE et de ses partenaires en France, en Europe et dans le monde. Le pape Fran\u00e7ois prend position dans la lutte contre l'abus sexuel des enfants","breadcrumb":{"@id":"https:\/\/bice.org\/fr\/le-pape-francois-reaffirme-sa-volonte-de-combattre-labus-sexuel\/#breadcrumb"},"inLanguage":"fr-FR","potentialAction":[{"@type":"ReadAction","target":["https:\/\/bice.org\/fr\/le-pape-francois-reaffirme-sa-volonte-de-combattre-labus-sexuel\/"]}]},{"@type":"ImageObject","inLanguage":"fr-FR","@id":"https:\/\/bice.org\/fr\/le-pape-francois-reaffirme-sa-volonte-de-combattre-labus-sexuel\/#primaryimage","url":"https:\/\/i0.wp.com\/bice.org\/app\/uploads\/2015\/02\/pope-francois.jpg?fit=490%2C354&ssl=1","contentUrl":"https:\/\/i0.wp.com\/bice.org\/app\/uploads\/2015\/02\/pope-francois.jpg?fit=490%2C354&ssl=1","width":490,"height":354,"caption":"\u00a9 presidencia.gov.ar"},{"@type":"BreadcrumbList","@id":"https:\/\/bice.org\/fr\/le-pape-francois-reaffirme-sa-volonte-de-combattre-labus-sexuel\/#breadcrumb","itemListElement":[{"@type":"ListItem","position":1,"name":"Accueil","item":"https:\/\/bice.org\/fr\/"},{"@type":"ListItem","position":2,"name":"Actualit\u00e9s du BICE","item":"https:\/\/bice.org\/fr\/theme\/actualites-du-bice\/"},{"@type":"ListItem","position":3,"name":"Le Pape Fran\u00e7ois r\u00e9affirme sa volont\u00e9 de combattre l\u2019abus sexuel"}]},{"@type":"WebSite","@id":"https:\/\/bice.org\/fr\/#website","url":"https:\/\/bice.org\/fr\/","name":"BICE - ONG de protection des droits de l&#039;enfant","description":"Notre mission : D\u00e9fendre les droits et la dignit\u00e9 des enfants partout dans le monde","publisher":{"@id":"https:\/\/bice.org\/fr\/#organization"},"potentialAction":[{"@type":"SearchAction","target":{"@type":"EntryPoint","urlTemplate":"https:\/\/bice.org\/fr\/?s={search_term_string}"},"query-input":{"@type":"PropertyValueSpecification","valueRequired":true,"valueName":"search_term_string"}}],"inLanguage":"fr-FR"},{"@type":"Organization","@id":"https:\/\/bice.org\/fr\/#organization","name":"BICE","url":"https:\/\/bice.org\/fr\/","logo":{"@type":"ImageObject","inLanguage":"fr-FR","@id":"https:\/\/bice.org\/fr\/#\/schema\/logo\/image\/","url":"https:\/\/bice.org\/app\/uploads\/2022\/06\/favicon.ico","contentUrl":"https:\/\/bice.org\/app\/uploads\/2022\/06\/favicon.ico","width":64,"height":64,"caption":"BICE"},"image":{"@id":"https:\/\/bice.org\/fr\/#\/schema\/logo\/image\/"}},{"@type":"Person","@id":"https:\/\/bice.org\/fr\/#\/schema\/person\/d2ad3c47fafb278234233a8cb54707b4","name":"BICE","image":{"@type":"ImageObject","inLanguage":"fr-FR","@id":"https:\/\/secure.gravatar.com\/avatar\/43bcfdb745dd80b8374b0aaa21c6dd30b2976a6bdea12b3018b51f255692facc?s=96&d=mm&r=g","url":"https:\/\/secure.gravatar.com\/avatar\/43bcfdb745dd80b8374b0aaa21c6dd30b2976a6bdea12b3018b51f255692facc?s=96&d=mm&r=g","contentUrl":"https:\/\/secure.gravatar.com\/avatar\/43bcfdb745dd80b8374b0aaa21c6dd30b2976a6bdea12b3018b51f255692facc?s=96&d=mm&r=g","caption":"BICE"}}]}},"jetpack_publicize_connections":[],"jetpack_featured_media_url":"https:\/\/i0.wp.com\/bice.org\/app\/uploads\/2015\/02\/pope-francois.jpg?fit=490%2C354&ssl=1","jetpack_sharing_enabled":true,"_links":{"self":[{"href":"https:\/\/bice.org\/fr\/wp-json\/wp\/v2\/posts\/2448","targetHints":{"allow":["GET"]}}],"collection":[{"href":"https:\/\/bice.org\/fr\/wp-json\/wp\/v2\/posts"}],"about":[{"href":"https:\/\/bice.org\/fr\/wp-json\/wp\/v2\/types\/post"}],"author":[{"embeddable":true,"href":"https:\/\/bice.org\/fr\/wp-json\/wp\/v2\/users\/3"}],"replies":[{"embeddable":true,"href":"https:\/\/bice.org\/fr\/wp-json\/wp\/v2\/comments?post=2448"}],"version-history":[{"count":0,"href":"https:\/\/bice.org\/fr\/wp-json\/wp\/v2\/posts\/2448\/revisions"}],"wp:featuredmedia":[{"embeddable":true,"href":"https:\/\/bice.org\/fr\/wp-json\/wp\/v2\/media\/6391"}],"wp:attachment":[{"href":"https:\/\/bice.org\/fr\/wp-json\/wp\/v2\/media?parent=2448"}],"wp:term":[{"taxonomy":"category","embeddable":true,"href":"https:\/\/bice.org\/fr\/wp-json\/wp\/v2\/categories?post=2448"},{"taxonomy":"post_tag","embeddable":true,"href":"https:\/\/bice.org\/fr\/wp-json\/wp\/v2\/tags?post=2448"}],"curies":[{"name":"wp","href":"https:\/\/api.w.org\/{rel}","templated":true}]}}