{"id":2451,"date":"2015-02-10T17:49:55","date_gmt":"2015-02-10T17:49:55","guid":{"rendered":"https:\/\/bice.org\/fr\/vers-un-internet-plus-sur-la-sensibilisation-des-jeunes-par-les-jeunes\/"},"modified":"2024-02-21T09:31:40","modified_gmt":"2024-02-21T08:31:40","slug":"vers-un-internet-plus-sur-la-sensibilisation-des-jeunes-par-les-jeunes","status":"publish","type":"post","link":"https:\/\/bice.org\/fr\/vers-un-internet-plus-sur-la-sensibilisation-des-jeunes-par-les-jeunes\/","title":{"rendered":"Vers un internet plus s\u00fbr : la sensibilisation des jeunes par les jeunes"},"content":{"rendered":"<p>10 000 citoyens, jeunes ou moins jeunes, ont sign\u00e9 notre charte d\u2019engagement pour agir, chacun \u00e0 leur mesure, contre le <a href=\"https:\/\/bice.org\/fr\/campagne-stop-au-harcelement-sur-internet-derniere-ligne-droite\/\" target=\"\" rel=\"noopener\">cyberharc\u00e8lement<\/a>.<\/p>\n<p>Une belle victoire pour cette campagne \u00ab Stop au harc\u00e8lement sur internet \u00bb, lanc\u00e9e par le BICE, dont les r\u00e9sultats ont \u00e9t\u00e9 port\u00e9s au Comit\u00e9 des droits de l\u2019enfant de l\u2019ONU, ainsi qu\u2019au Conseil pontifical Justice et paix du Vatican par notre jeune marraine, Laetitia Chanut.<\/p>\n<p>Malgr\u00e9 les fruits de ces actions, il reste beaucoup \u00e0 faire\u2026. En commen\u00e7ant vous aussi par <a href=\"https:\/\/bice.org\/fr\/campagne-stop-au-harcelement-sur-internet-derniere-ligne-droite\/\" target=\"\" rel=\"noopener\">signer notre charte<\/a> !<\/p>\n<h2>Un adolescent sur 5 victimes de cyberharc\u00e8lement<\/h2>\n<p>Aujourd\u2019hui en France, un adolescent sur 5 serait victime de cyber-violence : SMS ou vid\u00e9os insultants et mena\u00e7ants, usurpation de comptes Facebook, Twitter ou Snapchat, rumeurs\u2026<\/p>\n<p>Les faits les plus graves poussent certains au suicide. L\u2019Education nationale a pr\u00e9sent\u00e9 d\u00e9but f\u00e9vrier un <a href=\"https:\/\/bice.org\/app\/uploads\/2015\/02\/2015_harcelement_DP_390183.pdf\" target=\"_blank\" rel=\"noopener\">plan de lutte contre le harc\u00e8lement<\/a>, incluant un volet cyber-harc\u00e8lement. La sensibilisation des jeunes par les jeunes La campagne du BICE proposait aux adolescents d\u2019\u00eatre eux-m\u00eames les acteurs de la lutte contre le cyber-harc\u00e8lement.<\/p>\n<p>Une id\u00e9e \u00e9galement encourag\u00e9e par le minist\u00e8re de l\u2019Education nationale, qui propose un programme de <a href=\"http:\/\/www.lemonde.fr\/societe\/article\/2015\/02\/06\/harcelement-scolaire-les-eleves-aussi-peuvent-agir_4571503_3224.html\" target=\"_blank\" rel=\"noopener\">sensibilisation par les pairs<\/a>. Les lyc\u00e9ens sont appel\u00e9s \u00e0 devenir ambassadeurs lyc\u00e9ens. Apr\u00e8s une formation d\u2019une journ\u00e9e organis\u00e9e par leur acad\u00e9mie, ils interviennent dans leur \u00e9tablissement pour sensibiliser leurs camarades.<\/p>\n<p>Chacun des ambassadeurs b\u00e9n\u00e9ficie en premier lieu d\u2019une pr\u00e9sentation th\u00e9orique : d\u00e9finitions, formes de harc\u00e8lement et chiffres. Les intervenants leur donnent ensuite des clefs concr\u00e8tes pour amorcer le dialogue et animer des discussions informelles ou s\u00e9ances de pr\u00e9vention.<\/p>\n<h2>Des outils p\u00e9dagogiques pour les enfants et leurs \u00e9ducateurs<\/h2>\n<p>Les ambassadeurs lyc\u00e9ens peuvent aussi compter sur des outils d\u00e9velopp\u00e9s ces derni\u00e8res ann\u00e9es pour combattre le harc\u00e8lement et le cyber-harc\u00e8lement. Tour d\u2019horizon non exhaustif des outils \u00e0 disposition en France.<\/p>\n<h3>Pour les enfants et adolescents :<\/h3>\n<ul>\n<li><a href=\"http:\/\/www.unicef.fr\/userfiles\/ESOSP-Harcelement.zip\" target=\"_blank\" rel=\"noopener\">Livret de pr\u00e9vention<\/a> \u00ab Et si on s\u2019parlait du harc\u00e8lement \u00e0 l\u2019\u00e9cole \u00bb r\u00e9alis\u00e9 par l\u2019Unicef<\/li>\n<li><a href=\"http:\/\/www.stoplaviolence.net\/\" target=\"_blank\" rel=\"noopener\">Jeu vid\u00e9o p\u00e9dagogique<\/a> \u00ab Stop \u00e0 la violence \u00bb (serious game) : le joueur se met dans la peau d\u2019un \u00e9l\u00e8ve qui enqu\u00eate sur des cas de cyberharc\u00e8lement dans son \u00e9tablissement scolaire.<\/li>\n<li><a href=\"https:\/\/www.youtube.com\/playlist?list=PLjDkbZlQjvvFvf2gGEBZQeayjYHqEfYj6\" target=\"_blank\" rel=\"noopener\">Cha\u00eene Youtube \u00ab Et si on s\u2019parlait du harc\u00e8lement \u00bb<\/a> : vid\u00e9os de pr\u00e9vention.<\/li>\n<li>Bande dessin\u00e9e Mots rumeurs, mots cutter de Charlotte Bousquet et St\u00e9phanie Rubini, Gulf stream \u00e9diteur, 2014.<\/li>\n<\/ul>\n<h3>Pour les \u00e9ducateurs :<\/h3>\n<ul>\n<li>Guide \u00e9dit\u00e9 par le Minist\u00e8re de l\u2019Education nationale pour les enseignants et \u00e9ducateurs.<\/li>\n<li>Divers outils propos\u00e9s sur le site national \u00ab Agir contre le harc\u00e8lement \u00e0 l\u2019\u00e9cole \u00bb.<\/li>\n<\/ul>\n","protected":false},"excerpt":{"rendered":"<p>Le 10 f\u00e9vrier, c\u2019est le Safer internet day, ou journ\u00e9e pour un internet plus s\u00fbr. Les droits des enfants sont loin d\u2019\u00eatre toujours respect\u00e9s sur le net. Pour pr\u00e9venir les cas de cyber-harc\u00e8lement, rien ne vaut la sensibilisation des jeunes par des jeunes du m\u00eame \u00e2ge. &nbsp;<\/p>\n","protected":false},"author":3,"featured_media":6400,"comment_status":"closed","ping_status":"closed","sticky":false,"template":"","format":"standard","meta":{"_acf_changed":false,"footnotes":"","jetpack_publicize_message":"","jetpack_publicize_feature_enabled":true,"jetpack_social_post_already_shared":false,"jetpack_social_options":{"image_generator_settings":{"template":"highway","default_image_id":0,"font":"","enabled":false},"version":2}},"categories":[132],"tags":[793,560,611,610],"class_list":["post-2451","post","type-post","status-publish","format-standard","has-post-thumbnail","hentry","category-actualites-du-bice","tag-cyber-harcelement","tag-internet","tag-internet-sans-crainte","tag-safer-internet-day"],"acf":[],"yoast_head":"<!-- This site is optimized with the Yoast SEO plugin v27.2 - https:\/\/yoast.com\/product\/yoast-seo-wordpress\/ -->\n<title>Vers un internet plus s\u00fbr : la sensibilisation des jeunes par les jeunes - BICE - ONG de protection des droits de l&#039;enfant<\/title>\n<meta name=\"robots\" content=\"index, follow, max-snippet:-1, max-image-preview:large, max-video-preview:-1\" \/>\n<link rel=\"canonical\" href=\"https:\/\/bice.org\/fr\/wp-json\/wp\/v2\/posts\/2451\" \/>\n<meta property=\"og:locale\" content=\"fr_FR\" \/>\n<meta property=\"og:type\" content=\"article\" \/>\n<meta property=\"og:title\" content=\"Vers un internet plus s\u00fbr : la sensibilisation des jeunes par les jeunes - BICE - ONG de protection des droits de l&#039;enfant\" \/>\n<meta property=\"og:description\" content=\"Le 10 f\u00e9vrier, c\u2019est le Safer internet day, ou journ\u00e9e pour un internet plus s\u00fbr. Les droits des enfants sont loin d\u2019\u00eatre toujours respect\u00e9s sur le net. Pour pr\u00e9venir les cas de cyber-harc\u00e8lement, rien ne vaut la sensibilisation des jeunes par des jeunes du m\u00eame \u00e2ge. &nbsp;\" \/>\n<meta property=\"og:url\" content=\"https:\/\/bice.org\/fr\/vers-un-internet-plus-sur-la-sensibilisation-des-jeunes-par-les-jeunes\/\" \/>\n<meta property=\"og:site_name\" content=\"BICE - ONG de protection des droits de l&#039;enfant\" \/>\n<meta property=\"article:published_time\" content=\"2015-02-10T17:49:55+00:00\" \/>\n<meta property=\"article:modified_time\" content=\"2024-02-21T08:31:40+00:00\" \/>\n<meta property=\"og:image\" content=\"https:\/\/i0.wp.com\/bice.org\/app\/uploads\/2015\/02\/sid.jpg?fit=690%2C300&ssl=1\" \/>\n\t<meta property=\"og:image:width\" content=\"690\" \/>\n\t<meta property=\"og:image:height\" content=\"300\" \/>\n\t<meta property=\"og:image:type\" content=\"image\/jpeg\" \/>\n<meta name=\"author\" content=\"BICE\" \/>\n<meta name=\"twitter:card\" content=\"summary_large_image\" \/>\n<meta name=\"twitter:label1\" content=\"\u00c9crit par\" \/>\n\t<meta name=\"twitter:data1\" content=\"BICE\" \/>\n\t<meta name=\"twitter:label2\" content=\"Dur\u00e9e de lecture estim\u00e9e\" \/>\n\t<meta name=\"twitter:data2\" content=\"3 minutes\" \/>\n<!-- \/ Yoast SEO plugin. -->","yoast_head_json":{"title":"Vers un internet plus s\u00fbr : la sensibilisation des jeunes par les jeunes - BICE - ONG de protection des droits de l&#039;enfant","robots":{"index":"index","follow":"follow","max-snippet":"max-snippet:-1","max-image-preview":"max-image-preview:large","max-video-preview":"max-video-preview:-1"},"canonical":"https:\/\/bice.org\/fr\/wp-json\/wp\/v2\/posts\/2451","og_locale":"fr_FR","og_type":"article","og_title":"Vers un internet plus s\u00fbr : la sensibilisation des jeunes par les jeunes - BICE - ONG de protection des droits de l&#039;enfant","og_description":"Le 10 f\u00e9vrier, c\u2019est le Safer internet day, ou journ\u00e9e pour un internet plus s\u00fbr. Les droits des enfants sont loin d\u2019\u00eatre toujours respect\u00e9s sur le net. Pour pr\u00e9venir les cas de cyber-harc\u00e8lement, rien ne vaut la sensibilisation des jeunes par des jeunes du m\u00eame \u00e2ge. &nbsp;","og_url":"https:\/\/bice.org\/fr\/vers-un-internet-plus-sur-la-sensibilisation-des-jeunes-par-les-jeunes\/","og_site_name":"BICE - ONG de protection des droits de l&#039;enfant","article_published_time":"2015-02-10T17:49:55+00:00","article_modified_time":"2024-02-21T08:31:40+00:00","og_image":[{"width":690,"height":300,"url":"https:\/\/i0.wp.com\/bice.org\/app\/uploads\/2015\/02\/sid.jpg?fit=690%2C300&ssl=1","type":"image\/jpeg"}],"author":"BICE","twitter_card":"summary_large_image","twitter_misc":{"\u00c9crit par":"BICE","Dur\u00e9e de lecture estim\u00e9e":"3 minutes"},"schema":{"@context":"https:\/\/schema.org","@graph":[{"@type":"Article","@id":"https:\/\/bice.org\/fr\/vers-un-internet-plus-sur-la-sensibilisation-des-jeunes-par-les-jeunes\/#article","isPartOf":{"@id":"https:\/\/bice.org\/fr\/vers-un-internet-plus-sur-la-sensibilisation-des-jeunes-par-les-jeunes\/"},"author":{"name":"BICE","@id":"https:\/\/bice.org\/fr\/#\/schema\/person\/d2ad3c47fafb278234233a8cb54707b4"},"headline":"Vers un internet plus s\u00fbr : la sensibilisation des jeunes par les jeunes","datePublished":"2015-02-10T17:49:55+00:00","dateModified":"2024-02-21T08:31:40+00:00","mainEntityOfPage":{"@id":"https:\/\/bice.org\/fr\/vers-un-internet-plus-sur-la-sensibilisation-des-jeunes-par-les-jeunes\/"},"wordCount":470,"publisher":{"@id":"https:\/\/bice.org\/fr\/#organization"},"image":{"@id":"https:\/\/bice.org\/fr\/vers-un-internet-plus-sur-la-sensibilisation-des-jeunes-par-les-jeunes\/#primaryimage"},"thumbnailUrl":"https:\/\/i0.wp.com\/bice.org\/app\/uploads\/2015\/02\/sid.jpg?fit=690%2C300&ssl=1","keywords":["cyber-harc\u00e8lement","Internet","Internet sans crainte","Safer internet day"],"articleSection":["Actualit\u00e9s du BICE"],"inLanguage":"fr-FR"},{"@type":"WebPage","@id":"https:\/\/bice.org\/fr\/vers-un-internet-plus-sur-la-sensibilisation-des-jeunes-par-les-jeunes\/","url":"https:\/\/bice.org\/fr\/vers-un-internet-plus-sur-la-sensibilisation-des-jeunes-par-les-jeunes\/","name":"Vers un internet plus s\u00fbr : la sensibilisation des jeunes par les jeunes - BICE - ONG de protection des droits de l&#039;enfant","isPartOf":{"@id":"https:\/\/bice.org\/fr\/#website"},"primaryImageOfPage":{"@id":"https:\/\/bice.org\/fr\/vers-un-internet-plus-sur-la-sensibilisation-des-jeunes-par-les-jeunes\/#primaryimage"},"image":{"@id":"https:\/\/bice.org\/fr\/vers-un-internet-plus-sur-la-sensibilisation-des-jeunes-par-les-jeunes\/#primaryimage"},"thumbnailUrl":"https:\/\/i0.wp.com\/bice.org\/app\/uploads\/2015\/02\/sid.jpg?fit=690%2C300&ssl=1","datePublished":"2015-02-10T17:49:55+00:00","dateModified":"2024-02-21T08:31:40+00:00","breadcrumb":{"@id":"https:\/\/bice.org\/fr\/vers-un-internet-plus-sur-la-sensibilisation-des-jeunes-par-les-jeunes\/#breadcrumb"},"inLanguage":"fr-FR","potentialAction":[{"@type":"ReadAction","target":["https:\/\/bice.org\/fr\/vers-un-internet-plus-sur-la-sensibilisation-des-jeunes-par-les-jeunes\/"]}]},{"@type":"ImageObject","inLanguage":"fr-FR","@id":"https:\/\/bice.org\/fr\/vers-un-internet-plus-sur-la-sensibilisation-des-jeunes-par-les-jeunes\/#primaryimage","url":"https:\/\/i0.wp.com\/bice.org\/app\/uploads\/2015\/02\/sid.jpg?fit=690%2C300&ssl=1","contentUrl":"https:\/\/i0.wp.com\/bice.org\/app\/uploads\/2015\/02\/sid.jpg?fit=690%2C300&ssl=1","width":690,"height":300,"caption":"\u00a9 SaferInternetDay"},{"@type":"BreadcrumbList","@id":"https:\/\/bice.org\/fr\/vers-un-internet-plus-sur-la-sensibilisation-des-jeunes-par-les-jeunes\/#breadcrumb","itemListElement":[{"@type":"ListItem","position":1,"name":"Accueil","item":"https:\/\/bice.org\/fr\/"},{"@type":"ListItem","position":2,"name":"Actualit\u00e9s du BICE","item":"https:\/\/bice.org\/fr\/theme\/actualites-du-bice\/"},{"@type":"ListItem","position":3,"name":"Vers un internet plus s\u00fbr : la sensibilisation des jeunes par les jeunes"}]},{"@type":"WebSite","@id":"https:\/\/bice.org\/fr\/#website","url":"https:\/\/bice.org\/fr\/","name":"BICE - ONG de protection des droits de l&#039;enfant","description":"Notre mission : D\u00e9fendre les droits et la dignit\u00e9 des enfants partout dans le monde","publisher":{"@id":"https:\/\/bice.org\/fr\/#organization"},"potentialAction":[{"@type":"SearchAction","target":{"@type":"EntryPoint","urlTemplate":"https:\/\/bice.org\/fr\/?s={search_term_string}"},"query-input":{"@type":"PropertyValueSpecification","valueRequired":true,"valueName":"search_term_string"}}],"inLanguage":"fr-FR"},{"@type":"Organization","@id":"https:\/\/bice.org\/fr\/#organization","name":"BICE","url":"https:\/\/bice.org\/fr\/","logo":{"@type":"ImageObject","inLanguage":"fr-FR","@id":"https:\/\/bice.org\/fr\/#\/schema\/logo\/image\/","url":"https:\/\/bice.org\/app\/uploads\/2022\/06\/favicon.ico","contentUrl":"https:\/\/bice.org\/app\/uploads\/2022\/06\/favicon.ico","width":64,"height":64,"caption":"BICE"},"image":{"@id":"https:\/\/bice.org\/fr\/#\/schema\/logo\/image\/"}},{"@type":"Person","@id":"https:\/\/bice.org\/fr\/#\/schema\/person\/d2ad3c47fafb278234233a8cb54707b4","name":"BICE","image":{"@type":"ImageObject","inLanguage":"fr-FR","@id":"https:\/\/secure.gravatar.com\/avatar\/43bcfdb745dd80b8374b0aaa21c6dd30b2976a6bdea12b3018b51f255692facc?s=96&d=mm&r=g","url":"https:\/\/secure.gravatar.com\/avatar\/43bcfdb745dd80b8374b0aaa21c6dd30b2976a6bdea12b3018b51f255692facc?s=96&d=mm&r=g","contentUrl":"https:\/\/secure.gravatar.com\/avatar\/43bcfdb745dd80b8374b0aaa21c6dd30b2976a6bdea12b3018b51f255692facc?s=96&d=mm&r=g","caption":"BICE"}}]}},"jetpack_publicize_connections":[],"jetpack_featured_media_url":"https:\/\/i0.wp.com\/bice.org\/app\/uploads\/2015\/02\/sid.jpg?fit=690%2C300&ssl=1","jetpack_sharing_enabled":true,"_links":{"self":[{"href":"https:\/\/bice.org\/fr\/wp-json\/wp\/v2\/posts\/2451","targetHints":{"allow":["GET"]}}],"collection":[{"href":"https:\/\/bice.org\/fr\/wp-json\/wp\/v2\/posts"}],"about":[{"href":"https:\/\/bice.org\/fr\/wp-json\/wp\/v2\/types\/post"}],"author":[{"embeddable":true,"href":"https:\/\/bice.org\/fr\/wp-json\/wp\/v2\/users\/3"}],"replies":[{"embeddable":true,"href":"https:\/\/bice.org\/fr\/wp-json\/wp\/v2\/comments?post=2451"}],"version-history":[{"count":0,"href":"https:\/\/bice.org\/fr\/wp-json\/wp\/v2\/posts\/2451\/revisions"}],"wp:featuredmedia":[{"embeddable":true,"href":"https:\/\/bice.org\/fr\/wp-json\/wp\/v2\/media\/6400"}],"wp:attachment":[{"href":"https:\/\/bice.org\/fr\/wp-json\/wp\/v2\/media?parent=2451"}],"wp:term":[{"taxonomy":"category","embeddable":true,"href":"https:\/\/bice.org\/fr\/wp-json\/wp\/v2\/categories?post=2451"},{"taxonomy":"post_tag","embeddable":true,"href":"https:\/\/bice.org\/fr\/wp-json\/wp\/v2\/tags?post=2451"}],"curies":[{"name":"wp","href":"https:\/\/api.w.org\/{rel}","templated":true}]}}