{"id":24592,"date":"2017-05-03T08:03:00","date_gmt":"2017-05-03T08:03:00","guid":{"rendered":"https:\/\/bice.org\/?p=24592\/"},"modified":"2024-04-19T10:56:21","modified_gmt":"2024-04-19T08:56:21","slug":"reintegration-des-enfants-soldats-en-rd-congo","status":"publish","type":"post","link":"https:\/\/bice.org\/fr\/reintegration-des-enfants-soldats-en-rd-congo\/","title":{"rendered":"R\u00e9int\u00e9gration des enfants soldats en RDC"},"content":{"rendered":"<p>Un rapport du <a href=\"http:\/\/cpwg.net\/wp-content\/uploads\/sites\/2\/2015\/04\/TdR_GTPE-NK_FINAL.pdf\" target=\"_blank\" rel=\"noopener noreferrer\">groupe de travail de protection de l\u2019enfance provincial<\/a> estime qu\u2019en RDC, 30 000 enfants sont ou ont \u00e9t\u00e9 impliqu\u00e9s dans des groupes arm\u00e9s \u00e0 l\u2019est du pays.\u00a0La province du Nord Kivu est, en effet, depuis pr\u00e8s de 20 ans le th\u00e9\u00e2tre de violents conflits. En 2018, les ONG pr\u00e9sentes sur le terrain estimaient \u00e0 4000 le nombre d\u2019enfants pr\u00e9sents dans les groupes arm\u00e9s. Soldats, cuisiniers, informateurs ou encore objets sexuels pour les combattants, ces enfants sont tous victimes de violences graves et subissent un sort mis\u00e9rable. Les jeunes filles repr\u00e9sentent 40% de ces enfants.<\/p>\n<p style=\"text-align: justify;\">Une fois d\u00e9mobilis\u00e9s, les enfants sont le plus souvent rejet\u00e9s par leurs familles et la communaut\u00e9. D\u00e9s\u0153uvr\u00e9s et sans moyens, les gar\u00e7ons rejoignent alors de nouveau les rangs de milices arm\u00e9es, volontairement ou sous la contrainte. Les jeunes filles, elles, se livrent \u00e0 la prostitution. Et se retrouvent \u00e0 la merci des propri\u00e9taires de maison de tol\u00e9rance.<\/p>\n<h2 style=\"text-align: justify;\">Le BICE agit pour les enfants soldats en RDC<\/h2>\n<p style=\"text-align: justify;\">Dans le cadre du\u00a0<a href=\"https:\/\/bice.org\/fr\/actions-de-terrain\/domaines-daction\/le-bice-une-association-qui-agit-pour-le-droit-a-leducation-de-tous-les-enfants\/\">programme \u00c9ducation<\/a>, le BICE et la <a href=\"https:\/\/bice.org\/fr\/fraternite-coeur-sans-frontieres\/\">Fraternit\u00e9 la\u00efque mariste C\u0153ur sans fronti\u00e8res (CSF)<\/a> se sont associ\u00e9s en faveur de ces enfants victimes de la guerre. L\u2019objectif est de permettre \u00e0 ces ex-enfants soldats de se construire un avenir, en favorisant leur r\u00e9insertion sociale et \u00e9conomique.<\/p>\n<p style=\"text-align: justify;\">\u00c0 Goma et dans le territoire de Masisi, le BICE et CSF ont accompagn\u00e9, pendant 12 mois en 2017-2018, <strong>40 enfants,<\/strong> <strong>gar\u00e7ons et filles, d\u00e9mobilis\u00e9s.<\/strong> Puis\u00a0 toujours pendant 12 mois, en 2018-2019,<strong> 29 jeunes filles d\u00e9mobilis\u00e9es <\/strong>; et en 2019-2020,<strong> 29 autres jeunes filles.<\/strong><\/p>\n<p style=\"text-align: justify;\">Pour un accompagnement efficace, ils ont mis en place plusieurs actions :<\/p>\n<ul>\n<li style=\"text-align: justify;\">Recherche et formation de familles d\u2019accueil, pr\u00eates \u00e0 recevoir ces enfants.<\/li>\n<li style=\"text-align: justify;\">Accueil des enfants au centre de jour de CSF pour des repas quotidiens, des soins de sant\u00e9, un suivi psychologique et des activit\u00e9s r\u00e9cr\u00e9atives.<\/li>\n<li style=\"text-align: justify;\">\u00c9laboration par les enfants de leur projet de vie. Suivi d&#8217;une mise \u00e0 niveau scolaire et d&#8217;une formation professionnelle. \u00c0 l&#8217;issue de la formation, un kit de d\u00e9marrage professionnel leur a \u00e9t\u00e9 fourni.<\/li>\n<li style=\"text-align: justify;\">Travail de sensibilisation men\u00e9 en parall\u00e8le aupr\u00e8s des familles et de la communaut\u00e9 pour qu\u2019elles r\u00e9int\u00e8grent ces enfants.<\/li>\n<\/ul>\n<p>\u00c0 lire, en compl\u00e9ment, un article publi\u00e9 en octobre 2019 :<\/p>\n<blockquote class=\"wp-embedded-content\" data-secret=\"UwmPXjTpXv\"><p><a href=\"https:\/\/bice.org\/fr\/bilan-apres-un-an-daccompagnement-dex-enfants-soldats\/\">Bilan apr\u00e8s un an d&#8217;accompagnement d&#8217;ex-enfants soldats<\/a><\/p><\/blockquote>\n<p><iframe class=\"wp-embedded-content\" sandbox=\"allow-scripts\" security=\"restricted\" style=\"position: absolute; clip: rect(1px, 1px, 1px, 1px);\" title=\"\u00ab\u00a0Bilan apr\u00e8s un an d&#8217;accompagnement d&#8217;ex-enfants soldats\u00a0\u00bb &#8212; BICE - ONG de protection des droits de l&#039;enfant\" src=\"https:\/\/bice.org\/fr\/bilan-apres-un-an-daccompagnement-dex-enfants-soldats\/embed\/#?secret=bfiiIlf4D7#?secret=UwmPXjTpXv\" data-secret=\"UwmPXjTpXv\" width=\"500\" height=\"282\" frameborder=\"0\" marginwidth=\"0\" marginheight=\"0\" scrolling=\"no\"><\/iframe><\/p>\n","protected":false},"excerpt":{"rendered":"<p>En RDC, de nombreux enfants soldats se retrouvent, une fois d\u00e9mobilis\u00e9s, seuls et sans ressources. Le BICE et C\u0153ur sans fronti\u00e8res (CSF) sont aupr\u00e8s d\u2019eux pour leur permettre de reconstruire un projet de vie.<\/p>\n","protected":false},"author":3,"featured_media":24593,"comment_status":"closed","ping_status":"closed","sticky":false,"template":"","format":"standard","meta":{"_acf_changed":false,"footnotes":"","jetpack_publicize_message":"","jetpack_publicize_feature_enabled":true,"jetpack_social_post_already_shared":false,"jetpack_social_options":{"image_generator_settings":{"template":"highway","default_image_id":0,"font":"","enabled":false},"version":2}},"categories":[1],"tags":[400,1313,1056,366,1960,738,1351],"class_list":["post-24592","post","type-post","status-publish","format-standard","has-post-thumbnail","hentry","category-non-categorise","tag-education","tag-enfant-soldat","tag-formation","tag-rdc","tag-reinsertion-professionnelle","tag-republique-democratique-du-congo","tag-resilience-2"],"acf":[],"yoast_head":"<!-- This site is optimized with the Yoast SEO plugin v27.2 - https:\/\/yoast.com\/product\/yoast-seo-wordpress\/ -->\n<title>R\u00e9int\u00e9gration des enfants soldats en RD Congo<\/title>\n<meta name=\"description\" content=\"Le BICE et la Fraternit\u00e9 la\u00efque mariste C\u0153ur sans fronti\u00e8res travaillent main dans la main pour venir en aide aux enfants soldats en RDC.\" \/>\n<meta name=\"robots\" content=\"index, follow, max-snippet:-1, max-image-preview:large, max-video-preview:-1\" \/>\n<link rel=\"canonical\" href=\"https:\/\/bice.org\/fr\/wp-json\/wp\/v2\/posts\/24592\" \/>\n<meta property=\"og:locale\" content=\"fr_FR\" \/>\n<meta property=\"og:type\" content=\"article\" \/>\n<meta property=\"og:title\" content=\"R\u00e9int\u00e9gration des enfants soldats en RD Congo\" \/>\n<meta property=\"og:description\" content=\"Le BICE et la Fraternit\u00e9 la\u00efque mariste C\u0153ur sans fronti\u00e8res travaillent main dans la main pour venir en aide aux enfants soldats en RDC.\" \/>\n<meta property=\"og:url\" content=\"https:\/\/bice.org\/fr\/reintegration-des-enfants-soldats-en-rd-congo\/\" \/>\n<meta property=\"og:site_name\" content=\"BICE - ONG de protection des droits de l&#039;enfant\" \/>\n<meta property=\"article:published_time\" content=\"2017-05-03T08:03:00+00:00\" \/>\n<meta property=\"article:modified_time\" content=\"2024-04-19T08:56:21+00:00\" \/>\n<meta property=\"og:image\" content=\"https:\/\/i0.wp.com\/bice.org\/app\/uploads\/2017\/05\/Goma%C2%A9Centre-accueil-CFS.jpg?fit=1000%2C435&ssl=1\" \/>\n\t<meta property=\"og:image:width\" content=\"1000\" \/>\n\t<meta property=\"og:image:height\" content=\"435\" \/>\n\t<meta property=\"og:image:type\" content=\"image\/jpeg\" \/>\n<meta name=\"author\" content=\"BICE\" \/>\n<meta name=\"twitter:card\" content=\"summary_large_image\" \/>\n<meta name=\"twitter:label1\" content=\"\u00c9crit par\" \/>\n\t<meta name=\"twitter:data1\" content=\"BICE\" \/>\n\t<meta name=\"twitter:label2\" content=\"Dur\u00e9e de lecture estim\u00e9e\" \/>\n\t<meta name=\"twitter:data2\" content=\"2 minutes\" \/>\n<!-- \/ Yoast SEO plugin. -->","yoast_head_json":{"title":"R\u00e9int\u00e9gration des enfants soldats en RD Congo","description":"Le BICE et la Fraternit\u00e9 la\u00efque mariste C\u0153ur sans fronti\u00e8res travaillent main dans la main pour venir en aide aux enfants soldats en RDC.","robots":{"index":"index","follow":"follow","max-snippet":"max-snippet:-1","max-image-preview":"max-image-preview:large","max-video-preview":"max-video-preview:-1"},"canonical":"https:\/\/bice.org\/fr\/wp-json\/wp\/v2\/posts\/24592","og_locale":"fr_FR","og_type":"article","og_title":"R\u00e9int\u00e9gration des enfants soldats en RD Congo","og_description":"Le BICE et la Fraternit\u00e9 la\u00efque mariste C\u0153ur sans fronti\u00e8res travaillent main dans la main pour venir en aide aux enfants soldats en RDC.","og_url":"https:\/\/bice.org\/fr\/reintegration-des-enfants-soldats-en-rd-congo\/","og_site_name":"BICE - ONG de protection des droits de l&#039;enfant","article_published_time":"2017-05-03T08:03:00+00:00","article_modified_time":"2024-04-19T08:56:21+00:00","og_image":[{"width":1000,"height":435,"url":"https:\/\/i0.wp.com\/bice.org\/app\/uploads\/2017\/05\/Goma%C2%A9Centre-accueil-CFS.jpg?fit=1000%2C435&ssl=1","type":"image\/jpeg"}],"author":"BICE","twitter_card":"summary_large_image","twitter_misc":{"\u00c9crit par":"BICE","Dur\u00e9e de lecture estim\u00e9e":"2 minutes"},"schema":{"@context":"https:\/\/schema.org","@graph":[{"@type":"Article","@id":"https:\/\/bice.org\/fr\/reintegration-des-enfants-soldats-en-rd-congo\/#article","isPartOf":{"@id":"https:\/\/bice.org\/fr\/reintegration-des-enfants-soldats-en-rd-congo\/"},"author":{"name":"BICE","@id":"https:\/\/bice.org\/fr\/#\/schema\/person\/d2ad3c47fafb278234233a8cb54707b4"},"headline":"R\u00e9int\u00e9gration des enfants soldats en RDC","datePublished":"2017-05-03T08:03:00+00:00","dateModified":"2024-04-19T08:56:21+00:00","mainEntityOfPage":{"@id":"https:\/\/bice.org\/fr\/reintegration-des-enfants-soldats-en-rd-congo\/"},"wordCount":403,"publisher":{"@id":"https:\/\/bice.org\/fr\/#organization"},"image":{"@id":"https:\/\/bice.org\/fr\/reintegration-des-enfants-soldats-en-rd-congo\/#primaryimage"},"thumbnailUrl":"https:\/\/i0.wp.com\/bice.org\/app\/uploads\/2017\/05\/Goma%C2%A9Centre-accueil-CFS.jpg?fit=1000%2C435&ssl=1","keywords":["\u00e9ducation","enfant soldat","formation","RDC","R\u00e9insertion professionnelle","R\u00e9publique d\u00e9mocratique du Congo","R\u00e9silience"],"articleSection":["Non cat\u00e9goris\u00e9"],"inLanguage":"fr-FR"},{"@type":"WebPage","@id":"https:\/\/bice.org\/fr\/reintegration-des-enfants-soldats-en-rd-congo\/","url":"https:\/\/bice.org\/fr\/reintegration-des-enfants-soldats-en-rd-congo\/","name":"R\u00e9int\u00e9gration des enfants soldats en RD Congo","isPartOf":{"@id":"https:\/\/bice.org\/fr\/#website"},"primaryImageOfPage":{"@id":"https:\/\/bice.org\/fr\/reintegration-des-enfants-soldats-en-rd-congo\/#primaryimage"},"image":{"@id":"https:\/\/bice.org\/fr\/reintegration-des-enfants-soldats-en-rd-congo\/#primaryimage"},"thumbnailUrl":"https:\/\/i0.wp.com\/bice.org\/app\/uploads\/2017\/05\/Goma%C2%A9Centre-accueil-CFS.jpg?fit=1000%2C435&ssl=1","datePublished":"2017-05-03T08:03:00+00:00","dateModified":"2024-04-19T08:56:21+00:00","description":"Le BICE et la Fraternit\u00e9 la\u00efque mariste C\u0153ur sans fronti\u00e8res travaillent main dans la main pour venir en aide aux enfants soldats en RDC.","breadcrumb":{"@id":"https:\/\/bice.org\/fr\/reintegration-des-enfants-soldats-en-rd-congo\/#breadcrumb"},"inLanguage":"fr-FR","potentialAction":[{"@type":"ReadAction","target":["https:\/\/bice.org\/fr\/reintegration-des-enfants-soldats-en-rd-congo\/"]}]},{"@type":"ImageObject","inLanguage":"fr-FR","@id":"https:\/\/bice.org\/fr\/reintegration-des-enfants-soldats-en-rd-congo\/#primaryimage","url":"https:\/\/i0.wp.com\/bice.org\/app\/uploads\/2017\/05\/Goma%C2%A9Centre-accueil-CFS.jpg?fit=1000%2C435&ssl=1","contentUrl":"https:\/\/i0.wp.com\/bice.org\/app\/uploads\/2017\/05\/Goma%C2%A9Centre-accueil-CFS.jpg?fit=1000%2C435&ssl=1","width":1000,"height":435,"caption":"\u00a9Centre accueil CFS"},{"@type":"BreadcrumbList","@id":"https:\/\/bice.org\/fr\/reintegration-des-enfants-soldats-en-rd-congo\/#breadcrumb","itemListElement":[{"@type":"ListItem","position":1,"name":"Accueil","item":"https:\/\/bice.org\/fr\/"},{"@type":"ListItem","position":2,"name":"Actions de terrain","item":"https:\/\/bice.org\/fr\/theme\/actions-de-terrain\/"},{"@type":"ListItem","position":3,"name":"Programmes et projets","item":"https:\/\/bice.org\/fr\/theme\/actions-de-terrain\/programmes-et-projets\/"},{"@type":"ListItem","position":4,"name":"Nos programmes et projets en Afrique","item":"https:\/\/bice.org\/fr\/theme\/actions-de-terrain\/programmes-et-projets\/bice-en-afrique\/"},{"@type":"ListItem","position":5,"name":"R\u00e9publique D\u00e9mocratique du Congo","item":"https:\/\/bice.org\/fr\/theme\/actions-de-terrain\/programmes-et-projets\/bice-en-afrique\/republique-democratique-du-congo\/"},{"@type":"ListItem","position":6,"name":"R\u00e9int\u00e9gration des enfants soldats en RDC"}]},{"@type":"WebSite","@id":"https:\/\/bice.org\/fr\/#website","url":"https:\/\/bice.org\/fr\/","name":"BICE - ONG de protection des droits de l&#039;enfant","description":"Notre mission : D\u00e9fendre les droits et la dignit\u00e9 des enfants partout dans le monde","publisher":{"@id":"https:\/\/bice.org\/fr\/#organization"},"potentialAction":[{"@type":"SearchAction","target":{"@type":"EntryPoint","urlTemplate":"https:\/\/bice.org\/fr\/?s={search_term_string}"},"query-input":{"@type":"PropertyValueSpecification","valueRequired":true,"valueName":"search_term_string"}}],"inLanguage":"fr-FR"},{"@type":"Organization","@id":"https:\/\/bice.org\/fr\/#organization","name":"BICE","url":"https:\/\/bice.org\/fr\/","logo":{"@type":"ImageObject","inLanguage":"fr-FR","@id":"https:\/\/bice.org\/fr\/#\/schema\/logo\/image\/","url":"https:\/\/bice.org\/app\/uploads\/2022\/06\/favicon.ico","contentUrl":"https:\/\/bice.org\/app\/uploads\/2022\/06\/favicon.ico","width":64,"height":64,"caption":"BICE"},"image":{"@id":"https:\/\/bice.org\/fr\/#\/schema\/logo\/image\/"}},{"@type":"Person","@id":"https:\/\/bice.org\/fr\/#\/schema\/person\/d2ad3c47fafb278234233a8cb54707b4","name":"BICE","image":{"@type":"ImageObject","inLanguage":"fr-FR","@id":"https:\/\/secure.gravatar.com\/avatar\/43bcfdb745dd80b8374b0aaa21c6dd30b2976a6bdea12b3018b51f255692facc?s=96&d=mm&r=g","url":"https:\/\/secure.gravatar.com\/avatar\/43bcfdb745dd80b8374b0aaa21c6dd30b2976a6bdea12b3018b51f255692facc?s=96&d=mm&r=g","contentUrl":"https:\/\/secure.gravatar.com\/avatar\/43bcfdb745dd80b8374b0aaa21c6dd30b2976a6bdea12b3018b51f255692facc?s=96&d=mm&r=g","caption":"BICE"}}]}},"jetpack_publicize_connections":[],"jetpack_featured_media_url":"https:\/\/i0.wp.com\/bice.org\/app\/uploads\/2017\/05\/Goma%C2%A9Centre-accueil-CFS.jpg?fit=1000%2C435&ssl=1","jetpack_sharing_enabled":true,"_links":{"self":[{"href":"https:\/\/bice.org\/fr\/wp-json\/wp\/v2\/posts\/24592","targetHints":{"allow":["GET"]}}],"collection":[{"href":"https:\/\/bice.org\/fr\/wp-json\/wp\/v2\/posts"}],"about":[{"href":"https:\/\/bice.org\/fr\/wp-json\/wp\/v2\/types\/post"}],"author":[{"embeddable":true,"href":"https:\/\/bice.org\/fr\/wp-json\/wp\/v2\/users\/3"}],"replies":[{"embeddable":true,"href":"https:\/\/bice.org\/fr\/wp-json\/wp\/v2\/comments?post=24592"}],"version-history":[{"count":0,"href":"https:\/\/bice.org\/fr\/wp-json\/wp\/v2\/posts\/24592\/revisions"}],"wp:featuredmedia":[{"embeddable":true,"href":"https:\/\/bice.org\/fr\/wp-json\/wp\/v2\/media\/24593"}],"wp:attachment":[{"href":"https:\/\/bice.org\/fr\/wp-json\/wp\/v2\/media?parent=24592"}],"wp:term":[{"taxonomy":"category","embeddable":true,"href":"https:\/\/bice.org\/fr\/wp-json\/wp\/v2\/categories?post=24592"},{"taxonomy":"post_tag","embeddable":true,"href":"https:\/\/bice.org\/fr\/wp-json\/wp\/v2\/tags?post=24592"}],"curies":[{"name":"wp","href":"https:\/\/api.w.org\/{rel}","templated":true}]}}