{"id":2461,"date":"2015-02-20T09:50:11","date_gmt":"2015-02-20T09:50:11","guid":{"rendered":"https:\/\/bice.org\/fr\/rapprochement-entre-le-bice-et-linstitut-des-droits-de-lhomme-de-luniversite-catholique-de-lyon\/"},"modified":"2024-02-21T11:41:26","modified_gmt":"2024-02-21T10:41:26","slug":"rapprochement-entre-le-bice-et-linstitut-des-droits-de-lhomme-de-luniversite-catholique-de-lyon","status":"publish","type":"post","link":"https:\/\/bice.org\/fr\/rapprochement-entre-le-bice-et-linstitut-des-droits-de-lhomme-de-luniversite-catholique-de-lyon\/","title":{"rendered":"Rapprochement entre le BICE et l\u2019Institut des droits de l\u2019homme de l\u2019Universit\u00e9 Catholique de Lyon"},"content":{"rendered":"<p>Le 4 f\u00e9vrier 2015, le P\u00e8re Thierry Magnin, recteur de l\u2019UCLy, Andr\u00e9 Dizdarevic, Directeur de l\u2019IDHL, et Olivier Duval, Pr\u00e9sident du BICE ont sign\u00e9 conjointement cet accord.<\/p>\n<p>Le document pr\u00e9voit, entre autres, l\u2019\u00e9change d\u2019informations et de comp\u00e9tences, l\u2019accueil d\u2019\u00e9tudiants en stage au BICE et la participation de la Professeure Pascale Boucaud \u00e0 la Commission interne de protection de l\u2019enfant du BICE.<\/p>\n<p>Nous nous r\u00e9jouissons \u00e9galement du fait que l\u2019IDHL int\u00e9grera le r\u00e9seau d\u2019<a href=\"https:\/\/bice.org\/fr\/le-bice\/reseau-droits-de-l-enfant\/\" target=\"\" rel=\"noopener\">organisations membres<\/a> du BICE courant 2015.<\/p>\n<p>\u200ePar cet accord, les deux institutions r\u00e9affirment ainsi leur engagement \u00e0 favoriser l\u2019expertise et l\u2019analyse crois\u00e9e de la mise en oeuvre des droits de l\u2019homme, en particulier dans le domaine des <a href=\"https:\/\/bice.org\/fr\/droits-de-lenfant\/droits-fondamentaux-de-l-enfant\/\" target=\"\" rel=\"noopener\">droits de l\u2019enfant<\/a>.<\/p>\n","protected":false},"excerpt":{"rendered":"<p>Des relations \u00e9troites existaient d\u00e9j\u00e0 depuis de nombreuses ann\u00e9es. En 2015, le BICE et l\u2019IDHL ont d\u00e9cid\u00e9 de donner une forme officielle \u00e0 ce partenariat gr\u00e2ce \u00e0 un accord-cadre 2015-2017.&nbsp;<\/p>\n","protected":false},"author":3,"featured_media":6418,"comment_status":"closed","ping_status":"closed","sticky":false,"template":"","format":"standard","meta":{"_acf_changed":false,"footnotes":"","jetpack_publicize_message":"","jetpack_publicize_feature_enabled":true,"jetpack_social_post_already_shared":false,"jetpack_social_options":{"image_generator_settings":{"template":"highway","default_image_id":0,"font":"","enabled":false},"version":2}},"categories":[132],"tags":[],"class_list":["post-2461","post","type-post","status-publish","format-standard","has-post-thumbnail","hentry","category-actualites-du-bice"],"acf":[],"yoast_head":"<!-- This site is optimized with the Yoast SEO plugin v27.2 - https:\/\/yoast.com\/product\/yoast-seo-wordpress\/ -->\n<title>Rapprochement entre le BICE et l\u2019Institut des droits de l\u2019homme de l\u2019Universit\u00e9 Catholique de Lyon - BICE - ONG de protection des droits de l&#039;enfant<\/title>\n<meta name=\"description\" content=\"Toute l&#039;actualit\u00e9 du BICE et de ses partenaires en France, en Europe et dans le monde. Un nouveau rapprochement entre le BICE et l&#039;Institut des droits de l&#039;homme de l&#039;Universit\u00e9 Catholique de Lyon\" \/>\n<meta name=\"robots\" content=\"index, follow, max-snippet:-1, max-image-preview:large, max-video-preview:-1\" \/>\n<link rel=\"canonical\" href=\"https:\/\/bice.org\/fr\/wp-json\/wp\/v2\/posts\/2461\" \/>\n<meta property=\"og:locale\" content=\"fr_FR\" \/>\n<meta property=\"og:type\" content=\"article\" \/>\n<meta property=\"og:title\" content=\"Rapprochement entre le BICE et l\u2019Institut des droits de l\u2019homme de l\u2019Universit\u00e9 Catholique de Lyon - BICE - ONG de protection des droits de l&#039;enfant\" \/>\n<meta property=\"og:description\" content=\"Toute l&#039;actualit\u00e9 du BICE et de ses partenaires en France, en Europe et dans le monde. Un nouveau rapprochement entre le BICE et l&#039;Institut des droits de l&#039;homme de l&#039;Universit\u00e9 Catholique de Lyon\" \/>\n<meta property=\"og:url\" content=\"https:\/\/bice.org\/fr\/rapprochement-entre-le-bice-et-linstitut-des-droits-de-lhomme-de-luniversite-catholique-de-lyon\/\" \/>\n<meta property=\"og:site_name\" content=\"BICE - ONG de protection des droits de l&#039;enfant\" \/>\n<meta property=\"article:published_time\" content=\"2015-02-20T09:50:11+00:00\" \/>\n<meta property=\"article:modified_time\" content=\"2024-02-21T10:41:26+00:00\" \/>\n<meta property=\"og:image\" content=\"https:\/\/i0.wp.com\/bice.org\/app\/uploads\/2015\/02\/IDHL-part.jpg?fit=690%2C300&ssl=1\" \/>\n\t<meta property=\"og:image:width\" content=\"690\" \/>\n\t<meta property=\"og:image:height\" content=\"300\" \/>\n\t<meta property=\"og:image:type\" content=\"image\/jpeg\" \/>\n<meta name=\"author\" content=\"BICE\" \/>\n<meta name=\"twitter:card\" content=\"summary_large_image\" \/>\n<meta name=\"twitter:label1\" content=\"\u00c9crit par\" \/>\n\t<meta name=\"twitter:data1\" content=\"BICE\" \/>\n\t<meta name=\"twitter:label2\" content=\"Dur\u00e9e de lecture estim\u00e9e\" \/>\n\t<meta name=\"twitter:data2\" content=\"1 minute\" \/>\n<!-- \/ Yoast SEO plugin. -->","yoast_head_json":{"title":"Rapprochement entre le BICE et l\u2019Institut des droits de l\u2019homme de l\u2019Universit\u00e9 Catholique de Lyon - BICE - ONG de protection des droits de l&#039;enfant","description":"Toute l'actualit\u00e9 du BICE et de ses partenaires en France, en Europe et dans le monde. Un nouveau rapprochement entre le BICE et l'Institut des droits de l'homme de l'Universit\u00e9 Catholique de Lyon","robots":{"index":"index","follow":"follow","max-snippet":"max-snippet:-1","max-image-preview":"max-image-preview:large","max-video-preview":"max-video-preview:-1"},"canonical":"https:\/\/bice.org\/fr\/wp-json\/wp\/v2\/posts\/2461","og_locale":"fr_FR","og_type":"article","og_title":"Rapprochement entre le BICE et l\u2019Institut des droits de l\u2019homme de l\u2019Universit\u00e9 Catholique de Lyon - BICE - ONG de protection des droits de l&#039;enfant","og_description":"Toute l'actualit\u00e9 du BICE et de ses partenaires en France, en Europe et dans le monde. Un nouveau rapprochement entre le BICE et l'Institut des droits de l'homme de l'Universit\u00e9 Catholique de Lyon","og_url":"https:\/\/bice.org\/fr\/rapprochement-entre-le-bice-et-linstitut-des-droits-de-lhomme-de-luniversite-catholique-de-lyon\/","og_site_name":"BICE - ONG de protection des droits de l&#039;enfant","article_published_time":"2015-02-20T09:50:11+00:00","article_modified_time":"2024-02-21T10:41:26+00:00","og_image":[{"width":690,"height":300,"url":"https:\/\/i0.wp.com\/bice.org\/app\/uploads\/2015\/02\/IDHL-part.jpg?fit=690%2C300&ssl=1","type":"image\/jpeg"}],"author":"BICE","twitter_card":"summary_large_image","twitter_misc":{"\u00c9crit par":"BICE","Dur\u00e9e de lecture estim\u00e9e":"1 minute"},"schema":{"@context":"https:\/\/schema.org","@graph":[{"@type":"Article","@id":"https:\/\/bice.org\/fr\/rapprochement-entre-le-bice-et-linstitut-des-droits-de-lhomme-de-luniversite-catholique-de-lyon\/#article","isPartOf":{"@id":"https:\/\/bice.org\/fr\/rapprochement-entre-le-bice-et-linstitut-des-droits-de-lhomme-de-luniversite-catholique-de-lyon\/"},"author":{"name":"BICE","@id":"https:\/\/bice.org\/fr\/#\/schema\/person\/d2ad3c47fafb278234233a8cb54707b4"},"headline":"Rapprochement entre le BICE et l\u2019Institut des droits de l\u2019homme de l\u2019Universit\u00e9 Catholique de Lyon","datePublished":"2015-02-20T09:50:11+00:00","dateModified":"2024-02-21T10:41:26+00:00","mainEntityOfPage":{"@id":"https:\/\/bice.org\/fr\/rapprochement-entre-le-bice-et-linstitut-des-droits-de-lhomme-de-luniversite-catholique-de-lyon\/"},"wordCount":148,"publisher":{"@id":"https:\/\/bice.org\/fr\/#organization"},"image":{"@id":"https:\/\/bice.org\/fr\/rapprochement-entre-le-bice-et-linstitut-des-droits-de-lhomme-de-luniversite-catholique-de-lyon\/#primaryimage"},"thumbnailUrl":"https:\/\/i0.wp.com\/bice.org\/app\/uploads\/2015\/02\/IDHL-part.jpg?fit=690%2C300&ssl=1","articleSection":["Actualit\u00e9s du BICE"],"inLanguage":"fr-FR"},{"@type":"WebPage","@id":"https:\/\/bice.org\/fr\/rapprochement-entre-le-bice-et-linstitut-des-droits-de-lhomme-de-luniversite-catholique-de-lyon\/","url":"https:\/\/bice.org\/fr\/rapprochement-entre-le-bice-et-linstitut-des-droits-de-lhomme-de-luniversite-catholique-de-lyon\/","name":"Rapprochement entre le BICE et l\u2019Institut des droits de l\u2019homme de l\u2019Universit\u00e9 Catholique de Lyon - BICE - ONG de protection des droits de l&#039;enfant","isPartOf":{"@id":"https:\/\/bice.org\/fr\/#website"},"primaryImageOfPage":{"@id":"https:\/\/bice.org\/fr\/rapprochement-entre-le-bice-et-linstitut-des-droits-de-lhomme-de-luniversite-catholique-de-lyon\/#primaryimage"},"image":{"@id":"https:\/\/bice.org\/fr\/rapprochement-entre-le-bice-et-linstitut-des-droits-de-lhomme-de-luniversite-catholique-de-lyon\/#primaryimage"},"thumbnailUrl":"https:\/\/i0.wp.com\/bice.org\/app\/uploads\/2015\/02\/IDHL-part.jpg?fit=690%2C300&ssl=1","datePublished":"2015-02-20T09:50:11+00:00","dateModified":"2024-02-21T10:41:26+00:00","description":"Toute l'actualit\u00e9 du BICE et de ses partenaires en France, en Europe et dans le monde. Un nouveau rapprochement entre le BICE et l'Institut des droits de l'homme de l'Universit\u00e9 Catholique de Lyon","breadcrumb":{"@id":"https:\/\/bice.org\/fr\/rapprochement-entre-le-bice-et-linstitut-des-droits-de-lhomme-de-luniversite-catholique-de-lyon\/#breadcrumb"},"inLanguage":"fr-FR","potentialAction":[{"@type":"ReadAction","target":["https:\/\/bice.org\/fr\/rapprochement-entre-le-bice-et-linstitut-des-droits-de-lhomme-de-luniversite-catholique-de-lyon\/"]}]},{"@type":"ImageObject","inLanguage":"fr-FR","@id":"https:\/\/bice.org\/fr\/rapprochement-entre-le-bice-et-linstitut-des-droits-de-lhomme-de-luniversite-catholique-de-lyon\/#primaryimage","url":"https:\/\/i0.wp.com\/bice.org\/app\/uploads\/2015\/02\/IDHL-part.jpg?fit=690%2C300&ssl=1","contentUrl":"https:\/\/i0.wp.com\/bice.org\/app\/uploads\/2015\/02\/IDHL-part.jpg?fit=690%2C300&ssl=1","width":690,"height":300,"caption":"\u00a9 IDHL - BICE"},{"@type":"BreadcrumbList","@id":"https:\/\/bice.org\/fr\/rapprochement-entre-le-bice-et-linstitut-des-droits-de-lhomme-de-luniversite-catholique-de-lyon\/#breadcrumb","itemListElement":[{"@type":"ListItem","position":1,"name":"Accueil","item":"https:\/\/bice.org\/fr\/"},{"@type":"ListItem","position":2,"name":"Actualit\u00e9s du BICE","item":"https:\/\/bice.org\/fr\/theme\/actualites-du-bice\/"},{"@type":"ListItem","position":3,"name":"Rapprochement entre le BICE et l\u2019Institut des droits de l\u2019homme de l\u2019Universit\u00e9 Catholique de Lyon"}]},{"@type":"WebSite","@id":"https:\/\/bice.org\/fr\/#website","url":"https:\/\/bice.org\/fr\/","name":"BICE - ONG de protection des droits de l&#039;enfant","description":"Notre mission : D\u00e9fendre les droits et la dignit\u00e9 des enfants partout dans le monde","publisher":{"@id":"https:\/\/bice.org\/fr\/#organization"},"potentialAction":[{"@type":"SearchAction","target":{"@type":"EntryPoint","urlTemplate":"https:\/\/bice.org\/fr\/?s={search_term_string}"},"query-input":{"@type":"PropertyValueSpecification","valueRequired":true,"valueName":"search_term_string"}}],"inLanguage":"fr-FR"},{"@type":"Organization","@id":"https:\/\/bice.org\/fr\/#organization","name":"BICE","url":"https:\/\/bice.org\/fr\/","logo":{"@type":"ImageObject","inLanguage":"fr-FR","@id":"https:\/\/bice.org\/fr\/#\/schema\/logo\/image\/","url":"https:\/\/bice.org\/app\/uploads\/2022\/06\/favicon.ico","contentUrl":"https:\/\/bice.org\/app\/uploads\/2022\/06\/favicon.ico","width":64,"height":64,"caption":"BICE"},"image":{"@id":"https:\/\/bice.org\/fr\/#\/schema\/logo\/image\/"}},{"@type":"Person","@id":"https:\/\/bice.org\/fr\/#\/schema\/person\/d2ad3c47fafb278234233a8cb54707b4","name":"BICE","image":{"@type":"ImageObject","inLanguage":"fr-FR","@id":"https:\/\/secure.gravatar.com\/avatar\/43bcfdb745dd80b8374b0aaa21c6dd30b2976a6bdea12b3018b51f255692facc?s=96&d=mm&r=g","url":"https:\/\/secure.gravatar.com\/avatar\/43bcfdb745dd80b8374b0aaa21c6dd30b2976a6bdea12b3018b51f255692facc?s=96&d=mm&r=g","contentUrl":"https:\/\/secure.gravatar.com\/avatar\/43bcfdb745dd80b8374b0aaa21c6dd30b2976a6bdea12b3018b51f255692facc?s=96&d=mm&r=g","caption":"BICE"}}]}},"jetpack_publicize_connections":[],"jetpack_featured_media_url":"https:\/\/i0.wp.com\/bice.org\/app\/uploads\/2015\/02\/IDHL-part.jpg?fit=690%2C300&ssl=1","jetpack_sharing_enabled":true,"_links":{"self":[{"href":"https:\/\/bice.org\/fr\/wp-json\/wp\/v2\/posts\/2461","targetHints":{"allow":["GET"]}}],"collection":[{"href":"https:\/\/bice.org\/fr\/wp-json\/wp\/v2\/posts"}],"about":[{"href":"https:\/\/bice.org\/fr\/wp-json\/wp\/v2\/types\/post"}],"author":[{"embeddable":true,"href":"https:\/\/bice.org\/fr\/wp-json\/wp\/v2\/users\/3"}],"replies":[{"embeddable":true,"href":"https:\/\/bice.org\/fr\/wp-json\/wp\/v2\/comments?post=2461"}],"version-history":[{"count":0,"href":"https:\/\/bice.org\/fr\/wp-json\/wp\/v2\/posts\/2461\/revisions"}],"wp:featuredmedia":[{"embeddable":true,"href":"https:\/\/bice.org\/fr\/wp-json\/wp\/v2\/media\/6418"}],"wp:attachment":[{"href":"https:\/\/bice.org\/fr\/wp-json\/wp\/v2\/media?parent=2461"}],"wp:term":[{"taxonomy":"category","embeddable":true,"href":"https:\/\/bice.org\/fr\/wp-json\/wp\/v2\/categories?post=2461"},{"taxonomy":"post_tag","embeddable":true,"href":"https:\/\/bice.org\/fr\/wp-json\/wp\/v2\/tags?post=2461"}],"curies":[{"name":"wp","href":"https:\/\/api.w.org\/{rel}","templated":true}]}}