{"id":2541,"date":"2015-06-01T12:46:53","date_gmt":"2015-06-01T12:46:53","guid":{"rendered":"https:\/\/bice.org\/fr\/le-reseau-bice-mobilise-contre-la-reduction-age-responsabilite-penale\/"},"modified":"2024-04-16T16:32:22","modified_gmt":"2024-04-16T14:32:22","slug":"le-reseau-bice-mobilise-contre-la-reduction-age-responsabilite-penale","status":"publish","type":"post","link":"https:\/\/bice.org\/fr\/le-reseau-bice-mobilise-contre-la-reduction-age-responsabilite-penale\/","title":{"rendered":"Le r\u00e9seau BICE mobilis\u00e9 contre la r\u00e9duction de l\u2019\u00e2ge de la responsabilit\u00e9 p\u00e9nale au Br\u00e9sil"},"content":{"rendered":"<h3>Un amendement qui marque un pas en arri\u00e8re dans la protection des enfants<\/h3>\n<p>Actuellement au Br\u00e9sil, le Code p\u00e9nal et la Constitution fixent l\u2019\u00e2ge de la responsabilit\u00e9 p\u00e9nale \u00e0 18 ans. Cette disposition est souvent cit\u00e9e en mod\u00e8le car elle est conforme \u00e0 l\u2019interpr\u00e9tation du Comit\u00e9 des droits de l\u2019enfant.<\/p>\n<p>Or, l\u2019amendement propos\u00e9 \u00e0 la Constitution vise \u00e0 r\u00e9duire l\u2019\u00e2ge de responsabilit\u00e9 p\u00e9nale de 18 \u00e0 16 ans. Il marque donc un net recul par rapport \u00e0 la situation actuelle.<\/p>\n<p>Si l\u2019amendement est vot\u00e9, d\u00e8s l\u2019\u00e2ge de 16 ans des enfants pourraient \u00eatre jug\u00e9s de mani\u00e8re similaire aux adultes et les peines privatives de libert\u00e9 risquent de prendre le pas sur les mesures alternatives \u00e0 la d\u00e9tention.<\/p>\n<p>Or, la finalit\u00e9 de la justice juv\u00e9nile est au contraire la r\u00e9insertion et la r\u00e9habilitation des enfants en conflit avec la loi \u00e0 travers des programmes socio-\u00e9ducatifs ou le traitement des affaires par voie extrajudiciaire.<\/p>\n<h3>Un amendement qui ignore la violence dont les adolescents sont victimes<\/h3>\n<p>Les adolescents au Br\u00e9sil sont plus victimes qu\u2019auteurs de violence.\u00a0De nombreuses villes au Br\u00e9sil enregistrent un taux de criminalit\u00e9 parmi les plus \u00e9lev\u00e9s au monde.<\/p>\n<p>Selon les chiffres du Minist\u00e8re de la sant\u00e9 de 2012, le taux d\u2019homicide par 100.000 habitants dans la population totale \u00e9tait de 38,5 %. Ce taux atteint 82,7 % en ce qui concerne les homicides \u00e0 l\u2019encontre des jeunes.<\/p>\n<p>Ces chiffres de violence extr\u00eame subie par les adolescents ont \u00e9t\u00e9 confirm\u00e9s en 2014 par le Minist\u00e8re. Au Nord du pays le seuil tragique de 100 homicides pour 100.000 jeunes vient d\u2019\u00eatre franchi.<\/p>\n<p>Il est donc \u00e9vident que les jeunes subissent des violences plus qu\u2019ils n\u2019en commettent.<\/p>\n<h3>Un amendement qui valide une perception erron\u00e9e de la d\u00e9linquance juv\u00e9nile<\/h3>\n<p>Plusieurs sondages d\u2019opinion ont r\u00e9v\u00e9l\u00e9 qu\u2019une majorit\u00e9 de la population br\u00e9silienne \u00e9tait favorable \u00e0 l\u2019abaissement de l\u2019\u00e2ge de la responsabilit\u00e9 p\u00e9nale. Ces r\u00e9sultats sont la cons\u00e9quence de l\u2019image simplificatrice des <strong>enfants en conflit avec la loi<\/strong> v\u00e9hicul\u00e9e par les m\u00e9dias. Pr\u00e9sent\u00e9s comme sans avenir et destin\u00e9s \u00e0 finir leurs jours en prison, leurs droits ne sont que rarement \u00e9voqu\u00e9s.<\/p>\n<p>Or il est prouv\u00e9 qu\u2019une <a href=\"https:\/\/bice.org\/fr\/justice-juvenile\/\" target=\"\" rel=\"noopener\"><strong>justice r\u00e9paratrice<\/strong><\/a> plut\u00f4t que r\u00e9pressive est juridiquement conforme \u00e0 la <a href=\"https:\/\/bice.org\/fr\/droits-de-lenfant\/convention-relative-aux-droits-de-l-enfant\/\" target=\"\" rel=\"noopener\"><strong>Convention des droits de l\u2019enfant<\/strong><\/a>, \u00e9conomiquement plus rentable et socialement plus juste. L\u2019amendement en projet est donc de nature \u00e0 creuser davantage le foss\u00e9 des in\u00e9galit\u00e9s, \u00e0 alourdir le budget de la justice du pays, \u00e0 d\u00e9tourner l\u2019attention sur des mesures idoines de lutte contre la violence dans la soci\u00e9t\u00e9 et \u00e0 l\u2019encontre des enfants, et \u00e0 exclure les enfants et adolescents marginalis\u00e9s et vuln\u00e9rables de la construction et du d\u00e9veloppement du Br\u00e9sil.<\/p>\n<h3>Le r\u00e9seau BICE mobilis\u00e9<\/h3>\n<p>L\u2019ensemble des partenaires du BICE et notamment ceux du <strong>programme Enfance sans Barreaux<\/strong> se mobilisent pour que cet amendement soit rejet\u00e9. Un communiqu\u00e9 commun a \u00e9t\u00e9 r\u00e9dig\u00e9 et diffus\u00e9 en Am\u00e9rique latine et en Afrique.<\/p>\n","protected":false},"excerpt":{"rendered":"<p>Le BICE, la Pastoral de Menor au Br\u00e9sil et l\u2019ensemble des partenaires du programme Enfance sans Barreaux sont vivement pr\u00e9occup\u00e9s par la volont\u00e9 du Congr\u00e8s br\u00e9silien d\u2019abaisser l\u2019\u00e2ge de responsabilit\u00e9 p\u00e9nale des adolescents en conflit avec la loi.<\/p>\n","protected":false},"author":3,"featured_media":6541,"comment_status":"closed","ping_status":"closed","sticky":false,"template":"","format":"standard","meta":{"_acf_changed":false,"footnotes":"","jetpack_publicize_message":"","jetpack_publicize_feature_enabled":true,"jetpack_social_post_already_shared":false,"jetpack_social_options":{"image_generator_settings":{"template":"highway","default_image_id":0,"font":"","enabled":false},"version":2}},"categories":[132],"tags":[],"class_list":["post-2541","post","type-post","status-publish","format-standard","has-post-thumbnail","hentry","category-actualites-du-bice"],"acf":[],"yoast_head":"<!-- This site is optimized with the Yoast SEO plugin v27.2 - https:\/\/yoast.com\/product\/yoast-seo-wordpress\/ -->\n<title>Le r\u00e9seau BICE mobilis\u00e9 contre la r\u00e9duction de l\u2019\u00e2ge de la responsabilit\u00e9 p\u00e9nale au Br\u00e9sil - BICE - ONG de protection des droits de l&#039;enfant<\/title>\n<meta name=\"description\" content=\"Toute l&#039;actualit\u00e9 du BICE et de ses partenaires dans le monde : l&#039;\u00e2ge de la responsabilit\u00e9 p\u00e9nale r\u00e9duit au Br\u00e9sil\" \/>\n<meta name=\"robots\" content=\"index, follow, max-snippet:-1, max-image-preview:large, max-video-preview:-1\" \/>\n<link rel=\"canonical\" href=\"https:\/\/bice.org\/fr\/wp-json\/wp\/v2\/posts\/2541\" \/>\n<meta property=\"og:locale\" content=\"fr_FR\" \/>\n<meta property=\"og:type\" content=\"article\" \/>\n<meta property=\"og:title\" content=\"Le r\u00e9seau BICE mobilis\u00e9 contre la r\u00e9duction de l\u2019\u00e2ge de la responsabilit\u00e9 p\u00e9nale au Br\u00e9sil - BICE - ONG de protection des droits de l&#039;enfant\" \/>\n<meta property=\"og:description\" content=\"Toute l&#039;actualit\u00e9 du BICE et de ses partenaires dans le monde : l&#039;\u00e2ge de la responsabilit\u00e9 p\u00e9nale r\u00e9duit au Br\u00e9sil\" \/>\n<meta property=\"og:url\" content=\"https:\/\/bice.org\/fr\/le-reseau-bice-mobilise-contre-la-reduction-age-responsabilite-penale\/\" \/>\n<meta property=\"og:site_name\" content=\"BICE - ONG de protection des droits de l&#039;enfant\" \/>\n<meta property=\"article:published_time\" content=\"2015-06-01T12:46:53+00:00\" \/>\n<meta property=\"article:modified_time\" content=\"2024-04-16T14:32:22+00:00\" \/>\n<meta property=\"og:image\" content=\"https:\/\/i0.wp.com\/bice.org\/app\/uploads\/2015\/06\/News_Br%C3%A9sil_BICE.JPG?fit=690%2C300&ssl=1\" \/>\n\t<meta property=\"og:image:width\" content=\"690\" \/>\n\t<meta property=\"og:image:height\" content=\"300\" \/>\n\t<meta property=\"og:image:type\" content=\"image\/jpeg\" \/>\n<meta name=\"author\" content=\"BICE\" \/>\n<meta name=\"twitter:card\" content=\"summary_large_image\" \/>\n<meta name=\"twitter:label1\" content=\"\u00c9crit par\" \/>\n\t<meta name=\"twitter:data1\" content=\"BICE\" \/>\n\t<meta name=\"twitter:label2\" content=\"Dur\u00e9e de lecture estim\u00e9e\" \/>\n\t<meta name=\"twitter:data2\" content=\"3 minutes\" \/>\n<!-- \/ Yoast SEO plugin. -->","yoast_head_json":{"title":"Le r\u00e9seau BICE mobilis\u00e9 contre la r\u00e9duction de l\u2019\u00e2ge de la responsabilit\u00e9 p\u00e9nale au Br\u00e9sil - BICE - ONG de protection des droits de l&#039;enfant","description":"Toute l'actualit\u00e9 du BICE et de ses partenaires dans le monde : l'\u00e2ge de la responsabilit\u00e9 p\u00e9nale r\u00e9duit au Br\u00e9sil","robots":{"index":"index","follow":"follow","max-snippet":"max-snippet:-1","max-image-preview":"max-image-preview:large","max-video-preview":"max-video-preview:-1"},"canonical":"https:\/\/bice.org\/fr\/wp-json\/wp\/v2\/posts\/2541","og_locale":"fr_FR","og_type":"article","og_title":"Le r\u00e9seau BICE mobilis\u00e9 contre la r\u00e9duction de l\u2019\u00e2ge de la responsabilit\u00e9 p\u00e9nale au Br\u00e9sil - BICE - ONG de protection des droits de l&#039;enfant","og_description":"Toute l'actualit\u00e9 du BICE et de ses partenaires dans le monde : l'\u00e2ge de la responsabilit\u00e9 p\u00e9nale r\u00e9duit au Br\u00e9sil","og_url":"https:\/\/bice.org\/fr\/le-reseau-bice-mobilise-contre-la-reduction-age-responsabilite-penale\/","og_site_name":"BICE - ONG de protection des droits de l&#039;enfant","article_published_time":"2015-06-01T12:46:53+00:00","article_modified_time":"2024-04-16T14:32:22+00:00","og_image":[{"width":690,"height":300,"url":"https:\/\/i0.wp.com\/bice.org\/app\/uploads\/2015\/06\/News_Br%C3%A9sil_BICE.JPG?fit=690%2C300&ssl=1","type":"image\/jpeg"}],"author":"BICE","twitter_card":"summary_large_image","twitter_misc":{"\u00c9crit par":"BICE","Dur\u00e9e de lecture estim\u00e9e":"3 minutes"},"schema":{"@context":"https:\/\/schema.org","@graph":[{"@type":"Article","@id":"https:\/\/bice.org\/fr\/le-reseau-bice-mobilise-contre-la-reduction-age-responsabilite-penale\/#article","isPartOf":{"@id":"https:\/\/bice.org\/fr\/le-reseau-bice-mobilise-contre-la-reduction-age-responsabilite-penale\/"},"author":{"name":"BICE","@id":"https:\/\/bice.org\/fr\/#\/schema\/person\/d2ad3c47fafb278234233a8cb54707b4"},"headline":"Le r\u00e9seau BICE mobilis\u00e9 contre la r\u00e9duction de l\u2019\u00e2ge de la responsabilit\u00e9 p\u00e9nale au Br\u00e9sil","datePublished":"2015-06-01T12:46:53+00:00","dateModified":"2024-04-16T14:32:22+00:00","mainEntityOfPage":{"@id":"https:\/\/bice.org\/fr\/le-reseau-bice-mobilise-contre-la-reduction-age-responsabilite-penale\/"},"wordCount":540,"publisher":{"@id":"https:\/\/bice.org\/fr\/#organization"},"image":{"@id":"https:\/\/bice.org\/fr\/le-reseau-bice-mobilise-contre-la-reduction-age-responsabilite-penale\/#primaryimage"},"thumbnailUrl":"https:\/\/i0.wp.com\/bice.org\/app\/uploads\/2015\/06\/News_Br%C3%A9sil_BICE.JPG?fit=690%2C300&ssl=1","articleSection":["Actualit\u00e9s du BICE"],"inLanguage":"fr-FR"},{"@type":"WebPage","@id":"https:\/\/bice.org\/fr\/le-reseau-bice-mobilise-contre-la-reduction-age-responsabilite-penale\/","url":"https:\/\/bice.org\/fr\/le-reseau-bice-mobilise-contre-la-reduction-age-responsabilite-penale\/","name":"Le r\u00e9seau BICE mobilis\u00e9 contre la r\u00e9duction de l\u2019\u00e2ge de la responsabilit\u00e9 p\u00e9nale au Br\u00e9sil - BICE - ONG de protection des droits de l&#039;enfant","isPartOf":{"@id":"https:\/\/bice.org\/fr\/#website"},"primaryImageOfPage":{"@id":"https:\/\/bice.org\/fr\/le-reseau-bice-mobilise-contre-la-reduction-age-responsabilite-penale\/#primaryimage"},"image":{"@id":"https:\/\/bice.org\/fr\/le-reseau-bice-mobilise-contre-la-reduction-age-responsabilite-penale\/#primaryimage"},"thumbnailUrl":"https:\/\/i0.wp.com\/bice.org\/app\/uploads\/2015\/06\/News_Br%C3%A9sil_BICE.JPG?fit=690%2C300&ssl=1","datePublished":"2015-06-01T12:46:53+00:00","dateModified":"2024-04-16T14:32:22+00:00","description":"Toute l'actualit\u00e9 du BICE et de ses partenaires dans le monde : l'\u00e2ge de la responsabilit\u00e9 p\u00e9nale r\u00e9duit au Br\u00e9sil","breadcrumb":{"@id":"https:\/\/bice.org\/fr\/le-reseau-bice-mobilise-contre-la-reduction-age-responsabilite-penale\/#breadcrumb"},"inLanguage":"fr-FR","potentialAction":[{"@type":"ReadAction","target":["https:\/\/bice.org\/fr\/le-reseau-bice-mobilise-contre-la-reduction-age-responsabilite-penale\/"]}]},{"@type":"ImageObject","inLanguage":"fr-FR","@id":"https:\/\/bice.org\/fr\/le-reseau-bice-mobilise-contre-la-reduction-age-responsabilite-penale\/#primaryimage","url":"https:\/\/i0.wp.com\/bice.org\/app\/uploads\/2015\/06\/News_Br%C3%A9sil_BICE.JPG?fit=690%2C300&ssl=1","contentUrl":"https:\/\/i0.wp.com\/bice.org\/app\/uploads\/2015\/06\/News_Br%C3%A9sil_BICE.JPG?fit=690%2C300&ssl=1","width":690,"height":300,"caption":"\u00a9 BICE - Br\u00e9sil - 2013"},{"@type":"BreadcrumbList","@id":"https:\/\/bice.org\/fr\/le-reseau-bice-mobilise-contre-la-reduction-age-responsabilite-penale\/#breadcrumb","itemListElement":[{"@type":"ListItem","position":1,"name":"Accueil","item":"https:\/\/bice.org\/fr\/"},{"@type":"ListItem","position":2,"name":"Actualit\u00e9s du BICE","item":"https:\/\/bice.org\/fr\/theme\/actualites-du-bice\/"},{"@type":"ListItem","position":3,"name":"Le r\u00e9seau BICE mobilis\u00e9 contre la r\u00e9duction de l\u2019\u00e2ge de la responsabilit\u00e9 p\u00e9nale au Br\u00e9sil"}]},{"@type":"WebSite","@id":"https:\/\/bice.org\/fr\/#website","url":"https:\/\/bice.org\/fr\/","name":"BICE - ONG de protection des droits de l&#039;enfant","description":"Notre mission : D\u00e9fendre les droits et la dignit\u00e9 des enfants partout dans le monde","publisher":{"@id":"https:\/\/bice.org\/fr\/#organization"},"potentialAction":[{"@type":"SearchAction","target":{"@type":"EntryPoint","urlTemplate":"https:\/\/bice.org\/fr\/?s={search_term_string}"},"query-input":{"@type":"PropertyValueSpecification","valueRequired":true,"valueName":"search_term_string"}}],"inLanguage":"fr-FR"},{"@type":"Organization","@id":"https:\/\/bice.org\/fr\/#organization","name":"BICE","url":"https:\/\/bice.org\/fr\/","logo":{"@type":"ImageObject","inLanguage":"fr-FR","@id":"https:\/\/bice.org\/fr\/#\/schema\/logo\/image\/","url":"https:\/\/bice.org\/app\/uploads\/2022\/06\/favicon.ico","contentUrl":"https:\/\/bice.org\/app\/uploads\/2022\/06\/favicon.ico","width":64,"height":64,"caption":"BICE"},"image":{"@id":"https:\/\/bice.org\/fr\/#\/schema\/logo\/image\/"}},{"@type":"Person","@id":"https:\/\/bice.org\/fr\/#\/schema\/person\/d2ad3c47fafb278234233a8cb54707b4","name":"BICE","image":{"@type":"ImageObject","inLanguage":"fr-FR","@id":"https:\/\/secure.gravatar.com\/avatar\/43bcfdb745dd80b8374b0aaa21c6dd30b2976a6bdea12b3018b51f255692facc?s=96&d=mm&r=g","url":"https:\/\/secure.gravatar.com\/avatar\/43bcfdb745dd80b8374b0aaa21c6dd30b2976a6bdea12b3018b51f255692facc?s=96&d=mm&r=g","contentUrl":"https:\/\/secure.gravatar.com\/avatar\/43bcfdb745dd80b8374b0aaa21c6dd30b2976a6bdea12b3018b51f255692facc?s=96&d=mm&r=g","caption":"BICE"}}]}},"jetpack_publicize_connections":[],"jetpack_featured_media_url":"https:\/\/i0.wp.com\/bice.org\/app\/uploads\/2015\/06\/News_Br%C3%A9sil_BICE.JPG?fit=690%2C300&ssl=1","jetpack_sharing_enabled":true,"_links":{"self":[{"href":"https:\/\/bice.org\/fr\/wp-json\/wp\/v2\/posts\/2541","targetHints":{"allow":["GET"]}}],"collection":[{"href":"https:\/\/bice.org\/fr\/wp-json\/wp\/v2\/posts"}],"about":[{"href":"https:\/\/bice.org\/fr\/wp-json\/wp\/v2\/types\/post"}],"author":[{"embeddable":true,"href":"https:\/\/bice.org\/fr\/wp-json\/wp\/v2\/users\/3"}],"replies":[{"embeddable":true,"href":"https:\/\/bice.org\/fr\/wp-json\/wp\/v2\/comments?post=2541"}],"version-history":[{"count":0,"href":"https:\/\/bice.org\/fr\/wp-json\/wp\/v2\/posts\/2541\/revisions"}],"wp:featuredmedia":[{"embeddable":true,"href":"https:\/\/bice.org\/fr\/wp-json\/wp\/v2\/media\/6541"}],"wp:attachment":[{"href":"https:\/\/bice.org\/fr\/wp-json\/wp\/v2\/media?parent=2541"}],"wp:term":[{"taxonomy":"category","embeddable":true,"href":"https:\/\/bice.org\/fr\/wp-json\/wp\/v2\/categories?post=2541"},{"taxonomy":"post_tag","embeddable":true,"href":"https:\/\/bice.org\/fr\/wp-json\/wp\/v2\/tags?post=2541"}],"curies":[{"name":"wp","href":"https:\/\/api.w.org\/{rel}","templated":true}]}}