{"id":26713,"date":"2017-07-19T15:04:56","date_gmt":"2017-07-19T15:04:56","guid":{"rendered":"https:\/\/bice.org\/?p=26713\/"},"modified":"2017-07-20T13:48:59","modified_gmt":"2017-07-20T13:48:59","slug":"incarceration-des-enfants-en-rdc-violation-de-la-loi","status":"publish","type":"post","link":"https:\/\/bice.org\/fr\/incarceration-des-enfants-en-rdc-violation-de-la-loi\/","title":{"rendered":"L\u2019incarc\u00e9ration des enfants en RDC une violation de la loi"},"content":{"rendered":"<h3 style=\"text-align: justify;\">Incarc\u00e9ration des enfants en RDC : le BICE donne l\u2019alerte<\/h3>\n<p style=\"text-align: justify;\">Dans son intervention orale, en pr\u00e9sence de la ministre des droits humains de la RDC, le BICE et le BNCE-RDC, soutenus par Pax Christi International, MIAMSI et la Compagnie des Filles de la Charit\u00e9 de Saint Vincent de Paul, ont soulign\u00e9 <strong>le caract\u00e8re ill\u00e9gal et arbitraire de l\u2019incarc\u00e9ration des enfants <\/strong>en RDC\u00a0\u00e0 la prison de Makala \u00e0 Kinshasa.<\/p>\n<p style=\"text-align: justify;\">En effet, la loi du 10 janvier 2009 portant sur la protection de l\u2019enfant ne pr\u00e9voit pas de mesures privatives de libert\u00e9 \u00e0 l\u2019encontre des enfants en conflit avec la loi. Elle pr\u00e9conise des<strong> mesures de placement \u00e9ducatif<\/strong> dans des structures sp\u00e9cifi\u00e9es : Etablissements de R\u00e9\u00e9ducation de l\u2019Etat (ERE) et Etablissements de Garde, de R\u00e9\u00e9ducation de l\u2019Etat (EGEE) entre autres. Ces structures n\u2019ont toutefois pas \u00e9t\u00e9 mises en place depuis 8 ans, date de l\u2019entr\u00e9e en vigueur de la loi.<\/p>\n<p style=\"text-align: justify;\">En l\u2019absence de ces foyers d\u2019accueil et de resocialisation, les juges pour enfants se voient contraints de placer les enfants en d\u00e9tention. L\u2019Etat viole ainsi ses propres lois. L\u2019impact de l\u2019incarc\u00e9ration des enfants en RDC est consid\u00e9rable : les enfants ne peuvent b\u00e9n\u00e9ficier de l\u2019accompagnement n\u00e9cessaire \u00e0 une r\u00e9insertion durable, seul moyen d\u2019\u00e9viter la r\u00e9cidive.<\/p>\n<h3 style=\"text-align: justify;\">Un signe positif : la Politique de r\u00e9forme de la justice (2017-2026)<\/h3>\n<p style=\"text-align: justify;\">Le BICE et son partenaire, le <a href=\"https:\/\/bice.org\/fr\/bnce-rdc\/\">BNCE-RDC<\/a>, se sont f\u00e9licit\u00e9s de l\u2019adoption en mai 2017, apr\u00e8s la tenue des \u00e9tats g\u00e9n\u00e9raux de la justice de 2015, d\u2019une Politique nationale de r\u00e9forme de la justice (PNRJ 2017-2026). Ils ont appel\u00e9 les autorit\u00e9s congolaises \u00e0 mettre en \u0153uvre sans d\u00e9lai cette Politique, en insistant particuli\u00e8rement sur :<\/p>\n<ul>\n<li style=\"text-align: justify;\">la r\u00e9novation des infrastructures pour une bonne administration de la justice juv\u00e9nile,<\/li>\n<li style=\"text-align: justify;\">la construction, la r\u00e9habilitation et l\u2019\u00e9quipement des EGEE en ateliers de formation,<\/li>\n<li style=\"text-align: justify;\">l\u2019attention \u00e0 porter \u00e0 la conception et au mode de gestion de ces \u00e9tablissements.<\/li>\n<\/ul>\n<p style=\"text-align: justify;\"><em>Pour aller plus loin<\/em><br \/>\nLa <a href=\"http:\/\/ap.ohchr.org\/documents\/dpage_e.aspx?si=A\/HRC\/35\/L.36\" target=\"_blank\">r\u00e9solution 35\/33<\/a> sur l\u2019assistance technique \u00e0 la RDC concernant les \u00e9v\u00e9nements dans le Kasa\u00ef<\/p>\n","protected":false},"excerpt":{"rendered":"<p>La situation des droits de l\u2019homme en RDC \u00e9tait \u00e0 l\u2019ordre du jour de la 35\u00e8me session du Conseil des droits de l\u2019homme. Le BICE et le BNCE-RDC ont insist\u00e9 sur la d\u00e9tention ill\u00e9gale des enfants en conflit avec la loi \u00e0 la prison de Makala, Kinshasa. <\/p>\n","protected":false},"author":3,"featured_media":26715,"comment_status":"closed","ping_status":"closed","sticky":false,"template":"","format":"standard","meta":{"_acf_changed":false,"footnotes":"","jetpack_publicize_message":"","jetpack_publicize_feature_enabled":true,"jetpack_social_post_already_shared":false,"jetpack_social_options":{"image_generator_settings":{"template":"highway","default_image_id":0,"font":"","enabled":false},"version":2}},"categories":[132],"tags":[1108,376,1279,372,404,366],"class_list":["post-26713","post","type-post","status-publish","format-standard","has-post-thumbnail","hentry","category-actualites-du-bice","tag-bnce-rdc","tag-conseil-des-droits-de-lhomme","tag-enfant-en-conflit-avec-la-loi","tag-justice-juvenile","tag-plaidoyer","tag-rdc"],"acf":[],"yoast_head":"<!-- This site is optimized with the Yoast SEO plugin v27.2 - https:\/\/yoast.com\/product\/yoast-seo-wordpress\/ -->\n<title>L\u2019incarc\u00e9ration des enfants en RDC une violation de la loi<\/title>\n<meta name=\"description\" content=\"Lors de la 35\u00e8me session du Conseil des droits de l\u2019homme, le BICE et le BNCE-RDC ont insist\u00e9 sur l&#039;incarc\u00e9ration des enfants en RDC, contraire \u00e0 la loi.\" \/>\n<meta name=\"robots\" content=\"index, follow, max-snippet:-1, max-image-preview:large, max-video-preview:-1\" \/>\n<link rel=\"canonical\" href=\"https:\/\/bice.org\/fr\/wp-json\/wp\/v2\/posts\/26713\" \/>\n<meta property=\"og:locale\" content=\"fr_FR\" \/>\n<meta property=\"og:type\" content=\"article\" \/>\n<meta property=\"og:title\" content=\"L\u2019incarc\u00e9ration des enfants en RDC une violation de la loi\" \/>\n<meta property=\"og:description\" content=\"Lors de la 35\u00e8me session du Conseil des droits de l\u2019homme, le BICE et le BNCE-RDC ont insist\u00e9 sur l&#039;incarc\u00e9ration des enfants en RDC, contraire \u00e0 la loi.\" \/>\n<meta property=\"og:url\" content=\"https:\/\/bice.org\/fr\/incarceration-des-enfants-en-rdc-violation-de-la-loi\/\" \/>\n<meta property=\"og:site_name\" content=\"BICE - ONG de protection des droits de l&#039;enfant\" \/>\n<meta property=\"article:published_time\" content=\"2017-07-19T15:04:56+00:00\" \/>\n<meta property=\"article:modified_time\" content=\"2017-07-20T13:48:59+00:00\" \/>\n<meta property=\"og:image\" content=\"https:\/\/i0.wp.com\/bice.org\/app\/uploads\/2017\/07\/News-incarceration-RDC.jpg?fit=1000%2C435&ssl=1\" \/>\n\t<meta property=\"og:image:width\" content=\"1000\" \/>\n\t<meta property=\"og:image:height\" content=\"435\" \/>\n\t<meta property=\"og:image:type\" content=\"image\/jpeg\" \/>\n<meta name=\"author\" content=\"BICE\" \/>\n<meta name=\"twitter:card\" content=\"summary_large_image\" \/>\n<meta name=\"twitter:label1\" content=\"\u00c9crit par\" \/>\n\t<meta name=\"twitter:data1\" content=\"BICE\" \/>\n\t<meta name=\"twitter:label2\" content=\"Dur\u00e9e de lecture estim\u00e9e\" \/>\n\t<meta name=\"twitter:data2\" content=\"2 minutes\" \/>\n<!-- \/ Yoast SEO plugin. -->","yoast_head_json":{"title":"L\u2019incarc\u00e9ration des enfants en RDC une violation de la loi","description":"Lors de la 35\u00e8me session du Conseil des droits de l\u2019homme, le BICE et le BNCE-RDC ont insist\u00e9 sur l'incarc\u00e9ration des enfants en RDC, contraire \u00e0 la loi.","robots":{"index":"index","follow":"follow","max-snippet":"max-snippet:-1","max-image-preview":"max-image-preview:large","max-video-preview":"max-video-preview:-1"},"canonical":"https:\/\/bice.org\/fr\/wp-json\/wp\/v2\/posts\/26713","og_locale":"fr_FR","og_type":"article","og_title":"L\u2019incarc\u00e9ration des enfants en RDC une violation de la loi","og_description":"Lors de la 35\u00e8me session du Conseil des droits de l\u2019homme, le BICE et le BNCE-RDC ont insist\u00e9 sur l'incarc\u00e9ration des enfants en RDC, contraire \u00e0 la loi.","og_url":"https:\/\/bice.org\/fr\/incarceration-des-enfants-en-rdc-violation-de-la-loi\/","og_site_name":"BICE - ONG de protection des droits de l&#039;enfant","article_published_time":"2017-07-19T15:04:56+00:00","article_modified_time":"2017-07-20T13:48:59+00:00","og_image":[{"width":1000,"height":435,"url":"https:\/\/i0.wp.com\/bice.org\/app\/uploads\/2017\/07\/News-incarceration-RDC.jpg?fit=1000%2C435&ssl=1","type":"image\/jpeg"}],"author":"BICE","twitter_card":"summary_large_image","twitter_misc":{"\u00c9crit par":"BICE","Dur\u00e9e de lecture estim\u00e9e":"2 minutes"},"schema":{"@context":"https:\/\/schema.org","@graph":[{"@type":"Article","@id":"https:\/\/bice.org\/fr\/incarceration-des-enfants-en-rdc-violation-de-la-loi\/#article","isPartOf":{"@id":"https:\/\/bice.org\/fr\/incarceration-des-enfants-en-rdc-violation-de-la-loi\/"},"author":{"name":"BICE","@id":"https:\/\/bice.org\/fr\/#\/schema\/person\/d2ad3c47fafb278234233a8cb54707b4"},"headline":"L\u2019incarc\u00e9ration des enfants en RDC une violation de la loi","datePublished":"2017-07-19T15:04:56+00:00","dateModified":"2017-07-20T13:48:59+00:00","mainEntityOfPage":{"@id":"https:\/\/bice.org\/fr\/incarceration-des-enfants-en-rdc-violation-de-la-loi\/"},"wordCount":376,"publisher":{"@id":"https:\/\/bice.org\/fr\/#organization"},"image":{"@id":"https:\/\/bice.org\/fr\/incarceration-des-enfants-en-rdc-violation-de-la-loi\/#primaryimage"},"thumbnailUrl":"https:\/\/i0.wp.com\/bice.org\/app\/uploads\/2017\/07\/News-incarceration-RDC.jpg?fit=1000%2C435&ssl=1","keywords":["BNCE-RDC","conseil des droits de l'homme","enfant en conflit avec la loi","justice juv\u00e9nile","Plaidoyer","RDC"],"articleSection":["Actualit\u00e9s du BICE"],"inLanguage":"fr-FR"},{"@type":"WebPage","@id":"https:\/\/bice.org\/fr\/incarceration-des-enfants-en-rdc-violation-de-la-loi\/","url":"https:\/\/bice.org\/fr\/incarceration-des-enfants-en-rdc-violation-de-la-loi\/","name":"L\u2019incarc\u00e9ration des enfants en RDC une violation de la loi","isPartOf":{"@id":"https:\/\/bice.org\/fr\/#website"},"primaryImageOfPage":{"@id":"https:\/\/bice.org\/fr\/incarceration-des-enfants-en-rdc-violation-de-la-loi\/#primaryimage"},"image":{"@id":"https:\/\/bice.org\/fr\/incarceration-des-enfants-en-rdc-violation-de-la-loi\/#primaryimage"},"thumbnailUrl":"https:\/\/i0.wp.com\/bice.org\/app\/uploads\/2017\/07\/News-incarceration-RDC.jpg?fit=1000%2C435&ssl=1","datePublished":"2017-07-19T15:04:56+00:00","dateModified":"2017-07-20T13:48:59+00:00","description":"Lors de la 35\u00e8me session du Conseil des droits de l\u2019homme, le BICE et le BNCE-RDC ont insist\u00e9 sur l'incarc\u00e9ration des enfants en RDC, contraire \u00e0 la loi.","breadcrumb":{"@id":"https:\/\/bice.org\/fr\/incarceration-des-enfants-en-rdc-violation-de-la-loi\/#breadcrumb"},"inLanguage":"fr-FR","potentialAction":[{"@type":"ReadAction","target":["https:\/\/bice.org\/fr\/incarceration-des-enfants-en-rdc-violation-de-la-loi\/"]}]},{"@type":"ImageObject","inLanguage":"fr-FR","@id":"https:\/\/bice.org\/fr\/incarceration-des-enfants-en-rdc-violation-de-la-loi\/#primaryimage","url":"https:\/\/i0.wp.com\/bice.org\/app\/uploads\/2017\/07\/News-incarceration-RDC.jpg?fit=1000%2C435&ssl=1","contentUrl":"https:\/\/i0.wp.com\/bice.org\/app\/uploads\/2017\/07\/News-incarceration-RDC.jpg?fit=1000%2C435&ssl=1","width":1000,"height":435,"caption":"L\u2019incarc\u00e9ration des enfants en RDC, une violation de la loi"},{"@type":"BreadcrumbList","@id":"https:\/\/bice.org\/fr\/incarceration-des-enfants-en-rdc-violation-de-la-loi\/#breadcrumb","itemListElement":[{"@type":"ListItem","position":1,"name":"Accueil","item":"https:\/\/bice.org\/fr\/"},{"@type":"ListItem","position":2,"name":"Actualit\u00e9s du BICE","item":"https:\/\/bice.org\/fr\/theme\/actualites-du-bice\/"},{"@type":"ListItem","position":3,"name":"L\u2019incarc\u00e9ration des enfants en RDC une violation de la loi"}]},{"@type":"WebSite","@id":"https:\/\/bice.org\/fr\/#website","url":"https:\/\/bice.org\/fr\/","name":"BICE - ONG de protection des droits de l&#039;enfant","description":"Notre mission : D\u00e9fendre les droits et la dignit\u00e9 des enfants partout dans le monde","publisher":{"@id":"https:\/\/bice.org\/fr\/#organization"},"potentialAction":[{"@type":"SearchAction","target":{"@type":"EntryPoint","urlTemplate":"https:\/\/bice.org\/fr\/?s={search_term_string}"},"query-input":{"@type":"PropertyValueSpecification","valueRequired":true,"valueName":"search_term_string"}}],"inLanguage":"fr-FR"},{"@type":"Organization","@id":"https:\/\/bice.org\/fr\/#organization","name":"BICE","url":"https:\/\/bice.org\/fr\/","logo":{"@type":"ImageObject","inLanguage":"fr-FR","@id":"https:\/\/bice.org\/fr\/#\/schema\/logo\/image\/","url":"https:\/\/bice.org\/app\/uploads\/2022\/06\/favicon.ico","contentUrl":"https:\/\/bice.org\/app\/uploads\/2022\/06\/favicon.ico","width":64,"height":64,"caption":"BICE"},"image":{"@id":"https:\/\/bice.org\/fr\/#\/schema\/logo\/image\/"}},{"@type":"Person","@id":"https:\/\/bice.org\/fr\/#\/schema\/person\/d2ad3c47fafb278234233a8cb54707b4","name":"BICE","image":{"@type":"ImageObject","inLanguage":"fr-FR","@id":"https:\/\/secure.gravatar.com\/avatar\/43bcfdb745dd80b8374b0aaa21c6dd30b2976a6bdea12b3018b51f255692facc?s=96&d=mm&r=g","url":"https:\/\/secure.gravatar.com\/avatar\/43bcfdb745dd80b8374b0aaa21c6dd30b2976a6bdea12b3018b51f255692facc?s=96&d=mm&r=g","contentUrl":"https:\/\/secure.gravatar.com\/avatar\/43bcfdb745dd80b8374b0aaa21c6dd30b2976a6bdea12b3018b51f255692facc?s=96&d=mm&r=g","caption":"BICE"}}]}},"jetpack_publicize_connections":[],"jetpack_featured_media_url":"https:\/\/i0.wp.com\/bice.org\/app\/uploads\/2017\/07\/News-incarceration-RDC.jpg?fit=1000%2C435&ssl=1","jetpack_sharing_enabled":true,"_links":{"self":[{"href":"https:\/\/bice.org\/fr\/wp-json\/wp\/v2\/posts\/26713","targetHints":{"allow":["GET"]}}],"collection":[{"href":"https:\/\/bice.org\/fr\/wp-json\/wp\/v2\/posts"}],"about":[{"href":"https:\/\/bice.org\/fr\/wp-json\/wp\/v2\/types\/post"}],"author":[{"embeddable":true,"href":"https:\/\/bice.org\/fr\/wp-json\/wp\/v2\/users\/3"}],"replies":[{"embeddable":true,"href":"https:\/\/bice.org\/fr\/wp-json\/wp\/v2\/comments?post=26713"}],"version-history":[{"count":0,"href":"https:\/\/bice.org\/fr\/wp-json\/wp\/v2\/posts\/26713\/revisions"}],"wp:featuredmedia":[{"embeddable":true,"href":"https:\/\/bice.org\/fr\/wp-json\/wp\/v2\/media\/26715"}],"wp:attachment":[{"href":"https:\/\/bice.org\/fr\/wp-json\/wp\/v2\/media?parent=26713"}],"wp:term":[{"taxonomy":"category","embeddable":true,"href":"https:\/\/bice.org\/fr\/wp-json\/wp\/v2\/categories?post=26713"},{"taxonomy":"post_tag","embeddable":true,"href":"https:\/\/bice.org\/fr\/wp-json\/wp\/v2\/tags?post=26713"}],"curies":[{"name":"wp","href":"https:\/\/api.w.org\/{rel}","templated":true}]}}