{"id":27695,"date":"2017-08-28T09:20:47","date_gmt":"2017-08-28T09:20:47","guid":{"rendered":"https:\/\/bice.org\/?p=27695\/"},"modified":"2023-03-07T15:51:42","modified_gmt":"2023-03-07T14:51:42","slug":"creches-communautaires-aina-trust-un-modele-pour-l-inde","status":"publish","type":"post","link":"https:\/\/bice.org\/fr\/creches-communautaires-aina-trust-un-modele-pour-l-inde\/","title":{"rendered":"Les cr\u00e8ches communautaires d\u2019Aina Trust : un mod\u00e8le pour l\u2019Inde"},"content":{"rendered":"<p style=\"text-align: justify;\"><span style=\"text-decoration: underline;\">Comment est n\u00e9 le projet d\u2019Aina Trust ?<\/span><br \/>\nC\u2019est la situation terrible des enfants de la r\u00e9gion de Bangalore dont les parents travaillent la soie qui nous a pouss\u00e9s \u00e0 agir. Aucune structure n\u2019existait pour garder les petits de moins de 3 ans, qui accompagnaient donc leurs parents \u00e0 l\u2019usine. Fum\u00e9e et odeurs insoutenables, outils de travail coupants, feu ouvert\u2026 les parents n\u2019avaient d\u2019autres choix que d\u2019attacher leur enfant au bout d\u2019une corde pour \u00e9viter qu\u2019il ne se blesse.<br \/>\nLa structure <a href=\"http:\/\/www.ainatrust.in\/\" target=\"_blank\" rel=\"noopener noreferrer\">Aina Trust<\/a> a \u00e9t\u00e9 enregistr\u00e9e en 1997 et les premi\u00e8res cr\u00e8ches communautaires, une fois les autorisations re\u00e7ues et les fonds r\u00e9colt\u00e9s, ont \u00e9t\u00e9 ouvertes en 2003.<br \/>\nD\u2019abord modestes, les cr\u00e8ches communautaires d\u2019Aina Trust accueillent aujourd\u2019hui plus de 150 enfants !<\/p>\n<p style=\"text-align: justify;\"><span style=\"text-decoration: underline;\">Comment fonctionnent les cr\u00e8ches communautaires d\u2019Aina Trust ?<\/span><br \/>\nCe sont des assistantes maternelles qui gardent les enfants \u00e0 leur domicile. Il s\u2019agit souvent de femmes qui ont \u00e9t\u00e9 abandonn\u00e9es par leur mari \u2013 situation fr\u00e9quente quand le couple n\u2019a eu que des filles. Pour exercer leurs fonctions, elles re\u00e7oivent une formation initiale pouss\u00e9e, qui demande de la pers\u00e9v\u00e9rance et de vraies capacit\u00e9s d\u2019apprentissage.<br \/>\nEnsuite, elles se retrouvent r\u00e9guli\u00e8rement au centre avec les enfants, pour participer \u00e0 des activit\u00e9s en groupe et parfaire leurs connaissances en mati\u00e8re de petite enfance.<br \/>\nLes <a href=\"https:\/\/bice.org\/fr\/renforcement-des-creches-communautaires-en-inde\/\">cr\u00e8ches communautaires d\u2019Aina Trust<\/a>, fortes du principe que \u00ab tout enfant a droit au bonheur \u00bb \u0153uvrent au d\u00e9veloppement int\u00e9gral de l\u2019enfant. Tant ses comp\u00e9tences physiques, manuelles, intellectuelles que son imagination sont sollicit\u00e9es. Un suivi m\u00e9dical r\u00e9gulier et des d\u00e9jeuners \u00e9quilibr\u00e9s sont \u00e9galement assur\u00e9s par le centre.<\/p>\n<p>&nbsp;<\/p>\n<p><center><iframe src=\"https:\/\/www.youtube.com\/embed\/zWQWjzwL0_Q\" width=\"560\" height=\"315\" frameborder=\"0\" allowfullscreen=\"allowfullscreen\"><\/iframe><\/center><\/p>\n<p style=\"text-align: justify;\"><span style=\"text-decoration: underline;\">La formation des assistantes maternelles occupe aujourd\u2019hui une place essentielle dans votre activit\u00e9.<\/span><br \/>\nEffectivement, nous collaborons aujourd\u2019hui avec le gouvernement qui nous a charg\u00e9s d\u2019assurer la formation des \u00e9ducatrices de la petite enfance des cr\u00e8ches publiques. Comme pour les assistantes maternelles, nous veillons \u00e0 les sensibiliser \u00e0 l\u2019importance de proposer aux enfants des activit\u00e9s vari\u00e9es, ludiques, sportives et \u00e9panouissantes. Au total, 120 personnes sont ainsi form\u00e9es chaque mois, assistantes communautaires comprises !<\/p>\n","protected":false},"excerpt":{"rendered":"<p>Journaliste, Mary Chelladurai est \u00e9galement fondatrice de l\u2019organisation Aina Trust, partenaire du BICE. A l\u2019occasion du Congr\u00e8s du BICE, elle d\u00e9crit la gen\u00e8se du projet, les activit\u00e9s actuelles et leur essor.<\/p>\n","protected":false},"author":3,"featured_media":27696,"comment_status":"closed","ping_status":"closed","sticky":false,"template":"","format":"standard","meta":{"_acf_changed":false,"footnotes":"","jetpack_publicize_message":"","jetpack_publicize_feature_enabled":true,"jetpack_social_post_already_shared":false,"jetpack_social_options":{"image_generator_settings":{"template":"highway","default_image_id":0,"font":"","enabled":false},"version":2}},"categories":[132],"tags":[1028,1160,433,431],"class_list":["post-27695","post","type-post","status-publish","format-standard","has-post-thumbnail","hentry","category-actualites-du-bice","tag-aina-trust","tag-droit-a-leducation","tag-inde","tag-petite-enfance"],"acf":[],"yoast_head":"<!-- This site is optimized with the Yoast SEO plugin v27.2 - https:\/\/yoast.com\/product\/yoast-seo-wordpress\/ -->\n<title>Les cr\u00e8ches d\u2019Aina Trust : un mod\u00e8le en Inde | BICE<\/title>\n<meta name=\"description\" content=\"Interview de Mary Chelladurai, fondatrice de l\u2019Aina Trust, partenaire du BICE : les cr\u00e8ches communautaires d\u2019Aina Trust, un mod\u00e8le pour l&#039;Inde.\" \/>\n<meta name=\"robots\" content=\"index, follow, max-snippet:-1, max-image-preview:large, max-video-preview:-1\" \/>\n<link rel=\"canonical\" href=\"https:\/\/bice.org\/fr\/wp-json\/wp\/v2\/posts\/27695\" \/>\n<meta property=\"og:locale\" content=\"fr_FR\" \/>\n<meta property=\"og:type\" content=\"article\" \/>\n<meta property=\"og:title\" content=\"Les cr\u00e8ches d\u2019Aina Trust : un mod\u00e8le en Inde | BICE\" \/>\n<meta property=\"og:description\" content=\"Interview de Mary Chelladurai, fondatrice de l\u2019Aina Trust, partenaire du BICE : les cr\u00e8ches communautaires d\u2019Aina Trust, un mod\u00e8le pour l&#039;Inde.\" \/>\n<meta property=\"og:url\" content=\"https:\/\/bice.org\/fr\/creches-communautaires-aina-trust-un-modele-pour-l-inde\/\" \/>\n<meta property=\"og:site_name\" content=\"BICE - ONG de protection des droits de l&#039;enfant\" \/>\n<meta property=\"article:published_time\" content=\"2017-08-28T09:20:47+00:00\" \/>\n<meta property=\"article:modified_time\" content=\"2023-03-07T14:51:42+00:00\" \/>\n<meta property=\"og:image\" content=\"https:\/\/i0.wp.com\/bice.org\/app\/uploads\/2017\/08\/News-Aina-Trust%C2%A9Aina-Trust.jpg?fit=1000%2C435&ssl=1\" \/>\n\t<meta property=\"og:image:width\" content=\"1000\" \/>\n\t<meta property=\"og:image:height\" content=\"435\" \/>\n\t<meta property=\"og:image:type\" content=\"image\/jpeg\" \/>\n<meta name=\"author\" content=\"BICE\" \/>\n<meta name=\"twitter:card\" content=\"summary_large_image\" \/>\n<meta name=\"twitter:label1\" content=\"\u00c9crit par\" \/>\n\t<meta name=\"twitter:data1\" content=\"BICE\" \/>\n\t<meta name=\"twitter:label2\" content=\"Dur\u00e9e de lecture estim\u00e9e\" \/>\n\t<meta name=\"twitter:data2\" content=\"2 minutes\" \/>\n<!-- \/ Yoast SEO plugin. -->","yoast_head_json":{"title":"Les cr\u00e8ches d\u2019Aina Trust : un mod\u00e8le en Inde | BICE","description":"Interview de Mary Chelladurai, fondatrice de l\u2019Aina Trust, partenaire du BICE : les cr\u00e8ches communautaires d\u2019Aina Trust, un mod\u00e8le pour l'Inde.","robots":{"index":"index","follow":"follow","max-snippet":"max-snippet:-1","max-image-preview":"max-image-preview:large","max-video-preview":"max-video-preview:-1"},"canonical":"https:\/\/bice.org\/fr\/wp-json\/wp\/v2\/posts\/27695","og_locale":"fr_FR","og_type":"article","og_title":"Les cr\u00e8ches d\u2019Aina Trust : un mod\u00e8le en Inde | BICE","og_description":"Interview de Mary Chelladurai, fondatrice de l\u2019Aina Trust, partenaire du BICE : les cr\u00e8ches communautaires d\u2019Aina Trust, un mod\u00e8le pour l'Inde.","og_url":"https:\/\/bice.org\/fr\/creches-communautaires-aina-trust-un-modele-pour-l-inde\/","og_site_name":"BICE - ONG de protection des droits de l&#039;enfant","article_published_time":"2017-08-28T09:20:47+00:00","article_modified_time":"2023-03-07T14:51:42+00:00","og_image":[{"width":1000,"height":435,"url":"https:\/\/i0.wp.com\/bice.org\/app\/uploads\/2017\/08\/News-Aina-Trust%C2%A9Aina-Trust.jpg?fit=1000%2C435&ssl=1","type":"image\/jpeg"}],"author":"BICE","twitter_card":"summary_large_image","twitter_misc":{"\u00c9crit par":"BICE","Dur\u00e9e de lecture estim\u00e9e":"2 minutes"},"schema":{"@context":"https:\/\/schema.org","@graph":[{"@type":"Article","@id":"https:\/\/bice.org\/fr\/creches-communautaires-aina-trust-un-modele-pour-l-inde\/#article","isPartOf":{"@id":"https:\/\/bice.org\/fr\/creches-communautaires-aina-trust-un-modele-pour-l-inde\/"},"author":{"name":"BICE","@id":"https:\/\/bice.org\/fr\/#\/schema\/person\/d2ad3c47fafb278234233a8cb54707b4"},"headline":"Les cr\u00e8ches communautaires d\u2019Aina Trust : un mod\u00e8le pour l\u2019Inde","datePublished":"2017-08-28T09:20:47+00:00","dateModified":"2023-03-07T14:51:42+00:00","mainEntityOfPage":{"@id":"https:\/\/bice.org\/fr\/creches-communautaires-aina-trust-un-modele-pour-l-inde\/"},"wordCount":385,"publisher":{"@id":"https:\/\/bice.org\/fr\/#organization"},"image":{"@id":"https:\/\/bice.org\/fr\/creches-communautaires-aina-trust-un-modele-pour-l-inde\/#primaryimage"},"thumbnailUrl":"https:\/\/i0.wp.com\/bice.org\/app\/uploads\/2017\/08\/News-Aina-Trust%C2%A9Aina-Trust.jpg?fit=1000%2C435&ssl=1","keywords":["Aina Trust","Droit \u00e0 l'\u00e9ducation","Inde","Petite enfance"],"articleSection":["Actualit\u00e9s du BICE"],"inLanguage":"fr-FR"},{"@type":"WebPage","@id":"https:\/\/bice.org\/fr\/creches-communautaires-aina-trust-un-modele-pour-l-inde\/","url":"https:\/\/bice.org\/fr\/creches-communautaires-aina-trust-un-modele-pour-l-inde\/","name":"Les cr\u00e8ches d\u2019Aina Trust : un mod\u00e8le en Inde | BICE","isPartOf":{"@id":"https:\/\/bice.org\/fr\/#website"},"primaryImageOfPage":{"@id":"https:\/\/bice.org\/fr\/creches-communautaires-aina-trust-un-modele-pour-l-inde\/#primaryimage"},"image":{"@id":"https:\/\/bice.org\/fr\/creches-communautaires-aina-trust-un-modele-pour-l-inde\/#primaryimage"},"thumbnailUrl":"https:\/\/i0.wp.com\/bice.org\/app\/uploads\/2017\/08\/News-Aina-Trust%C2%A9Aina-Trust.jpg?fit=1000%2C435&ssl=1","datePublished":"2017-08-28T09:20:47+00:00","dateModified":"2023-03-07T14:51:42+00:00","description":"Interview de Mary Chelladurai, fondatrice de l\u2019Aina Trust, partenaire du BICE : les cr\u00e8ches communautaires d\u2019Aina Trust, un mod\u00e8le pour l'Inde.","breadcrumb":{"@id":"https:\/\/bice.org\/fr\/creches-communautaires-aina-trust-un-modele-pour-l-inde\/#breadcrumb"},"inLanguage":"fr-FR","potentialAction":[{"@type":"ReadAction","target":["https:\/\/bice.org\/fr\/creches-communautaires-aina-trust-un-modele-pour-l-inde\/"]}]},{"@type":"ImageObject","inLanguage":"fr-FR","@id":"https:\/\/bice.org\/fr\/creches-communautaires-aina-trust-un-modele-pour-l-inde\/#primaryimage","url":"https:\/\/i0.wp.com\/bice.org\/app\/uploads\/2017\/08\/News-Aina-Trust%C2%A9Aina-Trust.jpg?fit=1000%2C435&ssl=1","contentUrl":"https:\/\/i0.wp.com\/bice.org\/app\/uploads\/2017\/08\/News-Aina-Trust%C2%A9Aina-Trust.jpg?fit=1000%2C435&ssl=1","width":1000,"height":435,"caption":"\u00a9Aina Trust"},{"@type":"BreadcrumbList","@id":"https:\/\/bice.org\/fr\/creches-communautaires-aina-trust-un-modele-pour-l-inde\/#breadcrumb","itemListElement":[{"@type":"ListItem","position":1,"name":"Accueil","item":"https:\/\/bice.org\/fr\/"},{"@type":"ListItem","position":2,"name":"Actualit\u00e9s du BICE","item":"https:\/\/bice.org\/fr\/theme\/actualites-du-bice\/"},{"@type":"ListItem","position":3,"name":"Les cr\u00e8ches communautaires d\u2019Aina Trust : un mod\u00e8le pour l\u2019Inde"}]},{"@type":"WebSite","@id":"https:\/\/bice.org\/fr\/#website","url":"https:\/\/bice.org\/fr\/","name":"BICE - ONG de protection des droits de l&#039;enfant","description":"Notre mission : D\u00e9fendre les droits et la dignit\u00e9 des enfants partout dans le monde","publisher":{"@id":"https:\/\/bice.org\/fr\/#organization"},"potentialAction":[{"@type":"SearchAction","target":{"@type":"EntryPoint","urlTemplate":"https:\/\/bice.org\/fr\/?s={search_term_string}"},"query-input":{"@type":"PropertyValueSpecification","valueRequired":true,"valueName":"search_term_string"}}],"inLanguage":"fr-FR"},{"@type":"Organization","@id":"https:\/\/bice.org\/fr\/#organization","name":"BICE","url":"https:\/\/bice.org\/fr\/","logo":{"@type":"ImageObject","inLanguage":"fr-FR","@id":"https:\/\/bice.org\/fr\/#\/schema\/logo\/image\/","url":"https:\/\/bice.org\/app\/uploads\/2022\/06\/favicon.ico","contentUrl":"https:\/\/bice.org\/app\/uploads\/2022\/06\/favicon.ico","width":64,"height":64,"caption":"BICE"},"image":{"@id":"https:\/\/bice.org\/fr\/#\/schema\/logo\/image\/"}},{"@type":"Person","@id":"https:\/\/bice.org\/fr\/#\/schema\/person\/d2ad3c47fafb278234233a8cb54707b4","name":"BICE","image":{"@type":"ImageObject","inLanguage":"fr-FR","@id":"https:\/\/secure.gravatar.com\/avatar\/43bcfdb745dd80b8374b0aaa21c6dd30b2976a6bdea12b3018b51f255692facc?s=96&d=mm&r=g","url":"https:\/\/secure.gravatar.com\/avatar\/43bcfdb745dd80b8374b0aaa21c6dd30b2976a6bdea12b3018b51f255692facc?s=96&d=mm&r=g","contentUrl":"https:\/\/secure.gravatar.com\/avatar\/43bcfdb745dd80b8374b0aaa21c6dd30b2976a6bdea12b3018b51f255692facc?s=96&d=mm&r=g","caption":"BICE"}}]}},"jetpack_publicize_connections":[],"jetpack_featured_media_url":"https:\/\/i0.wp.com\/bice.org\/app\/uploads\/2017\/08\/News-Aina-Trust%C2%A9Aina-Trust.jpg?fit=1000%2C435&ssl=1","jetpack_sharing_enabled":true,"_links":{"self":[{"href":"https:\/\/bice.org\/fr\/wp-json\/wp\/v2\/posts\/27695","targetHints":{"allow":["GET"]}}],"collection":[{"href":"https:\/\/bice.org\/fr\/wp-json\/wp\/v2\/posts"}],"about":[{"href":"https:\/\/bice.org\/fr\/wp-json\/wp\/v2\/types\/post"}],"author":[{"embeddable":true,"href":"https:\/\/bice.org\/fr\/wp-json\/wp\/v2\/users\/3"}],"replies":[{"embeddable":true,"href":"https:\/\/bice.org\/fr\/wp-json\/wp\/v2\/comments?post=27695"}],"version-history":[{"count":0,"href":"https:\/\/bice.org\/fr\/wp-json\/wp\/v2\/posts\/27695\/revisions"}],"wp:featuredmedia":[{"embeddable":true,"href":"https:\/\/bice.org\/fr\/wp-json\/wp\/v2\/media\/27696"}],"wp:attachment":[{"href":"https:\/\/bice.org\/fr\/wp-json\/wp\/v2\/media?parent=27695"}],"wp:term":[{"taxonomy":"category","embeddable":true,"href":"https:\/\/bice.org\/fr\/wp-json\/wp\/v2\/categories?post=27695"},{"taxonomy":"post_tag","embeddable":true,"href":"https:\/\/bice.org\/fr\/wp-json\/wp\/v2\/tags?post=27695"}],"curies":[{"name":"wp","href":"https:\/\/api.w.org\/{rel}","templated":true}]}}