{"id":28994,"date":"2017-10-04T09:44:18","date_gmt":"2017-10-04T09:44:18","guid":{"rendered":"https:\/\/bice.org\/?p=28994\/"},"modified":"2024-04-16T09:55:16","modified_gmt":"2024-04-16T07:55:16","slug":"formation-tuteurs-de-resilience-chez-caritas-rome","status":"publish","type":"post","link":"https:\/\/bice.org\/fr\/formation-tuteurs-de-resilience-chez-caritas-rome\/","title":{"rendered":"Une formation Tuteurs de R\u00e9silience chez Caritas Rome"},"content":{"rendered":"<p style=\"text-align: justify;\">Maria Franca Posa, Responsable du D\u00e9partement Enfance nous explique la place de la r\u00e9silience chez <a href=\"http:\/\/www.caritas.org\/?lang=fr\" target=\"_blank\" rel=\"noopener\">Caritas Rome<\/a> et pourquoi l\u2019organisation a choisi le BICE pour former ses \u00e9ducateurs sur le sujet.<\/p>\n<h3 style=\"text-align: justify;\">Qui sont les enfants accueillis par Caritas Rome ?<\/h3>\n<p style=\"text-align: justify;\">Notre mission est de r\u00e9pondre aux exigences de justice des plus marginalis\u00e9s. Chez Caritas, nous portons une attention toute particuli\u00e8re \u00e0 ceux auxquels on ne pense pas assez, qui sont oubli\u00e9s ou en situation d\u2019urgence. Ainsi, au fil des ann\u00e9es nous avons accompagn\u00e9 des enfants de Naples, d\u2019Albanie, de Roumanie, d\u2019Afghanistan, du Bangladesh. Puis, plus r\u00e9cemment, d\u2019Egypte et d\u2019Erythr\u00e9e et d\u2019Afrique sub-saharienne.<\/p>\n<p style=\"text-align: justify;\">Depuis notre cr\u00e9ation, en 1988, nous avons ainsi accueilli plus de 8 000 enfants italiens et \u00e9trangers, dans nos cinq centres.<\/p>\n<p style=\"text-align: justify;\">Tous ces mineurs non accompagn\u00e9s \u2013 ils ont en moyenne 16 ans \u2013 sont <strong>\u00e0 la recherche d\u2019un futur meilleur pour eux et leur famille<\/strong>. Ils ont souvent voyag\u00e9 dans des conditions \u00e9prouvantes et en conservent de profondes blessures dans le corps et l\u2019\u00e2me. Ils arrivent tr\u00e8s affaiblis physiquement et souffrent fr\u00e9quemment de pathologies pulmonaires et dermatologiques. Mais ils ressentent surtout une profonde souffrance psychique. Certains pr\u00e9sentent des troubles post-traumatiques, des difficult\u00e9s d\u2019adaptation, des troubles du sommeil, des sympt\u00f4mes psychosomatiques\u2026<\/p>\n<h3 style=\"text-align: justify;\">Quelles actions menez-vous aupr\u00e8s de ces enfants ?<\/h3>\n<p style=\"text-align: justify;\">L\u2019objectif pour nous est de <strong>promouvoir leur d\u00e9veloppement int\u00e9gral et de les aider \u00e0 faire face aux d\u00e9fis \u00e0 affronter<\/strong>. Nous les accueillons tout d\u2019abord dans de petites unit\u00e9s de 12 enfants, pour un suivi pluridisciplinaire et personnalis\u00e9 qui comprend :<\/p>\n<ul>\n<li style=\"text-align: justify;\">des activit\u00e9s r\u00e9cr\u00e9atives et didactiques<\/li>\n<li style=\"text-align: justify;\">des cours de langue, essentiels comme premier instrument de r\u00e9insertion et de socialisation<\/li>\n<li style=\"text-align: justify;\">un suivi sanitaire et psychologique<\/li>\n<li style=\"text-align: justify;\">un accompagnement dans les d\u00e9marches administratives de r\u00e9gularisation<\/li>\n<li style=\"text-align: justify;\">une aide \u00e0 l\u2019orientation professionnelle ou scolaire.<\/li>\n<\/ul>\n<h3 style=\"text-align: justify;\">Pourquoi une formation Tuteurs de r\u00e9silience chez Caritas Rome ?<\/h3>\n<p style=\"text-align: justify;\">La formation <a href=\"https:\/\/bice.org\/fr\/la-resilience-au-coeur-de-notre-action\/\">Tuteurs de R\u00e9silience du BICE<\/a>, qui va \u00eatre suivie par l\u2019ensemble de nos 60 \u00e9ducateurs, est pour nous une tr\u00e8s belle opportunit\u00e9. Elle va nous permettre \u00e0 la fois d\u2019acqu\u00e9rir de nouveaux outils de travail et de partager exp\u00e9riences et r\u00e9flexions.<br \/>\nNos \u00e9quipes sont effet chaque jour en contact avec les blessures visibles et invisibles des enfants. Enfants qui ont connu les privations, la torture, les viols, la mort de leurs amis, qui ont vu leurs droits sans cesse bafou\u00e9s\u2026<br \/>\nCette exposition constante au traumatisme g\u00e9n\u00e8re en nous des \u00e9motions complexes : impuissance, col\u00e8re, peur, \u2026 Si l\u2019on veut bien soutenir les jeunes, il faut n\u00e9cessairement nous soutenir, nous qui travaillons avec eux.<\/p>\n<p style=\"text-align: justify;\">Gr\u00e2ce \u00e0 la formation Tuteurs de R\u00e9silience du BICE, les \u00e9ducateurs disposeront d\u2019instruments op\u00e9rationnels efficaces en ad\u00e9quation avec leurs besoins. Ils pourront <strong>d\u00e9velopper leurs comp\u00e9tences \u00e9motionnelles et leur capacit\u00e9 \u00e0 cr\u00e9er des relations saines et bien-traitantes<\/strong>.<br \/>\nL\u2019\u00c9cologie int\u00e9grale, dont parle le pape Fran\u00e7ois, nous enseigne que nous sommes des \u00eatres en relation dans l\u2019univers. Chaque action positive peut produire des changements positifs. Je suis s\u00fbre que cette formation nous enrichira, produira un effet en cascade sur les jeunes que nous accueillons et qui sont des citoyens du monde. Et donc, in\u00e9vitablement sur l\u2019humanit\u00e9 enti\u00e8re.<\/p>\n","protected":false},"excerpt":{"rendered":"<p>Caritas Rome accompagne chaque ann\u00e9e des centaines d\u2019enfants migrants, contraints de quitter leur pays par les conflits, et la pauvret\u00e9. <\/p>\n","protected":false},"author":3,"featured_media":28995,"comment_status":"closed","ping_status":"closed","sticky":false,"template":"","format":"standard","meta":{"_acf_changed":false,"footnotes":"","jetpack_publicize_message":"","jetpack_publicize_feature_enabled":true,"jetpack_social_post_already_shared":false,"jetpack_social_options":{"image_generator_settings":{"template":"highway","default_image_id":0,"font":"","enabled":false},"version":2}},"categories":[132],"tags":[1436,1419,361,737],"class_list":["post-28994","post","type-post","status-publish","format-standard","has-post-thumbnail","hentry","category-actualites-du-bice","tag-caritas","tag-enfants-deplaces","tag-migrants","tag-tuteurs-de-resilience"],"acf":[],"yoast_head":"<!-- This site is optimized with the Yoast SEO plugin v27.2 - https:\/\/yoast.com\/product\/yoast-seo-wordpress\/ -->\n<title>Une formation Tuteurs de R\u00e9silience chez Caritas Rome<\/title>\n<meta name=\"description\" content=\"R\u00e9silience chez Caritas Rome : Maria F. Posa nous explique la place de la r\u00e9silience et pourquoi le BICE a \u00e9t\u00e9 choisi pour former ses \u00e9ducateurs\" \/>\n<meta name=\"robots\" content=\"index, follow, max-snippet:-1, max-image-preview:large, max-video-preview:-1\" \/>\n<link rel=\"canonical\" href=\"https:\/\/bice.org\/fr\/wp-json\/wp\/v2\/posts\/28994\" \/>\n<meta property=\"og:locale\" content=\"fr_FR\" \/>\n<meta property=\"og:type\" content=\"article\" \/>\n<meta property=\"og:title\" content=\"Une formation Tuteurs de R\u00e9silience chez Caritas Rome\" \/>\n<meta property=\"og:description\" content=\"R\u00e9silience chez Caritas Rome : Maria F. Posa nous explique la place de la r\u00e9silience et pourquoi le BICE a \u00e9t\u00e9 choisi pour former ses \u00e9ducateurs\" \/>\n<meta property=\"og:url\" content=\"https:\/\/bice.org\/fr\/formation-tuteurs-de-resilience-chez-caritas-rome\/\" \/>\n<meta property=\"og:site_name\" content=\"BICE - ONG de protection des droits de l&#039;enfant\" \/>\n<meta property=\"article:published_time\" content=\"2017-10-04T09:44:18+00:00\" \/>\n<meta property=\"article:modified_time\" content=\"2024-04-16T07:55:16+00:00\" \/>\n<meta property=\"og:image\" content=\"https:\/\/i0.wp.com\/bice.org\/app\/uploads\/2017\/10\/News-Caritas%C2%A9Caritas-Rome.jpg?fit=1000%2C435&ssl=1\" \/>\n\t<meta property=\"og:image:width\" content=\"1000\" \/>\n\t<meta property=\"og:image:height\" content=\"435\" \/>\n\t<meta property=\"og:image:type\" content=\"image\/jpeg\" \/>\n<meta name=\"author\" content=\"BICE\" \/>\n<meta name=\"twitter:card\" content=\"summary_large_image\" \/>\n<meta name=\"twitter:label1\" content=\"\u00c9crit par\" \/>\n\t<meta name=\"twitter:data1\" content=\"BICE\" \/>\n\t<meta name=\"twitter:label2\" content=\"Dur\u00e9e de lecture estim\u00e9e\" \/>\n\t<meta name=\"twitter:data2\" content=\"3 minutes\" \/>\n<!-- \/ Yoast SEO plugin. -->","yoast_head_json":{"title":"Une formation Tuteurs de R\u00e9silience chez Caritas Rome","description":"R\u00e9silience chez Caritas Rome : Maria F. Posa nous explique la place de la r\u00e9silience et pourquoi le BICE a \u00e9t\u00e9 choisi pour former ses \u00e9ducateurs","robots":{"index":"index","follow":"follow","max-snippet":"max-snippet:-1","max-image-preview":"max-image-preview:large","max-video-preview":"max-video-preview:-1"},"canonical":"https:\/\/bice.org\/fr\/wp-json\/wp\/v2\/posts\/28994","og_locale":"fr_FR","og_type":"article","og_title":"Une formation Tuteurs de R\u00e9silience chez Caritas Rome","og_description":"R\u00e9silience chez Caritas Rome : Maria F. Posa nous explique la place de la r\u00e9silience et pourquoi le BICE a \u00e9t\u00e9 choisi pour former ses \u00e9ducateurs","og_url":"https:\/\/bice.org\/fr\/formation-tuteurs-de-resilience-chez-caritas-rome\/","og_site_name":"BICE - ONG de protection des droits de l&#039;enfant","article_published_time":"2017-10-04T09:44:18+00:00","article_modified_time":"2024-04-16T07:55:16+00:00","og_image":[{"width":1000,"height":435,"url":"https:\/\/i0.wp.com\/bice.org\/app\/uploads\/2017\/10\/News-Caritas%C2%A9Caritas-Rome.jpg?fit=1000%2C435&ssl=1","type":"image\/jpeg"}],"author":"BICE","twitter_card":"summary_large_image","twitter_misc":{"\u00c9crit par":"BICE","Dur\u00e9e de lecture estim\u00e9e":"3 minutes"},"schema":{"@context":"https:\/\/schema.org","@graph":[{"@type":"Article","@id":"https:\/\/bice.org\/fr\/formation-tuteurs-de-resilience-chez-caritas-rome\/#article","isPartOf":{"@id":"https:\/\/bice.org\/fr\/formation-tuteurs-de-resilience-chez-caritas-rome\/"},"author":{"name":"BICE","@id":"https:\/\/bice.org\/fr\/#\/schema\/person\/d2ad3c47fafb278234233a8cb54707b4"},"headline":"Une formation Tuteurs de R\u00e9silience chez Caritas Rome","datePublished":"2017-10-04T09:44:18+00:00","dateModified":"2024-04-16T07:55:16+00:00","mainEntityOfPage":{"@id":"https:\/\/bice.org\/fr\/formation-tuteurs-de-resilience-chez-caritas-rome\/"},"wordCount":566,"publisher":{"@id":"https:\/\/bice.org\/fr\/#organization"},"image":{"@id":"https:\/\/bice.org\/fr\/formation-tuteurs-de-resilience-chez-caritas-rome\/#primaryimage"},"thumbnailUrl":"https:\/\/i0.wp.com\/bice.org\/app\/uploads\/2017\/10\/News-Caritas%C2%A9Caritas-Rome.jpg?fit=1000%2C435&ssl=1","keywords":["Caritas","enfants d\u00e9plac\u00e9s","migrants","Tuteurs de r\u00e9silience"],"articleSection":["Actualit\u00e9s du BICE"],"inLanguage":"fr-FR"},{"@type":"WebPage","@id":"https:\/\/bice.org\/fr\/formation-tuteurs-de-resilience-chez-caritas-rome\/","url":"https:\/\/bice.org\/fr\/formation-tuteurs-de-resilience-chez-caritas-rome\/","name":"Une formation Tuteurs de R\u00e9silience chez Caritas Rome","isPartOf":{"@id":"https:\/\/bice.org\/fr\/#website"},"primaryImageOfPage":{"@id":"https:\/\/bice.org\/fr\/formation-tuteurs-de-resilience-chez-caritas-rome\/#primaryimage"},"image":{"@id":"https:\/\/bice.org\/fr\/formation-tuteurs-de-resilience-chez-caritas-rome\/#primaryimage"},"thumbnailUrl":"https:\/\/i0.wp.com\/bice.org\/app\/uploads\/2017\/10\/News-Caritas%C2%A9Caritas-Rome.jpg?fit=1000%2C435&ssl=1","datePublished":"2017-10-04T09:44:18+00:00","dateModified":"2024-04-16T07:55:16+00:00","description":"R\u00e9silience chez Caritas Rome : Maria F. Posa nous explique la place de la r\u00e9silience et pourquoi le BICE a \u00e9t\u00e9 choisi pour former ses \u00e9ducateurs","breadcrumb":{"@id":"https:\/\/bice.org\/fr\/formation-tuteurs-de-resilience-chez-caritas-rome\/#breadcrumb"},"inLanguage":"fr-FR","potentialAction":[{"@type":"ReadAction","target":["https:\/\/bice.org\/fr\/formation-tuteurs-de-resilience-chez-caritas-rome\/"]}]},{"@type":"ImageObject","inLanguage":"fr-FR","@id":"https:\/\/bice.org\/fr\/formation-tuteurs-de-resilience-chez-caritas-rome\/#primaryimage","url":"https:\/\/i0.wp.com\/bice.org\/app\/uploads\/2017\/10\/News-Caritas%C2%A9Caritas-Rome.jpg?fit=1000%2C435&ssl=1","contentUrl":"https:\/\/i0.wp.com\/bice.org\/app\/uploads\/2017\/10\/News-Caritas%C2%A9Caritas-Rome.jpg?fit=1000%2C435&ssl=1","width":1000,"height":435,"caption":"\u00a9Caritas Rome"},{"@type":"BreadcrumbList","@id":"https:\/\/bice.org\/fr\/formation-tuteurs-de-resilience-chez-caritas-rome\/#breadcrumb","itemListElement":[{"@type":"ListItem","position":1,"name":"Accueil","item":"https:\/\/bice.org\/fr\/"},{"@type":"ListItem","position":2,"name":"Actualit\u00e9s du BICE","item":"https:\/\/bice.org\/fr\/theme\/actualites-du-bice\/"},{"@type":"ListItem","position":3,"name":"Une formation Tuteurs de R\u00e9silience chez Caritas Rome"}]},{"@type":"WebSite","@id":"https:\/\/bice.org\/fr\/#website","url":"https:\/\/bice.org\/fr\/","name":"BICE - ONG de protection des droits de l&#039;enfant","description":"Notre mission : D\u00e9fendre les droits et la dignit\u00e9 des enfants partout dans le monde","publisher":{"@id":"https:\/\/bice.org\/fr\/#organization"},"potentialAction":[{"@type":"SearchAction","target":{"@type":"EntryPoint","urlTemplate":"https:\/\/bice.org\/fr\/?s={search_term_string}"},"query-input":{"@type":"PropertyValueSpecification","valueRequired":true,"valueName":"search_term_string"}}],"inLanguage":"fr-FR"},{"@type":"Organization","@id":"https:\/\/bice.org\/fr\/#organization","name":"BICE","url":"https:\/\/bice.org\/fr\/","logo":{"@type":"ImageObject","inLanguage":"fr-FR","@id":"https:\/\/bice.org\/fr\/#\/schema\/logo\/image\/","url":"https:\/\/bice.org\/app\/uploads\/2022\/06\/favicon.ico","contentUrl":"https:\/\/bice.org\/app\/uploads\/2022\/06\/favicon.ico","width":64,"height":64,"caption":"BICE"},"image":{"@id":"https:\/\/bice.org\/fr\/#\/schema\/logo\/image\/"}},{"@type":"Person","@id":"https:\/\/bice.org\/fr\/#\/schema\/person\/d2ad3c47fafb278234233a8cb54707b4","name":"BICE","image":{"@type":"ImageObject","inLanguage":"fr-FR","@id":"https:\/\/secure.gravatar.com\/avatar\/43bcfdb745dd80b8374b0aaa21c6dd30b2976a6bdea12b3018b51f255692facc?s=96&d=mm&r=g","url":"https:\/\/secure.gravatar.com\/avatar\/43bcfdb745dd80b8374b0aaa21c6dd30b2976a6bdea12b3018b51f255692facc?s=96&d=mm&r=g","contentUrl":"https:\/\/secure.gravatar.com\/avatar\/43bcfdb745dd80b8374b0aaa21c6dd30b2976a6bdea12b3018b51f255692facc?s=96&d=mm&r=g","caption":"BICE"}}]}},"jetpack_publicize_connections":[],"jetpack_featured_media_url":"https:\/\/i0.wp.com\/bice.org\/app\/uploads\/2017\/10\/News-Caritas%C2%A9Caritas-Rome.jpg?fit=1000%2C435&ssl=1","jetpack_sharing_enabled":true,"_links":{"self":[{"href":"https:\/\/bice.org\/fr\/wp-json\/wp\/v2\/posts\/28994","targetHints":{"allow":["GET"]}}],"collection":[{"href":"https:\/\/bice.org\/fr\/wp-json\/wp\/v2\/posts"}],"about":[{"href":"https:\/\/bice.org\/fr\/wp-json\/wp\/v2\/types\/post"}],"author":[{"embeddable":true,"href":"https:\/\/bice.org\/fr\/wp-json\/wp\/v2\/users\/3"}],"replies":[{"embeddable":true,"href":"https:\/\/bice.org\/fr\/wp-json\/wp\/v2\/comments?post=28994"}],"version-history":[{"count":0,"href":"https:\/\/bice.org\/fr\/wp-json\/wp\/v2\/posts\/28994\/revisions"}],"wp:featuredmedia":[{"embeddable":true,"href":"https:\/\/bice.org\/fr\/wp-json\/wp\/v2\/media\/28995"}],"wp:attachment":[{"href":"https:\/\/bice.org\/fr\/wp-json\/wp\/v2\/media?parent=28994"}],"wp:term":[{"taxonomy":"category","embeddable":true,"href":"https:\/\/bice.org\/fr\/wp-json\/wp\/v2\/categories?post=28994"},{"taxonomy":"post_tag","embeddable":true,"href":"https:\/\/bice.org\/fr\/wp-json\/wp\/v2\/tags?post=28994"}],"curies":[{"name":"wp","href":"https:\/\/api.w.org\/{rel}","templated":true}]}}