{"id":29486,"date":"2017-10-23T11:54:40","date_gmt":"2017-10-23T11:54:40","guid":{"rendered":"https:\/\/bice.org\/?p=29486\/"},"modified":"2024-04-19T11:14:43","modified_gmt":"2024-04-19T09:14:43","slug":"education-de-qualite-un-enjeu-d-humanite","status":"publish","type":"post","link":"https:\/\/bice.org\/fr\/education-de-qualite-un-enjeu-d-humanite\/","title":{"rendered":"Education de qualit\u00e9, un enjeu d\u2019humanit\u00e9"},"content":{"rendered":"<h2 style=\"text-align: justify;\">Education de qualit\u00e9, un enjeu d\u2019humanit\u00e9<\/h2>\n<p style=\"text-align: justify;\"><a href=\"https:\/\/bice.org\/fr\/chantal-paisant-une-vie-engagee\/\">Chantal Paisant<\/a> : Pour moi, une \u00e9ducation de qualit\u00e9 est une <a href=\"https:\/\/bice.org\/fr\/actions-de-terrain\/domaines-daction\/le-bice-une-association-qui-agit-pour-le-droit-a-leducation-de-tous-les-enfants\/\">\u00e9ducation qui favorise le d\u00e9veloppement de l\u2019enfant<\/a> dans toutes ses dimensions humaines, au maximum de son potentiel. Il s\u2019agit bien de la croissance de sa propre personne, avec toute la guidance n\u00e9cessaire.<br \/>\nPourquoi ce droit \u00e0 l\u2019\u00e9ducation est-il la condition de base de tous les autres droits ? <strong>Parce que l\u2019\u00e9ducation est l\u2019\u00e9veil chez l\u2019enfant, de 0 \u00e0 18 ans, de cette conscience de soi, dans sa dignit\u00e9 profonde, en tant qu\u2019\u00eatre unique, qui doit devenir responsable de lui-m\u00eame, mais aussi responsable avec les autres dans le monde.<\/strong><br \/>\nSi l\u2019on \u00e9veille et nourrit cette conscience, l\u2019enfant peut alors devenir un adulte qui s\u2019engage dans la soci\u00e9t\u00e9 et qui a la capacit\u00e9 \u00e0 s\u2019associer avec d\u2019autres pour d\u00e9fendre les droits de l\u2019homme. Un \u00eatre qui a la conscience de la dignit\u00e9 humaine, qui est potentiellement un acteur dans la soci\u00e9t\u00e9, capable d\u2019agir sur le monde et non plus une victime prise dans les rouages et les fatalit\u00e9s. C\u2019est donc un v\u00e9ritable enjeu d\u2019humanit\u00e9.<\/p>\n<h2 style=\"text-align: justify;\">3 points fondamentaux pour une \u00e9ducation de qualit\u00e9<\/h2>\n<p style=\"text-align: justify;\"><em>CP<\/em> : Si l\u2019\u00e9ducation est un droit fondamental de l\u2019enfant, les adultes ont donc des obligations envers ce dernier. Je citerais 3 points essentiels dans l\u2019\u00e9ducation de qualit\u00e9, qui \u00e0 mon sens n\u2019en font qu\u2019un.<\/p>\n<p style=\"text-align: justify;\"><strong>L\u2019amour<\/strong>, singulier, pour chaque enfant. Cela veut dire une parole adress\u00e9e singuli\u00e8rement \u00e0 chacun, par les parents, par l\u2019enseignant. C\u2019est \u00e0 travers ce regard et cette parole qui singularisent que d\u00e9bute en effet l\u2019\u00e9veil du \u00ab Je \u00bb. Ainsi, l\u2019enfant apprend \u00e0 dire \u00ab Je \u00bb et plus seulement \u00ab on \u00bb., \u00ab nous \u00bb, etc.<br \/>\n<strong>La capacit\u00e9 \u00e0 dire oui<\/strong>. Oui \u00e0 tout ce qui peut faire grandir, oui \u00e0 la cr\u00e9ativit\u00e9 naturelle de l\u2019enfant, oui aux stimulations multiples qui peuvent \u00e9veiller sa curiosit\u00e9. Oui \u00e0 tout ce qui donne confiance en soi, oui \u00e0 ce qui restaure l\u2019estime de soi, oui \u00e0 ce qui r\u00e9concilie avec l\u2019\u00e9cole. Un oui \u00e0 l\u2019accueil de ses potentialit\u00e9s, de ses talents, de ses passions.<br \/>\n<strong>La capacit\u00e9 \u00e0 dire non<\/strong>. Non \u00e0 ce qui est contraire \u00e0 ce processus de d\u00e9veloppement : l\u2019humiliation, la stigmatisation, la marginalisation, l\u2019exploitation\u2026 Non, dans la relation \u00e0 l\u2019enfant, comme une limite \u00e0 tout ce qui le met en danger. Non, dans l\u2019\u00e9ducation quotidienne, comme un \u00e9veil \u00e0 la conscience que l\u2019autre existe, comme une limite \u00e0 sa toute puissance. Un non structurant qui rappelle les lois et les r\u00e8gles \u00e0 respecter.<\/p>\n<h2 style=\"text-align: justify;\">Une \u00e9ducation de qualit\u00e9 respectueuse de la diversit\u00e9 culturelle<\/h2>\n<p style=\"text-align: justify;\">CP : Vous me dites : qui peut juger de ce qu\u2019est une \u00e9ducation de qualit\u00e9 ?<br \/>\nJe crois que ce que je viens de dire, est compr\u00e9hensible, par tous, quelles que soient les cultures.<br \/>\nBien s\u00fbr, comme le souligne \u00e9galement la Convention relative aux droits de l\u2019enfant, l\u2019enfant a le droit d\u2019\u00eatre \u00e9duqu\u00e9 dans sa culture, dans sa langue et dans le respect de sa religion. Il y a donc en effet des formes, des conceptions de l\u2019\u00e9ducation, des usages diff\u00e9rents. Nous sommes dans notre immense diversit\u00e9, puisse-elle \u00eatre conserv\u00e9e.<br \/>\n<strong>Mais nous pouvons nous rejoindre sur les fondamentaux : qu\u2019est-ce que devenir un homme, une femme responsable de lui-m\u00eame, d\u2019elle-m\u00eame ? Nous pouvons r\u00e9fl\u00e9chir ensemble sur les conditions qui favorisent la capacit\u00e9 \u00e0 devenir cet \u00eatre humain responsable, heureux de vivre et capable d\u2019affirmer ses droits.<\/strong><\/p>\n","protected":false},"excerpt":{"rendered":"<p>Chantal Paisant, sp\u00e9cialiste de l\u2019Education et repr\u00e9sentante du BICE aupr\u00e8s de l\u2019Unesco, nous livre ses r\u00e9flexions et son exp\u00e9rience sur ce que devrait \u00eatre une \u00e9ducation de qualit\u00e9.<\/p>\n","protected":false},"author":3,"featured_media":29487,"comment_status":"closed","ping_status":"closed","sticky":false,"template":"","format":"standard","meta":{"_acf_changed":false,"footnotes":"","jetpack_publicize_message":"","jetpack_publicize_feature_enabled":true,"jetpack_social_post_already_shared":false,"jetpack_social_options":{"image_generator_settings":{"template":"highway","default_image_id":0,"font":"","enabled":false},"version":2}},"categories":[132],"tags":[1438,1160,400,1465],"class_list":["post-29486","post","type-post","status-publish","format-standard","has-post-thumbnail","hentry","category-actualites-du-bice","tag-chantal-paisant","tag-droit-a-leducation","tag-education","tag-education-au-droit"],"acf":[],"yoast_head":"<!-- This site is optimized with the Yoast SEO plugin v27.2 - https:\/\/yoast.com\/product\/yoast-seo-wordpress\/ -->\n<title>Education de qualit\u00e9 un enjeu d\u2019humanit\u00e9<\/title>\n<meta name=\"description\" content=\"Chantal Paisant, repr\u00e9sentante du BICE aupr\u00e8s de l\u2019Unesco, nous livre ses r\u00e9flexions et son exp\u00e9rience sur ce que devrait \u00eatre une \u00e9ducation de qualit\u00e9.\" \/>\n<meta name=\"robots\" content=\"index, follow, max-snippet:-1, max-image-preview:large, max-video-preview:-1\" \/>\n<link rel=\"canonical\" href=\"https:\/\/bice.org\/fr\/wp-json\/wp\/v2\/posts\/29486\" \/>\n<meta property=\"og:locale\" content=\"fr_FR\" \/>\n<meta property=\"og:type\" content=\"article\" \/>\n<meta property=\"og:title\" content=\"Education de qualit\u00e9 un enjeu d\u2019humanit\u00e9\" \/>\n<meta property=\"og:description\" content=\"Chantal Paisant, repr\u00e9sentante du BICE aupr\u00e8s de l\u2019Unesco, nous livre ses r\u00e9flexions et son exp\u00e9rience sur ce que devrait \u00eatre une \u00e9ducation de qualit\u00e9.\" \/>\n<meta property=\"og:url\" content=\"https:\/\/bice.org\/fr\/education-de-qualite-un-enjeu-d-humanite\/\" \/>\n<meta property=\"og:site_name\" content=\"BICE - ONG de protection des droits de l&#039;enfant\" \/>\n<meta property=\"article:published_time\" content=\"2017-10-23T11:54:40+00:00\" \/>\n<meta property=\"article:modified_time\" content=\"2024-04-19T09:14:43+00:00\" \/>\n<meta property=\"og:image\" content=\"https:\/\/i0.wp.com\/bice.org\/app\/uploads\/2017\/10\/News-Paisant-2-%C2%A9BICE.jpg?fit=1000%2C435&ssl=1\" \/>\n\t<meta property=\"og:image:width\" content=\"1000\" \/>\n\t<meta property=\"og:image:height\" content=\"435\" \/>\n\t<meta property=\"og:image:type\" content=\"image\/jpeg\" \/>\n<meta name=\"author\" content=\"BICE\" \/>\n<meta name=\"twitter:card\" content=\"summary_large_image\" \/>\n<meta name=\"twitter:label1\" content=\"\u00c9crit par\" \/>\n\t<meta name=\"twitter:data1\" content=\"BICE\" \/>\n\t<meta name=\"twitter:label2\" content=\"Dur\u00e9e de lecture estim\u00e9e\" \/>\n\t<meta name=\"twitter:data2\" content=\"3 minutes\" \/>\n<!-- \/ Yoast SEO plugin. -->","yoast_head_json":{"title":"Education de qualit\u00e9 un enjeu d\u2019humanit\u00e9","description":"Chantal Paisant, repr\u00e9sentante du BICE aupr\u00e8s de l\u2019Unesco, nous livre ses r\u00e9flexions et son exp\u00e9rience sur ce que devrait \u00eatre une \u00e9ducation de qualit\u00e9.","robots":{"index":"index","follow":"follow","max-snippet":"max-snippet:-1","max-image-preview":"max-image-preview:large","max-video-preview":"max-video-preview:-1"},"canonical":"https:\/\/bice.org\/fr\/wp-json\/wp\/v2\/posts\/29486","og_locale":"fr_FR","og_type":"article","og_title":"Education de qualit\u00e9 un enjeu d\u2019humanit\u00e9","og_description":"Chantal Paisant, repr\u00e9sentante du BICE aupr\u00e8s de l\u2019Unesco, nous livre ses r\u00e9flexions et son exp\u00e9rience sur ce que devrait \u00eatre une \u00e9ducation de qualit\u00e9.","og_url":"https:\/\/bice.org\/fr\/education-de-qualite-un-enjeu-d-humanite\/","og_site_name":"BICE - ONG de protection des droits de l&#039;enfant","article_published_time":"2017-10-23T11:54:40+00:00","article_modified_time":"2024-04-19T09:14:43+00:00","og_image":[{"width":1000,"height":435,"url":"https:\/\/i0.wp.com\/bice.org\/app\/uploads\/2017\/10\/News-Paisant-2-%C2%A9BICE.jpg?fit=1000%2C435&ssl=1","type":"image\/jpeg"}],"author":"BICE","twitter_card":"summary_large_image","twitter_misc":{"\u00c9crit par":"BICE","Dur\u00e9e de lecture estim\u00e9e":"3 minutes"},"schema":{"@context":"https:\/\/schema.org","@graph":[{"@type":"Article","@id":"https:\/\/bice.org\/fr\/education-de-qualite-un-enjeu-d-humanite\/#article","isPartOf":{"@id":"https:\/\/bice.org\/fr\/education-de-qualite-un-enjeu-d-humanite\/"},"author":{"name":"BICE","@id":"https:\/\/bice.org\/fr\/#\/schema\/person\/d2ad3c47fafb278234233a8cb54707b4"},"headline":"Education de qualit\u00e9, un enjeu d\u2019humanit\u00e9","datePublished":"2017-10-23T11:54:40+00:00","dateModified":"2024-04-19T09:14:43+00:00","mainEntityOfPage":{"@id":"https:\/\/bice.org\/fr\/education-de-qualite-un-enjeu-d-humanite\/"},"wordCount":593,"publisher":{"@id":"https:\/\/bice.org\/fr\/#organization"},"image":{"@id":"https:\/\/bice.org\/fr\/education-de-qualite-un-enjeu-d-humanite\/#primaryimage"},"thumbnailUrl":"https:\/\/i0.wp.com\/bice.org\/app\/uploads\/2017\/10\/News-Paisant-2-%C2%A9BICE.jpg?fit=1000%2C435&ssl=1","keywords":["Chantal Paisant","Droit \u00e0 l'\u00e9ducation","\u00e9ducation","\u00e9ducation au droit"],"articleSection":["Actualit\u00e9s du BICE"],"inLanguage":"fr-FR"},{"@type":"WebPage","@id":"https:\/\/bice.org\/fr\/education-de-qualite-un-enjeu-d-humanite\/","url":"https:\/\/bice.org\/fr\/education-de-qualite-un-enjeu-d-humanite\/","name":"Education de qualit\u00e9 un enjeu d\u2019humanit\u00e9","isPartOf":{"@id":"https:\/\/bice.org\/fr\/#website"},"primaryImageOfPage":{"@id":"https:\/\/bice.org\/fr\/education-de-qualite-un-enjeu-d-humanite\/#primaryimage"},"image":{"@id":"https:\/\/bice.org\/fr\/education-de-qualite-un-enjeu-d-humanite\/#primaryimage"},"thumbnailUrl":"https:\/\/i0.wp.com\/bice.org\/app\/uploads\/2017\/10\/News-Paisant-2-%C2%A9BICE.jpg?fit=1000%2C435&ssl=1","datePublished":"2017-10-23T11:54:40+00:00","dateModified":"2024-04-19T09:14:43+00:00","description":"Chantal Paisant, repr\u00e9sentante du BICE aupr\u00e8s de l\u2019Unesco, nous livre ses r\u00e9flexions et son exp\u00e9rience sur ce que devrait \u00eatre une \u00e9ducation de qualit\u00e9.","breadcrumb":{"@id":"https:\/\/bice.org\/fr\/education-de-qualite-un-enjeu-d-humanite\/#breadcrumb"},"inLanguage":"fr-FR","potentialAction":[{"@type":"ReadAction","target":["https:\/\/bice.org\/fr\/education-de-qualite-un-enjeu-d-humanite\/"]}]},{"@type":"ImageObject","inLanguage":"fr-FR","@id":"https:\/\/bice.org\/fr\/education-de-qualite-un-enjeu-d-humanite\/#primaryimage","url":"https:\/\/i0.wp.com\/bice.org\/app\/uploads\/2017\/10\/News-Paisant-2-%C2%A9BICE.jpg?fit=1000%2C435&ssl=1","contentUrl":"https:\/\/i0.wp.com\/bice.org\/app\/uploads\/2017\/10\/News-Paisant-2-%C2%A9BICE.jpg?fit=1000%2C435&ssl=1","width":1000,"height":435,"caption":"\u00a9BICE"},{"@type":"BreadcrumbList","@id":"https:\/\/bice.org\/fr\/education-de-qualite-un-enjeu-d-humanite\/#breadcrumb","itemListElement":[{"@type":"ListItem","position":1,"name":"Accueil","item":"https:\/\/bice.org\/fr\/"},{"@type":"ListItem","position":2,"name":"Actualit\u00e9s du BICE","item":"https:\/\/bice.org\/fr\/theme\/actualites-du-bice\/"},{"@type":"ListItem","position":3,"name":"Education de qualit\u00e9, un enjeu d\u2019humanit\u00e9"}]},{"@type":"WebSite","@id":"https:\/\/bice.org\/fr\/#website","url":"https:\/\/bice.org\/fr\/","name":"BICE - ONG de protection des droits de l&#039;enfant","description":"Notre mission : D\u00e9fendre les droits et la dignit\u00e9 des enfants partout dans le monde","publisher":{"@id":"https:\/\/bice.org\/fr\/#organization"},"potentialAction":[{"@type":"SearchAction","target":{"@type":"EntryPoint","urlTemplate":"https:\/\/bice.org\/fr\/?s={search_term_string}"},"query-input":{"@type":"PropertyValueSpecification","valueRequired":true,"valueName":"search_term_string"}}],"inLanguage":"fr-FR"},{"@type":"Organization","@id":"https:\/\/bice.org\/fr\/#organization","name":"BICE","url":"https:\/\/bice.org\/fr\/","logo":{"@type":"ImageObject","inLanguage":"fr-FR","@id":"https:\/\/bice.org\/fr\/#\/schema\/logo\/image\/","url":"https:\/\/bice.org\/app\/uploads\/2022\/06\/favicon.ico","contentUrl":"https:\/\/bice.org\/app\/uploads\/2022\/06\/favicon.ico","width":64,"height":64,"caption":"BICE"},"image":{"@id":"https:\/\/bice.org\/fr\/#\/schema\/logo\/image\/"}},{"@type":"Person","@id":"https:\/\/bice.org\/fr\/#\/schema\/person\/d2ad3c47fafb278234233a8cb54707b4","name":"BICE","image":{"@type":"ImageObject","inLanguage":"fr-FR","@id":"https:\/\/secure.gravatar.com\/avatar\/43bcfdb745dd80b8374b0aaa21c6dd30b2976a6bdea12b3018b51f255692facc?s=96&d=mm&r=g","url":"https:\/\/secure.gravatar.com\/avatar\/43bcfdb745dd80b8374b0aaa21c6dd30b2976a6bdea12b3018b51f255692facc?s=96&d=mm&r=g","contentUrl":"https:\/\/secure.gravatar.com\/avatar\/43bcfdb745dd80b8374b0aaa21c6dd30b2976a6bdea12b3018b51f255692facc?s=96&d=mm&r=g","caption":"BICE"}}]}},"jetpack_publicize_connections":[],"jetpack_featured_media_url":"https:\/\/i0.wp.com\/bice.org\/app\/uploads\/2017\/10\/News-Paisant-2-%C2%A9BICE.jpg?fit=1000%2C435&ssl=1","jetpack_sharing_enabled":true,"_links":{"self":[{"href":"https:\/\/bice.org\/fr\/wp-json\/wp\/v2\/posts\/29486","targetHints":{"allow":["GET"]}}],"collection":[{"href":"https:\/\/bice.org\/fr\/wp-json\/wp\/v2\/posts"}],"about":[{"href":"https:\/\/bice.org\/fr\/wp-json\/wp\/v2\/types\/post"}],"author":[{"embeddable":true,"href":"https:\/\/bice.org\/fr\/wp-json\/wp\/v2\/users\/3"}],"replies":[{"embeddable":true,"href":"https:\/\/bice.org\/fr\/wp-json\/wp\/v2\/comments?post=29486"}],"version-history":[{"count":0,"href":"https:\/\/bice.org\/fr\/wp-json\/wp\/v2\/posts\/29486\/revisions"}],"wp:featuredmedia":[{"embeddable":true,"href":"https:\/\/bice.org\/fr\/wp-json\/wp\/v2\/media\/29487"}],"wp:attachment":[{"href":"https:\/\/bice.org\/fr\/wp-json\/wp\/v2\/media?parent=29486"}],"wp:term":[{"taxonomy":"category","embeddable":true,"href":"https:\/\/bice.org\/fr\/wp-json\/wp\/v2\/categories?post=29486"},{"taxonomy":"post_tag","embeddable":true,"href":"https:\/\/bice.org\/fr\/wp-json\/wp\/v2\/tags?post=29486"}],"curies":[{"name":"wp","href":"https:\/\/api.w.org\/{rel}","templated":true}]}}