{"id":29653,"date":"2017-11-03T11:01:21","date_gmt":"2017-11-03T11:01:21","guid":{"rendered":"https:\/\/bice.org\/?p=29653\/"},"modified":"2024-05-07T13:04:07","modified_gmt":"2024-05-07T11:04:07","slug":"tuteurs-de-resilience-en-rd-congo","status":"publish","type":"post","link":"https:\/\/bice.org\/fr\/tuteurs-de-resilience-en-rd-congo\/","title":{"rendered":"2016-2020. Des tuteurs de r\u00e9silience en RDC"},"content":{"rendered":"<p>La R\u00e9publique d\u00e9mocratique du Congo (RDC) vit depuis plusieurs ann\u00e9es en situation de crise permanente (conflits arm\u00e9s, \u00e9pid\u00e9mies, catastrophes naturelles\u2026). La r\u00e9gion du Kivu, \u00e0 l\u2019est, est particuli\u00e8rement touch\u00e9e. L\u2019int\u00e9gration des personnes d\u00e9plac\u00e9es du Rwanda, le d\u00e9veloppement de milices locales, les difficult\u00e9s socio-\u00e9conomiques persistantes cr\u00e9ent de surcro\u00eet un climat de violence end\u00e9mique. Et les enfants en sont les premi\u00e8res victimes.<\/p>\n<p>Les causes des traumatismes sont profondes et diverses : enfants des rues, enfants travailleurs, enfants sortis de groupes arm\u00e9s, enfants n\u00e9s de viols, enfants exploit\u00e9s sexuellement\u2026 Certains ont coup\u00e9 volontairement les liens avec leur famille. D\u2019autres, comme les anciens enfants soldats, sont rejet\u00e9s par leurs parents, honteux de leur histoire.<\/p>\n<p>Tous ont besoin de soutien pour faire face aux situations terribles qu\u2019ils ont v\u00e9cues et subissent parfois encore. Le r\u00f4le des tuteurs de <a href=\"https:\/\/bice.org\/fr\/la-resilience-au-coeur-de-notre-action\/quest-ce-que-la-resilience\/\">r\u00e9silience<\/a> dans cette r\u00e9gion est donc de r\u00e9pondre aux besoins de s\u00e9curit\u00e9 et de stimulation de ces enfants. En mettant particuli\u00e8rement l\u2019accent sur le travail avec les familles.<\/p>\n<h2>Une premi\u00e8re formation Tuteurs de R\u00e9silience en RDC en 2016<\/h2>\n<p>L<span style=\"display: inline !important; float: none; background-color: #ffffff; color: #333333; cursor: text; font-family: Georgia,'Times New Roman','Bitstream Charter',Times,serif; font-size: 16px; font-style: normal; font-variant: normal; font-weight: 400; letter-spacing: normal; orphans: 2; text-align: left; text-decoration: none; text-indent: 0px; text-transform: none; -webkit-text-stroke-width: 0px; white-space: normal; word-spacing: 0px;\">e BICE a ainsi organis\u00e9 en 2016 u<\/span>ne premi\u00e8re formation Tuteurs de r\u00e9silience pour ses quatre partenaires locaux (PEDER, Groupe J\u00e9r\u00e9mie, Ghodovi, CSF) et deux ONG (Don Bosco et CATSR). C&#8217;est l\u2019Abb\u00e9 Elie Mulumba, pr\u00eatre de la paroisse du Sacr\u00e9 C\u0153ur de Kananga et titulaire d\u2019un doctorat de l\u2019Universit\u00e9 de Bergame en Italie, qui l&#8217;a assur\u00e9e. Quelque 20 professionnels y ont particip\u00e9.<\/p>\n<p>Ces quatre jours de formation leur ont notamment permis de comprendre l\u2019importance de mener un travail individualis\u00e9, en s\u2019appuyant sur les forces internes et externes (facteurs de protection) propres \u00e0 chaque enfant. Des ateliers avec une cinquantaine d\u2019enfants en situation de grande pr\u00e9carit\u00e9, certains en cours de r\u00e9insertion, ont aussi \u00e9t\u00e9 men\u00e9s. \u00c0 la grande surprise et joie des enfants, les parents ont particip\u00e9 \u00e0 certaines activit\u00e9s. Le but ? Renouer les liens familiaux.<\/p>\n<h2>Projet pilote mis en place avec six organisations locales en 2018<\/h2>\n<p>En 2018, le BICE d\u00e9cide de mettre en place un projet pilote dont la particularit\u00e9 est l\u2019intensit\u00e9 du suivi et l\u2019\u00e9change de conseils. Parmi les six organisations b\u00e9n\u00e9ficiaires &#8211; Ghovodi, Gewevuca, C\u0153ur sans fronti\u00e8res, Peder, Groupe J\u00e9r\u00e9mie et Don Bosco -, certaines g\u00e8rent des centres d\u2019accueil pour enfants, d\u2019autres m\u00e8nent des actions de sensibilisation.<\/p>\n<p>Ce projet, anim\u00e9 par Alda Segnagnon Segla, psychologue togolaise, sp\u00e9cialiste de la maltraitance infantile et form\u00e9e \u00e0 la r\u00e9silience \u00e0 l\u2019Universit\u00e9 Catholique de Milan, devait initialement durer 20 mois et \u00eatre enrichi d\u2019une seconde formation mi-2019. L<span style=\"display: inline !important; float: none; background-color: #ffffff; color: #333333; cursor: text; font-family: Georgia,'Times New Roman','Bitstream Charter',Times,serif; font-size: 16px; font-style: normal; font-variant: normal; font-weight: 400; letter-spacing: normal; orphans: 2; text-align: left; text-decoration: none; text-indent: 0px; text-transform: none; -webkit-text-stroke-width: 0px; white-space: normal; word-spacing: 0px;\">\u2019\u00e9pid\u00e9mie d\u2019Ebola a malheureusement bouscul\u00e9 c<\/span>e programme. La deuxi\u00e8me session n\u2019a en effet toujours pas pu s&#8217;organiser. Repouss\u00e9e \u00e0 l\u2019\u00e9t\u00e9 2020, elle risque de nouveau d\u2019\u00eatre report\u00e9e du fait du coronavirus.<\/p>\n<p>La premi\u00e8re formation de quatre jours a r\u00e9uni 20 \u00e9ducateurs. Elle s&#8217;est notamment focalis\u00e9e sur l\u2019identification des violences sexuelles et leur prise en charge. Avec une mise en pratique concr\u00e8te des ateliers avec une soixantaine d\u2019enfants.<\/p>\n<p>Suite \u00e0 cette session, le suivi de 300 enfants de 9 \u00e0 17 ans, 50 par association, a commenc\u00e9. <span style=\"display: inline !important; float: none; background-color: #ffffff; color: #333333; cursor: text; font-family: Georgia,'Times New Roman','Bitstream Charter',Times,serif; font-size: 16px; font-style: normal; font-variant: normal; font-weight: 400; letter-spacing: normal; orphans: 2; text-align: left; text-decoration: none; text-indent: 0px; text-transform: none; -webkit-text-stroke-width: 0px; white-space: normal; word-spacing: 0px;\">Alda Segla<\/span> accompagne, soutient la mise en application par les \u00e9ducateurs de ce qu\u2019ils ont appris en formation. Des visites et contacts r\u00e9guliers entre la formatrice et les six structures sont notamment organis\u00e9es.<\/p>\n\n\n<figure class=\"wp-block-image size-large\"><img data-recalc-dims=\"1\" decoding=\"async\" width=\"1000\" height=\"435\" src=\"https:\/\/i0.wp.com\/bice.org\/app\/uploads\/2020\/04\/News-r%C3%A9silience-nouveau%40mljoliveau.jpg?resize=1000%2C435&#038;ssl=1\" alt=\"Ateliers r\u00e9silience en RDC\" class=\"wp-image-45609\" srcset=\"https:\/\/i0.wp.com\/bice.org\/app\/uploads\/2020\/04\/News-r%C3%A9silience-nouveau%40mljoliveau.jpg?w=1000&amp;ssl=1 1000w, https:\/\/i0.wp.com\/bice.org\/app\/uploads\/2020\/04\/News-r%C3%A9silience-nouveau%40mljoliveau.jpg?resize=300%2C131&amp;ssl=1 300w, https:\/\/i0.wp.com\/bice.org\/app\/uploads\/2020\/04\/News-r%C3%A9silience-nouveau%40mljoliveau.jpg?resize=768%2C334&amp;ssl=1 768w, https:\/\/i0.wp.com\/bice.org\/app\/uploads\/2020\/04\/News-r%C3%A9silience-nouveau%40mljoliveau.jpg?resize=600%2C261&amp;ssl=1 600w\" sizes=\"(max-width: 1000px) 100vw, 1000px\" \/><figcaption class=\"wp-element-caption\">\u00a9 Marie-Laure Joliveau<\/figcaption><\/figure>\n\n\n\n<h2 class=\"wp-block-heading\">Dans le cadre du suivi :<\/h2>\n\n\n\n<p>&#8211; Le BICE a apport\u00e9 un soutien financier aux organisations pour l\u2019achat du mat\u00e9riel n\u00e9cessaire aux ateliers cr\u00e9atifs appris (feuilles, crayons, colle\u2026).<\/p>\n\n\n\n<p>&#8211; Chaque organisation a d\u00e9sign\u00e9 un coordinateur du projet. Ils doivent assurer la bonne mise en \u0153uvre des ateliers, leur suivi, et demander aide et conseils ext\u00e9rieurs si besoin. Ces derniers ont b\u00e9n\u00e9fici\u00e9 d\u2019une formation compl\u00e9mentaire pour devenir, \u00e0 leur tour, soutien et formateur aupr\u00e8s de leurs coll\u00e8gues.<\/p>\n\n\n\n<p>&#8211; Chaque structure, \u00e9paul\u00e9e par la formatrice, a aussi \u00e9labor\u00e9 un plan d&#8217;actions. Il se base sur une prise en charge individualis\u00e9e et r\u00e9siliente de chaque enfant.<\/p>\n\n\n\n<p>Un projet pilote ambitieux qui, au regard de ses r\u00e9sultats, pourrait \u00eatre d\u00e9clin\u00e9 dans d\u2019autres r\u00e9gions d\u2019Afrique.<\/p>\n\n\n\n<div style=\"height:40px\" aria-hidden=\"true\" class=\"wp-block-spacer\"><\/div>\n\n\n\n<p>\u00c0 lire, en compl\u00e9ment, l&#8217;article ci-dessous publi\u00e9 en f\u00e9vrier 2020 :<\/p>\n\n\n\n<figure class=\"wp-block-embed is-type-wp-embed is-provider-bice-ong-de-protection-des-droits-de-l-039-enfant wp-block-embed-bice-ong-de-protection-des-droits-de-l-039-enfant\"><div class=\"wp-block-embed__wrapper\">\n<blockquote class=\"wp-embedded-content\" data-secret=\"mvwJP4hnYH\"><a href=\"https:\/\/bice.org\/fr\/rdc-le-projet-pilote-sur-la-resilience-porte-ses-fruits\/\">RDC : le projet pilote sur la r\u00e9silience porte ses fruits<\/a><\/blockquote><iframe class=\"wp-embedded-content\" sandbox=\"allow-scripts\" security=\"restricted\" style=\"position: absolute; clip: rect(1px, 1px, 1px, 1px);\" title=\"\u00ab\u00a0RDC : le projet pilote sur la r\u00e9silience porte ses fruits\u00a0\u00bb &#8212; BICE - ONG de protection des droits de l&#039;enfant\" src=\"https:\/\/bice.org\/fr\/rdc-le-projet-pilote-sur-la-resilience-porte-ses-fruits\/embed\/#?secret=Fpg4OL6UEH#?secret=mvwJP4hnYH\" data-secret=\"mvwJP4hnYH\" width=\"500\" height=\"282\" frameborder=\"0\" marginwidth=\"0\" marginheight=\"0\" scrolling=\"no\"><\/iframe>\n<\/div><\/figure>\n","protected":false},"excerpt":{"rendered":"<p>En R\u00e9publique d\u00e9mocratique du Congo, les partenaires du BICE viennent en aide \u00e0 des enfants meurtris par la vie. Les former \u00e0 devenir tuteurs de r\u00e9silience permet d\u2019am\u00e9liorer l\u2019accompagnement de ces enfants victimes de traumatisme.<\/p>\n","protected":false},"author":3,"featured_media":29654,"comment_status":"closed","ping_status":"closed","sticky":false,"template":"","format":"standard","meta":{"_acf_changed":false,"footnotes":"","jetpack_publicize_message":"","jetpack_publicize_feature_enabled":true,"jetpack_social_post_already_shared":false,"jetpack_social_options":{"image_generator_settings":{"template":"highway","default_image_id":0,"font":"","enabled":false},"version":2}},"categories":[2523],"tags":[511,1475,1954,965,1476,1109,475,1351,737,973],"class_list":["post-29653","post","type-post","status-publish","format-standard","has-post-thumbnail","hentry","category-archives","tag-afrique","tag-csf","tag-gewevuca-2","tag-ghodovi","tag-groupe-jeremie","tag-peder","tag-rd-congo","tag-resilience-2","tag-tuteurs-de-resilience","tag-universite-catholique-de-milan"],"acf":[],"yoast_head":"<!-- This site is optimized with the Yoast SEO plugin v27.2 - https:\/\/yoast.com\/product\/yoast-seo-wordpress\/ -->\n<title>RDC : tuteurs de r\u00e9silience pour d\u00e9passer les traumatismes<\/title>\n<meta name=\"description\" content=\"Le BICE propose depuis 2016 des formations de tuteurs de r\u00e9silience en R\u00e9publique d\u00e9mocratique du Congo pour aider les enfants traumatis\u00e9s.\" \/>\n<meta name=\"robots\" content=\"index, follow, max-snippet:-1, max-image-preview:large, max-video-preview:-1\" \/>\n<link rel=\"canonical\" href=\"https:\/\/bice.org\/fr\/wp-json\/wp\/v2\/posts\/29653\" \/>\n<meta property=\"og:locale\" content=\"fr_FR\" \/>\n<meta property=\"og:type\" content=\"article\" \/>\n<meta property=\"og:title\" content=\"RDC : tuteurs de r\u00e9silience pour d\u00e9passer les traumatismes\" \/>\n<meta property=\"og:description\" content=\"Le BICE propose depuis 2016 des formations de tuteurs de r\u00e9silience en R\u00e9publique d\u00e9mocratique du Congo pour aider les enfants traumatis\u00e9s.\" \/>\n<meta property=\"og:url\" content=\"https:\/\/bice.org\/fr\/tuteurs-de-resilience-en-rd-congo\/\" \/>\n<meta property=\"og:site_name\" content=\"BICE - ONG de protection des droits de l&#039;enfant\" \/>\n<meta property=\"article:published_time\" content=\"2017-11-03T11:01:21+00:00\" \/>\n<meta property=\"article:modified_time\" content=\"2024-05-07T11:04:07+00:00\" \/>\n<meta property=\"og:image\" content=\"https:\/\/i0.wp.com\/bice.org\/app\/uploads\/2017\/11\/Projet-r%C3%A9silience-RDC%40mljoliveau.jpg?fit=1000%2C435&ssl=1\" \/>\n\t<meta property=\"og:image:width\" content=\"1000\" \/>\n\t<meta property=\"og:image:height\" content=\"435\" \/>\n\t<meta property=\"og:image:type\" content=\"image\/jpeg\" \/>\n<meta name=\"author\" content=\"BICE\" \/>\n<meta name=\"twitter:card\" content=\"summary_large_image\" \/>\n<meta name=\"twitter:label1\" content=\"\u00c9crit par\" \/>\n\t<meta name=\"twitter:data1\" content=\"BICE\" \/>\n\t<meta name=\"twitter:label2\" content=\"Dur\u00e9e de lecture estim\u00e9e\" \/>\n\t<meta name=\"twitter:data2\" content=\"4 minutes\" \/>\n<!-- \/ Yoast SEO plugin. -->","yoast_head_json":{"title":"RDC : tuteurs de r\u00e9silience pour d\u00e9passer les traumatismes","description":"Le BICE propose depuis 2016 des formations de tuteurs de r\u00e9silience en R\u00e9publique d\u00e9mocratique du Congo pour aider les enfants traumatis\u00e9s.","robots":{"index":"index","follow":"follow","max-snippet":"max-snippet:-1","max-image-preview":"max-image-preview:large","max-video-preview":"max-video-preview:-1"},"canonical":"https:\/\/bice.org\/fr\/wp-json\/wp\/v2\/posts\/29653","og_locale":"fr_FR","og_type":"article","og_title":"RDC : tuteurs de r\u00e9silience pour d\u00e9passer les traumatismes","og_description":"Le BICE propose depuis 2016 des formations de tuteurs de r\u00e9silience en R\u00e9publique d\u00e9mocratique du Congo pour aider les enfants traumatis\u00e9s.","og_url":"https:\/\/bice.org\/fr\/tuteurs-de-resilience-en-rd-congo\/","og_site_name":"BICE - ONG de protection des droits de l&#039;enfant","article_published_time":"2017-11-03T11:01:21+00:00","article_modified_time":"2024-05-07T11:04:07+00:00","og_image":[{"width":1000,"height":435,"url":"https:\/\/i0.wp.com\/bice.org\/app\/uploads\/2017\/11\/Projet-r%C3%A9silience-RDC%40mljoliveau.jpg?fit=1000%2C435&ssl=1","type":"image\/jpeg"}],"author":"BICE","twitter_card":"summary_large_image","twitter_misc":{"\u00c9crit par":"BICE","Dur\u00e9e de lecture estim\u00e9e":"4 minutes"},"schema":{"@context":"https:\/\/schema.org","@graph":[{"@type":"Article","@id":"https:\/\/bice.org\/fr\/tuteurs-de-resilience-en-rd-congo\/#article","isPartOf":{"@id":"https:\/\/bice.org\/fr\/tuteurs-de-resilience-en-rd-congo\/"},"author":{"name":"BICE","@id":"https:\/\/bice.org\/fr\/#\/schema\/person\/d2ad3c47fafb278234233a8cb54707b4"},"headline":"2016-2020. Des tuteurs de r\u00e9silience en RDC","datePublished":"2017-11-03T11:01:21+00:00","dateModified":"2024-05-07T11:04:07+00:00","mainEntityOfPage":{"@id":"https:\/\/bice.org\/fr\/tuteurs-de-resilience-en-rd-congo\/"},"wordCount":762,"publisher":{"@id":"https:\/\/bice.org\/fr\/#organization"},"image":{"@id":"https:\/\/bice.org\/fr\/tuteurs-de-resilience-en-rd-congo\/#primaryimage"},"thumbnailUrl":"https:\/\/i0.wp.com\/bice.org\/app\/uploads\/2017\/11\/Projet-r%C3%A9silience-RDC%40mljoliveau.jpg?fit=1000%2C435&ssl=1","keywords":["Afrique","CSF","Gewevuca","Ghodovi","Groupe J\u00e9r\u00e9mie","PEDER","RD Congo","R\u00e9silience","Tuteurs de r\u00e9silience","Universit\u00e9 Catholique de Milan"],"articleSection":["archives"],"inLanguage":"fr-FR"},{"@type":"WebPage","@id":"https:\/\/bice.org\/fr\/tuteurs-de-resilience-en-rd-congo\/","url":"https:\/\/bice.org\/fr\/tuteurs-de-resilience-en-rd-congo\/","name":"RDC : tuteurs de r\u00e9silience pour d\u00e9passer les traumatismes","isPartOf":{"@id":"https:\/\/bice.org\/fr\/#website"},"primaryImageOfPage":{"@id":"https:\/\/bice.org\/fr\/tuteurs-de-resilience-en-rd-congo\/#primaryimage"},"image":{"@id":"https:\/\/bice.org\/fr\/tuteurs-de-resilience-en-rd-congo\/#primaryimage"},"thumbnailUrl":"https:\/\/i0.wp.com\/bice.org\/app\/uploads\/2017\/11\/Projet-r%C3%A9silience-RDC%40mljoliveau.jpg?fit=1000%2C435&ssl=1","datePublished":"2017-11-03T11:01:21+00:00","dateModified":"2024-05-07T11:04:07+00:00","description":"Le BICE propose depuis 2016 des formations de tuteurs de r\u00e9silience en R\u00e9publique d\u00e9mocratique du Congo pour aider les enfants traumatis\u00e9s.","breadcrumb":{"@id":"https:\/\/bice.org\/fr\/tuteurs-de-resilience-en-rd-congo\/#breadcrumb"},"inLanguage":"fr-FR","potentialAction":[{"@type":"ReadAction","target":["https:\/\/bice.org\/fr\/tuteurs-de-resilience-en-rd-congo\/"]}]},{"@type":"ImageObject","inLanguage":"fr-FR","@id":"https:\/\/bice.org\/fr\/tuteurs-de-resilience-en-rd-congo\/#primaryimage","url":"https:\/\/i0.wp.com\/bice.org\/app\/uploads\/2017\/11\/Projet-r%C3%A9silience-RDC%40mljoliveau.jpg?fit=1000%2C435&ssl=1","contentUrl":"https:\/\/i0.wp.com\/bice.org\/app\/uploads\/2017\/11\/Projet-r%C3%A9silience-RDC%40mljoliveau.jpg?fit=1000%2C435&ssl=1","width":1000,"height":435,"caption":"\u00a9M-L. Joliveau"},{"@type":"BreadcrumbList","@id":"https:\/\/bice.org\/fr\/tuteurs-de-resilience-en-rd-congo\/#breadcrumb","itemListElement":[{"@type":"ListItem","position":1,"name":"Accueil","item":"https:\/\/bice.org\/fr\/"},{"@type":"ListItem","position":2,"name":"archives","item":"https:\/\/bice.org\/fr\/theme\/archives\/"},{"@type":"ListItem","position":3,"name":"2016-2020. Des tuteurs de r\u00e9silience en RDC"}]},{"@type":"WebSite","@id":"https:\/\/bice.org\/fr\/#website","url":"https:\/\/bice.org\/fr\/","name":"BICE - ONG de protection des droits de l&#039;enfant","description":"Notre mission : D\u00e9fendre les droits et la dignit\u00e9 des enfants partout dans le monde","publisher":{"@id":"https:\/\/bice.org\/fr\/#organization"},"potentialAction":[{"@type":"SearchAction","target":{"@type":"EntryPoint","urlTemplate":"https:\/\/bice.org\/fr\/?s={search_term_string}"},"query-input":{"@type":"PropertyValueSpecification","valueRequired":true,"valueName":"search_term_string"}}],"inLanguage":"fr-FR"},{"@type":"Organization","@id":"https:\/\/bice.org\/fr\/#organization","name":"BICE","url":"https:\/\/bice.org\/fr\/","logo":{"@type":"ImageObject","inLanguage":"fr-FR","@id":"https:\/\/bice.org\/fr\/#\/schema\/logo\/image\/","url":"https:\/\/bice.org\/app\/uploads\/2022\/06\/favicon.ico","contentUrl":"https:\/\/bice.org\/app\/uploads\/2022\/06\/favicon.ico","width":64,"height":64,"caption":"BICE"},"image":{"@id":"https:\/\/bice.org\/fr\/#\/schema\/logo\/image\/"}},{"@type":"Person","@id":"https:\/\/bice.org\/fr\/#\/schema\/person\/d2ad3c47fafb278234233a8cb54707b4","name":"BICE","image":{"@type":"ImageObject","inLanguage":"fr-FR","@id":"https:\/\/secure.gravatar.com\/avatar\/43bcfdb745dd80b8374b0aaa21c6dd30b2976a6bdea12b3018b51f255692facc?s=96&d=mm&r=g","url":"https:\/\/secure.gravatar.com\/avatar\/43bcfdb745dd80b8374b0aaa21c6dd30b2976a6bdea12b3018b51f255692facc?s=96&d=mm&r=g","contentUrl":"https:\/\/secure.gravatar.com\/avatar\/43bcfdb745dd80b8374b0aaa21c6dd30b2976a6bdea12b3018b51f255692facc?s=96&d=mm&r=g","caption":"BICE"}}]}},"jetpack_publicize_connections":[],"jetpack_featured_media_url":"https:\/\/i0.wp.com\/bice.org\/app\/uploads\/2017\/11\/Projet-r%C3%A9silience-RDC%40mljoliveau.jpg?fit=1000%2C435&ssl=1","jetpack_sharing_enabled":true,"_links":{"self":[{"href":"https:\/\/bice.org\/fr\/wp-json\/wp\/v2\/posts\/29653","targetHints":{"allow":["GET"]}}],"collection":[{"href":"https:\/\/bice.org\/fr\/wp-json\/wp\/v2\/posts"}],"about":[{"href":"https:\/\/bice.org\/fr\/wp-json\/wp\/v2\/types\/post"}],"author":[{"embeddable":true,"href":"https:\/\/bice.org\/fr\/wp-json\/wp\/v2\/users\/3"}],"replies":[{"embeddable":true,"href":"https:\/\/bice.org\/fr\/wp-json\/wp\/v2\/comments?post=29653"}],"version-history":[{"count":0,"href":"https:\/\/bice.org\/fr\/wp-json\/wp\/v2\/posts\/29653\/revisions"}],"wp:featuredmedia":[{"embeddable":true,"href":"https:\/\/bice.org\/fr\/wp-json\/wp\/v2\/media\/29654"}],"wp:attachment":[{"href":"https:\/\/bice.org\/fr\/wp-json\/wp\/v2\/media?parent=29653"}],"wp:term":[{"taxonomy":"category","embeddable":true,"href":"https:\/\/bice.org\/fr\/wp-json\/wp\/v2\/categories?post=29653"},{"taxonomy":"post_tag","embeddable":true,"href":"https:\/\/bice.org\/fr\/wp-json\/wp\/v2\/tags?post=29653"}],"curies":[{"name":"wp","href":"https:\/\/api.w.org\/{rel}","templated":true}]}}