{"id":296736,"date":"2024-12-12T12:40:08","date_gmt":"2024-12-12T11:40:08","guid":{"rendered":"https:\/\/bice.org\/?p=296736"},"modified":"2025-01-16T10:34:47","modified_gmt":"2025-01-16T09:34:47","slug":"moldavie-un-refuge-pour-lenfance-vulnerable","status":"publish","type":"post","link":"https:\/\/bice.org\/fr\/moldavie-un-refuge-pour-lenfance-vulnerable\/","title":{"rendered":"Moldavie. Un refuge pour l\u2019enfance vuln\u00e9rable"},"content":{"rendered":"\n<p>En 2025, le BICE renouvelle son soutien \u00e0 la fondation Regina Pacis en Moldavie o\u00f9 un enfant sur quatre grandit dans la pauvret\u00e9. L\u2019objectif du projet <em>\u00ab&nbsp;Une famille pour chaque enfant&nbsp;\u00bb que le BICE soutient&nbsp;<\/em>? Offrir un environnement s\u00fbr, stimulant et inclusif \u00e0 20 enfants risquant d\u2019\u00eatre plac\u00e9s en institution*. 7 gar\u00e7ons et 13 filles, \u00e2g\u00e9s entre 10 et 18 ans, priv\u00e9s de soins parentaux, soit par d\u00e9cision de justice,<em>&nbsp;pour leur s\u00e9curit\u00e9, soit sur demande des&nbsp;parents ou parce qu\u2019ils sont orphelins&nbsp;ou mineurs non accompagn\u00e9s.&nbsp;<\/em><\/p>\n\n\n\n<p>Ce projet s\u2019inscrit dans le cadre d\u2019une large r\u00e9forme de d\u00e9sinstitutionalisation qui dure depuis 15 ans en Moldavie et qui a permis une diminution importante du nombre d\u2019enfants plac\u00e9s dans des grandes structures, non adapt\u00e9es et ne permettant pas leur \u00e9panouissement. Moins de 1 000 aujourd\u2019hui contre 17&nbsp;000 enfants en 2023.<\/p>\n\n\n\n<p>\u00ab <em>Ces enfants ont tous travers\u00e9 des \u00e9preuves &#8211; <a href=\"https:\/\/bice.org\/fr\/actions-de-terrain\/domaines-daction\/le-bice-aide-les-familles-a-se-reconstruire-face-aux-crises\/\">pauvret\u00e9<\/a>, exclusion sociale, <a href=\"https:\/\/bice.org\/fr\/actions-de-terrain\/domaines-daction\/association-violence-enfance\/\">violences<\/a>\u2026 Des situations pouvant fragiliser leur \u00e9quilibre psychologique, \u00e9ducatif et leur sant\u00e9 en g\u00e9n\u00e9ral,<\/em> pr\u00e9cise Diana Filatova, charg\u00e9e de projets au BICE. <em>Au sein du centre de Regina Pacis, ils b\u00e9n\u00e9ficient d\u2019une protection temporaire, d\u2019un acc\u00e8s \u00e0 l\u2019\u00e9ducation, dans les \u00e9coles \u00e0 proximit\u00e9, et de soutien. L\u2019\u00e9quipe de Regina Pacis les accompagne dans leur reconstruction.<\/em> <em>Tout est mis en \u0153uvre pour favoriser leur d\u00e9veloppement int\u00e9gral, avec l\u2019optique qu\u2019il r\u00e9int\u00e8gre \u00e0 terme leur famille biologique, \u00e9largie ou adoptive.<\/em>\u00a0\u00bb<\/p>\n\n\n\n<h2 class=\"wp-block-heading\">Objectifs, activit\u00e9s propos\u00e9es et r\u00e9sultats attendus<\/h2>\n\n\n\n<p>Le projet s&#8217;attache \u00e0 r\u00e9pondre aux besoins fondamentaux et imm\u00e9diats des enfants (nourriture, logement, habillement\u2026) tout en leur offrant un soutien social et psychologique.<\/p>\n\n\n\n<p>Les activit\u00e9s mises en place permettent d\u2019atteindre trois r\u00e9sultats majeurs :<\/p>\n\n\n\n<h3 class=\"wp-block-heading\"><strong>Renforcement de la sant\u00e9 et du bien-\u00eatre<\/strong> des enfants<\/h3>\n\n\n\n<p>Assurer la s\u00e9curit\u00e9 alimentaire des enfants est un axe cl\u00e9 du projet.&nbsp; La malnutrition est un fl\u00e9au en augmentation en Moldavie, en raison notamment de la hausse des prix des denr\u00e9es alimentaires. Des repas \u00e9quilibr\u00e9s sont donc servis aux enfants qui b\u00e9n\u00e9ficient \u00e9galement d\u2019un suivi nutritionnel et d\u2019un acc\u00e8s raux soins de sant\u00e9. Des ateliers d\u2019\u00e9ducation \u00e0 l\u2019hygi\u00e8ne sont aussi organis\u00e9s. Ces actions contribuent \u00e0 diminuer les maladies et les absences scolaires qui en r\u00e9sultent.<\/p>\n\n\n\n<h3 class=\"wp-block-heading\">Am\u00e9lioration de l\u2019intelligence \u00e9motionnelle et des comp\u00e9tences sociales des enfants<\/h3>\n\n\n\n<p>Des activit\u00e9s en groupe et des jeux collectifs, adapt\u00e9s aux diff\u00e9rents \u00e2ges des enfants, sont organis\u00e9s afin de les aider \u00e0 d\u00e9velopper leur intelligence \u00e9motionnelle, la pens\u00e9e critique et le travail d\u2019\u00e9quipe. Ces s\u00e9ances encadr\u00e9es par des professionnels les aident ainsi \u00e0 explorer de nouvelles comp\u00e9tences et les encouragent \u00e0 interagir de mani\u00e8re constructive. L\u2019objectif \u00e9tant que les enfants fassent preuve au fur et \u00e0 mesure d&#8217;une meilleure r\u00e9gulation \u00e9motionnelle, r\u00e9ussissent \u00e0 mieux communiquer et coop\u00e9rer.<\/p>\n\n\n\n<h3 class=\"wp-block-heading\">D\u00e9veloppement d\u2019un environnement propice \u00e0 la croissance int\u00e9grale<\/h3>\n\n\n\n<p>Une aide aux devoirs est propos\u00e9e aux enfants qui le souhaitent afin de favoriser leur r\u00e9ussite scolaire. De plus, l\u2019\u00e9quipedu centre stimule, via des ressources \u00e9ducatives et r\u00e9cr\u00e9atives, le d\u00e9veloppement cognitif et physique des enfants. Le projet pr\u00e9voit l\u2019achat de nouveaux jeux, puzzles et autres outils \u00e9ducatifs et ludiques.<\/p>\n\n\n\n<p>Ce mod\u00e8le de soutien social s\u2019inscrit dans une vision \u00e0 long terme, visant \u00e0 briser le cycle de la pauvret\u00e9 et de l\u2019exclusion.<\/p>\n\n\n\n<hr class=\"wp-block-separator has-alpha-channel-opacity\"\/>\n\n\n\n<p>*Trois types de placement. Le placement planifi\u00e9&nbsp;: les enfants sont plac\u00e9s sur ordre de l\u2019autorit\u00e9 de tutelle. Le placement d\u2019urgence&nbsp;: si un enfant a besoin d&#8217;une aide urgente, il peut \u00eatre plac\u00e9 dans le centre pour une p\u00e9riode allant de 72 heures \u00e0 45 jours. P\u00e9riode pendant laquelle l\u2019\u00e9quipe de la fondation Regina Pacis cherche la meilleure solution pour lui. Le placement \u00e0 la demande de la famille ou du tuteur&nbsp;: si la famille ou le tuteur se trouve dans une situation difficile, il peut demander le placement de l&#8217;enfant pour une dur\u00e9e maximale de 6 mois.<\/p>\n","protected":false},"excerpt":{"rendered":"<p>Le projet Une famille pour chaque enfant, d\u00e9velopp\u00e9 par la fondation Regina Pacis en Moldavie, offre protection et espoir \u00e0 20 enfants en situation de grande vuln\u00e9rabilit\u00e9. Le BICE, d\u00e9j\u00e0 \u00e0 ses c\u00f4t\u00e9s en 2024, renouvelle son appui de janvier \u00e0 avril 2025.<\/p>\n","protected":false},"author":19,"featured_media":296742,"comment_status":"closed","ping_status":"closed","sticky":false,"template":"","format":"standard","meta":{"_acf_changed":false,"footnotes":"","jetpack_publicize_message":"","jetpack_publicize_feature_enabled":true,"jetpack_social_post_already_shared":true,"jetpack_social_options":{"image_generator_settings":{"template":"highway","default_image_id":0,"font":"","enabled":false},"version":2}},"categories":[132,2539],"tags":[2301],"class_list":["post-296736","post","type-post","status-publish","format-standard","has-post-thumbnail","hentry","category-actualites-du-bice","category-moldavie","tag-moldavie"],"acf":[],"yoast_head":"<!-- This site is optimized with the Yoast SEO plugin v27.2 - https:\/\/yoast.com\/product\/yoast-seo-wordpress\/ -->\n<title>Un refuge pour l&#039;enfance vuln\u00e9rable en Moldavie | BICE<\/title>\n<meta name=\"description\" content=\"La fondation Regina Pacis, soutenue par le BICE, offre protection et espoir \u00e0 20 enfants en situation de grande vuln\u00e9rabilit\u00e9 en Moldavie.\" \/>\n<meta name=\"robots\" content=\"index, follow, max-snippet:-1, max-image-preview:large, max-video-preview:-1\" \/>\n<link rel=\"canonical\" href=\"https:\/\/bice.org\/fr\/wp-json\/wp\/v2\/posts\/296736\" \/>\n<meta property=\"og:locale\" content=\"fr_FR\" \/>\n<meta property=\"og:type\" content=\"article\" \/>\n<meta property=\"og:title\" content=\"Un refuge pour l&#039;enfance vuln\u00e9rable en Moldavie | BICE\" \/>\n<meta property=\"og:description\" content=\"La fondation Regina Pacis, soutenue par le BICE, offre protection et espoir \u00e0 20 enfants en situation de grande vuln\u00e9rabilit\u00e9 en Moldavie.\" \/>\n<meta property=\"og:url\" content=\"https:\/\/bice.org\/fr\/moldavie-un-refuge-pour-lenfance-vulnerable\/\" \/>\n<meta property=\"og:site_name\" content=\"BICE - ONG de protection des droits de l&#039;enfant\" \/>\n<meta property=\"article:published_time\" content=\"2024-12-12T11:40:08+00:00\" \/>\n<meta property=\"article:modified_time\" content=\"2025-01-16T09:34:47+00:00\" \/>\n<meta property=\"og:image\" content=\"https:\/\/i0.wp.com\/bice.org\/app\/uploads\/2024\/12\/une-article-moldavie.jpg?fit=1000%2C580&ssl=1\" \/>\n\t<meta property=\"og:image:width\" content=\"1000\" \/>\n\t<meta property=\"og:image:height\" content=\"580\" \/>\n\t<meta property=\"og:image:type\" content=\"image\/jpeg\" \/>\n<meta name=\"author\" content=\"Tiphaine POIDEVIN\" \/>\n<meta name=\"twitter:card\" content=\"summary_large_image\" \/>\n<meta name=\"twitter:label1\" content=\"\u00c9crit par\" \/>\n\t<meta name=\"twitter:data1\" content=\"Tiphaine POIDEVIN\" \/>\n\t<meta name=\"twitter:label2\" content=\"Dur\u00e9e de lecture estim\u00e9e\" \/>\n\t<meta name=\"twitter:data2\" content=\"4 minutes\" \/>\n<!-- \/ Yoast SEO plugin. -->","yoast_head_json":{"title":"Un refuge pour l'enfance vuln\u00e9rable en Moldavie | BICE","description":"La fondation Regina Pacis, soutenue par le BICE, offre protection et espoir \u00e0 20 enfants en situation de grande vuln\u00e9rabilit\u00e9 en Moldavie.","robots":{"index":"index","follow":"follow","max-snippet":"max-snippet:-1","max-image-preview":"max-image-preview:large","max-video-preview":"max-video-preview:-1"},"canonical":"https:\/\/bice.org\/fr\/wp-json\/wp\/v2\/posts\/296736","og_locale":"fr_FR","og_type":"article","og_title":"Un refuge pour l'enfance vuln\u00e9rable en Moldavie | BICE","og_description":"La fondation Regina Pacis, soutenue par le BICE, offre protection et espoir \u00e0 20 enfants en situation de grande vuln\u00e9rabilit\u00e9 en Moldavie.","og_url":"https:\/\/bice.org\/fr\/moldavie-un-refuge-pour-lenfance-vulnerable\/","og_site_name":"BICE - ONG de protection des droits de l&#039;enfant","article_published_time":"2024-12-12T11:40:08+00:00","article_modified_time":"2025-01-16T09:34:47+00:00","og_image":[{"width":1000,"height":580,"url":"https:\/\/i0.wp.com\/bice.org\/app\/uploads\/2024\/12\/une-article-moldavie.jpg?fit=1000%2C580&ssl=1","type":"image\/jpeg"}],"author":"Tiphaine POIDEVIN","twitter_card":"summary_large_image","twitter_misc":{"\u00c9crit par":"Tiphaine POIDEVIN","Dur\u00e9e de lecture estim\u00e9e":"4 minutes"},"schema":{"@context":"https:\/\/schema.org","@graph":[{"@type":"Article","@id":"https:\/\/bice.org\/fr\/moldavie-un-refuge-pour-lenfance-vulnerable\/#article","isPartOf":{"@id":"https:\/\/bice.org\/fr\/moldavie-un-refuge-pour-lenfance-vulnerable\/"},"author":{"name":"Tiphaine POIDEVIN","@id":"https:\/\/bice.org\/fr\/#\/schema\/person\/86b15587982e756d45e62e1230e9759f"},"headline":"Moldavie. Un refuge pour l\u2019enfance vuln\u00e9rable","datePublished":"2024-12-12T11:40:08+00:00","dateModified":"2025-01-16T09:34:47+00:00","mainEntityOfPage":{"@id":"https:\/\/bice.org\/fr\/moldavie-un-refuge-pour-lenfance-vulnerable\/"},"wordCount":703,"publisher":{"@id":"https:\/\/bice.org\/fr\/#organization"},"image":{"@id":"https:\/\/bice.org\/fr\/moldavie-un-refuge-pour-lenfance-vulnerable\/#primaryimage"},"thumbnailUrl":"https:\/\/i0.wp.com\/bice.org\/app\/uploads\/2024\/12\/une-article-moldavie.jpg?fit=1000%2C580&ssl=1","keywords":["Moldavie"],"articleSection":["Actualit\u00e9s du BICE","Moldavie"],"inLanguage":"fr-FR"},{"@type":"WebPage","@id":"https:\/\/bice.org\/fr\/moldavie-un-refuge-pour-lenfance-vulnerable\/","url":"https:\/\/bice.org\/fr\/moldavie-un-refuge-pour-lenfance-vulnerable\/","name":"Un refuge pour l'enfance vuln\u00e9rable en Moldavie | BICE","isPartOf":{"@id":"https:\/\/bice.org\/fr\/#website"},"primaryImageOfPage":{"@id":"https:\/\/bice.org\/fr\/moldavie-un-refuge-pour-lenfance-vulnerable\/#primaryimage"},"image":{"@id":"https:\/\/bice.org\/fr\/moldavie-un-refuge-pour-lenfance-vulnerable\/#primaryimage"},"thumbnailUrl":"https:\/\/i0.wp.com\/bice.org\/app\/uploads\/2024\/12\/une-article-moldavie.jpg?fit=1000%2C580&ssl=1","datePublished":"2024-12-12T11:40:08+00:00","dateModified":"2025-01-16T09:34:47+00:00","description":"La fondation Regina Pacis, soutenue par le BICE, offre protection et espoir \u00e0 20 enfants en situation de grande vuln\u00e9rabilit\u00e9 en Moldavie.","breadcrumb":{"@id":"https:\/\/bice.org\/fr\/moldavie-un-refuge-pour-lenfance-vulnerable\/#breadcrumb"},"inLanguage":"fr-FR","potentialAction":[{"@type":"ReadAction","target":["https:\/\/bice.org\/fr\/moldavie-un-refuge-pour-lenfance-vulnerable\/"]}]},{"@type":"ImageObject","inLanguage":"fr-FR","@id":"https:\/\/bice.org\/fr\/moldavie-un-refuge-pour-lenfance-vulnerable\/#primaryimage","url":"https:\/\/i0.wp.com\/bice.org\/app\/uploads\/2024\/12\/une-article-moldavie.jpg?fit=1000%2C580&ssl=1","contentUrl":"https:\/\/i0.wp.com\/bice.org\/app\/uploads\/2024\/12\/une-article-moldavie.jpg?fit=1000%2C580&ssl=1","width":1000,"height":580,"caption":"\u00a9 Atelier cr\u00e9atif propos\u00e9 au sein du centre"},{"@type":"BreadcrumbList","@id":"https:\/\/bice.org\/fr\/moldavie-un-refuge-pour-lenfance-vulnerable\/#breadcrumb","itemListElement":[{"@type":"ListItem","position":1,"name":"Accueil","item":"https:\/\/bice.org\/fr\/"},{"@type":"ListItem","position":2,"name":"Actualit\u00e9s du BICE","item":"https:\/\/bice.org\/fr\/theme\/actualites-du-bice\/"},{"@type":"ListItem","position":3,"name":"Moldavie. Un refuge pour l\u2019enfance vuln\u00e9rable"}]},{"@type":"WebSite","@id":"https:\/\/bice.org\/fr\/#website","url":"https:\/\/bice.org\/fr\/","name":"BICE - ONG de protection des droits de l&#039;enfant","description":"Notre mission : D\u00e9fendre les droits et la dignit\u00e9 des enfants partout dans le monde","publisher":{"@id":"https:\/\/bice.org\/fr\/#organization"},"potentialAction":[{"@type":"SearchAction","target":{"@type":"EntryPoint","urlTemplate":"https:\/\/bice.org\/fr\/?s={search_term_string}"},"query-input":{"@type":"PropertyValueSpecification","valueRequired":true,"valueName":"search_term_string"}}],"inLanguage":"fr-FR"},{"@type":"Organization","@id":"https:\/\/bice.org\/fr\/#organization","name":"BICE","url":"https:\/\/bice.org\/fr\/","logo":{"@type":"ImageObject","inLanguage":"fr-FR","@id":"https:\/\/bice.org\/fr\/#\/schema\/logo\/image\/","url":"https:\/\/bice.org\/app\/uploads\/2022\/06\/favicon.ico","contentUrl":"https:\/\/bice.org\/app\/uploads\/2022\/06\/favicon.ico","width":64,"height":64,"caption":"BICE"},"image":{"@id":"https:\/\/bice.org\/fr\/#\/schema\/logo\/image\/"}},{"@type":"Person","@id":"https:\/\/bice.org\/fr\/#\/schema\/person\/86b15587982e756d45e62e1230e9759f","name":"Tiphaine POIDEVIN","image":{"@type":"ImageObject","inLanguage":"fr-FR","@id":"https:\/\/secure.gravatar.com\/avatar\/1e6863fae181af75938b89f792dfe2810d35ae7fd6ab1fb385614a15dff81a3a?s=96&d=mm&r=g","url":"https:\/\/secure.gravatar.com\/avatar\/1e6863fae181af75938b89f792dfe2810d35ae7fd6ab1fb385614a15dff81a3a?s=96&d=mm&r=g","contentUrl":"https:\/\/secure.gravatar.com\/avatar\/1e6863fae181af75938b89f792dfe2810d35ae7fd6ab1fb385614a15dff81a3a?s=96&d=mm&r=g","caption":"Tiphaine POIDEVIN"}}]}},"jetpack_publicize_connections":[],"jetpack_featured_media_url":"https:\/\/i0.wp.com\/bice.org\/app\/uploads\/2024\/12\/une-article-moldavie.jpg?fit=1000%2C580&ssl=1","jetpack_sharing_enabled":true,"_links":{"self":[{"href":"https:\/\/bice.org\/fr\/wp-json\/wp\/v2\/posts\/296736","targetHints":{"allow":["GET"]}}],"collection":[{"href":"https:\/\/bice.org\/fr\/wp-json\/wp\/v2\/posts"}],"about":[{"href":"https:\/\/bice.org\/fr\/wp-json\/wp\/v2\/types\/post"}],"author":[{"embeddable":true,"href":"https:\/\/bice.org\/fr\/wp-json\/wp\/v2\/users\/19"}],"replies":[{"embeddable":true,"href":"https:\/\/bice.org\/fr\/wp-json\/wp\/v2\/comments?post=296736"}],"version-history":[{"count":2,"href":"https:\/\/bice.org\/fr\/wp-json\/wp\/v2\/posts\/296736\/revisions"}],"predecessor-version":[{"id":296932,"href":"https:\/\/bice.org\/fr\/wp-json\/wp\/v2\/posts\/296736\/revisions\/296932"}],"wp:featuredmedia":[{"embeddable":true,"href":"https:\/\/bice.org\/fr\/wp-json\/wp\/v2\/media\/296742"}],"wp:attachment":[{"href":"https:\/\/bice.org\/fr\/wp-json\/wp\/v2\/media?parent=296736"}],"wp:term":[{"taxonomy":"category","embeddable":true,"href":"https:\/\/bice.org\/fr\/wp-json\/wp\/v2\/categories?post=296736"},{"taxonomy":"post_tag","embeddable":true,"href":"https:\/\/bice.org\/fr\/wp-json\/wp\/v2\/tags?post=296736"}],"curies":[{"name":"wp","href":"https:\/\/api.w.org\/{rel}","templated":true}]}}