{"id":298712,"date":"2025-01-30T18:57:03","date_gmt":"2025-01-30T17:57:03","guid":{"rendered":"https:\/\/bice.org\/?p=298712"},"modified":"2025-01-30T19:11:40","modified_gmt":"2025-01-30T18:11:40","slug":"communique-inter-associatif-respect-des-droits-et-protection-des-civils-au-nord-kivu","status":"publish","type":"post","link":"https:\/\/bice.org\/fr\/communique-inter-associatif-respect-des-droits-et-protection-des-civils-au-nord-kivu\/","title":{"rendered":"Communiqu\u00e9 inter-associatif. Respect des droits et protection des civils au Nord-Kivu"},"content":{"rendered":"\n<p>Depuis ce jeudi 23 janvier, les 2 millions d\u2019habitants de Goma et ses alentours vivent sous le cr\u00e9pitement des armes lourdes, les pillages, le racket, les multiples violences commises tant par le Mouvement du 23 mars (M23), les forces rwandaises que des militaires des Forces arm\u00e9es de la RDC (FARDC) et des wazalendos. Les missions diplomatiques et les agences des Nations unies ont \u00e9vacu\u00e9 Goma. 13 casques bleus ont \u00e9t\u00e9 tu\u00e9s. 1 483 \u00e9coles sont ferm\u00e9es privant plus de 493 461 enfants du droit \u00e0 l\u2019\u00e9ducation. La ville est d\u00e9sormais isol\u00e9e du reste de la RDC, sans eau, ni \u00e9lectricit\u00e9 et sans ravitaillement alimentaire.<\/p>\n\n\n\n<p>Les combats ont touch\u00e9 le r\u00e9seau \u00e9lectrique. Goma est maintenant assi\u00e9g\u00e9e par des forces ext\u00e9rieures et les familles sont prisonni\u00e8res chez elles, sans possibilit\u00e9 de quitter cette zone de guerre. Les cons\u00e9quences sont extr\u00eamement graves dont, entre autres, risque d\u2019\u00e9pid\u00e9mie de chol\u00e9ra, de malnutrition, de d\u00e9shydratation, de manque d\u2019hygi\u00e8ne, en particulier pour les femmes et les enfants. Enfin, les tirs nourris d&#8217;armes l\u00e9g\u00e8res et de mortiers dans les rues, o\u00f9 l&#8217;on peut voir de nombreux cadavres, aggravent la situation humanitaire tr\u00e8s pr\u00e9occupante selon le bureau de la coordination des affaires humanitaires de l&#8217;ONU. Il est aussi inqui\u00e9tant de constater que le nombre d&#8217;enfants gravement bless\u00e9s a augment\u00e9 de mani\u00e8re significative, pour la direction r\u00e9gionale pour l&#8217;Afrique du Comit\u00e9 international de la Croix-Rouge.<\/p>\n\n\n\n<h2 class=\"wp-block-heading\">Appel de 12 associations internationales<\/h2>\n\n\n\n<p>Les efforts des organisations non gouvernementales locales ou internationales pour soutenir les personnes en situation de vuln\u00e9rabilit\u00e9 et contribuer \u00e0 l\u2019instauration de l\u2019\u00e9tat de droit sont an\u00e9antis par cette nouvelle catastrophe. Plusieurs associations internationales, dont certains membres ont des actions au Nord-Kivu, se sont concert\u00e9es et demandent avec force :<\/p>\n\n\n\n<ul class=\"wp-block-list\">\n<li>Le respect imp\u00e9ratif du droit international des droits de l&#8217;homme et du droit humanitaire international, en particulier la protection des populations civiles contre toute repr\u00e9sailles, exaction, violation et privation ;<\/li>\n\n\n\n<li>Le retrait du M23 et des forces rwandaises, ill\u00e9galement entr\u00e9s sur le territoire congolais et le respect de l&#8217;int\u00e9grit\u00e9 territoriale de l\u2019Etat souverain de RDC ;<\/li>\n\n\n\n<li>L\u2019ouverture d\u2019une enqu\u00eate p\u00e9nale sous l\u2019\u00e9gide de la CPI ou pour violation des droits de l\u2019Homme \u00e0 Goma, sous l\u2019\u00e9gide de tout organe comp\u00e9tent du syst\u00e8me africain des droits de l\u2019homme ; le d\u00e9ploiement de la Force africaine de l\u2019Union Africaine en Attente \u00e0 Goma ;<\/li>\n\n\n\n<li>La cr\u00e9ation d\u2019un couloir humanitaire pour favoriser les appuis humanitaires, notamment l\u2019approvisionnement en eau et en vivres de premi\u00e8re n\u00e9cessit\u00e9 ainsi que l\u2019assistance aux familles qui vivent sous le choc et sont forc\u00e9es \u00e0 rester dans leur domicile craignant pour leur s\u00e9curit\u00e9 comme ceux qui souhaitent se mettre \u00e0 l\u2019abri et qui passent d\u00e9j\u00e0 des nuits \u00e0 la rue ;<\/li>\n\n\n\n<li>L\u2019interdiction formelle par les autorit\u00e9s congolaises de tout acte portant atteinte aux personnes et aux biens, quel que soit l\u2019auteur des actes semant la terreur et des exactions sur les civils ;<\/li>\n\n\n\n<li>L\u2019appui des autorit\u00e9s judiciaires et polici\u00e8res congolaises et de la communaut\u00e9 internationale pour proc\u00e9der diligemment aux enqu\u00eates et poursuivre p\u00e9nalement tous les auteurs d\u2019homicides, de viols, de bombardements d\u2019\u00e9coles ou de centres de sant\u00e9 quels que soient les auteurs afin de lutter contre l\u2019impunit\u00e9 ;<\/li>\n\n\n\n<li>La protection des associations sans but lucratif et des infrastructures sociales, notamment scolaires et sanitaires ;<\/li>\n\n\n\n<li>L\u2019engagement de bonne foi des parties aux conflit dans un processus de r\u00e9solution pacifique ;<\/li>\n\n\n\n<li>Le soutien de la communaut\u00e9 internationale par le biais du Conseil de S\u00e9curit\u00e9 des Nations Unies en prenant une r\u00e9solution condamnant et prenant les sanctions n\u00e9cessaires pour un soutenir les populations locales et aux soci\u00e9t\u00e9s civiles afin de contribuer aux solutions de ce conflit multidimensionnel qui s&#8217;amplifie.<\/li>\n\n\n\n<li>Le soutien \u00e0 la documentation et la mise en place d&#8217;un processus de collecte d&#8217;informations pour donner une suite l\u00e9gale \u00e0 toutes les exactions que l\u2019auteur soit national ou \u00e9tranger.<\/li>\n<\/ul>\n\n\n\n<hr class=\"wp-block-separator has-alpha-channel-opacity\"\/>\n\n\n\n<h2 class=\"wp-block-heading\">Les 12 associations signataires <\/h2>\n\n\n\n<p>Agir ensemble pour les droits humains<br>Amnesty International France<br>Avocats Sans Fronti\u00e8res &#8211; France<br>Bureau international catholique de l\u2019Enfance<br>Coalition Nationale des Associations et ONG de lutte contre la Traite et le Trafic de personnes, Comit\u00e9 syndical francophone de l\u2019\u00e9ducation et de la formation<br>Ecole des Droits Humains et de la Terre<br>Ensemble contre la peine de mort<br>ENERGIES 2050<br>Forum d&#8217;\u00e9changes et de rencontres administratifs mondiaux<br>F\u00e9d\u00e9ration Internationale des ACAT<br>WIDALF Afrique de l\u2019Ouest<\/p>\n","protected":false},"excerpt":{"rendered":"<p>La situation \u00e0 Goma est dramatique : violences incessantes et exactions, civils pris au pi\u00e8ge, acc\u00e8s \u00e0 l\u2019eau et \u00e0 l\u2019\u00e9lectricit\u00e9 coup\u00e9, p\u00e9nurie de nourriture. Face \u00e0 cette catastrophe humanitaire, 12 organisations lancent un appel urgent.<\/p>\n","protected":false},"author":19,"featured_media":298714,"comment_status":"closed","ping_status":"closed","sticky":false,"template":"","format":"standard","meta":{"_acf_changed":false,"footnotes":"","jetpack_publicize_message":"","jetpack_publicize_feature_enabled":true,"jetpack_social_post_already_shared":true,"jetpack_social_options":{"image_generator_settings":{"template":"highway","default_image_id":0,"font":"","enabled":false},"version":2}},"categories":[132],"tags":[2540,366],"class_list":["post-298712","post","type-post","status-publish","format-standard","has-post-thumbnail","hentry","category-actualites-du-bice","tag-communique-de-presse","tag-rdc"],"acf":[],"yoast_head":"<!-- This site is optimized with the Yoast SEO plugin v27.2 - https:\/\/yoast.com\/product\/yoast-seo-wordpress\/ -->\n<title>Communiqu\u00e9. Respect des droits au Nord-Kivu | BICE<\/title>\n<meta name=\"description\" content=\"La situation \u00e0 Goma est dramatique. Face \u00e0 cette catastrophe humanitaire, 12 organisations lancent un appel urgent.\" \/>\n<meta name=\"robots\" content=\"index, follow, max-snippet:-1, max-image-preview:large, max-video-preview:-1\" \/>\n<link rel=\"canonical\" href=\"https:\/\/bice.org\/fr\/wp-json\/wp\/v2\/posts\/298712\" \/>\n<meta property=\"og:locale\" content=\"fr_FR\" \/>\n<meta property=\"og:type\" content=\"article\" \/>\n<meta property=\"og:title\" content=\"Communiqu\u00e9. Respect des droits au Nord-Kivu | BICE\" \/>\n<meta property=\"og:description\" content=\"La situation \u00e0 Goma est dramatique. Face \u00e0 cette catastrophe humanitaire, 12 organisations lancent un appel urgent.\" \/>\n<meta property=\"og:url\" content=\"https:\/\/bice.org\/fr\/communique-inter-associatif-respect-des-droits-et-protection-des-civils-au-nord-kivu\/\" \/>\n<meta property=\"og:site_name\" content=\"BICE - ONG de protection des droits de l&#039;enfant\" \/>\n<meta property=\"article:published_time\" content=\"2025-01-30T17:57:03+00:00\" \/>\n<meta property=\"article:modified_time\" content=\"2025-01-30T18:11:40+00:00\" \/>\n<meta property=\"og:image\" content=\"https:\/\/i0.wp.com\/bice.org\/app\/uploads\/2025\/01\/image-goma-une-web.jpg?fit=750%2C435&ssl=1\" \/>\n\t<meta property=\"og:image:width\" content=\"750\" \/>\n\t<meta property=\"og:image:height\" content=\"435\" \/>\n\t<meta property=\"og:image:type\" content=\"image\/jpeg\" \/>\n<meta name=\"author\" content=\"Tiphaine POIDEVIN\" \/>\n<meta name=\"twitter:card\" content=\"summary_large_image\" \/>\n<meta name=\"twitter:label1\" content=\"\u00c9crit par\" \/>\n\t<meta name=\"twitter:data1\" content=\"Tiphaine POIDEVIN\" \/>\n\t<meta name=\"twitter:label2\" content=\"Dur\u00e9e de lecture estim\u00e9e\" \/>\n\t<meta name=\"twitter:data2\" content=\"4 minutes\" \/>\n<!-- \/ Yoast SEO plugin. -->","yoast_head_json":{"title":"Communiqu\u00e9. Respect des droits au Nord-Kivu | BICE","description":"La situation \u00e0 Goma est dramatique. Face \u00e0 cette catastrophe humanitaire, 12 organisations lancent un appel urgent.","robots":{"index":"index","follow":"follow","max-snippet":"max-snippet:-1","max-image-preview":"max-image-preview:large","max-video-preview":"max-video-preview:-1"},"canonical":"https:\/\/bice.org\/fr\/wp-json\/wp\/v2\/posts\/298712","og_locale":"fr_FR","og_type":"article","og_title":"Communiqu\u00e9. Respect des droits au Nord-Kivu | BICE","og_description":"La situation \u00e0 Goma est dramatique. Face \u00e0 cette catastrophe humanitaire, 12 organisations lancent un appel urgent.","og_url":"https:\/\/bice.org\/fr\/communique-inter-associatif-respect-des-droits-et-protection-des-civils-au-nord-kivu\/","og_site_name":"BICE - ONG de protection des droits de l&#039;enfant","article_published_time":"2025-01-30T17:57:03+00:00","article_modified_time":"2025-01-30T18:11:40+00:00","og_image":[{"width":750,"height":435,"url":"https:\/\/i0.wp.com\/bice.org\/app\/uploads\/2025\/01\/image-goma-une-web.jpg?fit=750%2C435&ssl=1","type":"image\/jpeg"}],"author":"Tiphaine POIDEVIN","twitter_card":"summary_large_image","twitter_misc":{"\u00c9crit par":"Tiphaine POIDEVIN","Dur\u00e9e de lecture estim\u00e9e":"4 minutes"},"schema":{"@context":"https:\/\/schema.org","@graph":[{"@type":"Article","@id":"https:\/\/bice.org\/fr\/communique-inter-associatif-respect-des-droits-et-protection-des-civils-au-nord-kivu\/#article","isPartOf":{"@id":"https:\/\/bice.org\/fr\/communique-inter-associatif-respect-des-droits-et-protection-des-civils-au-nord-kivu\/"},"author":{"name":"Tiphaine POIDEVIN","@id":"https:\/\/bice.org\/fr\/#\/schema\/person\/86b15587982e756d45e62e1230e9759f"},"headline":"Communiqu\u00e9 inter-associatif. Respect des droits et protection des civils au Nord-Kivu","datePublished":"2025-01-30T17:57:03+00:00","dateModified":"2025-01-30T18:11:40+00:00","mainEntityOfPage":{"@id":"https:\/\/bice.org\/fr\/communique-inter-associatif-respect-des-droits-et-protection-des-civils-au-nord-kivu\/"},"wordCount":779,"publisher":{"@id":"https:\/\/bice.org\/fr\/#organization"},"image":{"@id":"https:\/\/bice.org\/fr\/communique-inter-associatif-respect-des-droits-et-protection-des-civils-au-nord-kivu\/#primaryimage"},"thumbnailUrl":"https:\/\/i0.wp.com\/bice.org\/app\/uploads\/2025\/01\/image-goma-une-web.jpg?fit=750%2C435&ssl=1","keywords":["Communiqu\u00e9 de presse","RDC"],"articleSection":["Actualit\u00e9s du BICE"],"inLanguage":"fr-FR"},{"@type":"WebPage","@id":"https:\/\/bice.org\/fr\/communique-inter-associatif-respect-des-droits-et-protection-des-civils-au-nord-kivu\/","url":"https:\/\/bice.org\/fr\/communique-inter-associatif-respect-des-droits-et-protection-des-civils-au-nord-kivu\/","name":"Communiqu\u00e9. Respect des droits au Nord-Kivu | BICE","isPartOf":{"@id":"https:\/\/bice.org\/fr\/#website"},"primaryImageOfPage":{"@id":"https:\/\/bice.org\/fr\/communique-inter-associatif-respect-des-droits-et-protection-des-civils-au-nord-kivu\/#primaryimage"},"image":{"@id":"https:\/\/bice.org\/fr\/communique-inter-associatif-respect-des-droits-et-protection-des-civils-au-nord-kivu\/#primaryimage"},"thumbnailUrl":"https:\/\/i0.wp.com\/bice.org\/app\/uploads\/2025\/01\/image-goma-une-web.jpg?fit=750%2C435&ssl=1","datePublished":"2025-01-30T17:57:03+00:00","dateModified":"2025-01-30T18:11:40+00:00","description":"La situation \u00e0 Goma est dramatique. Face \u00e0 cette catastrophe humanitaire, 12 organisations lancent un appel urgent.","breadcrumb":{"@id":"https:\/\/bice.org\/fr\/communique-inter-associatif-respect-des-droits-et-protection-des-civils-au-nord-kivu\/#breadcrumb"},"inLanguage":"fr-FR","potentialAction":[{"@type":"ReadAction","target":["https:\/\/bice.org\/fr\/communique-inter-associatif-respect-des-droits-et-protection-des-civils-au-nord-kivu\/"]}]},{"@type":"ImageObject","inLanguage":"fr-FR","@id":"https:\/\/bice.org\/fr\/communique-inter-associatif-respect-des-droits-et-protection-des-civils-au-nord-kivu\/#primaryimage","url":"https:\/\/i0.wp.com\/bice.org\/app\/uploads\/2025\/01\/image-goma-une-web.jpg?fit=750%2C435&ssl=1","contentUrl":"https:\/\/i0.wp.com\/bice.org\/app\/uploads\/2025\/01\/image-goma-une-web.jpg?fit=750%2C435&ssl=1","width":750,"height":435,"caption":"Goma, dimanche 26 janvier 2025"},{"@type":"BreadcrumbList","@id":"https:\/\/bice.org\/fr\/communique-inter-associatif-respect-des-droits-et-protection-des-civils-au-nord-kivu\/#breadcrumb","itemListElement":[{"@type":"ListItem","position":1,"name":"Accueil","item":"https:\/\/bice.org\/fr\/"},{"@type":"ListItem","position":2,"name":"Actualit\u00e9s du BICE","item":"https:\/\/bice.org\/fr\/theme\/actualites-du-bice\/"},{"@type":"ListItem","position":3,"name":"Communiqu\u00e9 inter-associatif. Respect des droits et protection des civils au Nord-Kivu"}]},{"@type":"WebSite","@id":"https:\/\/bice.org\/fr\/#website","url":"https:\/\/bice.org\/fr\/","name":"BICE - ONG de protection des droits de l&#039;enfant","description":"Notre mission : D\u00e9fendre les droits et la dignit\u00e9 des enfants partout dans le monde","publisher":{"@id":"https:\/\/bice.org\/fr\/#organization"},"potentialAction":[{"@type":"SearchAction","target":{"@type":"EntryPoint","urlTemplate":"https:\/\/bice.org\/fr\/?s={search_term_string}"},"query-input":{"@type":"PropertyValueSpecification","valueRequired":true,"valueName":"search_term_string"}}],"inLanguage":"fr-FR"},{"@type":"Organization","@id":"https:\/\/bice.org\/fr\/#organization","name":"BICE","url":"https:\/\/bice.org\/fr\/","logo":{"@type":"ImageObject","inLanguage":"fr-FR","@id":"https:\/\/bice.org\/fr\/#\/schema\/logo\/image\/","url":"https:\/\/bice.org\/app\/uploads\/2022\/06\/favicon.ico","contentUrl":"https:\/\/bice.org\/app\/uploads\/2022\/06\/favicon.ico","width":64,"height":64,"caption":"BICE"},"image":{"@id":"https:\/\/bice.org\/fr\/#\/schema\/logo\/image\/"}},{"@type":"Person","@id":"https:\/\/bice.org\/fr\/#\/schema\/person\/86b15587982e756d45e62e1230e9759f","name":"Tiphaine POIDEVIN","image":{"@type":"ImageObject","inLanguage":"fr-FR","@id":"https:\/\/secure.gravatar.com\/avatar\/1e6863fae181af75938b89f792dfe2810d35ae7fd6ab1fb385614a15dff81a3a?s=96&d=mm&r=g","url":"https:\/\/secure.gravatar.com\/avatar\/1e6863fae181af75938b89f792dfe2810d35ae7fd6ab1fb385614a15dff81a3a?s=96&d=mm&r=g","contentUrl":"https:\/\/secure.gravatar.com\/avatar\/1e6863fae181af75938b89f792dfe2810d35ae7fd6ab1fb385614a15dff81a3a?s=96&d=mm&r=g","caption":"Tiphaine POIDEVIN"}}]}},"jetpack_publicize_connections":[],"jetpack_featured_media_url":"https:\/\/i0.wp.com\/bice.org\/app\/uploads\/2025\/01\/image-goma-une-web.jpg?fit=750%2C435&ssl=1","jetpack_sharing_enabled":true,"_links":{"self":[{"href":"https:\/\/bice.org\/fr\/wp-json\/wp\/v2\/posts\/298712","targetHints":{"allow":["GET"]}}],"collection":[{"href":"https:\/\/bice.org\/fr\/wp-json\/wp\/v2\/posts"}],"about":[{"href":"https:\/\/bice.org\/fr\/wp-json\/wp\/v2\/types\/post"}],"author":[{"embeddable":true,"href":"https:\/\/bice.org\/fr\/wp-json\/wp\/v2\/users\/19"}],"replies":[{"embeddable":true,"href":"https:\/\/bice.org\/fr\/wp-json\/wp\/v2\/comments?post=298712"}],"version-history":[{"count":2,"href":"https:\/\/bice.org\/fr\/wp-json\/wp\/v2\/posts\/298712\/revisions"}],"predecessor-version":[{"id":298740,"href":"https:\/\/bice.org\/fr\/wp-json\/wp\/v2\/posts\/298712\/revisions\/298740"}],"wp:featuredmedia":[{"embeddable":true,"href":"https:\/\/bice.org\/fr\/wp-json\/wp\/v2\/media\/298714"}],"wp:attachment":[{"href":"https:\/\/bice.org\/fr\/wp-json\/wp\/v2\/media?parent=298712"}],"wp:term":[{"taxonomy":"category","embeddable":true,"href":"https:\/\/bice.org\/fr\/wp-json\/wp\/v2\/categories?post=298712"},{"taxonomy":"post_tag","embeddable":true,"href":"https:\/\/bice.org\/fr\/wp-json\/wp\/v2\/tags?post=298712"}],"curies":[{"name":"wp","href":"https:\/\/api.w.org\/{rel}","templated":true}]}}