{"id":30479,"date":"2017-12-11T15:18:43","date_gmt":"2017-12-11T15:18:43","guid":{"rendered":"https:\/\/bice.org\/?p=30479\/"},"modified":"2024-05-07T13:06:20","modified_gmt":"2024-05-07T11:06:20","slug":"tuteurs-de-resilience-pour-caritas-rome","status":"publish","type":"post","link":"https:\/\/bice.org\/fr\/tuteurs-de-resilience-pour-caritas-rome\/","title":{"rendered":"2017 et 2019. Des Tuteurs de r\u00e9silience pour les enfants d\u00e9plac\u00e9s en Italie"},"content":{"rendered":"<p style=\"text-align: justify;\">Les enfants non accompagn\u00e9s et s\u00e9par\u00e9s repr\u00e9sentaient 92 % du total des enfants arriv\u00e9s en Italie par la mer en 2016 et au cours des premiers mois de 2017(<a title=\"Source : Rapport Unicef 2017\" href=\"#note1\" name=\"retour au texte\">\u00b9<\/a>). Ces jeunes adolescents \u2013 en moyenne 16 ans &#8211; sont profond\u00e9ment traumatis\u00e9s. Ils ont v\u00e9cu des exp\u00e9riences terribles dans leur pays (faim, conflits, maltraitance, \u2026) ; ont voyag\u00e9 dans des conditions particuli\u00e8rement \u00e9prouvantes ; et se retrouvent dans un pays qu\u2019ils ne connaissent ni ne comprennent. Priv\u00e9s de leur famille et de tout ce qui leur est cher.<\/p>\n<p style=\"text-align: justify;\">La peur d\u2019\u00eatre enferm\u00e9 ou rejet\u00e9, la solitude, la pauvret\u00e9, l\u2019ins\u00e9curit\u00e9, le racisme\u2026 sont autant de freins \u00e0 la reconstruction des jeunes migrants. Et \u00e0 leur int\u00e9gration.&nbsp; \u00ab&nbsp;<em>Quand ils arrivent au centre, ils ont pour la plupart totalement perdu confiance en eux et en les autres. Ils ont peur,<\/em> t\u00e9moigne un \u00e9ducateur du centre interculturel d\u2019aide et d\u2019orientation (CIAO) \u00e0 Syracuse en Sicile.<em>&nbsp;Il est primordial de leur proposer un espace s\u00e9curis\u00e9, rassurant, puis un accompagnement adapt\u00e9.<\/em>&nbsp;\u00bb<\/p>\n<p>Dans ce contexte, le BICE a organis\u00e9 deux formations en Italie en direction de professionnels charg\u00e9s de l\u2019accompagnement de jeunes migrants. <strong>L&#8217;une en octobre 2017 pour Caritas Rome ; l&#8217;autre en octobre 2019 aupr\u00e8s du centre interculturel d\u2019aide et d\u2019orientation (CIAO) g\u00e9r\u00e9 par la congr\u00e9gation des fr\u00e8res maristes \u00e0 Syracuse en Sicile<\/strong>. Ces formations sont men\u00e9es avec l\u2019appui de l\u2019Universit\u00e9 Catholique du Sacr\u00e9 C\u0153ur de Milan.<\/p>\n<h2>Une formation Tuteurs de r\u00e9silience pour la congr\u00e9gation des fr\u00e8res maristes \u00e0 Syracuse<\/h2>\n<p>Pendant trois jours, <strong>18 \u00e9ducateurs, professeurs d\u2019italien et avocats<\/strong>, tous intervenants au CIAO aupr\u00e8s des jeunes migrants, ont ainsi particip\u00e9 \u00e0 une&nbsp;<a href=\"https:\/\/bice.org\/fr\/actions-de-terrain\/domaines-daction\/tuteurs-de-resilience\/\">formation Tuteurs de r\u00e9silience<\/a>&nbsp;adapt\u00e9e aux sp\u00e9cificit\u00e9s de ce public. L\u2019objectif ? Am\u00e9liorer l\u2019accompagnement propos\u00e9 et \u00e9pauler ces jeunes dans leur parcours de r\u00e9silience. Une partie de la formation s\u2019est donc pench\u00e9e sur le processus migratoire et la construction identitaire dans un pays \u00e9tranger. L\u2019adolescence et le retard de d\u00e9veloppement susceptibles d\u2019\u00eatre caus\u00e9s par des exp\u00e9riences traumatisantes pendant le voyage ont \u00e9galement fait l\u2019objet d\u2019une attention particuli\u00e8re.<\/p>\n<p>Pour une meilleure compr\u00e9hension de ce que peuvent ressentir les migrants, les participants ont par ailleurs recherch\u00e9 dans leur histoire leurs propres exp\u00e9riences de changement (nouveau travail, d\u00e9m\u00e9nagement\u2026). Un atelier qui favorise l\u2019empathie, l\u2019un des ingr\u00e9dients cl\u00e9s de l\u2019accompagnement vers la r\u00e9silience. Les participants ont aussi d\u00e9couvert des activit\u00e9s \u00e0 mettre en place avec les jeunes afin de favoriser le dialogue, la confiance en soi, l\u2019entraide\u2026 Et donc, le processus de r\u00e9silience. <strong>Quelque 1625 jeunes b\u00e9n\u00e9ficient indirectement de cette formation<\/strong>.<\/p>\n<h2 style=\"text-align: justify;\">Une formation Tuteurs de r\u00e9silience pour Caritas Rome<\/h2>\n<p style=\"text-align: justify;\">Active depuis 1988, <a href=\"https:\/\/www.caritas.org\/where-caritas-work\/europe\/italy\/\" target=\"_blank\" rel=\"noopener\">Caritas Rome<\/a> a pour mission de recueillir ces jeunes en d\u00e9tresse et de les aider \u00e0 se reconstruire, physiquement et psychiquement, gr\u00e2ce \u00e0 un soutien pluridisciplinaire. Depuis sa cr\u00e9ation, 8 000 enfants, italiens ou \u00e9trangers, ont ainsi \u00e9t\u00e9 accueillis dans ses 4 centres. A cause de l\u2019afflux toujours plus important de ces jeunes migrants, si profond\u00e9ment bless\u00e9s par la vie et issus de culture si diverses, Caritas Rome a fait appel au BICE pour la soutenir dans son action. <strong>42 membres des \u00e9quipes de Caritas<\/strong>, r\u00e9partis en deux groupes, ont b\u00e9n\u00e9fici\u00e9 de 3 jours de formation en octobre 2017. Ces journ\u00e9es, rythm\u00e9es par des apports th\u00e9oriques et pratiques et des travaux individuels ou en groupe, ont permis de travailler sur :<\/p>\n<p>-la d\u00e9finition du concept de r\u00e9silience ;<\/p>\n<p>-l\u2019importance d\u2019appr\u00e9hender la relation avec les enfants sous l\u2019angle de la r\u00e9silience et non de la vuln\u00e9rabilit\u00e9 ;<\/p>\n<p>-le contexte psycho-social sp\u00e9cifique de ces jeunes d\u00e9plac\u00e9s dans des camps ou des centres communautaires nationaux et internationaux ;<\/p>\n<p>-les facteurs de risque (ins\u00e9curit\u00e9, solitude, mort, sentiment d\u2019inad\u00e9quation et peur de l\u2019inconnu, \u2026) et de protection (insertion scolaire ou professionnelle dans le pays d\u2019accueil, soutien psychologique, spiritualit\u00e9, \u2026) propres \u00e0 ces enfants ;<\/p>\n<p>-les ateliers \u00e0 r\u00e9aliser avec les jeunes pour les aider \u00e0 surmonter leurs traumatismes.<\/p>\n<p style=\"text-align: justify;\">Les participants des deux formations ont particuli\u00e8rement appr\u00e9ci\u00e9 cet apport de nouvelles m\u00e9thodes concr\u00e8tes. Nombre d\u2019entre eux se trouvent en effet bien souvent d\u00e9munis et impuissants face \u00e0 cette mis\u00e8re immense. Cette formation leur a permis de regagner foi et \u00e9nergie dans leur mission et a soud\u00e9 les \u00e9quipes.<\/p>\n<p>&nbsp;<\/p>\n","protected":false},"excerpt":{"rendered":"<p>170 000 enfants non accompagn\u00e9s ont demand\u00e9 asile en Europe en 2015-2016. Et ce chiffre ne cesse de progresser. S\u00e9par\u00e9s de leurs parents lors du trajet ou venus seuls, fuyant la pauvret\u00e9 extr\u00eame ou les violences de leur pays, ces enfants et ces jeunes sont en qu\u00eate d\u2019un avenir meilleur.<\/p>\n","protected":false},"author":3,"featured_media":30487,"comment_status":"closed","ping_status":"closed","sticky":false,"template":"","format":"standard","meta":{"_acf_changed":false,"footnotes":"","jetpack_publicize_message":"","jetpack_publicize_feature_enabled":true,"jetpack_social_post_already_shared":false,"jetpack_social_options":{"image_generator_settings":{"template":"highway","default_image_id":0,"font":"","enabled":false},"version":2}},"categories":[2523],"tags":[1436,1419,1820,591,1351,737],"class_list":["post-30479","post","type-post","status-publish","format-standard","has-post-thumbnail","hentry","category-archives","tag-caritas","tag-enfants-deplaces","tag-freres-maristes","tag-italie","tag-resilience-2","tag-tuteurs-de-resilience"],"acf":[],"yoast_head":"<!-- This site is optimized with the Yoast SEO plugin v27.2 - https:\/\/yoast.com\/product\/yoast-seo-wordpress\/ -->\n<title>Tuteurs de r\u00e9silience pour les enfants d\u00e9plac\u00e9s en Italie<\/title>\n<meta name=\"description\" content=\"Tuteurs de r\u00e9silience pour les enfants d\u00e9plac\u00e9s en Italie : le BICE a organis\u00e9 deux formations avec l&#039;appui de l\u2019Universit\u00e9 Catholique du Sacr\u00e9 C\u0153ur de Milan.\" \/>\n<meta name=\"robots\" content=\"index, follow, max-snippet:-1, max-image-preview:large, max-video-preview:-1\" \/>\n<link rel=\"canonical\" href=\"https:\/\/bice.org\/fr\/wp-json\/wp\/v2\/posts\/30479\" \/>\n<meta property=\"og:locale\" content=\"fr_FR\" \/>\n<meta property=\"og:type\" content=\"article\" \/>\n<meta property=\"og:title\" content=\"Tuteurs de r\u00e9silience pour les enfants d\u00e9plac\u00e9s en Italie\" \/>\n<meta property=\"og:description\" content=\"Tuteurs de r\u00e9silience pour les enfants d\u00e9plac\u00e9s en Italie : le BICE a organis\u00e9 deux formations avec l&#039;appui de l\u2019Universit\u00e9 Catholique du Sacr\u00e9 C\u0153ur de Milan.\" \/>\n<meta property=\"og:url\" content=\"https:\/\/bice.org\/fr\/tuteurs-de-resilience-pour-caritas-rome\/\" \/>\n<meta property=\"og:site_name\" content=\"BICE - ONG de protection des droits de l&#039;enfant\" \/>\n<meta property=\"article:published_time\" content=\"2017-12-11T15:18:43+00:00\" \/>\n<meta property=\"article:modified_time\" content=\"2024-05-07T11:06:20+00:00\" \/>\n<meta property=\"og:image\" content=\"https:\/\/i0.wp.com\/bice.org\/app\/uploads\/2017\/12\/R%C3%A9silience-Rome%40caritasrome.jpg?fit=2083%2C906&ssl=1\" \/>\n\t<meta property=\"og:image:width\" content=\"2083\" \/>\n\t<meta property=\"og:image:height\" content=\"906\" \/>\n\t<meta property=\"og:image:type\" content=\"image\/jpeg\" \/>\n<meta name=\"author\" content=\"BICE\" \/>\n<meta name=\"twitter:card\" content=\"summary_large_image\" \/>\n<meta name=\"twitter:label1\" content=\"\u00c9crit par\" \/>\n\t<meta name=\"twitter:data1\" content=\"BICE\" \/>\n\t<meta name=\"twitter:label2\" content=\"Dur\u00e9e de lecture estim\u00e9e\" \/>\n\t<meta name=\"twitter:data2\" content=\"4 minutes\" \/>\n<!-- \/ Yoast SEO plugin. -->","yoast_head_json":{"title":"Tuteurs de r\u00e9silience pour les enfants d\u00e9plac\u00e9s en Italie","description":"Tuteurs de r\u00e9silience pour les enfants d\u00e9plac\u00e9s en Italie : le BICE a organis\u00e9 deux formations avec l'appui de l\u2019Universit\u00e9 Catholique du Sacr\u00e9 C\u0153ur de Milan.","robots":{"index":"index","follow":"follow","max-snippet":"max-snippet:-1","max-image-preview":"max-image-preview:large","max-video-preview":"max-video-preview:-1"},"canonical":"https:\/\/bice.org\/fr\/wp-json\/wp\/v2\/posts\/30479","og_locale":"fr_FR","og_type":"article","og_title":"Tuteurs de r\u00e9silience pour les enfants d\u00e9plac\u00e9s en Italie","og_description":"Tuteurs de r\u00e9silience pour les enfants d\u00e9plac\u00e9s en Italie : le BICE a organis\u00e9 deux formations avec l'appui de l\u2019Universit\u00e9 Catholique du Sacr\u00e9 C\u0153ur de Milan.","og_url":"https:\/\/bice.org\/fr\/tuteurs-de-resilience-pour-caritas-rome\/","og_site_name":"BICE - ONG de protection des droits de l&#039;enfant","article_published_time":"2017-12-11T15:18:43+00:00","article_modified_time":"2024-05-07T11:06:20+00:00","og_image":[{"width":2083,"height":906,"url":"https:\/\/i0.wp.com\/bice.org\/app\/uploads\/2017\/12\/R%C3%A9silience-Rome%40caritasrome.jpg?fit=2083%2C906&ssl=1","type":"image\/jpeg"}],"author":"BICE","twitter_card":"summary_large_image","twitter_misc":{"\u00c9crit par":"BICE","Dur\u00e9e de lecture estim\u00e9e":"4 minutes"},"schema":{"@context":"https:\/\/schema.org","@graph":[{"@type":"Article","@id":"https:\/\/bice.org\/fr\/tuteurs-de-resilience-pour-caritas-rome\/#article","isPartOf":{"@id":"https:\/\/bice.org\/fr\/tuteurs-de-resilience-pour-caritas-rome\/"},"author":{"name":"BICE","@id":"https:\/\/bice.org\/fr\/#\/schema\/person\/d2ad3c47fafb278234233a8cb54707b4"},"headline":"2017 et 2019. Des Tuteurs de r\u00e9silience pour les enfants d\u00e9plac\u00e9s en Italie","datePublished":"2017-12-11T15:18:43+00:00","dateModified":"2024-05-07T11:06:20+00:00","mainEntityOfPage":{"@id":"https:\/\/bice.org\/fr\/tuteurs-de-resilience-pour-caritas-rome\/"},"wordCount":774,"publisher":{"@id":"https:\/\/bice.org\/fr\/#organization"},"image":{"@id":"https:\/\/bice.org\/fr\/tuteurs-de-resilience-pour-caritas-rome\/#primaryimage"},"thumbnailUrl":"https:\/\/i0.wp.com\/bice.org\/app\/uploads\/2017\/12\/R%C3%A9silience-Rome%40caritasrome.jpg?fit=2083%2C906&ssl=1","keywords":["Caritas","enfants d\u00e9plac\u00e9s","Fr\u00e8res Maristes","Italie","R\u00e9silience","Tuteurs de r\u00e9silience"],"articleSection":["archives"],"inLanguage":"fr-FR"},{"@type":"WebPage","@id":"https:\/\/bice.org\/fr\/tuteurs-de-resilience-pour-caritas-rome\/","url":"https:\/\/bice.org\/fr\/tuteurs-de-resilience-pour-caritas-rome\/","name":"Tuteurs de r\u00e9silience pour les enfants d\u00e9plac\u00e9s en Italie","isPartOf":{"@id":"https:\/\/bice.org\/fr\/#website"},"primaryImageOfPage":{"@id":"https:\/\/bice.org\/fr\/tuteurs-de-resilience-pour-caritas-rome\/#primaryimage"},"image":{"@id":"https:\/\/bice.org\/fr\/tuteurs-de-resilience-pour-caritas-rome\/#primaryimage"},"thumbnailUrl":"https:\/\/i0.wp.com\/bice.org\/app\/uploads\/2017\/12\/R%C3%A9silience-Rome%40caritasrome.jpg?fit=2083%2C906&ssl=1","datePublished":"2017-12-11T15:18:43+00:00","dateModified":"2024-05-07T11:06:20+00:00","description":"Tuteurs de r\u00e9silience pour les enfants d\u00e9plac\u00e9s en Italie : le BICE a organis\u00e9 deux formations avec l'appui de l\u2019Universit\u00e9 Catholique du Sacr\u00e9 C\u0153ur de Milan.","breadcrumb":{"@id":"https:\/\/bice.org\/fr\/tuteurs-de-resilience-pour-caritas-rome\/#breadcrumb"},"inLanguage":"fr-FR","potentialAction":[{"@type":"ReadAction","target":["https:\/\/bice.org\/fr\/tuteurs-de-resilience-pour-caritas-rome\/"]}]},{"@type":"ImageObject","inLanguage":"fr-FR","@id":"https:\/\/bice.org\/fr\/tuteurs-de-resilience-pour-caritas-rome\/#primaryimage","url":"https:\/\/i0.wp.com\/bice.org\/app\/uploads\/2017\/12\/R%C3%A9silience-Rome%40caritasrome.jpg?fit=2083%2C906&ssl=1","contentUrl":"https:\/\/i0.wp.com\/bice.org\/app\/uploads\/2017\/12\/R%C3%A9silience-Rome%40caritasrome.jpg?fit=2083%2C906&ssl=1","width":2083,"height":906,"caption":"@ Caritas Rome"},{"@type":"BreadcrumbList","@id":"https:\/\/bice.org\/fr\/tuteurs-de-resilience-pour-caritas-rome\/#breadcrumb","itemListElement":[{"@type":"ListItem","position":1,"name":"Accueil","item":"https:\/\/bice.org\/fr\/"},{"@type":"ListItem","position":2,"name":"archives","item":"https:\/\/bice.org\/fr\/theme\/archives\/"},{"@type":"ListItem","position":3,"name":"2017 et 2019. Des Tuteurs de r\u00e9silience pour les enfants d\u00e9plac\u00e9s en Italie"}]},{"@type":"WebSite","@id":"https:\/\/bice.org\/fr\/#website","url":"https:\/\/bice.org\/fr\/","name":"BICE - ONG de protection des droits de l&#039;enfant","description":"Notre mission : D\u00e9fendre les droits et la dignit\u00e9 des enfants partout dans le monde","publisher":{"@id":"https:\/\/bice.org\/fr\/#organization"},"potentialAction":[{"@type":"SearchAction","target":{"@type":"EntryPoint","urlTemplate":"https:\/\/bice.org\/fr\/?s={search_term_string}"},"query-input":{"@type":"PropertyValueSpecification","valueRequired":true,"valueName":"search_term_string"}}],"inLanguage":"fr-FR"},{"@type":"Organization","@id":"https:\/\/bice.org\/fr\/#organization","name":"BICE","url":"https:\/\/bice.org\/fr\/","logo":{"@type":"ImageObject","inLanguage":"fr-FR","@id":"https:\/\/bice.org\/fr\/#\/schema\/logo\/image\/","url":"https:\/\/bice.org\/app\/uploads\/2022\/06\/favicon.ico","contentUrl":"https:\/\/bice.org\/app\/uploads\/2022\/06\/favicon.ico","width":64,"height":64,"caption":"BICE"},"image":{"@id":"https:\/\/bice.org\/fr\/#\/schema\/logo\/image\/"}},{"@type":"Person","@id":"https:\/\/bice.org\/fr\/#\/schema\/person\/d2ad3c47fafb278234233a8cb54707b4","name":"BICE","image":{"@type":"ImageObject","inLanguage":"fr-FR","@id":"https:\/\/secure.gravatar.com\/avatar\/43bcfdb745dd80b8374b0aaa21c6dd30b2976a6bdea12b3018b51f255692facc?s=96&d=mm&r=g","url":"https:\/\/secure.gravatar.com\/avatar\/43bcfdb745dd80b8374b0aaa21c6dd30b2976a6bdea12b3018b51f255692facc?s=96&d=mm&r=g","contentUrl":"https:\/\/secure.gravatar.com\/avatar\/43bcfdb745dd80b8374b0aaa21c6dd30b2976a6bdea12b3018b51f255692facc?s=96&d=mm&r=g","caption":"BICE"}}]}},"jetpack_publicize_connections":[],"jetpack_featured_media_url":"https:\/\/i0.wp.com\/bice.org\/app\/uploads\/2017\/12\/R%C3%A9silience-Rome%40caritasrome.jpg?fit=2083%2C906&ssl=1","jetpack_sharing_enabled":true,"_links":{"self":[{"href":"https:\/\/bice.org\/fr\/wp-json\/wp\/v2\/posts\/30479","targetHints":{"allow":["GET"]}}],"collection":[{"href":"https:\/\/bice.org\/fr\/wp-json\/wp\/v2\/posts"}],"about":[{"href":"https:\/\/bice.org\/fr\/wp-json\/wp\/v2\/types\/post"}],"author":[{"embeddable":true,"href":"https:\/\/bice.org\/fr\/wp-json\/wp\/v2\/users\/3"}],"replies":[{"embeddable":true,"href":"https:\/\/bice.org\/fr\/wp-json\/wp\/v2\/comments?post=30479"}],"version-history":[{"count":0,"href":"https:\/\/bice.org\/fr\/wp-json\/wp\/v2\/posts\/30479\/revisions"}],"wp:featuredmedia":[{"embeddable":true,"href":"https:\/\/bice.org\/fr\/wp-json\/wp\/v2\/media\/30487"}],"wp:attachment":[{"href":"https:\/\/bice.org\/fr\/wp-json\/wp\/v2\/media?parent=30479"}],"wp:term":[{"taxonomy":"category","embeddable":true,"href":"https:\/\/bice.org\/fr\/wp-json\/wp\/v2\/categories?post=30479"},{"taxonomy":"post_tag","embeddable":true,"href":"https:\/\/bice.org\/fr\/wp-json\/wp\/v2\/tags?post=30479"}],"curies":[{"name":"wp","href":"https:\/\/api.w.org\/{rel}","templated":true}]}}