{"id":31275,"date":"2018-02-06T09:30:15","date_gmt":"2018-02-06T09:30:15","guid":{"rendered":"https:\/\/bice.org\/?p=31275\/"},"modified":"2024-04-23T14:26:50","modified_gmt":"2024-04-23T12:26:50","slug":"proteger-les-enfants-contre-les-fake-news","status":"publish","type":"post","link":"https:\/\/bice.org\/fr\/proteger-les-enfants-contre-les-fake-news\/","title":{"rendered":"Safer Internet day : comment prot\u00e9ger les enfants contre les fake news"},"content":{"rendered":"<p style=\"text-align: justify;\">Dans son message pour la Journ\u00e9e mondiale des communications sociales, le pape Fran\u00e7ois a tenu \u00e0 d\u00e9finir la <strong>fake news, \u00ab cette d\u00e9sinformation diffus\u00e9e en ligne ou dans les m\u00e9dias traditionnels<\/strong>. \u00bb Il a rappel\u00e9 l\u2019objectif, tr\u00e8s clair, de ces \u00ab informations non fond\u00e9es, bas\u00e9es sur des donn\u00e9es inexistantes ou d\u00e9form\u00e9es \u00bb qui visent \u00e0 tromper voire \u00e0 manipuler le lecteur.<\/p>\n<h2 style=\"text-align: justify;\">Prot\u00e9ger les enfants contre les fake news : une mission d\u2019\u00e9ducation<\/h2>\n<p style=\"text-align: justify;\">Dans une analyse fine, le Pape Fran\u00e7ois s\u2019est attach\u00e9 \u00e0 d\u00e9monter le m\u00e9canisme des fake news et leurs dangers.<\/p>\n<ul>\n<li style=\"text-align: justify;\">De nature mim\u00e9tique, elles sont capables d\u2019appara\u00eetre plausibles.<\/li>\n<li style=\"text-align: justify;\">Elles s\u2019appuient sur des st\u00e9r\u00e9otypes et des pr\u00e9jug\u00e9s diffus.<\/li>\n<li style=\"text-align: justify;\">Elles font appel \u00e0 des \u00e9motions imm\u00e9diates, faciles \u00e0 susciter, comme la peur, la col\u00e8re, \u2026<\/li>\n<li style=\"text-align: justify;\">Elles se r\u00e9pandent dans des environnements num\u00e9riques homog\u00e8nes, imperm\u00e9ables \u00e0 des perspectives et des opinions divergentes.<br \/>\n\u00ab Le drame de la d\u00e9sinformation \u00bb, a insist\u00e9 le Saint-P\u00e8re, c\u2019\u00ab est la discr\u00e9ditation de l\u2019autre, sa repr\u00e9sentation comme ennemi, jusqu\u2019\u00e0 la diabolisation susceptible d\u2019attiser les conflits \u00bb.<\/li>\n<\/ul>\n<p style=\"text-align: justify;\">Prot\u00e9ger les enfants contre les fake news est donc un enjeu crucial pour notre soci\u00e9t\u00e9, \u00e0 l\u2019heure o\u00f9 ces derniers sont de plus en plus satur\u00e9s d\u2019informations et livr\u00e9s \u00e0 eux-m\u00eames devant leurs \u00e9crans. En France, les jeunes de 13-19 ans sont d\u00e9j\u00e0 81% \u00e0 poss\u00e9der un smartphone, 77% \u00e0 avoir un compte Facebook, et 79% un compte Youtube (Etude Ipsos Junior connect 2017). Etat, enseignants, journalistes, parents : il importe \u00e0 chacun de relever la mission de <a href=\"https:\/\/bice.org\/fr\/le-bice\/qui-sommes-nous\/\">protection<\/a> et d\u2019<a href=\"https:\/\/bice.org\/fr\/actions-de-terrain\/domaines-daction\/le-bice-une-association-qui-agit-pour-le-droit-a-leducation-de-tous-les-enfants\/\">\u00e9ducation<\/a> qui lui incombe en la mati\u00e8re.<\/p>\n<h2 style=\"text-align: justify;\">Des initiatives pour promouvoir la v\u00e9rit\u00e9 comme instrument de paix<\/h2>\n<p style=\"text-align: justify;\">Le pape Fran\u00e7ois a ainsi lou\u00e9 \u00ab les initiatives \u00e9ducatives qui permettent d\u2019apprendre \u00e0 lire et \u00e0 \u00e9valuer le contexte communicatif (pour) ne pas \u00eatre des propagateurs inconscients de la d\u00e9sinformation, mais des acteurs de son d\u00e9voilement. \u00bb Le Safer Internet Day du 6 f\u00e9vrier prochain s\u2019inscrit dans ce mouvement. Des ateliers, des animations et des conf\u00e9rences auront lieu dans toute la France, tout au long du mois de f\u00e9vrier, afin de <strong>prot\u00e9ger les enfants contre les fake news en les sensibilisant au d\u00e9cryptage de l\u2019information sur la toile<\/strong>. <em><a href=\"http:\/\/www.internetsanscrainte.fr\/le-projet\/safer-internet-day-2018-presentation\" target=\"_blank\" rel=\"noopener\">Pour en savoir plus<\/a><\/em><\/p>\n<p style=\"text-align: justify;\">Le Saint P\u00e8re a \u00e9galement soulign\u00e9 le r\u00f4le pr\u00e9pond\u00e9rant des journalistes qui \u00ab dans le monde contemporain, n\u2019exercent pas seulement un m\u00e9tier, mais une v\u00e9ritable mission. (\u2026) L\u2019exactitude des sources, le soin de la communication sont (en effet) de v\u00e9ritable processus de d\u00e9veloppement du bien qui g\u00e9n\u00e8rent la confiance et ouvrent des voies de communion et de paix \u00bb. Cette injonction \u00e0 un journalisme de paix a inspir\u00e9 les <a href=\"http:\/\/www.medias-catholiques.fr\/journees-francois-de-sales\/journees-saint-francois-de-sales-2018\" target=\"_blank\" rel=\"noopener\">22e journ\u00e9es Saint Fran\u00e7ois de Sales<\/a> qui se sont tenues \u00e0 Lourdes, du 22 au 26 janvier. Pr\u00e8s de 300 journalistes catholiques s\u2019y \u00e9taient r\u00e9unis pour r\u00e9fl\u00e9chir et d\u00e9battre sur le th\u00e8me \u00ab M\u00e9dias et v\u00e9rit\u00e9 \u00bb.<\/p>\n","protected":false},"excerpt":{"rendered":"<p>Chaque ann\u00e9e, le Safer Internet Day est l\u2019occasion de souligner les dangers que l\u2019utilisation d\u2019internet peut repr\u00e9senter pour les enfants. Cette ann\u00e9e, l\u2019accent est mis sur les fake news : comment \u00e9duquer les enfants pour les prot\u00e9ger de ces informations trompeuses ?<\/p>\n","protected":false},"author":3,"featured_media":31276,"comment_status":"closed","ping_status":"closed","sticky":false,"template":"","format":"standard","meta":{"_acf_changed":false,"footnotes":"","jetpack_publicize_message":"","jetpack_publicize_feature_enabled":true,"jetpack_social_post_already_shared":false,"jetpack_social_options":{"image_generator_settings":{"template":"highway","default_image_id":0,"font":"","enabled":false},"version":2}},"categories":[132],"tags":[1552,400,1159,1553,554,610],"class_list":["post-31275","post","type-post","status-publish","format-standard","has-post-thumbnail","hentry","category-actualites-du-bice","tag-dangers-dinternet","tag-education","tag-education-aux-droits","tag-fake-news","tag-pape-francois","tag-safer-internet-day"],"acf":[],"yoast_head":"<!-- This site is optimized with the Yoast SEO plugin v27.2 - https:\/\/yoast.com\/product\/yoast-seo-wordpress\/ -->\n<title>Safer Internet day : comment prot\u00e9ger les enfants contre les fake news<\/title>\n<meta name=\"description\" content=\"Prot\u00e9ger les enfants contre les fake news : comment \u00e9duquer les enfants pour les prot\u00e9ger de ces informations trompeuses ?\" \/>\n<meta name=\"robots\" content=\"index, follow, max-snippet:-1, max-image-preview:large, max-video-preview:-1\" \/>\n<link rel=\"canonical\" href=\"https:\/\/bice.org\/fr\/wp-json\/wp\/v2\/posts\/31275\" \/>\n<meta property=\"og:locale\" content=\"fr_FR\" \/>\n<meta property=\"og:type\" content=\"article\" \/>\n<meta property=\"og:title\" content=\"Safer Internet day : comment prot\u00e9ger les enfants contre les fake news\" \/>\n<meta property=\"og:description\" content=\"Prot\u00e9ger les enfants contre les fake news : comment \u00e9duquer les enfants pour les prot\u00e9ger de ces informations trompeuses ?\" \/>\n<meta property=\"og:url\" content=\"https:\/\/bice.org\/fr\/proteger-les-enfants-contre-les-fake-news\/\" \/>\n<meta property=\"og:site_name\" content=\"BICE - ONG de protection des droits de l&#039;enfant\" \/>\n<meta property=\"article:published_time\" content=\"2018-02-06T09:30:15+00:00\" \/>\n<meta property=\"article:modified_time\" content=\"2024-04-23T12:26:50+00:00\" \/>\n<meta property=\"og:image\" content=\"https:\/\/i0.wp.com\/bice.org\/app\/uploads\/2018\/02\/SaferInternetDay%40AdobeStock.jpg?fit=1000%2C435&ssl=1\" \/>\n\t<meta property=\"og:image:width\" content=\"1000\" \/>\n\t<meta property=\"og:image:height\" content=\"435\" \/>\n\t<meta property=\"og:image:type\" content=\"image\/jpeg\" \/>\n<meta name=\"author\" content=\"BICE\" \/>\n<meta name=\"twitter:card\" content=\"summary_large_image\" \/>\n<meta name=\"twitter:label1\" content=\"\u00c9crit par\" \/>\n\t<meta name=\"twitter:data1\" content=\"BICE\" \/>\n\t<meta name=\"twitter:label2\" content=\"Dur\u00e9e de lecture estim\u00e9e\" \/>\n\t<meta name=\"twitter:data2\" content=\"3 minutes\" \/>\n<!-- \/ Yoast SEO plugin. -->","yoast_head_json":{"title":"Safer Internet day : comment prot\u00e9ger les enfants contre les fake news","description":"Prot\u00e9ger les enfants contre les fake news : comment \u00e9duquer les enfants pour les prot\u00e9ger de ces informations trompeuses ?","robots":{"index":"index","follow":"follow","max-snippet":"max-snippet:-1","max-image-preview":"max-image-preview:large","max-video-preview":"max-video-preview:-1"},"canonical":"https:\/\/bice.org\/fr\/wp-json\/wp\/v2\/posts\/31275","og_locale":"fr_FR","og_type":"article","og_title":"Safer Internet day : comment prot\u00e9ger les enfants contre les fake news","og_description":"Prot\u00e9ger les enfants contre les fake news : comment \u00e9duquer les enfants pour les prot\u00e9ger de ces informations trompeuses ?","og_url":"https:\/\/bice.org\/fr\/proteger-les-enfants-contre-les-fake-news\/","og_site_name":"BICE - ONG de protection des droits de l&#039;enfant","article_published_time":"2018-02-06T09:30:15+00:00","article_modified_time":"2024-04-23T12:26:50+00:00","og_image":[{"width":1000,"height":435,"url":"https:\/\/i0.wp.com\/bice.org\/app\/uploads\/2018\/02\/SaferInternetDay%40AdobeStock.jpg?fit=1000%2C435&ssl=1","type":"image\/jpeg"}],"author":"BICE","twitter_card":"summary_large_image","twitter_misc":{"\u00c9crit par":"BICE","Dur\u00e9e de lecture estim\u00e9e":"3 minutes"},"schema":{"@context":"https:\/\/schema.org","@graph":[{"@type":"Article","@id":"https:\/\/bice.org\/fr\/proteger-les-enfants-contre-les-fake-news\/#article","isPartOf":{"@id":"https:\/\/bice.org\/fr\/proteger-les-enfants-contre-les-fake-news\/"},"author":{"name":"BICE","@id":"https:\/\/bice.org\/fr\/#\/schema\/person\/d2ad3c47fafb278234233a8cb54707b4"},"headline":"Safer Internet day : comment prot\u00e9ger les enfants contre les fake news","datePublished":"2018-02-06T09:30:15+00:00","dateModified":"2024-04-23T12:26:50+00:00","mainEntityOfPage":{"@id":"https:\/\/bice.org\/fr\/proteger-les-enfants-contre-les-fake-news\/"},"wordCount":521,"publisher":{"@id":"https:\/\/bice.org\/fr\/#organization"},"image":{"@id":"https:\/\/bice.org\/fr\/proteger-les-enfants-contre-les-fake-news\/#primaryimage"},"thumbnailUrl":"https:\/\/i0.wp.com\/bice.org\/app\/uploads\/2018\/02\/SaferInternetDay%40AdobeStock.jpg?fit=1000%2C435&ssl=1","keywords":["dangers d\u2019internet","\u00e9ducation","Education aux droits","Fake news","Pape Fran\u00e7ois","Safer internet day"],"articleSection":["Actualit\u00e9s du BICE"],"inLanguage":"fr-FR"},{"@type":"WebPage","@id":"https:\/\/bice.org\/fr\/proteger-les-enfants-contre-les-fake-news\/","url":"https:\/\/bice.org\/fr\/proteger-les-enfants-contre-les-fake-news\/","name":"Safer Internet day : comment prot\u00e9ger les enfants contre les fake news","isPartOf":{"@id":"https:\/\/bice.org\/fr\/#website"},"primaryImageOfPage":{"@id":"https:\/\/bice.org\/fr\/proteger-les-enfants-contre-les-fake-news\/#primaryimage"},"image":{"@id":"https:\/\/bice.org\/fr\/proteger-les-enfants-contre-les-fake-news\/#primaryimage"},"thumbnailUrl":"https:\/\/i0.wp.com\/bice.org\/app\/uploads\/2018\/02\/SaferInternetDay%40AdobeStock.jpg?fit=1000%2C435&ssl=1","datePublished":"2018-02-06T09:30:15+00:00","dateModified":"2024-04-23T12:26:50+00:00","description":"Prot\u00e9ger les enfants contre les fake news : comment \u00e9duquer les enfants pour les prot\u00e9ger de ces informations trompeuses ?","breadcrumb":{"@id":"https:\/\/bice.org\/fr\/proteger-les-enfants-contre-les-fake-news\/#breadcrumb"},"inLanguage":"fr-FR","potentialAction":[{"@type":"ReadAction","target":["https:\/\/bice.org\/fr\/proteger-les-enfants-contre-les-fake-news\/"]}]},{"@type":"ImageObject","inLanguage":"fr-FR","@id":"https:\/\/bice.org\/fr\/proteger-les-enfants-contre-les-fake-news\/#primaryimage","url":"https:\/\/i0.wp.com\/bice.org\/app\/uploads\/2018\/02\/SaferInternetDay%40AdobeStock.jpg?fit=1000%2C435&ssl=1","contentUrl":"https:\/\/i0.wp.com\/bice.org\/app\/uploads\/2018\/02\/SaferInternetDay%40AdobeStock.jpg?fit=1000%2C435&ssl=1","width":1000,"height":435,"caption":"\u00a9Jandrie Lombard\/AdobeStock"},{"@type":"BreadcrumbList","@id":"https:\/\/bice.org\/fr\/proteger-les-enfants-contre-les-fake-news\/#breadcrumb","itemListElement":[{"@type":"ListItem","position":1,"name":"Accueil","item":"https:\/\/bice.org\/fr\/"},{"@type":"ListItem","position":2,"name":"Actualit\u00e9s du BICE","item":"https:\/\/bice.org\/fr\/theme\/actualites-du-bice\/"},{"@type":"ListItem","position":3,"name":"Safer Internet day : comment prot\u00e9ger les enfants contre les fake news"}]},{"@type":"WebSite","@id":"https:\/\/bice.org\/fr\/#website","url":"https:\/\/bice.org\/fr\/","name":"BICE - ONG de protection des droits de l&#039;enfant","description":"Notre mission : D\u00e9fendre les droits et la dignit\u00e9 des enfants partout dans le monde","publisher":{"@id":"https:\/\/bice.org\/fr\/#organization"},"potentialAction":[{"@type":"SearchAction","target":{"@type":"EntryPoint","urlTemplate":"https:\/\/bice.org\/fr\/?s={search_term_string}"},"query-input":{"@type":"PropertyValueSpecification","valueRequired":true,"valueName":"search_term_string"}}],"inLanguage":"fr-FR"},{"@type":"Organization","@id":"https:\/\/bice.org\/fr\/#organization","name":"BICE","url":"https:\/\/bice.org\/fr\/","logo":{"@type":"ImageObject","inLanguage":"fr-FR","@id":"https:\/\/bice.org\/fr\/#\/schema\/logo\/image\/","url":"https:\/\/bice.org\/app\/uploads\/2022\/06\/favicon.ico","contentUrl":"https:\/\/bice.org\/app\/uploads\/2022\/06\/favicon.ico","width":64,"height":64,"caption":"BICE"},"image":{"@id":"https:\/\/bice.org\/fr\/#\/schema\/logo\/image\/"}},{"@type":"Person","@id":"https:\/\/bice.org\/fr\/#\/schema\/person\/d2ad3c47fafb278234233a8cb54707b4","name":"BICE","image":{"@type":"ImageObject","inLanguage":"fr-FR","@id":"https:\/\/secure.gravatar.com\/avatar\/43bcfdb745dd80b8374b0aaa21c6dd30b2976a6bdea12b3018b51f255692facc?s=96&d=mm&r=g","url":"https:\/\/secure.gravatar.com\/avatar\/43bcfdb745dd80b8374b0aaa21c6dd30b2976a6bdea12b3018b51f255692facc?s=96&d=mm&r=g","contentUrl":"https:\/\/secure.gravatar.com\/avatar\/43bcfdb745dd80b8374b0aaa21c6dd30b2976a6bdea12b3018b51f255692facc?s=96&d=mm&r=g","caption":"BICE"}}]}},"jetpack_publicize_connections":[],"jetpack_featured_media_url":"https:\/\/i0.wp.com\/bice.org\/app\/uploads\/2018\/02\/SaferInternetDay%40AdobeStock.jpg?fit=1000%2C435&ssl=1","jetpack_sharing_enabled":true,"_links":{"self":[{"href":"https:\/\/bice.org\/fr\/wp-json\/wp\/v2\/posts\/31275","targetHints":{"allow":["GET"]}}],"collection":[{"href":"https:\/\/bice.org\/fr\/wp-json\/wp\/v2\/posts"}],"about":[{"href":"https:\/\/bice.org\/fr\/wp-json\/wp\/v2\/types\/post"}],"author":[{"embeddable":true,"href":"https:\/\/bice.org\/fr\/wp-json\/wp\/v2\/users\/3"}],"replies":[{"embeddable":true,"href":"https:\/\/bice.org\/fr\/wp-json\/wp\/v2\/comments?post=31275"}],"version-history":[{"count":0,"href":"https:\/\/bice.org\/fr\/wp-json\/wp\/v2\/posts\/31275\/revisions"}],"wp:featuredmedia":[{"embeddable":true,"href":"https:\/\/bice.org\/fr\/wp-json\/wp\/v2\/media\/31276"}],"wp:attachment":[{"href":"https:\/\/bice.org\/fr\/wp-json\/wp\/v2\/media?parent=31275"}],"wp:term":[{"taxonomy":"category","embeddable":true,"href":"https:\/\/bice.org\/fr\/wp-json\/wp\/v2\/categories?post=31275"},{"taxonomy":"post_tag","embeddable":true,"href":"https:\/\/bice.org\/fr\/wp-json\/wp\/v2\/tags?post=31275"}],"curies":[{"name":"wp","href":"https:\/\/api.w.org\/{rel}","templated":true}]}}