{"id":31313,"date":"2018-02-08T13:02:22","date_gmt":"2018-02-08T13:02:22","guid":{"rendered":"https:\/\/bice.org\/?p=31313\/"},"modified":"2018-02-09T12:51:03","modified_gmt":"2018-02-09T12:51:03","slug":"lutter-contre-violences-envers-les-enfants-au-chili","status":"publish","type":"post","link":"https:\/\/bice.org\/fr\/lutter-contre-violences-envers-les-enfants-au-chili\/","title":{"rendered":"Un grain de sable pour lutter contre les violences envers les enfants au Chili"},"content":{"rendered":"<p style=\"text-align: justify;\">Le journaliste de KTO a ainsi pu r\u00e9aliser un reportage sur le partenaire du BICE qui met en \u0153uvre les ateliers \u00ab Grain de Sable \u00bb. Ces ateliers sont destin\u00e9s \u00e0 lutter contre les violences envers les enfants au Chili, et plus particuli\u00e8rement les violences sexuelles.<\/p>\n<h2 style=\"text-align: justify;\">Des ateliers novateurs pour lutter contre les violences envers les enfants au Chili<\/h2>\n<p style=\"text-align: justify;\">Ils s\u2019appellent Mauricio, Elizabeth ou Antonia\u2026 Ils ont entre 14 et 19 ans et sont r\u00e9unis cette apr\u00e8s-midi dans la salle de la paroisse M\u00e8re de la Divine Providence, \u00e0 Puente Alto, la commune la plus peupl\u00e9e de la capitale, Santiago (+ de 570 000 habitants au recensement officiel de 2012). Tous sont venus participer \u00e0 un atelier de pr\u00e9vention contre les violences envers les enfants au Chili, organis\u00e9 selon la m\u00e9thode \u00ab Grain de Sable \u00bb.<\/p>\n<p style=\"text-align: justify;\">La m\u00e9thode \u00ab Grain de Sable \u00bb, cr\u00e9\u00e9e initialement en France par l\u2019association ALC, puis d\u00e9velopp\u00e9e par le BICE, a \u00e9t\u00e9 adapt\u00e9e et d\u00e9ploy\u00e9e au Chili par la <a href=\"https:\/\/bice.org\/fr\/vicaria\/\">Vicaria de la Pastoral Social Caritas<\/a>. Elle se d\u00e9roule en 3 phases : les jeunes sont, dans un premier temps, invit\u00e9s \u00e0 visionner un film pr\u00e9sentant des situations de violence. Ils r\u00e9fl\u00e9chissent ensuite ensemble pour trouver des solutions \u00e0 chaque cas. Enfin, les coordonn\u00e9es d\u2019un adulte relais, une personne de confiance proche d\u2019eux, leur sont distribu\u00e9es. C\u2019est vers lui qu\u2019ils pourront se tourner s\u2019ils sont t\u00e9moins ou victimes de violence. Ce dernier les orientera alors, si n\u00e9cessaire, vers des personnes ou des structures comp\u00e9tentes.<\/p>\n<p style=\"text-align: justify;\">Comme le souligne Yolanda Urbina, la charg\u00e9e du Programme \u00ab Grain de Sable au Chili \u00bb, de tels ateliers sont particuli\u00e8rement importants \u00e0 Puente Alto, alors m\u00eames que les situations de violences se multiplient et se banalisent. Les maltraitances intra-familiales restent les plus nombreuses et pr\u00e9occupantes. Mais les violences se g\u00e9n\u00e9ralisent \u00e9galement dans le quartier, la rue et l\u2019\u00e9cole au point de devenir un v\u00e9ritable mode de communication.<\/p>\n<p>&nbsp;<\/p>\n<p><center><a href=\"https:\/\/www.youtube.com\/watch?v=F0VLcR3Vq-E&amp;list=PLB2CF16F6280B9D08&amp;index=4\"><img data-recalc-dims=\"1\" decoding=\"async\" class=\"aligncenter wp-image-31344 size-full\" src=\"https:\/\/i0.wp.com\/bice.org\/app\/uploads\/2018\/02\/Image-Reportage-Kto-2.jpg?resize=750%2C415&#038;ssl=1\" alt=\"\" width=\"750\" height=\"415\" srcset=\"https:\/\/i0.wp.com\/bice.org\/app\/uploads\/2018\/02\/Image-Reportage-Kto-2.jpg?w=750&amp;ssl=1 750w, https:\/\/i0.wp.com\/bice.org\/app\/uploads\/2018\/02\/Image-Reportage-Kto-2.jpg?resize=300%2C166&amp;ssl=1 300w, https:\/\/i0.wp.com\/bice.org\/app\/uploads\/2018\/02\/Image-Reportage-Kto-2.jpg?resize=600%2C332&amp;ssl=1 600w\" sizes=\"(max-width: 750px) 100vw, 750px\" \/><\/center><\/a><\/p>\n<h2 style=\"text-align: justify;\">Les enfants, le tr\u00e9sor le plus pr\u00e9cieux que nous devons prot\u00e9ger<\/h2>\n<p style=\"text-align: justify;\">La m\u00e9thode \u00ab Grain de Sable \u00bb est bas\u00e9e sur un principe participatif particuli\u00e8rement novateur pour le Chili. Ce sont les jeunes qui prennent la parole pour trouver des solutions aux probl\u00e8mes auxquels ils sont confront\u00e9s. \u00ab Il faut regarder les enfants comme des co-protagonistes avec qui nous construisons le futur \u00bb, rappelle Claudia Gonzales, responsable de la congr\u00e9gation des Fr\u00e8res Maristes, membre de la Mesa Pro BICE. \u00ab Les regarder avec le m\u00eame regard que J\u00e9sus, aller \u00e0 leur rencontre, les prot\u00e9ger et surtout reconna\u00eetre leur valeur. \u00bb<\/p>\n<p style=\"text-align: justify;\">Des paroles qui viennent comme en \u00e9cho \u00e0 celles prononc\u00e9es par le Pape Fran\u00e7ois lors de sa <a href=\"https:\/\/fr.zenit.org\/articles\/perou-les-enfants-le-tresor-le-plus-precieux-que-nous-devons-proteger\/\" target=\"_blank\">visite au foyer du Petit Prince (Hogar El Principito) au P\u00e9rou<\/a> qui accueille des enfants abandonn\u00e9s. \u00ab (L\u2019Enfant J\u00e9sus) est notre tr\u00e9sor, et vous, les enfants, vous \u00eates son reflet, et vous \u00eates aussi notre tr\u00e9sor, le tr\u00e9sor de nous tous, le tr\u00e9sor le plus pr\u00e9cieux que nous devons prot\u00e9ger. Pardonnez les fois o\u00f9 nous, les plus grands, nous ne le faisons pas, ou bien ne vous donnons pas l\u2019importance que vous m\u00e9ritez. \u00bb<\/p>\n","protected":false},"excerpt":{"rendered":"<p>A l\u2019occasion du 22\u00e8me voyage international du Pape Fran\u00e7ois au Chili, puis au P\u00e9rou, la cha\u00eene KTO est all\u00e9e \u00e0 la rencontre de celles et ceux qui \u0153uvrent pour la protection des plus petits.<\/p>\n","protected":false},"author":3,"featured_media":31315,"comment_status":"closed","ping_status":"closed","sticky":false,"template":"","format":"standard","meta":{"_acf_changed":false,"footnotes":"","jetpack_publicize_message":"","jetpack_publicize_feature_enabled":true,"jetpack_social_post_already_shared":false,"jetpack_social_options":{"image_generator_settings":{"template":"highway","default_image_id":0,"font":"","enabled":false},"version":2}},"categories":[132],"tags":[425,476,692,1560,1559,1561,1283],"class_list":["post-31313","post","type-post","status-publish","format-standard","has-post-thumbnail","hentry","category-actualites-du-bice","tag-abus-sexuel","tag-chili","tag-grain-de-sable","tag-maltraitances","tag-pape","tag-vicaria-de-la-pastoral-social-caritas","tag-violences-sexuelles"],"acf":[],"yoast_head":"<!-- This site is optimized with the Yoast SEO plugin v27.2 - https:\/\/yoast.com\/product\/yoast-seo-wordpress\/ -->\n<title>Lutter contre les violences envers les enfants au Chili<\/title>\n<meta name=\"description\" content=\"Violences envers les enfants au Chili : retour sur le reportage de Kto o\u00f9 les partenaires du BICE luttent contre toutes formes de violence.\" \/>\n<meta name=\"robots\" content=\"index, follow, max-snippet:-1, max-image-preview:large, max-video-preview:-1\" \/>\n<link rel=\"canonical\" href=\"https:\/\/bice.org\/fr\/wp-json\/wp\/v2\/posts\/31313\" \/>\n<meta property=\"og:locale\" content=\"fr_FR\" \/>\n<meta property=\"og:type\" content=\"article\" \/>\n<meta property=\"og:title\" content=\"Lutter contre les violences envers les enfants au Chili\" \/>\n<meta property=\"og:description\" content=\"Violences envers les enfants au Chili : retour sur le reportage de Kto o\u00f9 les partenaires du BICE luttent contre toutes formes de violence.\" \/>\n<meta property=\"og:url\" content=\"https:\/\/bice.org\/fr\/lutter-contre-violences-envers-les-enfants-au-chili\/\" \/>\n<meta property=\"og:site_name\" content=\"BICE - ONG de protection des droits de l&#039;enfant\" \/>\n<meta property=\"article:published_time\" content=\"2018-02-08T13:02:22+00:00\" \/>\n<meta property=\"article:modified_time\" content=\"2018-02-09T12:51:03+00:00\" \/>\n<meta property=\"og:image\" content=\"https:\/\/i0.wp.com\/bice.org\/app\/uploads\/2018\/02\/News-Kto%40Kto.jpg?fit=1000%2C435&ssl=1\" \/>\n\t<meta property=\"og:image:width\" content=\"1000\" \/>\n\t<meta property=\"og:image:height\" content=\"435\" \/>\n\t<meta property=\"og:image:type\" content=\"image\/jpeg\" \/>\n<meta name=\"author\" content=\"BICE\" \/>\n<meta name=\"twitter:card\" content=\"summary_large_image\" \/>\n<meta name=\"twitter:label1\" content=\"\u00c9crit par\" \/>\n\t<meta name=\"twitter:data1\" content=\"BICE\" \/>\n\t<meta name=\"twitter:label2\" content=\"Dur\u00e9e de lecture estim\u00e9e\" \/>\n\t<meta name=\"twitter:data2\" content=\"3 minutes\" \/>\n<!-- \/ Yoast SEO plugin. -->","yoast_head_json":{"title":"Lutter contre les violences envers les enfants au Chili","description":"Violences envers les enfants au Chili : retour sur le reportage de Kto o\u00f9 les partenaires du BICE luttent contre toutes formes de violence.","robots":{"index":"index","follow":"follow","max-snippet":"max-snippet:-1","max-image-preview":"max-image-preview:large","max-video-preview":"max-video-preview:-1"},"canonical":"https:\/\/bice.org\/fr\/wp-json\/wp\/v2\/posts\/31313","og_locale":"fr_FR","og_type":"article","og_title":"Lutter contre les violences envers les enfants au Chili","og_description":"Violences envers les enfants au Chili : retour sur le reportage de Kto o\u00f9 les partenaires du BICE luttent contre toutes formes de violence.","og_url":"https:\/\/bice.org\/fr\/lutter-contre-violences-envers-les-enfants-au-chili\/","og_site_name":"BICE - ONG de protection des droits de l&#039;enfant","article_published_time":"2018-02-08T13:02:22+00:00","article_modified_time":"2018-02-09T12:51:03+00:00","og_image":[{"width":1000,"height":435,"url":"https:\/\/i0.wp.com\/bice.org\/app\/uploads\/2018\/02\/News-Kto%40Kto.jpg?fit=1000%2C435&ssl=1","type":"image\/jpeg"}],"author":"BICE","twitter_card":"summary_large_image","twitter_misc":{"\u00c9crit par":"BICE","Dur\u00e9e de lecture estim\u00e9e":"3 minutes"},"schema":{"@context":"https:\/\/schema.org","@graph":[{"@type":"Article","@id":"https:\/\/bice.org\/fr\/lutter-contre-violences-envers-les-enfants-au-chili\/#article","isPartOf":{"@id":"https:\/\/bice.org\/fr\/lutter-contre-violences-envers-les-enfants-au-chili\/"},"author":{"name":"BICE","@id":"https:\/\/bice.org\/fr\/#\/schema\/person\/d2ad3c47fafb278234233a8cb54707b4"},"headline":"Un grain de sable pour lutter contre les violences envers les enfants au Chili","datePublished":"2018-02-08T13:02:22+00:00","dateModified":"2018-02-09T12:51:03+00:00","mainEntityOfPage":{"@id":"https:\/\/bice.org\/fr\/lutter-contre-violences-envers-les-enfants-au-chili\/"},"wordCount":559,"publisher":{"@id":"https:\/\/bice.org\/fr\/#organization"},"image":{"@id":"https:\/\/bice.org\/fr\/lutter-contre-violences-envers-les-enfants-au-chili\/#primaryimage"},"thumbnailUrl":"https:\/\/i0.wp.com\/bice.org\/app\/uploads\/2018\/02\/News-Kto%40Kto.jpg?fit=1000%2C435&ssl=1","keywords":["Abus sexuel","Chili","Grain de sable","maltraitances","pape","Vicaria de la Pastoral Social Caritas","violences sexuelles"],"articleSection":["Actualit\u00e9s du BICE"],"inLanguage":"fr-FR"},{"@type":"WebPage","@id":"https:\/\/bice.org\/fr\/lutter-contre-violences-envers-les-enfants-au-chili\/","url":"https:\/\/bice.org\/fr\/lutter-contre-violences-envers-les-enfants-au-chili\/","name":"Lutter contre les violences envers les enfants au Chili","isPartOf":{"@id":"https:\/\/bice.org\/fr\/#website"},"primaryImageOfPage":{"@id":"https:\/\/bice.org\/fr\/lutter-contre-violences-envers-les-enfants-au-chili\/#primaryimage"},"image":{"@id":"https:\/\/bice.org\/fr\/lutter-contre-violences-envers-les-enfants-au-chili\/#primaryimage"},"thumbnailUrl":"https:\/\/i0.wp.com\/bice.org\/app\/uploads\/2018\/02\/News-Kto%40Kto.jpg?fit=1000%2C435&ssl=1","datePublished":"2018-02-08T13:02:22+00:00","dateModified":"2018-02-09T12:51:03+00:00","description":"Violences envers les enfants au Chili : retour sur le reportage de Kto o\u00f9 les partenaires du BICE luttent contre toutes formes de violence.","breadcrumb":{"@id":"https:\/\/bice.org\/fr\/lutter-contre-violences-envers-les-enfants-au-chili\/#breadcrumb"},"inLanguage":"fr-FR","potentialAction":[{"@type":"ReadAction","target":["https:\/\/bice.org\/fr\/lutter-contre-violences-envers-les-enfants-au-chili\/"]}]},{"@type":"ImageObject","inLanguage":"fr-FR","@id":"https:\/\/bice.org\/fr\/lutter-contre-violences-envers-les-enfants-au-chili\/#primaryimage","url":"https:\/\/i0.wp.com\/bice.org\/app\/uploads\/2018\/02\/News-Kto%40Kto.jpg?fit=1000%2C435&ssl=1","contentUrl":"https:\/\/i0.wp.com\/bice.org\/app\/uploads\/2018\/02\/News-Kto%40Kto.jpg?fit=1000%2C435&ssl=1","width":1000,"height":435,"caption":"\u00a9Kto"},{"@type":"BreadcrumbList","@id":"https:\/\/bice.org\/fr\/lutter-contre-violences-envers-les-enfants-au-chili\/#breadcrumb","itemListElement":[{"@type":"ListItem","position":1,"name":"Accueil","item":"https:\/\/bice.org\/fr\/"},{"@type":"ListItem","position":2,"name":"Actualit\u00e9s du BICE","item":"https:\/\/bice.org\/fr\/theme\/actualites-du-bice\/"},{"@type":"ListItem","position":3,"name":"Un grain de sable pour lutter contre les violences envers les enfants au Chili"}]},{"@type":"WebSite","@id":"https:\/\/bice.org\/fr\/#website","url":"https:\/\/bice.org\/fr\/","name":"BICE - ONG de protection des droits de l&#039;enfant","description":"Notre mission : D\u00e9fendre les droits et la dignit\u00e9 des enfants partout dans le monde","publisher":{"@id":"https:\/\/bice.org\/fr\/#organization"},"potentialAction":[{"@type":"SearchAction","target":{"@type":"EntryPoint","urlTemplate":"https:\/\/bice.org\/fr\/?s={search_term_string}"},"query-input":{"@type":"PropertyValueSpecification","valueRequired":true,"valueName":"search_term_string"}}],"inLanguage":"fr-FR"},{"@type":"Organization","@id":"https:\/\/bice.org\/fr\/#organization","name":"BICE","url":"https:\/\/bice.org\/fr\/","logo":{"@type":"ImageObject","inLanguage":"fr-FR","@id":"https:\/\/bice.org\/fr\/#\/schema\/logo\/image\/","url":"https:\/\/bice.org\/app\/uploads\/2022\/06\/favicon.ico","contentUrl":"https:\/\/bice.org\/app\/uploads\/2022\/06\/favicon.ico","width":64,"height":64,"caption":"BICE"},"image":{"@id":"https:\/\/bice.org\/fr\/#\/schema\/logo\/image\/"}},{"@type":"Person","@id":"https:\/\/bice.org\/fr\/#\/schema\/person\/d2ad3c47fafb278234233a8cb54707b4","name":"BICE","image":{"@type":"ImageObject","inLanguage":"fr-FR","@id":"https:\/\/secure.gravatar.com\/avatar\/43bcfdb745dd80b8374b0aaa21c6dd30b2976a6bdea12b3018b51f255692facc?s=96&d=mm&r=g","url":"https:\/\/secure.gravatar.com\/avatar\/43bcfdb745dd80b8374b0aaa21c6dd30b2976a6bdea12b3018b51f255692facc?s=96&d=mm&r=g","contentUrl":"https:\/\/secure.gravatar.com\/avatar\/43bcfdb745dd80b8374b0aaa21c6dd30b2976a6bdea12b3018b51f255692facc?s=96&d=mm&r=g","caption":"BICE"}}]}},"jetpack_publicize_connections":[],"jetpack_featured_media_url":"https:\/\/i0.wp.com\/bice.org\/app\/uploads\/2018\/02\/News-Kto%40Kto.jpg?fit=1000%2C435&ssl=1","jetpack_sharing_enabled":true,"_links":{"self":[{"href":"https:\/\/bice.org\/fr\/wp-json\/wp\/v2\/posts\/31313","targetHints":{"allow":["GET"]}}],"collection":[{"href":"https:\/\/bice.org\/fr\/wp-json\/wp\/v2\/posts"}],"about":[{"href":"https:\/\/bice.org\/fr\/wp-json\/wp\/v2\/types\/post"}],"author":[{"embeddable":true,"href":"https:\/\/bice.org\/fr\/wp-json\/wp\/v2\/users\/3"}],"replies":[{"embeddable":true,"href":"https:\/\/bice.org\/fr\/wp-json\/wp\/v2\/comments?post=31313"}],"version-history":[{"count":0,"href":"https:\/\/bice.org\/fr\/wp-json\/wp\/v2\/posts\/31313\/revisions"}],"wp:featuredmedia":[{"embeddable":true,"href":"https:\/\/bice.org\/fr\/wp-json\/wp\/v2\/media\/31315"}],"wp:attachment":[{"href":"https:\/\/bice.org\/fr\/wp-json\/wp\/v2\/media?parent=31313"}],"wp:term":[{"taxonomy":"category","embeddable":true,"href":"https:\/\/bice.org\/fr\/wp-json\/wp\/v2\/categories?post=31313"},{"taxonomy":"post_tag","embeddable":true,"href":"https:\/\/bice.org\/fr\/wp-json\/wp\/v2\/tags?post=31313"}],"curies":[{"name":"wp","href":"https:\/\/api.w.org\/{rel}","templated":true}]}}