{"id":318238,"date":"2026-04-28T12:49:45","date_gmt":"2026-04-28T10:49:45","guid":{"rendered":"https:\/\/bice.org\/?p=318238"},"modified":"2026-04-28T13:04:25","modified_gmt":"2026-04-28T11:04:25","slug":"mieux-comprendre-lautisme-trois-temoignages-pour-changer-de-regard","status":"publish","type":"post","link":"https:\/\/bice.org\/fr\/mieux-comprendre-lautisme-trois-temoignages-pour-changer-de-regard\/","title":{"rendered":"Vivre avec l\u2019autisme. trois t\u00e9moignages pour mieux comprendre"},"content":{"rendered":"\n<p><\/p>\n\n\n<div class=\"bice-encadres \" style=\"background-color: #d7e2eb\">\n\n  <div class=\"bice-encadres-text\">\n\n    <h2>D\u00e9couvrez le t\u00e9moignage de la maman de Muhammad&#8230;<\/h2>\n\n    <p><strong><img data-recalc-dims=\"1\" decoding=\"async\" class=\" wp-image-318248 alignright\" src=\"https:\/\/i0.wp.com\/bice.org\/app\/uploads\/2026\/04\/muhammad2.jpg?resize=189%2C249&#038;ssl=1\" alt=\"\" width=\"189\" height=\"249\" srcset=\"https:\/\/i0.wp.com\/bice.org\/app\/uploads\/2026\/04\/muhammad2.jpg?w=500&amp;ssl=1 500w, https:\/\/i0.wp.com\/bice.org\/app\/uploads\/2026\/04\/muhammad2.jpg?resize=228%2C300&amp;ssl=1 228w, https:\/\/i0.wp.com\/bice.org\/app\/uploads\/2026\/04\/muhammad2.jpg?resize=441%2C580&amp;ssl=1 441w, https:\/\/i0.wp.com\/bice.org\/app\/uploads\/2026\/04\/muhammad2.jpg?resize=300%2C395&amp;ssl=1 300w\" sizes=\"(max-width: 189px) 100vw, 189px\" \/>Son r\u00e9cit nous plonge dans une histoire faite d&#8217;amour et de questionnements. Elle nous invite \u00e0 voir, ressentir et comprendre autrement.<\/strong><\/p>\n<p>\u00ab Quand mon fils Muhammad \u00e9tait tout petit, je le tenais dans mes bras avec la certitude que je pourrais le prot\u00e9ger de tout, de ce monde parfois si dur\u2026 Mais je ne savais pas encore quel monde si particulier vivait en lui. Aujourd\u2019hui, c\u2019est un jeune homme. Il est profond\u00e9ment gentil. Il ressent tout : les \u00e9motions, les regards, les intonations\u2026 Il comprend quand je vais mal, m\u00eame si je ne dis rien. Il s\u2019approche, simplement. Il reste pr\u00e8s de moi. Et dans cette pr\u00e9sence, il y a une chaleur que les mots ne peuvent pas toujours transmettre. Il peut parler. Mais ses paroles ne sont pas toujours comprises par les autres. Parfois, j\u2019ai l\u2019impression que le monde ne l\u2019entend pas. Et parfois, moi non plus, je ne le comprends pas. C\u2019est la douleur la plus difficile \u00e0 porter. Quand ton enfant fait des efforts, cherche ses mots, ses gestes, te regarde dans les yeux et que tu n\u2019arrives pas \u00e0 saisir ce qu\u2019il veut dire. Comme si un mur invisible se dressait entre nous. \u00c0 cet instant, quelque chose se brise \u00e0 l\u2019int\u00e9rieur.<\/p>\n<p>Mon fils est autiste. Mais, pour moi, ce n\u2019est pas une question de &#8220;limites&#8221;. C\u2019est une autre mani\u00e8re de ressentir le monde. Dans son univers, il n\u2019y a ni mensonge, ni faux-semblant. Seulement de l\u2019authenticit\u00e9. Alors, si vous croisez des enfants comme lui, ne jugez pas trop vite. Derri\u00e8re le silence, il y a un immense travail. Derri\u00e8re les comportements diff\u00e9rents, il y a des \u00e9motions. Derri\u00e8re le mutisme, il y a toute une vie. Ils ne sont pas dans &#8220;leur monde&#8221;, comme on l\u2019entend souvent. Ils sont ici. Avec nous. C\u2019est \u00e0 nous d\u2019apprendre \u00e0 les rejoindre. Et moi aussi, j\u2019apprends. Chaque jour. J\u2019apprends \u00e0 \u00e9couter son silence. \u00c0 lire dans ses yeux. \u00c0 le comprendre avec le c\u0153ur\u2026 \u00bb<\/p>\n\n\n  <\/div>\n\n  \n<\/div>\n\n\n\n<div class=\"wp-block-columns is-layout-flex wp-container-core-columns-is-layout-9d6595d7 wp-block-columns-is-layout-flex\">\n<div class=\"wp-block-column is-layout-flow wp-block-column-is-layout-flow\"><div class=\"bice-encadres \" style=\"background-color: #fcb900\">\n\n  <div class=\"bice-encadres-text\">\n\n    <h2>&#8230; Celui de la m\u00e8re de Zurho&#8230;<\/h2>\n\n    <p><img data-recalc-dims=\"1\" decoding=\"async\" class=\"wp-image-318254 alignleft\" src=\"https:\/\/i0.wp.com\/bice.org\/app\/uploads\/2026\/04\/Zurho2.jpg?resize=151%2C184&#038;ssl=1\" alt=\"\" width=\"151\" height=\"184\" srcset=\"https:\/\/i0.wp.com\/bice.org\/app\/uploads\/2026\/04\/Zurho2.jpg?w=500&amp;ssl=1 500w, https:\/\/i0.wp.com\/bice.org\/app\/uploads\/2026\/04\/Zurho2.jpg?resize=246%2C300&amp;ssl=1 246w, https:\/\/i0.wp.com\/bice.org\/app\/uploads\/2026\/04\/Zurho2.jpg?resize=475%2C580&amp;ssl=1 475w, https:\/\/i0.wp.com\/bice.org\/app\/uploads\/2026\/04\/Zurho2.jpg?resize=300%2C366&amp;ssl=1 300w\" sizes=\"(max-width: 151px) 100vw, 151px\" \/><\/p>\n<p>\u00ab \u2026 Je suis la m\u00e8re de Zuhro, autiste. Son arriv\u00e9e a divis\u00e9 ma vie en un avant et un apr\u00e8s. Au d\u00e9but, il y a eu la confusion, la peur, des milliers de questions sans r\u00e9ponses. Puis est venu notre chemin, difficile, parfois \u00e9puisant, mais le n\u00f4tre. Malgr\u00e9 les hauts et les bas, mon c\u0153ur est rempli d\u2019un amour immense et inconditionnel pour ma fille.<\/p>\n<p style=\"text-align: left;\">Chaque pas qu\u2019elle accomplit, chaque nouvelle comp\u00e9tence qu\u2019elle d\u00e9veloppe, chaque regard qui t\u00e9moigne d\u2019une meilleure compr\u00e9hension, tout cela est une victoire. La foi, l\u2019espoir et l\u2019amour nous font avancer. Ils nous donnent la force de gravir les obstacles encore et encore, de ne pas abandonner, m\u00eame lorsque tout semble trop difficile. Je crois que nous y arriverons. \u00bb<\/p>\n\n\n  <\/div>\n\n  \n<\/div>\n<\/div>\n\n\n\n<div class=\"wp-block-column is-layout-flow wp-block-column-is-layout-flow\"><div class=\"bice-encadres \" style=\"background-color: #fcb900\">\n\n  <div class=\"bice-encadres-text\">\n\n    <h2>&#8230; Et celui d\u2019Ayub, 25 ans\u00a0<\/h2>\n\n    <p><img data-recalc-dims=\"1\" decoding=\"async\" class=\" wp-image-318251 alignright\" src=\"https:\/\/i0.wp.com\/bice.org\/app\/uploads\/2026\/04\/ayeb.jpg?resize=143%2C184&#038;ssl=1\" alt=\"\" width=\"143\" height=\"184\" srcset=\"https:\/\/i0.wp.com\/bice.org\/app\/uploads\/2026\/04\/ayeb.jpg?w=600&amp;ssl=1 600w, https:\/\/i0.wp.com\/bice.org\/app\/uploads\/2026\/04\/ayeb.jpg?resize=233%2C300&amp;ssl=1 233w, https:\/\/i0.wp.com\/bice.org\/app\/uploads\/2026\/04\/ayeb.jpg?resize=450%2C580&amp;ssl=1 450w, https:\/\/i0.wp.com\/bice.org\/app\/uploads\/2026\/04\/ayeb.jpg?resize=300%2C387&amp;ssl=1 300w\" sizes=\"(max-width: 143px) 100vw, 143px\" \/>\u00ab Je suis Ayub. Les mots existent en moi, m\u00eame si je n\u2019arrive pas toujours \u00e0 les faire sortir. Je ne peux pas toujours expliquer, mais je ressens, je comprends et j\u2019ai envie d\u2019\u00eatre proche des autres. Si je ne parle pas, cela ne veut pas dire que tout est silencieux en moi. \u00bb<\/p>\n<p>Ce qu\u2019il souhaite :<\/p>\n<p>\u00ab Je ne veux pas \u00eatre laiss\u00e9 seul quand je traverse des difficult\u00e9s. J\u2019ai besoin de personnes qui m\u2019acceptent tel que je suis, sans chercher \u00e0 me changer pour se sentir plus \u00e0 l\u2019aise. Je veux avoir des amis, m\u00eame si ma communication n&#8217;est pas comme celle des autres. Nous avons tous besoin d&#8217;amis et je ne fais pas exception. Je souhaite \u00eatre aid\u00e9 selon mes besoins r\u00e9els. Je ne veux pas seulement \u00eatre accept\u00e9. \u00bb<\/p>\n\n\n  <\/div>\n\n  \n<\/div>\n<\/div>\n<\/div>\n\n\n\n<div class=\"wp-block-columns is-layout-flex wp-container-core-columns-is-layout-9d6595d7 wp-block-columns-is-layout-flex\">\n<div class=\"wp-block-column is-layout-flow wp-block-column-is-layout-flow\">\n<h3 class=\"wp-block-heading\">Quelques informations sur l&#8217;autisme chez les filles<\/h3>\n\n\n\n<p>Des recherches r\u00e9centes montrent que l\u2019autisme chez les filles se manifeste souvent diff\u00e9remment, ce qui conduit \u00e0 un sous-diagnostic. Elles pr\u00e9sentent ainsi un risque accru de diagnostic tardif et de troubles associ\u00e9s, tels que l\u2019anxi\u00e9t\u00e9, la d\u00e9pression ou l\u2019\u00e9puisement \u00e9motionnel.<\/p>\n\n\n\n<p>Le ratio de diagnostic est d\u2019environ 3 \u00e0 4 gar\u00e7ons pour 1 fille. Mais, de plus en plus de donn\u00e9es sugg\u00e8rent que les filles passent plus souvent inaper\u00e7ues.<\/p>\n\n\n\n<ul class=\"wp-block-list\">\n<li>Les filles ont davantage tendance \u00e0 \u00ab masquer \u00bb leurs difficult\u00e9s : elles imitent leurs pairs et s\u2019efforcent de se conformer aux attentes sociales.<\/li>\n\n\n\n<li>Leurs comportements r\u00e9p\u00e9titifs peuvent \u00eatre moins visibles, mais elles pr\u00e9sentent souvent des difficult\u00e9s internes importantes : anxi\u00e9t\u00e9, fatigue&#8230;<\/li>\n\n\n\n<li>Leurs centres d\u2019int\u00e9r\u00eat peuvent sembler socialement acceptables (lecture, animaux, art), de sorte qu\u2019ils ne sont pas toujours per\u00e7us comme sp\u00e9cifiques.<\/li>\n<\/ul>\n\n\n\n<p>Les filles autistes ont besoin d\u2019une attention particuli\u00e8re et d\u2019un rep\u00e9rage pr\u00e9coce, afin que le soutien n\u00e9cessaire ne soit pas sous-estim\u00e9.<\/p>\n<\/div>\n\n\n\n<div class=\"wp-block-column is-layout-flow wp-block-column-is-layout-flow\">\n<h3 class=\"wp-block-heading\">Les personnes autistes non verbales ont une voix, elle s\u2019exprime simplement autrement<\/h3>\n\n\n\n<ul class=\"wp-block-list\">\n<li>Aujourd\u2019hui, on estime que 25 % \u00e0 30 % des personnes autistes sont peu ou non verbales. Cela n\u2019est pas li\u00e9 \u00e0 leur intelligence ni \u00e0 leur capacit\u00e9 de compr\u00e9hension.<\/li>\n\n\n\n<li>Beaucoup comprennent davantage qu\u2019elles ne peuvent exprimer.<\/li>\n\n\n\n<li>Les outils de communication alternative (images, gestes, applications, dispositifs num\u00e9riques) permettent d\u2019exprimer des choix, des \u00e9motions et des besoins.<\/li>\n\n\n\n<li>Les \u00e9tudes montrent que lorsqu\u2019une personne dispose d\u2019un moyen de communication adapt\u00e9, elle est plus apais\u00e9e et participe davantage aux interactions sociales.<\/li>\n<\/ul>\n<\/div>\n<\/div>\n\n\n\n<p><br><\/p>\n","protected":false},"excerpt":{"rendered":"<p>Donner la parole aux personnes pr\u00e9sentant des troubles du spectre de l\u2019autisme et \u00e0 leurs familles est essentiel pour mieux comprendre leurs r\u00e9alit\u00e9s et faire \u00e9voluer les regards. Ces t\u00e9moignages ont \u00e9t\u00e9 recueillis par notre partenaire tadjike, Iroda. <\/p>\n","protected":false},"author":19,"featured_media":318245,"comment_status":"closed","ping_status":"closed","sticky":false,"template":"","format":"standard","meta":{"_acf_changed":false,"footnotes":"","jetpack_publicize_message":"","jetpack_publicize_feature_enabled":true,"jetpack_social_post_already_shared":true,"jetpack_social_options":{"image_generator_settings":{"template":"highway","default_image_id":0,"font":"","enabled":false},"version":2}},"categories":[132],"tags":[467,2212,1231],"class_list":["post-318238","post","type-post","status-publish","format-standard","has-post-thumbnail","hentry","category-actualites-du-bice","tag-handicap","tag-inclusion","tag-tadjikistan"],"acf":[],"yoast_head":"<!-- This site is optimized with the Yoast SEO plugin v27.2 - https:\/\/yoast.com\/product\/yoast-seo-wordpress\/ -->\n<title>Vivre avec l\u2019autisme : trois t\u00e9moignages pour mieux comprendre<\/title>\n<meta name=\"description\" content=\"Donner la parole aux personnes autistes et \u00e0 leurs familles est essentiel pour mieux comprendre leurs r\u00e9alit\u00e9s et faire \u00e9voluer les regards.\" \/>\n<meta name=\"robots\" content=\"index, follow, max-snippet:-1, max-image-preview:large, max-video-preview:-1\" \/>\n<link rel=\"canonical\" href=\"https:\/\/bice.org\/fr\/wp-json\/wp\/v2\/posts\/318238\" \/>\n<meta property=\"og:locale\" content=\"fr_FR\" \/>\n<meta property=\"og:type\" content=\"article\" \/>\n<meta property=\"og:title\" content=\"Vivre avec l\u2019autisme : trois t\u00e9moignages pour mieux comprendre\" \/>\n<meta property=\"og:description\" content=\"Donner la parole aux personnes autistes et \u00e0 leurs familles est essentiel pour mieux comprendre leurs r\u00e9alit\u00e9s et faire \u00e9voluer les regards.\" \/>\n<meta property=\"og:url\" content=\"https:\/\/bice.org\/fr\/mieux-comprendre-lautisme-trois-temoignages-pour-changer-de-regard\/\" \/>\n<meta property=\"og:site_name\" content=\"BICE - ONG de protection des droits de l&#039;enfant\" \/>\n<meta property=\"article:published_time\" content=\"2026-04-28T10:49:45+00:00\" \/>\n<meta property=\"article:modified_time\" content=\"2026-04-28T11:04:25+00:00\" \/>\n<meta property=\"og:image\" content=\"https:\/\/bice.org\/app\/uploads\/2026\/04\/autismetemoignage.jpg\" \/>\n\t<meta property=\"og:image:width\" content=\"1000\" \/>\n\t<meta property=\"og:image:height\" content=\"580\" \/>\n\t<meta property=\"og:image:type\" content=\"image\/jpeg\" \/>\n<meta name=\"author\" content=\"Tiphaine POIDEVIN\" \/>\n<meta name=\"twitter:card\" content=\"summary_large_image\" \/>\n<meta name=\"twitter:label1\" content=\"\u00c9crit par\" \/>\n\t<meta name=\"twitter:data1\" content=\"Tiphaine POIDEVIN\" \/>\n\t<meta name=\"twitter:label2\" content=\"Dur\u00e9e de lecture estim\u00e9e\" \/>\n\t<meta name=\"twitter:data2\" content=\"2 minutes\" \/>\n<!-- \/ Yoast SEO plugin. -->","yoast_head_json":{"title":"Vivre avec l\u2019autisme : trois t\u00e9moignages pour mieux comprendre","description":"Donner la parole aux personnes autistes et \u00e0 leurs familles est essentiel pour mieux comprendre leurs r\u00e9alit\u00e9s et faire \u00e9voluer les regards.","robots":{"index":"index","follow":"follow","max-snippet":"max-snippet:-1","max-image-preview":"max-image-preview:large","max-video-preview":"max-video-preview:-1"},"canonical":"https:\/\/bice.org\/fr\/wp-json\/wp\/v2\/posts\/318238","og_locale":"fr_FR","og_type":"article","og_title":"Vivre avec l\u2019autisme : trois t\u00e9moignages pour mieux comprendre","og_description":"Donner la parole aux personnes autistes et \u00e0 leurs familles est essentiel pour mieux comprendre leurs r\u00e9alit\u00e9s et faire \u00e9voluer les regards.","og_url":"https:\/\/bice.org\/fr\/mieux-comprendre-lautisme-trois-temoignages-pour-changer-de-regard\/","og_site_name":"BICE - ONG de protection des droits de l&#039;enfant","article_published_time":"2026-04-28T10:49:45+00:00","article_modified_time":"2026-04-28T11:04:25+00:00","og_image":[{"width":1000,"height":580,"url":"https:\/\/bice.org\/app\/uploads\/2026\/04\/autismetemoignage.jpg","type":"image\/jpeg"}],"author":"Tiphaine POIDEVIN","twitter_card":"summary_large_image","twitter_misc":{"\u00c9crit par":"Tiphaine POIDEVIN","Dur\u00e9e de lecture estim\u00e9e":"2 minutes"},"schema":{"@context":"https:\/\/schema.org","@graph":[{"@type":"Article","@id":"https:\/\/bice.org\/fr\/mieux-comprendre-lautisme-trois-temoignages-pour-changer-de-regard\/#article","isPartOf":{"@id":"https:\/\/bice.org\/fr\/mieux-comprendre-lautisme-trois-temoignages-pour-changer-de-regard\/"},"author":{"name":"Tiphaine POIDEVIN","@id":"https:\/\/bice.org\/fr\/#\/schema\/person\/86b15587982e756d45e62e1230e9759f"},"headline":"Vivre avec l\u2019autisme. trois t\u00e9moignages pour mieux comprendre","datePublished":"2026-04-28T10:49:45+00:00","dateModified":"2026-04-28T11:04:25+00:00","mainEntityOfPage":{"@id":"https:\/\/bice.org\/fr\/mieux-comprendre-lautisme-trois-temoignages-pour-changer-de-regard\/"},"wordCount":285,"publisher":{"@id":"https:\/\/bice.org\/fr\/#organization"},"image":{"@id":"https:\/\/bice.org\/fr\/mieux-comprendre-lautisme-trois-temoignages-pour-changer-de-regard\/#primaryimage"},"thumbnailUrl":"https:\/\/i0.wp.com\/bice.org\/app\/uploads\/2026\/04\/autismetemoignage.jpg?fit=1000%2C580&ssl=1","keywords":["Handicap","inclusion","Tadjikistan"],"articleSection":["Actualit\u00e9s du BICE"],"inLanguage":"fr-FR"},{"@type":"WebPage","@id":"https:\/\/bice.org\/fr\/mieux-comprendre-lautisme-trois-temoignages-pour-changer-de-regard\/","url":"https:\/\/bice.org\/fr\/mieux-comprendre-lautisme-trois-temoignages-pour-changer-de-regard\/","name":"Vivre avec l\u2019autisme : trois t\u00e9moignages pour mieux comprendre","isPartOf":{"@id":"https:\/\/bice.org\/fr\/#website"},"primaryImageOfPage":{"@id":"https:\/\/bice.org\/fr\/mieux-comprendre-lautisme-trois-temoignages-pour-changer-de-regard\/#primaryimage"},"image":{"@id":"https:\/\/bice.org\/fr\/mieux-comprendre-lautisme-trois-temoignages-pour-changer-de-regard\/#primaryimage"},"thumbnailUrl":"https:\/\/i0.wp.com\/bice.org\/app\/uploads\/2026\/04\/autismetemoignage.jpg?fit=1000%2C580&ssl=1","datePublished":"2026-04-28T10:49:45+00:00","dateModified":"2026-04-28T11:04:25+00:00","description":"Donner la parole aux personnes autistes et \u00e0 leurs familles est essentiel pour mieux comprendre leurs r\u00e9alit\u00e9s et faire \u00e9voluer les regards.","breadcrumb":{"@id":"https:\/\/bice.org\/fr\/mieux-comprendre-lautisme-trois-temoignages-pour-changer-de-regard\/#breadcrumb"},"inLanguage":"fr-FR","potentialAction":[{"@type":"ReadAction","target":["https:\/\/bice.org\/fr\/mieux-comprendre-lautisme-trois-temoignages-pour-changer-de-regard\/"]}]},{"@type":"ImageObject","inLanguage":"fr-FR","@id":"https:\/\/bice.org\/fr\/mieux-comprendre-lautisme-trois-temoignages-pour-changer-de-regard\/#primaryimage","url":"https:\/\/i0.wp.com\/bice.org\/app\/uploads\/2026\/04\/autismetemoignage.jpg?fit=1000%2C580&ssl=1","contentUrl":"https:\/\/i0.wp.com\/bice.org\/app\/uploads\/2026\/04\/autismetemoignage.jpg?fit=1000%2C580&ssl=1","width":1000,"height":580,"caption":"\u00a9 Iroda"},{"@type":"BreadcrumbList","@id":"https:\/\/bice.org\/fr\/mieux-comprendre-lautisme-trois-temoignages-pour-changer-de-regard\/#breadcrumb","itemListElement":[{"@type":"ListItem","position":1,"name":"Accueil","item":"https:\/\/bice.org\/fr\/"},{"@type":"ListItem","position":2,"name":"Actualit\u00e9s du BICE","item":"https:\/\/bice.org\/fr\/theme\/actualites-du-bice\/"},{"@type":"ListItem","position":3,"name":"Vivre avec l\u2019autisme. trois t\u00e9moignages pour mieux comprendre"}]},{"@type":"WebSite","@id":"https:\/\/bice.org\/fr\/#website","url":"https:\/\/bice.org\/fr\/","name":"BICE - ONG de protection des droits de l&#039;enfant","description":"Notre mission : D\u00e9fendre les droits et la dignit\u00e9 des enfants partout dans le monde","publisher":{"@id":"https:\/\/bice.org\/fr\/#organization"},"potentialAction":[{"@type":"SearchAction","target":{"@type":"EntryPoint","urlTemplate":"https:\/\/bice.org\/fr\/?s={search_term_string}"},"query-input":{"@type":"PropertyValueSpecification","valueRequired":true,"valueName":"search_term_string"}}],"inLanguage":"fr-FR"},{"@type":"Organization","@id":"https:\/\/bice.org\/fr\/#organization","name":"BICE","url":"https:\/\/bice.org\/fr\/","logo":{"@type":"ImageObject","inLanguage":"fr-FR","@id":"https:\/\/bice.org\/fr\/#\/schema\/logo\/image\/","url":"https:\/\/bice.org\/app\/uploads\/2022\/06\/favicon.ico","contentUrl":"https:\/\/bice.org\/app\/uploads\/2022\/06\/favicon.ico","width":64,"height":64,"caption":"BICE"},"image":{"@id":"https:\/\/bice.org\/fr\/#\/schema\/logo\/image\/"}},{"@type":"Person","@id":"https:\/\/bice.org\/fr\/#\/schema\/person\/86b15587982e756d45e62e1230e9759f","name":"Tiphaine POIDEVIN","image":{"@type":"ImageObject","inLanguage":"fr-FR","@id":"https:\/\/secure.gravatar.com\/avatar\/1e6863fae181af75938b89f792dfe2810d35ae7fd6ab1fb385614a15dff81a3a?s=96&d=mm&r=g","url":"https:\/\/secure.gravatar.com\/avatar\/1e6863fae181af75938b89f792dfe2810d35ae7fd6ab1fb385614a15dff81a3a?s=96&d=mm&r=g","contentUrl":"https:\/\/secure.gravatar.com\/avatar\/1e6863fae181af75938b89f792dfe2810d35ae7fd6ab1fb385614a15dff81a3a?s=96&d=mm&r=g","caption":"Tiphaine POIDEVIN"}}]}},"jetpack_publicize_connections":[],"jetpack_featured_media_url":"https:\/\/i0.wp.com\/bice.org\/app\/uploads\/2026\/04\/autismetemoignage.jpg?fit=1000%2C580&ssl=1","jetpack_sharing_enabled":true,"_links":{"self":[{"href":"https:\/\/bice.org\/fr\/wp-json\/wp\/v2\/posts\/318238","targetHints":{"allow":["GET"]}}],"collection":[{"href":"https:\/\/bice.org\/fr\/wp-json\/wp\/v2\/posts"}],"about":[{"href":"https:\/\/bice.org\/fr\/wp-json\/wp\/v2\/types\/post"}],"author":[{"embeddable":true,"href":"https:\/\/bice.org\/fr\/wp-json\/wp\/v2\/users\/19"}],"replies":[{"embeddable":true,"href":"https:\/\/bice.org\/fr\/wp-json\/wp\/v2\/comments?post=318238"}],"version-history":[{"count":8,"href":"https:\/\/bice.org\/fr\/wp-json\/wp\/v2\/posts\/318238\/revisions"}],"predecessor-version":[{"id":318267,"href":"https:\/\/bice.org\/fr\/wp-json\/wp\/v2\/posts\/318238\/revisions\/318267"}],"wp:featuredmedia":[{"embeddable":true,"href":"https:\/\/bice.org\/fr\/wp-json\/wp\/v2\/media\/318245"}],"wp:attachment":[{"href":"https:\/\/bice.org\/fr\/wp-json\/wp\/v2\/media?parent=318238"}],"wp:term":[{"taxonomy":"category","embeddable":true,"href":"https:\/\/bice.org\/fr\/wp-json\/wp\/v2\/categories?post=318238"},{"taxonomy":"post_tag","embeddable":true,"href":"https:\/\/bice.org\/fr\/wp-json\/wp\/v2\/tags?post=318238"}],"curies":[{"name":"wp","href":"https:\/\/api.w.org\/{rel}","templated":true}]}}