{"id":321747,"date":"2026-09-03T16:40:37","date_gmt":"2026-09-03T14:40:37","guid":{"rendered":"https:\/\/bice.org\/?p=321747"},"modified":"2026-09-03T16:59:56","modified_gmt":"2026-09-03T14:59:56","slug":"venezuela-bilan-de-lintervention-durgence-appuyee-par-le-bice","status":"publish","type":"post","link":"https:\/\/bice.org\/fr\/venezuela-bilan-de-lintervention-durgence-appuyee-par-le-bice\/","title":{"rendered":"Venezuela. Bilan de l\u2019intervention d\u2019urgence appuy\u00e9e par le BICE"},"content":{"rendered":"\n<p class=\"wp-block-paragraph\">Un mois apr\u00e8s la catastrophe, le suivi des donn\u00e9es publiques effectu\u00e9 par Cecodap faisait \u00e9tat d\u2019au moins <strong>1 405 enfants et adolescents touch\u00e9s<\/strong>. Un bilan qui restait, toutefois, partiel en raison du manque de donn\u00e9es officielles d\u00e9taill\u00e9es. Parmi eux figuraient des enfants bless\u00e9s, d\u00e9c\u00e9d\u00e9s, port\u00e9s disparus, \u00e9vacu\u00e9s, s\u00e9par\u00e9s de leur famille ou contraints de quitter leur lieu de vie.<\/p>\n\n\n\n<p class=\"wp-block-paragraph\">La violence de la catastrophe a \u00e9galement eu de fortes <strong>r\u00e9percussions psychologiques<\/strong> sur les enfants et leurs familles. Deuil, peur de nouvelles secousses, sentiment d\u2019ins\u00e9curit\u00e9, anxi\u00e9t\u00e9, troubles du sommeil\u2026 ont fait \u00e9merger d\u2019importants <strong>besoins d\u2019accompagnement<\/strong>. Cette d\u00e9tresse est d\u2019autant plus forte que la catastrophe est survenue dans un <strong>contexte socio-\u00e9conomique d\u00e9j\u00e0 tr\u00e8s difficile au Venezuela<\/strong>, marqu\u00e9 par la pr\u00e9carit\u00e9 et des difficult\u00e9s d\u2019acc\u00e8s aux services essentiels. \u00c0 ces fragilit\u00e9s pr\u00e9existantes sont venues s\u2019ajouter les cons\u00e9quences des s\u00e9ismes : logements d\u00e9truits ou endommag\u00e9s, d\u00e9placements contraints et scolarit\u00e9 perturb\u00e9e.<\/p>\n\n\n\n<p class=\"wp-block-paragraph\">Dans ce contexte, intervenir rapidement \u00e9tait essentiel pour aider les enfants et leurs proches \u00e0 faire face aux traumatismes tout en rep\u00e9rant les situations n\u00e9cessitant une protection ou une prise en charge dans la dur\u00e9e.<\/p>\n\n\n\n<h2 class=\"wp-block-heading\">273 personnes accompagn\u00e9es \u00e0 distance<\/h2>\n\n\n\n<p class=\"wp-block-paragraph\">Avec le soutien du BICE, Cecodap a renforc\u00e9 sa <strong>ligne d\u2019assistance psychosociale \u00e0 distance<\/strong>. Cette modalit\u00e9 a permis d\u2019atteindre un plus grand nombre de personnes, tout en leur garantissant un espace confidentiel d\u2019\u00e9coute et de soutien. Au total, <strong>273 personnes ont \u00e9t\u00e9 suivies<\/strong>, dont <strong>123 enfants et adolescents et 150 m\u00e8res, p\u00e8res ou aidants<\/strong>. L\u2019objectif initial du projet, fix\u00e9 \u00e0 165 b\u00e9n\u00e9ficiaires, a ainsi \u00e9t\u00e9 largement d\u00e9pass\u00e9.<\/p>\n\n\n\n<p class=\"wp-block-paragraph\">Chaque accompagnement comprenait une premi\u00e8re \u00e9valuation des besoins psychosociaux et de protection, une \u00e9coute active ainsi que des conseils adapt\u00e9s aux r\u00e9actions suscit\u00e9es par la situation d\u2019urgence. Les professionnels ont notamment aid\u00e9 les familles \u00e0 <strong>retrouver progressivement des rep\u00e8res dans leur quotidien<\/strong> et \u00e0 <strong>mobiliser leurs propres ressources<\/strong> pour affronter les cons\u00e9quences du s\u00e9isme.<\/p>\n\n\n\n<h2 class=\"wp-block-heading\">Une prise en charge adapt\u00e9e \u00e0 chacun<\/h2>\n\n\n\n<p class=\"wp-block-paragraph\">Le <strong>travail men\u00e9 aupr\u00e8s des parents a occup\u00e9 une place centrale<\/strong> dans le dispositif. En p\u00e9riode de crise, leur capacit\u00e9 \u00e0 \u00e9couter, rassurer et maintenir un environnement protecteur contribue directement au r\u00e9tablissement \u00e9motionnel des plus jeunes.<\/p>\n\n\n\n<p class=\"wp-block-paragraph\">Lorsque la situation n\u00e9cessitait davantage qu&#8217;une intervention ponctuelle, un suivi psychologique a \u00e9t\u00e9 mis en place par les professionnels de Cecodap. Les besoins plus sp\u00e9cifiques ont \u00e9galement \u00e9t\u00e9 \u00e9valu\u00e9s afin d\u2019orienter les personnes vers les services appropri\u00e9s. <strong>Certaines prises en charge se poursuivent<\/strong> ainsi au-del\u00e0 de la p\u00e9riode couverte par le projet d\u2019urgence.<\/p>\n\n\n\n<h2 class=\"wp-block-heading\">L\u2019alimentation, une autre dimension de la protection<\/h2>\n\n\n\n<p class=\"wp-block-paragraph\">L\u2019intervention a \u00e9galement comport\u00e9 un volet alimentaire mis en \u0153uvre par Fe y Alegr\u00eda au Centre \u00e9ducatif Sim\u00f3n Bol\u00edvar de Caraballeda, \u00e0 La Guaira. L\u2019objectif \u00e9tait de <strong>r\u00e9duire l\u2019ins\u00e9curit\u00e9 alimentaire des enfants affect\u00e9s par la catastrophe<\/strong> et de favoriser leur retour \u00e0 l\u2019\u00e9cole, dans un <strong>environnement s\u00e9curisant<\/strong> apr\u00e8s le traumatisme v\u00e9cu. L\u2019action a b\u00e9n\u00e9fici\u00e9 aux <strong>809 \u00e9l\u00e8ves inscrits dans l\u2019\u00e9tablissement<\/strong>, qui ont re\u00e7u chaque jour un repas chaud.<\/p>\n\n\n\n<p class=\"wp-block-paragraph\">Dans un contexte o\u00f9 les services de protection locaux ont eux-m\u00eames \u00e9t\u00e9 affect\u00e9s par les s\u00e9ismes, l\u2019intervention soutenue par le BICE a permis d\u2019apporter une r\u00e9ponse adapt\u00e9e aux enfants et familles les plus fragilis\u00e9s. Au-del\u00e0 de l\u2019urgence imm\u00e9diate, l\u2019enjeu reste d\u00e9sormais d\u2019assurer la continuit\u00e9 de l\u2019accompagnement pour les situations qui le n\u00e9cessitent, dans le respect de la dignit\u00e9 et de l\u2019int\u00e9r\u00eat sup\u00e9rieur de chaque enfant.<\/p>\n\n\n\n<p class=\"wp-block-paragraph\">Merci \u00e0 nos donateurs pour leur soutien&nbsp;!<\/p>\n\n\n\n<p class=\"wp-block-paragraph\"><\/p>\n","protected":false},"excerpt":{"rendered":"<p>\u00c0 la suite des deux puissants s\u00e9ismes qui ont frapp\u00e9 le Venezuela, notamment l\u2019\u00c9tat de La Guaira et le Grand Caracas, le 24 juin, le BICE a soutenu pendant un mois une intervention d\u2019urgence de son partenaire local Cecodap destin\u00e9e \u00e0 apporter rapidement une aide psychosociale aux personnes sinistr\u00e9es. 273 enfants, adolescents, parents et aidants ont b\u00e9n\u00e9fici\u00e9 d\u2019un accompagnement sp\u00e9cialis\u00e9.<\/p>\n","protected":false},"author":19,"featured_media":321762,"comment_status":"closed","ping_status":"closed","sticky":false,"template":"","format":"standard","meta":{"_acf_changed":false,"footnotes":"","jetpack_publicize_message":"","jetpack_publicize_feature_enabled":true,"jetpack_social_post_already_shared":true,"jetpack_social_options":{"image_generator_settings":{"template":"highway","default_image_id":0,"font":"","enabled":false},"version":2},"jetpack_post_was_ever_published":false},"categories":[132,1],"tags":[2554,2161],"class_list":["post-321747","post","type-post","status-publish","format-standard","has-post-thumbnail","hentry","category-actualites-du-bice","category-non-categorise","tag-urgence","tag-venezuela"],"acf":[],"yoast_head":"<!-- This site is optimized with the Yoast SEO plugin v28.4 - https:\/\/yoast.com\/product\/yoast-seo-wordpress\/ -->\n<title>S\u00e9ismes au Venezuela : bilan de l\u2019aide d\u2019urgence du BICE<\/title>\n<meta name=\"description\" content=\"Apr\u00e8s les s\u00e9ismes au Venezuela, 273 enfants et proches ont b\u00e9n\u00e9fici\u00e9 d\u2019un soutien psychosocial gr\u00e2ce \u00e0 l\u2019intervention appuy\u00e9e par le BICE.\" \/>\n<meta name=\"robots\" content=\"index, follow, max-snippet:-1, max-image-preview:large, max-video-preview:-1\" \/>\n<link rel=\"canonical\" href=\"https:\/\/bice.org\/fr\/wp-json\/wp\/v2\/posts\/321747\" \/>\n<meta property=\"og:locale\" content=\"fr_FR\" \/>\n<meta property=\"og:type\" content=\"article\" \/>\n<meta property=\"og:title\" content=\"S\u00e9ismes au Venezuela : bilan de l\u2019aide d\u2019urgence du BICE\" \/>\n<meta property=\"og:description\" content=\"Apr\u00e8s les s\u00e9ismes au Venezuela, 273 enfants et proches ont b\u00e9n\u00e9fici\u00e9 d\u2019un soutien psychosocial gr\u00e2ce \u00e0 l\u2019intervention appuy\u00e9e par le BICE.\" \/>\n<meta property=\"og:url\" content=\"https:\/\/bice.org\/fr\/venezuela-bilan-de-lintervention-durgence-appuyee-par-le-bice\/\" \/>\n<meta property=\"og:site_name\" content=\"BICE - ONG de protection des droits de l&#039;enfant\" \/>\n<meta property=\"article:published_time\" content=\"2026-09-03T14:40:37+00:00\" \/>\n<meta property=\"article:modified_time\" content=\"2026-09-03T14:59:56+00:00\" \/>\n<meta property=\"og:image\" content=\"https:\/\/bice.org\/app\/uploads\/2026\/09\/venezuela-soutien.jpeg\" \/>\n\t<meta property=\"og:image:width\" content=\"1000\" \/>\n\t<meta property=\"og:image:height\" content=\"580\" \/>\n\t<meta property=\"og:image:type\" content=\"image\/jpeg\" \/>\n<meta name=\"author\" content=\"Tiphaine POIDEVIN\" \/>\n<meta name=\"twitter:card\" content=\"summary_large_image\" \/>\n<meta name=\"twitter:label1\" content=\"\u00c9crit par\" \/>\n\t<meta name=\"twitter:data1\" content=\"Tiphaine POIDEVIN\" \/>\n\t<meta name=\"twitter:label2\" content=\"Dur\u00e9e de lecture estim\u00e9e\" \/>\n\t<meta name=\"twitter:data2\" content=\"4 minutes\" \/>\n<!-- \/ Yoast SEO plugin. -->","yoast_head_json":{"title":"S\u00e9ismes au Venezuela : bilan de l\u2019aide d\u2019urgence du BICE","description":"Apr\u00e8s les s\u00e9ismes au Venezuela, 273 enfants et proches ont b\u00e9n\u00e9fici\u00e9 d\u2019un soutien psychosocial gr\u00e2ce \u00e0 l\u2019intervention appuy\u00e9e par le BICE.","robots":{"index":"index","follow":"follow","max-snippet":"max-snippet:-1","max-image-preview":"max-image-preview:large","max-video-preview":"max-video-preview:-1"},"canonical":"https:\/\/bice.org\/fr\/wp-json\/wp\/v2\/posts\/321747","og_locale":"fr_FR","og_type":"article","og_title":"S\u00e9ismes au Venezuela : bilan de l\u2019aide d\u2019urgence du BICE","og_description":"Apr\u00e8s les s\u00e9ismes au Venezuela, 273 enfants et proches ont b\u00e9n\u00e9fici\u00e9 d\u2019un soutien psychosocial gr\u00e2ce \u00e0 l\u2019intervention appuy\u00e9e par le BICE.","og_url":"https:\/\/bice.org\/fr\/venezuela-bilan-de-lintervention-durgence-appuyee-par-le-bice\/","og_site_name":"BICE - ONG de protection des droits de l&#039;enfant","article_published_time":"2026-09-03T14:40:37+00:00","article_modified_time":"2026-09-03T14:59:56+00:00","og_image":[{"width":1000,"height":580,"url":"https:\/\/bice.org\/app\/uploads\/2026\/09\/venezuela-soutien.jpeg","type":"image\/jpeg"}],"author":"Tiphaine POIDEVIN","twitter_card":"summary_large_image","twitter_misc":{"\u00c9crit par":"Tiphaine POIDEVIN","Dur\u00e9e de lecture estim\u00e9e":"4 minutes"},"schema":{"@context":"https:\/\/schema.org","@graph":[{"@type":"Article","@id":"https:\/\/bice.org\/fr\/venezuela-bilan-de-lintervention-durgence-appuyee-par-le-bice\/#article","isPartOf":{"@id":"https:\/\/bice.org\/fr\/venezuela-bilan-de-lintervention-durgence-appuyee-par-le-bice\/"},"author":{"name":"Tiphaine POIDEVIN","@id":"https:\/\/bice.org\/fr\/#\/schema\/person\/86b15587982e756d45e62e1230e9759f"},"headline":"Venezuela. Bilan de l\u2019intervention d\u2019urgence appuy\u00e9e par le BICE","datePublished":"2026-09-03T14:40:37+00:00","dateModified":"2026-09-03T14:59:56+00:00","mainEntityOfPage":{"@id":"https:\/\/bice.org\/fr\/venezuela-bilan-de-lintervention-durgence-appuyee-par-le-bice\/"},"wordCount":653,"publisher":{"@id":"https:\/\/bice.org\/fr\/#organization"},"image":{"@id":"https:\/\/bice.org\/fr\/venezuela-bilan-de-lintervention-durgence-appuyee-par-le-bice\/#primaryimage"},"thumbnailUrl":"https:\/\/i0.wp.com\/bice.org\/app\/uploads\/2026\/09\/venezuela-soutien.jpeg?fit=1000%2C580&ssl=1","keywords":["urgence","Venezuela"],"articleSection":["Actualit\u00e9s du BICE","Non cat\u00e9goris\u00e9"],"inLanguage":"fr-FR"},{"@type":"WebPage","@id":"https:\/\/bice.org\/fr\/venezuela-bilan-de-lintervention-durgence-appuyee-par-le-bice\/","url":"https:\/\/bice.org\/fr\/venezuela-bilan-de-lintervention-durgence-appuyee-par-le-bice\/","name":"S\u00e9ismes au Venezuela : bilan de l\u2019aide d\u2019urgence du BICE","isPartOf":{"@id":"https:\/\/bice.org\/fr\/#website"},"primaryImageOfPage":{"@id":"https:\/\/bice.org\/fr\/venezuela-bilan-de-lintervention-durgence-appuyee-par-le-bice\/#primaryimage"},"image":{"@id":"https:\/\/bice.org\/fr\/venezuela-bilan-de-lintervention-durgence-appuyee-par-le-bice\/#primaryimage"},"thumbnailUrl":"https:\/\/i0.wp.com\/bice.org\/app\/uploads\/2026\/09\/venezuela-soutien.jpeg?fit=1000%2C580&ssl=1","datePublished":"2026-09-03T14:40:37+00:00","dateModified":"2026-09-03T14:59:56+00:00","description":"Apr\u00e8s les s\u00e9ismes au Venezuela, 273 enfants et proches ont b\u00e9n\u00e9fici\u00e9 d\u2019un soutien psychosocial gr\u00e2ce \u00e0 l\u2019intervention appuy\u00e9e par le BICE.","breadcrumb":{"@id":"https:\/\/bice.org\/fr\/venezuela-bilan-de-lintervention-durgence-appuyee-par-le-bice\/#breadcrumb"},"inLanguage":"fr-FR","potentialAction":[{"@type":"ReadAction","target":["https:\/\/bice.org\/fr\/venezuela-bilan-de-lintervention-durgence-appuyee-par-le-bice\/"]}]},{"@type":"ImageObject","inLanguage":"fr-FR","@id":"https:\/\/bice.org\/fr\/venezuela-bilan-de-lintervention-durgence-appuyee-par-le-bice\/#primaryimage","url":"https:\/\/i0.wp.com\/bice.org\/app\/uploads\/2026\/09\/venezuela-soutien.jpeg?fit=1000%2C580&ssl=1","contentUrl":"https:\/\/i0.wp.com\/bice.org\/app\/uploads\/2026\/09\/venezuela-soutien.jpeg?fit=1000%2C580&ssl=1","width":1000,"height":580,"caption":"\u00a9 Cecodap"},{"@type":"BreadcrumbList","@id":"https:\/\/bice.org\/fr\/venezuela-bilan-de-lintervention-durgence-appuyee-par-le-bice\/#breadcrumb","itemListElement":[{"@type":"ListItem","position":1,"name":"Accueil","item":"https:\/\/bice.org\/fr\/"},{"@type":"ListItem","position":2,"name":"Actualit\u00e9s du BICE","item":"https:\/\/bice.org\/fr\/theme\/actualites-du-bice\/"},{"@type":"ListItem","position":3,"name":"Venezuela. Bilan de l\u2019intervention d\u2019urgence appuy\u00e9e par le BICE"}]},{"@type":"WebSite","@id":"https:\/\/bice.org\/fr\/#website","url":"https:\/\/bice.org\/fr\/","name":"BICE - ONG de protection des droits de l&#039;enfant","description":"Notre mission : D\u00e9fendre les droits et la dignit\u00e9 des enfants partout dans le monde","publisher":{"@id":"https:\/\/bice.org\/fr\/#organization"},"potentialAction":[{"@type":"SearchAction","target":{"@type":"EntryPoint","urlTemplate":"https:\/\/bice.org\/fr\/?s={search_term_string}"},"query-input":{"@type":"PropertyValueSpecification","valueRequired":true,"valueName":"search_term_string"}}],"inLanguage":"fr-FR"},{"@type":"Organization","@id":"https:\/\/bice.org\/fr\/#organization","name":"BICE","url":"https:\/\/bice.org\/fr\/","logo":{"@type":"ImageObject","inLanguage":"fr-FR","@id":"https:\/\/bice.org\/fr\/#\/schema\/logo\/image\/","url":"https:\/\/bice.org\/app\/uploads\/2022\/06\/favicon.ico","contentUrl":"https:\/\/bice.org\/app\/uploads\/2022\/06\/favicon.ico","width":64,"height":64,"caption":"BICE"},"image":{"@id":"https:\/\/bice.org\/fr\/#\/schema\/logo\/image\/"}},{"@type":"Person","@id":"https:\/\/bice.org\/fr\/#\/schema\/person\/86b15587982e756d45e62e1230e9759f","name":"Tiphaine POIDEVIN","image":{"@type":"ImageObject","inLanguage":"fr-FR","@id":"https:\/\/secure.gravatar.com\/avatar\/1e6863fae181af75938b89f792dfe2810d35ae7fd6ab1fb385614a15dff81a3a?s=96&d=mm&r=g","url":"https:\/\/secure.gravatar.com\/avatar\/1e6863fae181af75938b89f792dfe2810d35ae7fd6ab1fb385614a15dff81a3a?s=96&d=mm&r=g","contentUrl":"https:\/\/secure.gravatar.com\/avatar\/1e6863fae181af75938b89f792dfe2810d35ae7fd6ab1fb385614a15dff81a3a?s=96&d=mm&r=g","caption":"Tiphaine POIDEVIN"}}]}},"jetpack_publicize_connections":[],"jetpack_sharing_enabled":true,"jetpack_featured_media_url":"https:\/\/i0.wp.com\/bice.org\/app\/uploads\/2026\/09\/venezuela-soutien.jpeg?fit=1000%2C580&ssl=1","_links":{"self":[{"href":"https:\/\/bice.org\/fr\/wp-json\/wp\/v2\/posts\/321747","targetHints":{"allow":["GET"]}}],"collection":[{"href":"https:\/\/bice.org\/fr\/wp-json\/wp\/v2\/posts"}],"about":[{"href":"https:\/\/bice.org\/fr\/wp-json\/wp\/v2\/types\/post"}],"author":[{"embeddable":true,"href":"https:\/\/bice.org\/fr\/wp-json\/wp\/v2\/users\/19"}],"replies":[{"embeddable":true,"href":"https:\/\/bice.org\/fr\/wp-json\/wp\/v2\/comments?post=321747"}],"version-history":[{"count":2,"href":"https:\/\/bice.org\/fr\/wp-json\/wp\/v2\/posts\/321747\/revisions"}],"predecessor-version":[{"id":321766,"href":"https:\/\/bice.org\/fr\/wp-json\/wp\/v2\/posts\/321747\/revisions\/321766"}],"wp:featuredmedia":[{"embeddable":true,"href":"https:\/\/bice.org\/fr\/wp-json\/wp\/v2\/media\/321762"}],"wp:attachment":[{"href":"https:\/\/bice.org\/fr\/wp-json\/wp\/v2\/media?parent=321747"}],"wp:term":[{"taxonomy":"category","embeddable":true,"href":"https:\/\/bice.org\/fr\/wp-json\/wp\/v2\/categories?post=321747"},{"taxonomy":"post_tag","embeddable":true,"href":"https:\/\/bice.org\/fr\/wp-json\/wp\/v2\/tags?post=321747"}],"curies":[{"name":"wp","href":"https:\/\/api.w.org\/{rel}","templated":true}]}}