{"id":36476,"date":"2019-03-21T12:18:10","date_gmt":"2019-03-21T11:18:10","guid":{"rendered":"https:\/\/bice.org\/?p=36476\/"},"modified":"2019-07-01T12:07:54","modified_gmt":"2019-07-01T10:07:54","slug":"partenaires-sud-americains","status":"publish","type":"post","link":"https:\/\/bice.org\/fr\/partenaires-sud-americains\/","title":{"rendered":"Rencontre r\u00e9gionale de Montevideo : une formation pour nos partenaires sud-am\u00e9ricains"},"content":{"rendered":"<p>Du 4 au 9 mars a eu lieu \u00e0 Montevideo, en Uruguay, une rencontre r\u00e9gionale avec 5 des partenaires de la r\u00e9gion Am\u00e9rique latine du BICE. Elle a \u00e9t\u00e9 organis\u00e9e dans le cadre du lancement en janvier dernier du nouveau programme du BICE de lutte contre la violence envers les enfants. Ce programme, qui durera jusqu\u2019en 2021, se concentre en particulier sur les violences de nature sexuelle.<\/p>\n<p>Dans le m\u00eame cadre, aura lieu en avril une rencontre similaire \u00e0 Erevan, en Arm\u00e9nie, avec nos partenaires d\u2019ex-union sovi\u00e9tique.<\/p>\n<h2>Formation et partage des bonnes pratiques avec nos partenaires sud-am\u00e9ricains<\/h2>\n<p>L\u2019\u00e9v\u00e9nement de Montevideo a permis de pr\u00e9senter \u00e0 nos partenaires locaux le nouveau programme du BICE contre les violences faites aux enfants. Il a \u00e9galement permis de pr\u00e9senter des bonnes pratiques issues de nos partenaires d\u2019Europe de l\u2019est. Enfin, il a \u00e9t\u00e9 l\u2019occasion de former les participants sur 5 th\u00e9matiques\u00a0:<\/p>\n<p>&#8211; La violence sexuelle et le d\u00e9veloppement de l\u2019enfant<\/p>\n<p>&#8211; Cr\u00e9ation d\u2019un environnement protecteur autour des enfants<\/p>\n<p>&#8211; Mise en \u0153uvre de la r\u00e9silience dans le cas des violences sexuelles<\/p>\n<p>&#8211; Les m\u00e9thodes de suivi et d\u2019\u00e9valuation<\/p>\n<p>&#8211; Le risque de <em>Burn out<\/em> des accompagnants professionnels<\/p>\n<p>5 organisations partenaires de 4 pays sud-am\u00e9ricains \u00e9taient repr\u00e9sent\u00e9es. <a href=\"http:\/\/www.vicaria.cl\/\">VPSC<\/a> du Chili, <a href=\"https:\/\/bice.org\/fr\/paraguay-abus-sexuel\/\">BECA<\/a> du Paraguay, le <a href=\"https:\/\/bice.org\/fr\/centro-de-estudios-sociales-y-publicaciones-cesip\/\">CESIP<\/a> et le <a href=\"https:\/\/bice.org\/fr\/cedapp\/\">CEDAPP<\/a> du P\u00e9rou, <a href=\"https:\/\/bice.org\/fr\/juventud-para-cristo\/\">JPC\/Claves<\/a> de l\u2019Uruguay.<\/p>\n<h2>INSPIRE, de nouvelles strat\u00e9gies d\u2019action pour nos partenaires sud-am\u00e9ricains<\/h2>\n<p>Le BICE a \u00e9galement voulu profiter de cette rencontre pour pr\u00e9senter les strat\u00e9gies INSPIRE. INSPIRE est un ensemble de 7 strat\u00e9gies qui permettent de guider l\u2019action des organisations qui travaillent pour mettre fin aux violences faites aux enfants. Ces strat\u00e9gies d\u2019action sont le r\u00e9sultat de l\u2019exp\u00e9rience cumul\u00e9e de dix organismes reconnus tels que l\u2019UNICEF, l\u2019OMS (Organisation Mondiale de la Sant\u00e9) ou la Banque Mondiale.<\/p>\n<p>Les 7 strat\u00e9gies pour pr\u00e9venir et combattre la violence envers les enfants sont :<\/p>\n<p>\u2013 Mise en \u0153uvre et application des lois<\/p>\n<p>\u2013 Normes et valeurs<\/p>\n<p>\u2013 S\u00fbret\u00e9 des environnements<\/p>\n<p>\u2013 Appui aux parents et aux personnes ayant la charge des enfants<\/p>\n<p>\u2013 Revenus et renforcement \u00e9conomique<\/p>\n<p>\u2013 Services de lutte et d\u2019appui<\/p>\n<p>\u2013 \u00c9ducation et savoir faire pratiques<\/p>\n<p>Un \u00e9v\u00e9nement ouvert au public traitant de cette initiative a \u00e9t\u00e9 organis\u00e9 sur une journ\u00e9e lors de la semaine de formation. En plus de nos partenaires locaux, de nombreux acteurs gouvernementaux et non gouvernementaux Uruguayens y ont assist\u00e9.<\/p>\n<p>De plus, une journ\u00e9e de r\u00e9flexion avec nos partenaires pr\u00e9sents a eu lieu pour trouver le moyen d\u2019int\u00e9grer les strat\u00e9gies INSPIRE \u00e0 leurs activit\u00e9s en faveur des enfants.<\/p>\n<p>Les repr\u00e9sentantes du BICE lors de l\u2019\u00e9v\u00e9nement (Maria-Camila Caicedo et Diana Filatova) avaient elles m\u00eame b\u00e9n\u00e9fici\u00e9 de la formation, ce qui leur a permis de transmettre leurs connaissances des strat\u00e9gies.<\/p>\n<p>Selon l\u2019UNICEF, en Uruguay 54,6% des enfants de 2 \u00e0 14 ans sont soumis \u00e0 une m\u00e9thode d\u2019\u00e9ducation violente.<\/p>\n","protected":false},"excerpt":{"rendered":"<p>Un \u00e9v\u00e9nement r\u00e9gional avec nos partenaires sud-am\u00e9ricains du programme de lutte contre la violence.<\/p>\n","protected":false},"author":1,"featured_media":36477,"comment_status":"closed","ping_status":"closed","sticky":false,"template":"","format":"standard","meta":{"_acf_changed":false,"footnotes":"","jetpack_publicize_message":"","jetpack_publicize_feature_enabled":true,"jetpack_social_post_already_shared":false,"jetpack_social_options":{"image_generator_settings":{"template":"highway","default_image_id":0,"font":"","enabled":false},"version":2}},"categories":[132],"tags":[478,400,1738,1737,1690,351],"class_list":["post-36476","post","type-post","status-publish","format-standard","has-post-thumbnail","hentry","category-actualites-du-bice","tag-armenie","tag-education","tag-inspire","tag-montevideo","tag-protection-de-lenfance","tag-uruguay"],"acf":[],"yoast_head":"<!-- This site is optimized with the Yoast SEO plugin v27.2 - https:\/\/yoast.com\/product\/yoast-seo-wordpress\/ -->\n<title>Nos partenaires sud-am\u00e9ricains form\u00e9s \u00e0 Montevideo \u2013 BICE ONG<\/title>\n<meta name=\"description\" content=\"Un \u00e9v\u00e9nement r\u00e9gional avec nos partenaires sud-am\u00e9ricains dans le cadre du nouveau programme de lutte contre la violence.\" \/>\n<meta name=\"robots\" content=\"index, follow, max-snippet:-1, max-image-preview:large, max-video-preview:-1\" \/>\n<link rel=\"canonical\" href=\"https:\/\/bice.org\/fr\/wp-json\/wp\/v2\/posts\/36476\" \/>\n<meta property=\"og:locale\" content=\"fr_FR\" \/>\n<meta property=\"og:type\" content=\"article\" \/>\n<meta property=\"og:title\" content=\"Nos partenaires sud-am\u00e9ricains form\u00e9s \u00e0 Montevideo \u2013 BICE ONG\" \/>\n<meta property=\"og:description\" content=\"Un \u00e9v\u00e9nement r\u00e9gional avec nos partenaires sud-am\u00e9ricains dans le cadre du nouveau programme de lutte contre la violence.\" \/>\n<meta property=\"og:url\" content=\"https:\/\/bice.org\/fr\/partenaires-sud-americains\/\" \/>\n<meta property=\"og:site_name\" content=\"BICE - ONG de protection des droits de l&#039;enfant\" \/>\n<meta property=\"article:author\" content=\"https:\/\/www.facebook.com\/OngBICE\" \/>\n<meta property=\"article:published_time\" content=\"2019-03-21T11:18:10+00:00\" \/>\n<meta property=\"article:modified_time\" content=\"2019-07-01T10:07:54+00:00\" \/>\n<meta property=\"og:image\" content=\"https:\/\/i0.wp.com\/bice.org\/app\/uploads\/2019\/03\/photo-news-r%C3%A9cap-montevideo.png?fit=1000%2C435&ssl=1\" \/>\n\t<meta property=\"og:image:width\" content=\"1000\" \/>\n\t<meta property=\"og:image:height\" content=\"435\" \/>\n\t<meta property=\"og:image:type\" content=\"image\/png\" \/>\n<meta name=\"author\" content=\"BICE\" \/>\n<meta name=\"twitter:card\" content=\"summary_large_image\" \/>\n<meta name=\"twitter:creator\" content=\"@ongbice\" \/>\n<meta name=\"twitter:label1\" content=\"\u00c9crit par\" \/>\n\t<meta name=\"twitter:data1\" content=\"BICE\" \/>\n\t<meta name=\"twitter:label2\" content=\"Dur\u00e9e de lecture estim\u00e9e\" \/>\n\t<meta name=\"twitter:data2\" content=\"3 minutes\" \/>\n<!-- \/ Yoast SEO plugin. -->","yoast_head_json":{"title":"Nos partenaires sud-am\u00e9ricains form\u00e9s \u00e0 Montevideo \u2013 BICE ONG","description":"Un \u00e9v\u00e9nement r\u00e9gional avec nos partenaires sud-am\u00e9ricains dans le cadre du nouveau programme de lutte contre la violence.","robots":{"index":"index","follow":"follow","max-snippet":"max-snippet:-1","max-image-preview":"max-image-preview:large","max-video-preview":"max-video-preview:-1"},"canonical":"https:\/\/bice.org\/fr\/wp-json\/wp\/v2\/posts\/36476","og_locale":"fr_FR","og_type":"article","og_title":"Nos partenaires sud-am\u00e9ricains form\u00e9s \u00e0 Montevideo \u2013 BICE ONG","og_description":"Un \u00e9v\u00e9nement r\u00e9gional avec nos partenaires sud-am\u00e9ricains dans le cadre du nouveau programme de lutte contre la violence.","og_url":"https:\/\/bice.org\/fr\/partenaires-sud-americains\/","og_site_name":"BICE - ONG de protection des droits de l&#039;enfant","article_author":"https:\/\/www.facebook.com\/OngBICE","article_published_time":"2019-03-21T11:18:10+00:00","article_modified_time":"2019-07-01T10:07:54+00:00","og_image":[{"width":1000,"height":435,"url":"https:\/\/i0.wp.com\/bice.org\/app\/uploads\/2019\/03\/photo-news-r%C3%A9cap-montevideo.png?fit=1000%2C435&ssl=1","type":"image\/png"}],"author":"BICE","twitter_card":"summary_large_image","twitter_creator":"@ongbice","twitter_misc":{"\u00c9crit par":"BICE","Dur\u00e9e de lecture estim\u00e9e":"3 minutes"},"schema":{"@context":"https:\/\/schema.org","@graph":[{"@type":"Article","@id":"https:\/\/bice.org\/fr\/partenaires-sud-americains\/#article","isPartOf":{"@id":"https:\/\/bice.org\/fr\/partenaires-sud-americains\/"},"author":{"name":"BICE","@id":"https:\/\/bice.org\/fr\/#\/schema\/person\/5ffe567f32d0dbd204977300f4986f5b"},"headline":"Rencontre r\u00e9gionale de Montevideo : une formation pour nos partenaires sud-am\u00e9ricains","datePublished":"2019-03-21T11:18:10+00:00","dateModified":"2019-07-01T10:07:54+00:00","mainEntityOfPage":{"@id":"https:\/\/bice.org\/fr\/partenaires-sud-americains\/"},"wordCount":520,"publisher":{"@id":"https:\/\/bice.org\/fr\/#organization"},"image":{"@id":"https:\/\/bice.org\/fr\/partenaires-sud-americains\/#primaryimage"},"thumbnailUrl":"https:\/\/i0.wp.com\/bice.org\/app\/uploads\/2019\/03\/photo-news-r%C3%A9cap-montevideo.png?fit=1000%2C435&ssl=1","keywords":["Arm\u00e9nie","\u00e9ducation","INSPIRE","Montevideo","protection de l\u2019enfance","uruguay"],"articleSection":["Actualit\u00e9s du BICE"],"inLanguage":"fr-FR"},{"@type":"WebPage","@id":"https:\/\/bice.org\/fr\/partenaires-sud-americains\/","url":"https:\/\/bice.org\/fr\/partenaires-sud-americains\/","name":"Nos partenaires sud-am\u00e9ricains form\u00e9s \u00e0 Montevideo \u2013 BICE ONG","isPartOf":{"@id":"https:\/\/bice.org\/fr\/#website"},"primaryImageOfPage":{"@id":"https:\/\/bice.org\/fr\/partenaires-sud-americains\/#primaryimage"},"image":{"@id":"https:\/\/bice.org\/fr\/partenaires-sud-americains\/#primaryimage"},"thumbnailUrl":"https:\/\/i0.wp.com\/bice.org\/app\/uploads\/2019\/03\/photo-news-r%C3%A9cap-montevideo.png?fit=1000%2C435&ssl=1","datePublished":"2019-03-21T11:18:10+00:00","dateModified":"2019-07-01T10:07:54+00:00","description":"Un \u00e9v\u00e9nement r\u00e9gional avec nos partenaires sud-am\u00e9ricains dans le cadre du nouveau programme de lutte contre la violence.","breadcrumb":{"@id":"https:\/\/bice.org\/fr\/partenaires-sud-americains\/#breadcrumb"},"inLanguage":"fr-FR","potentialAction":[{"@type":"ReadAction","target":["https:\/\/bice.org\/fr\/partenaires-sud-americains\/"]}]},{"@type":"ImageObject","inLanguage":"fr-FR","@id":"https:\/\/bice.org\/fr\/partenaires-sud-americains\/#primaryimage","url":"https:\/\/i0.wp.com\/bice.org\/app\/uploads\/2019\/03\/photo-news-r%C3%A9cap-montevideo.png?fit=1000%2C435&ssl=1","contentUrl":"https:\/\/i0.wp.com\/bice.org\/app\/uploads\/2019\/03\/photo-news-r%C3%A9cap-montevideo.png?fit=1000%2C435&ssl=1","width":1000,"height":435,"caption":"Rencontre r\u00e9gionale de Montevideo : une formation pour nos partenaires sud-am\u00e9ricains"},{"@type":"BreadcrumbList","@id":"https:\/\/bice.org\/fr\/partenaires-sud-americains\/#breadcrumb","itemListElement":[{"@type":"ListItem","position":1,"name":"Accueil","item":"https:\/\/bice.org\/fr\/"},{"@type":"ListItem","position":2,"name":"Actualit\u00e9s du BICE","item":"https:\/\/bice.org\/fr\/theme\/actualites-du-bice\/"},{"@type":"ListItem","position":3,"name":"Rencontre r\u00e9gionale de Montevideo : une formation pour nos partenaires sud-am\u00e9ricains"}]},{"@type":"WebSite","@id":"https:\/\/bice.org\/fr\/#website","url":"https:\/\/bice.org\/fr\/","name":"BICE - ONG de protection des droits de l&#039;enfant","description":"Notre mission : D\u00e9fendre les droits et la dignit\u00e9 des enfants partout dans le monde","publisher":{"@id":"https:\/\/bice.org\/fr\/#organization"},"potentialAction":[{"@type":"SearchAction","target":{"@type":"EntryPoint","urlTemplate":"https:\/\/bice.org\/fr\/?s={search_term_string}"},"query-input":{"@type":"PropertyValueSpecification","valueRequired":true,"valueName":"search_term_string"}}],"inLanguage":"fr-FR"},{"@type":"Organization","@id":"https:\/\/bice.org\/fr\/#organization","name":"BICE","url":"https:\/\/bice.org\/fr\/","logo":{"@type":"ImageObject","inLanguage":"fr-FR","@id":"https:\/\/bice.org\/fr\/#\/schema\/logo\/image\/","url":"https:\/\/bice.org\/app\/uploads\/2022\/06\/favicon.ico","contentUrl":"https:\/\/bice.org\/app\/uploads\/2022\/06\/favicon.ico","width":64,"height":64,"caption":"BICE"},"image":{"@id":"https:\/\/bice.org\/fr\/#\/schema\/logo\/image\/"}},{"@type":"Person","@id":"https:\/\/bice.org\/fr\/#\/schema\/person\/5ffe567f32d0dbd204977300f4986f5b","name":"BICE","image":{"@type":"ImageObject","inLanguage":"fr-FR","@id":"https:\/\/secure.gravatar.com\/avatar\/2cef44cbc317f08498adbfd4c31e9d16fae93e3fb3589a01932b588cb583f93b?s=96&d=mm&r=g","url":"https:\/\/secure.gravatar.com\/avatar\/2cef44cbc317f08498adbfd4c31e9d16fae93e3fb3589a01932b588cb583f93b?s=96&d=mm&r=g","contentUrl":"https:\/\/secure.gravatar.com\/avatar\/2cef44cbc317f08498adbfd4c31e9d16fae93e3fb3589a01932b588cb583f93b?s=96&d=mm&r=g","caption":"BICE"},"description":"Articles et actualit\u00e9s du BICE","sameAs":["https:\/\/bice.org","https:\/\/www.facebook.com\/OngBICE","https:\/\/x.com\/ongbice"]}]}},"jetpack_publicize_connections":[],"jetpack_featured_media_url":"https:\/\/i0.wp.com\/bice.org\/app\/uploads\/2019\/03\/photo-news-r%C3%A9cap-montevideo.png?fit=1000%2C435&ssl=1","jetpack_sharing_enabled":true,"_links":{"self":[{"href":"https:\/\/bice.org\/fr\/wp-json\/wp\/v2\/posts\/36476","targetHints":{"allow":["GET"]}}],"collection":[{"href":"https:\/\/bice.org\/fr\/wp-json\/wp\/v2\/posts"}],"about":[{"href":"https:\/\/bice.org\/fr\/wp-json\/wp\/v2\/types\/post"}],"author":[{"embeddable":true,"href":"https:\/\/bice.org\/fr\/wp-json\/wp\/v2\/users\/1"}],"replies":[{"embeddable":true,"href":"https:\/\/bice.org\/fr\/wp-json\/wp\/v2\/comments?post=36476"}],"version-history":[{"count":0,"href":"https:\/\/bice.org\/fr\/wp-json\/wp\/v2\/posts\/36476\/revisions"}],"wp:featuredmedia":[{"embeddable":true,"href":"https:\/\/bice.org\/fr\/wp-json\/wp\/v2\/media\/36477"}],"wp:attachment":[{"href":"https:\/\/bice.org\/fr\/wp-json\/wp\/v2\/media?parent=36476"}],"wp:term":[{"taxonomy":"category","embeddable":true,"href":"https:\/\/bice.org\/fr\/wp-json\/wp\/v2\/categories?post=36476"},{"taxonomy":"post_tag","embeddable":true,"href":"https:\/\/bice.org\/fr\/wp-json\/wp\/v2\/tags?post=36476"}],"curies":[{"name":"wp","href":"https:\/\/api.w.org\/{rel}","templated":true}]}}